{"id":13041,"date":"2009-08-08T13:13:01","date_gmt":"2009-08-08T10:13:01","guid":{"rendered":"http:\/\/www.korhanyilmaz.com\/?p=13041"},"modified":"2009-08-08T13:13:01","modified_gmt":"2009-08-08T10:13:01","slug":"erol-gunaydin-cizgi-karakter-seslendirecek","status":"publish","type":"post","link":"http:\/\/www.korhanyilmaz.com\/?p=13041","title":{"rendered":"Erol G\u00fcnayd\u0131n, \u00e7izgi karakter seslendirecek"},"content":{"rendered":"<div id=\"attachment_13042\" style=\"width: 249px\" class=\"wp-caption aligncenter\"><a title=\"Usta oyuncu Erol G\u00fcnayd\u0131n\" href=\"http:\/\/www.korhanyilmaz.com\/wp-content\/uploads\/2009\/08\/erolg\u00fcnayd\u0131n.jpg\"  class=\"lightview\"><img loading=\"lazy\" decoding=\"async\" aria-describedby=\"caption-attachment-13042\" class=\"size-full wp-image-13042\" title=\"Usta oyuncu Erol G\u00fcnayd\u0131n\" src=\"http:\/\/www.korhanyilmaz.com\/wp-content\/uploads\/2009\/08\/erolg\u00fcnayd\u0131n.jpg\" alt=\"Usta oyuncu Erol G\u00fcnayd\u0131n\" width=\"239\" height=\"227\" \/><\/a><p id=\"caption-attachment-13042\" class=\"wp-caption-text\">Erol G\u00fcnayd\u0131n<\/p><\/div>\n<p style=\"text-align: justify;\">Usta oyuncu Erol G\u00fcnayd\u0131n, animasyon filmi &#8220;Up-Yukar\u0131 Bak&#8221;\u0131n T\u00fcrk\u00e7e seslendirmesinde filmin ba\u015f karakterini seslendirecek.<\/p>\n<p style=\"text-align: justify;\">Al\u0131nan bilgiye g\u00f6re, Walt Disney&#8217;in T\u00fcrkiye sinemalar\u0131nda 16 Ekim&#8217;de g\u00f6sterime girecek 3 boyutlu en yeni animasyon filmi &#8220;Up-Yukar\u0131 Bak&#8221;\u0131n ba\u015f karakteri Carl&#8217;a, filmin T\u00fcrk\u00e7e seslendirmesinde Erol G\u00fcnayd\u0131n hayat verecek.<\/p>\n<p style=\"text-align: justify;\">John Lasseter&#8217;\u0131n s\u00fcperviz\u00f6rl\u00fc\u011f\u00fcnde ger\u00e7ekle\u015ftirilen komedi macera filmi &#8220;Up-Yukar\u0131 Bak&#8221;ta, 78 ya\u015f\u0131ndaki Carl Fredricksen adl\u0131 bir adam\u0131n en b\u00fcy\u00fck hayalini ger\u00e7ekle\u015ftirmek i\u00e7in evine ba\u011flad\u0131\u011f\u0131 binlerce balonun yard\u0131m\u0131yla \u00e7\u0131kt\u0131\u011f\u0131 G\u00fcney Amerika yolculu\u011fu anlat\u0131l\u0131yor. <!--more--><\/p>\n<p style=\"text-align: justify;\">Carl&#8217;\u0131n u\u00e7an evinin 8 ya\u015f\u0131nda bir ka\u00e7ak yolcusu da var.<\/p>\n<p style=\"text-align: justify;\">Ba\u015f karakteri Carl&#8217;\u0131 \u0130ngilizce olarak 1929 do\u011fumlu Ed Asner&#8217;\u0131n seslendirdi\u011fi &#8220;Up-Yukar\u0131 Bak&#8221;, bu y\u0131l Cannes Film Festivali&#8217;nin a\u00e7\u0131l\u0131\u015f filmi se\u00e7ilme onurunu elde etti.<\/p>\n<p style=\"text-align: justify;\">Festivalde yar\u0131\u015fma d\u0131\u015f\u0131 g\u00f6sterilecek olan &#8220;Up-Yukar\u0131 Bak&#8221;, b\u00f6ylece festivalin 62 y\u0131ll\u0131k tarihinde a\u00e7\u0131l\u0131\u015f gecesinde g\u00f6sterilen ilk animasyon ve 3 boyutlu film olacak.<\/p>\n<p style=\"text-align: justify;\">Disney ve Pixar&#8217;\u0131n 10. animasyon \u00e7al\u0131\u015fmas\u0131 olan filmin y\u00f6netmenli\u011fini Bob Peterson ile Pete Docter birlikte yapt\u0131.<\/p>\n<p style=\"text-align: justify;\"><span style=\"color: #888888;\">CNN T\u00dcRK<\/span><\/p>\n","protected":false},"excerpt":{"rendered":"<p id=\"caption-attachment-13042\" class=\"wp-caption-text\">Erol G\u00fcnayd\u0131n<\/p>\n<p style=\"text-align: justify;\">Usta oyuncu Erol G\u00fcnayd\u0131n, animasyon filmi &#8220;Up-Yukar\u0131 Bak&#8221;\u0131n T\u00fcrk\u00e7e seslendirmesinde filmin ba\u015f karakterini seslendirecek.<\/p>\n<p style=\"text-align: justify;\">Al\u0131nan bilgiye g\u00f6re, Walt Disney&#8217;in T\u00fcrkiye sinemalar\u0131nda 16 Ekim&#8217;de g\u00f6sterime girecek 3 boyutlu en yeni animasyon filmi &#8220;Up-Yukar\u0131 Bak&#8221;\u0131n ba\u015f karakteri Carl&#8217;a, filmin T\u00fcrk\u00e7e seslendirmesinde Erol G\u00fcnayd\u0131n hayat verecek.<\/p>\n<p style=\"text-align: justify;\">John Lasseter&#8217;\u0131n <\/p>\n","protected":false},"author":1,"featured_media":0,"comment_status":"open","ping_status":"closed","sticky":false,"template":"","format":"standard","meta":{"footnotes":""},"categories":[8],"tags":[51,52,53,54,55],"class_list":["post-13041","post","type-post","status-publish","format-standard","hentry","category-kultur-sanat","tag-animasyon","tag-erol-gunaydin","tag-john-lasseter","tag-up-yukari-bak","tag-walt-disney","odd"],"_links":{"self":[{"href":"http:\/\/www.korhanyilmaz.com\/index.php?rest_route=\/wp\/v2\/posts\/13041","targetHints":{"allow":["GET"]}}],"collection":[{"href":"http:\/\/www.korhanyilmaz.com\/index.php?rest_route=\/wp\/v2\/posts"}],"about":[{"href":"http:\/\/www.korhanyilmaz.com\/index.php?rest_route=\/wp\/v2\/types\/post"}],"author":[{"embeddable":true,"href":"http:\/\/www.korhanyilmaz.com\/index.php?rest_route=\/wp\/v2\/users\/1"}],"replies":[{"embeddable":true,"href":"http:\/\/www.korhanyilmaz.com\/index.php?rest_route=%2Fwp%2Fv2%2Fcomments&post=13041"}],"version-history":[{"count":0,"href":"http:\/\/www.korhanyilmaz.com\/index.php?rest_route=\/wp\/v2\/posts\/13041\/revisions"}],"wp:attachment":[{"href":"http:\/\/www.korhanyilmaz.com\/index.php?rest_route=%2Fwp%2Fv2%2Fmedia&parent=13041"}],"wp:term":[{"taxonomy":"category","embeddable":true,"href":"http:\/\/www.korhanyilmaz.com\/index.php?rest_route=%2Fwp%2Fv2%2Fcategories&post=13041"},{"taxonomy":"post_tag","embeddable":true,"href":"http:\/\/www.korhanyilmaz.com\/index.php?rest_route=%2Fwp%2Fv2%2Ftags&post=13041"}],"curies":[{"name":"wp","href":"https:\/\/api.w.org\/{rel}","templated":true}]}}