{"id":13027,"date":"2009-08-08T19:10:26","date_gmt":"2009-08-08T16:10:26","guid":{"rendered":"http:\/\/www.korhanyilmaz.com\/?p=13027"},"modified":"2009-08-08T19:10:26","modified_gmt":"2009-08-08T16:10:26","slug":"abbas-yeniden-el-fetihin-basina-gecti","status":"publish","type":"post","link":"http:\/\/www.korhanyilmaz.com\/?p=13027","title":{"rendered":"Abbas yeniden El Fetih&#8217;in ba\u015f\u0131na ge\u00e7ti"},"content":{"rendered":"<p style=\"text-align: center;\">\n<div id=\"attachment_13028\" style=\"width: 317px\" class=\"wp-caption aligncenter\"><a href=\"http:\/\/www.korhanyilmaz.com\/wp-content\/uploads\/2009\/08\/ABBAS.jpg\"  class=\"lightview\"><img loading=\"lazy\" decoding=\"async\" aria-describedby=\"caption-attachment-13028\" class=\"size-full wp-image-13028\" title=\"Mahmud Abbas\" src=\"http:\/\/www.korhanyilmaz.com\/wp-content\/uploads\/2009\/08\/ABBAS.jpg\" alt=\"Mahmud Abbas\" width=\"307\" height=\"236\" \/><\/a><p id=\"caption-attachment-13028\" class=\"wp-caption-text\">Mahmud Abbas<\/p><\/div>\n<p style=\"text-align: justify;\">Filistin lideri Yaser Arafat&#8217;\u0131n \u00f6l\u00fcm\u00fcnden sonra El Fetih ba\u015fkanl\u0131\u011f\u0131na getirilen Mahmud Abbas (Ebu Mazen) hareketin ba\u015fkanl\u0131\u011f\u0131na yeniden se\u00e7ildi.<\/p>\n<p style=\"text-align: justify;\">Beyt\u00fcllahim&#8217;de toplanan El Fetih&#8217;in kongresinde, Abbas&#8217;\u0131n kar\u015f\u0131s\u0131na ba\u015fka aday \u00e7\u0131kmad\u0131. Abbas, kongreye kat\u0131lanlar\u0131n neredeyse tamam\u0131n\u0131n oyunu ald\u0131.<\/p>\n<p style=\"text-align: justify;\">2000&#8217;den fazla delegenin topland\u0131\u011f\u0131 kongrede, liderli\u011fe yeniden se\u00e7ilmesiyle b\u00fcy\u00fck alk\u0131\u015f alan Abbas, Hamas&#8217;\u0131 su\u00e7layarak, konferans\u0131 ba\u015far\u0131s\u0131z k\u0131lmak i\u00e7in yapt\u0131\u011f\u0131 t\u00fcm te\u015febb\u00fcslere ra\u011fmen El Fetih&#8217;in g\u00fc\u00e7lenmeyi s\u00fcrd\u00fcrd\u00fc\u011f\u00fcn\u00fc vurgulad\u0131.<\/p>\n<p style=\"text-align: justify;\">Abbas, &#8220;Ba\u015far\u0131s\u0131zl\u0131klar\u0131m\u0131zdan ders ald\u0131k ve bu kongre hareketi, Filistin m\u00fccadelesinin teti\u011fini ate\u015fleyen hareketin b\u00fcy\u00fck enerjisini temsil ediyor&#8221; diye konu\u015ftu. <!--more--><\/p>\n<p style=\"text-align: justify;\">&#8220;Filistin halk\u0131n\u0131n ama\u00e7lar\u0131n\u0131 ger\u00e7ekle\u015ftirmesi \u00fclk\u00fcs\u00fc ad\u0131na burada bulunuyoruz. Filistin topraklar\u0131n\u0131n kurtulu\u015funu sa\u011flamak ve ba\u015fkenti Kud\u00fcs olan devletimizi kurmak i\u00e7in buraday\u0131z&#8221; diyen Abbas, El Fetih&#8217;in \u0130srail cezaevlerindeki 11 bin Filistinli tutuklunun serbest b\u0131rak\u0131lmas\u0131n\u0131 sa\u011flamak i\u00e7in de \u00e7aba g\u00f6sterdi\u011finin alt\u0131n\u0131 \u00e7izdi.<\/p>\n<p style=\"text-align: justify;\">Konu\u015fmas\u0131nda, kendisine, Yaser Arafat&#8217;\u0131n \u0130srailliler taraf\u0131ndan \u00f6ld\u00fcr\u00fclmesine kar\u0131\u015ft\u0131\u011f\u0131 iddialar\u0131n\u0131 y\u00f6nelten Tunus&#8217;ta yerle\u015fik El Fetih liderlerinden Faruk Kaddumi&#8217;ye de seslenen Abbas, &#8220;Hepimiz insan\u0131z, yanl\u0131\u015flar yapar\u0131z&#8230; S\u00f6zlerini geri al&#8230; Sen bizim karde\u015fimizsin&#8221; dedi.<\/p>\n<p style=\"text-align: justify;\">Se\u00e7ime kat\u0131lan delegelerden sadece 65&#8217;inin, Abbas&#8217;\u0131n Filistin Y\u00f6netimi Devlet Ba\u015fkanl\u0131\u011f\u0131n\u0131 s\u00fcrd\u00fcr\u00fcrken, El Fetih ba\u015fkanl\u0131\u011f\u0131na getirilmesine kar\u015f\u0131 \u00e7\u0131kt\u0131\u011f\u0131 belirtildi. Terra Sacnta okulu salonlar\u0131ndaki oylamada, Abbas&#8217;\u0131n El Fetih ba\u015fkanl\u0131\u011f\u0131 ile ilgili \u00f6nerge okundu\u011funda, hemen t\u00fcm ellerin havaya kalkt\u0131\u011f\u0131 g\u00f6zlendi.<\/p>\n<p style=\"text-align: justify;\">Abbas taraftarlar\u0131 se\u00e7imin hemen \u00f6ncesinde, Abbas&#8217;a ve liderli\u011fine \u00f6vg\u00fcler dolu \u015fiir okudular. \u00d6te yandan, Merkez Komite adaylar\u0131 ortaya \u00e7\u0131karken, Gazze \u015eeridi&#8217;nden aday olacaklar\u0131n durumu belirsizli\u011fini s\u00fcrd\u00fcr\u00fcyor. Gazze&#8217;deki delegelerin adayl\u0131\u011f\u0131 ve buradaki delegelerin nas\u0131l oy kullanaca\u011f\u0131 sorunu \u00e7\u00f6z\u00fclemedi.<\/p>\n<p style=\"text-align: justify;\">Hamas&#8217;\u0131n Gazze&#8217;de, aralar\u0131nda \u0130brahim Ebul Neca ve Zekeriya El Aga&#8217;n\u0131n da bulundu\u011fu \u00e7ok say\u0131daki El Fetih \u00fcyesini g\u00f6zalt\u0131na ald\u0131\u011f\u0131, cep telefonlar\u0131na da el koydu\u011fu bildirildi.<\/p>\n<p style=\"text-align: justify;\">Gazze \u015eeridi&#8217;nden \u00e7\u0131kamayan El Fetihlilerin oylamalara telefonla kat\u0131lmalar\u0131 kongrede benimsenmi\u015fti. Abbas, Filistin halk\u0131 ad\u0131na Gazze&#8217;deki El Fetihlileri se\u00e7eceklerini ve bu se\u00e7imi herkesin kabul edece\u011fini ifade etti. Abbas bir sonraki kongreye kadar ba\u015fkanl\u0131\u011f\u0131n\u0131 s\u00fcrd\u00fcrecek.<\/p>\n<p style=\"text-align: justify;\">Bir sonraki kongrenin ne zaman yap\u0131laca\u011f\u0131na ili\u015fkin karar al\u0131nmas\u0131 \u00f6ng\u00f6r\u00fcl\u00fcyor. Kongre \u00e7al\u0131\u015fmalar\u0131n\u0131n ise, baz\u0131 kaynaklara g\u00f6re sal\u0131 g\u00fcn\u00fcne kadar devam etmesi bekleniyor.<\/p>\n<p style=\"text-align: justify;\"><span style=\"color: #808080;\">CNN T\u00dcRK<\/span><\/p>\n","protected":false},"excerpt":{"rendered":"<p style=\"text-align: center;\">\n<p id=\"caption-attachment-13028\" class=\"wp-caption-text\">Mahmud Abbas<\/p>\n<p style=\"text-align: justify;\">Filistin lideri Yaser Arafat&#8217;\u0131n \u00f6l\u00fcm\u00fcnden sonra El Fetih ba\u015fkanl\u0131\u011f\u0131na getirilen Mahmud Abbas (Ebu Mazen) hareketin ba\u015fkanl\u0131\u011f\u0131na yeniden se\u00e7ildi.<\/p>\n<p style=\"text-align: justify;\">Beyt\u00fcllahim&#8217;de toplanan El Fetih&#8217;in kongresinde, Abbas&#8217;\u0131n kar\u015f\u0131s\u0131na ba\u015fka aday \u00e7\u0131kmad\u0131. Abbas, kongreye kat\u0131lanlar\u0131n neredeyse tamam\u0131n\u0131n oyunu ald\u0131.<\/p>\n<p style=\"text-align: justify;\">2000&#8217;den fazla delegenin topland\u0131\u011f\u0131 kongrede, liderli\u011fe yeniden <\/p>\n","protected":false},"author":1,"featured_media":0,"comment_status":"open","ping_status":"closed","sticky":false,"template":"","format":"standard","meta":{"footnotes":""},"categories":[3],"tags":[],"class_list":["post-13027","post","type-post","status-publish","format-standard","hentry","category-dunya","odd"],"_links":{"self":[{"href":"http:\/\/www.korhanyilmaz.com\/index.php?rest_route=\/wp\/v2\/posts\/13027","targetHints":{"allow":["GET"]}}],"collection":[{"href":"http:\/\/www.korhanyilmaz.com\/index.php?rest_route=\/wp\/v2\/posts"}],"about":[{"href":"http:\/\/www.korhanyilmaz.com\/index.php?rest_route=\/wp\/v2\/types\/post"}],"author":[{"embeddable":true,"href":"http:\/\/www.korhanyilmaz.com\/index.php?rest_route=\/wp\/v2\/users\/1"}],"replies":[{"embeddable":true,"href":"http:\/\/www.korhanyilmaz.com\/index.php?rest_route=%2Fwp%2Fv2%2Fcomments&post=13027"}],"version-history":[{"count":0,"href":"http:\/\/www.korhanyilmaz.com\/index.php?rest_route=\/wp\/v2\/posts\/13027\/revisions"}],"wp:attachment":[{"href":"http:\/\/www.korhanyilmaz.com\/index.php?rest_route=%2Fwp%2Fv2%2Fmedia&parent=13027"}],"wp:term":[{"taxonomy":"category","embeddable":true,"href":"http:\/\/www.korhanyilmaz.com\/index.php?rest_route=%2Fwp%2Fv2%2Fcategories&post=13027"},{"taxonomy":"post_tag","embeddable":true,"href":"http:\/\/www.korhanyilmaz.com\/index.php?rest_route=%2Fwp%2Fv2%2Ftags&post=13027"}],"curies":[{"name":"wp","href":"https:\/\/api.w.org\/{rel}","templated":true}]}}