{"id":13023,"date":"2009-08-08T17:20:56","date_gmt":"2009-08-08T15:20:56","guid":{"rendered":"http:\/\/www.korhanyilmaz.com\/?p=13023"},"modified":"2009-08-08T17:20:56","modified_gmt":"2009-08-08T15:20:56","slug":"arinc-risk-aliyoruz-ve-buna-deger","status":"publish","type":"post","link":"http:\/\/www.korhanyilmaz.com\/?p=13023","title":{"rendered":"Ar\u0131n\u00e7: &#039;Risk al\u0131yoruz ve buna de\u011fer&#039;"},"content":{"rendered":"<p style=\"text-align: center;\">\n<div id=\"attachment_13024\" style=\"width: 317px\" class=\"wp-caption aligncenter\"><a title=\"Devlet Bakan\u0131 ve Ba\u015fbakan Yard\u0131mc\u0131s\u0131 B\u00fclent Ar\u0131n\u00e7\" href=\"http:\/\/www.korhanyilmaz.com\/wp-content\/uploads\/2009\/08\/R\u0130SK.jpg\"  class=\"lightview\"><img loading=\"lazy\" decoding=\"async\" aria-describedby=\"caption-attachment-13024\" class=\"size-full wp-image-13024\" title=\"Devlet Bakan\u0131 ve Ba\u015fbakan Yard\u0131mc\u0131s\u0131 B\u00fclent Ar\u0131n\u00e7\" src=\"http:\/\/www.korhanyilmaz.com\/wp-content\/uploads\/2009\/08\/R\u0130SK.jpg\" alt=\"Devlet Bakan\u0131 ve Ba\u015fbakan Yard\u0131mc\u0131s\u0131 B\u00fclent Ar\u0131n\u00e7\" width=\"307\" height=\"236\" \/><\/a><p id=\"caption-attachment-13024\" class=\"wp-caption-text\">Devlet Bakan\u0131 ve Ba\u015fbakan Yard\u0131mc\u0131s\u0131 B\u00fclent Ar\u0131n\u00e7<\/p><\/div>\n<p style=\"text-align: justify;\">Devlet Bakan\u0131 ve Ba\u015fbakan Yard\u0131mc\u0131s\u0131 B\u00fclent Ar\u0131n\u00e7, &#8220;Bu konuyu (demokratik a\u00e7\u0131l\u0131m) netle\u015ftirmek ve bir yol haritas\u0131n\u0131 a\u00e7\u0131klamak \u00fczere son haz\u0131rl\u0131klar\u0131m\u0131z\u0131 yap\u0131yoruz. AKP iktidar\u0131 b\u00f6yle bir projeyi hayata ge\u00e7irmekle asl\u0131nda risk almaktad\u0131r, ama bu i\u015f i\u00e7in bu riske de de\u011fer&#8221; dedi.<\/p>\n<p style=\"text-align: justify;\">Ar\u0131n\u00e7, Bursa Polisevi&#8217;nde, gazetecilerin &#8220;Demokratik a\u00e7\u0131l\u0131m&#8221; konusundaki sorular\u0131n\u0131 yan\u0131tlarken, h\u00fck\u00fcmet olarak \u00e7ok ciddi bir \u00e7al\u0131\u015fman\u0131n i\u00e7inde olduklar\u0131n\u0131, konunun kamuoyunda da yo\u011fun \u015fekilde tart\u0131\u015f\u0131ld\u0131\u011f\u0131n\u0131 s\u00f6yledi.<\/p>\n<p style=\"text-align: justify;\">&#8220;Bu konuyu netle\u015ftirmek ve bir yol haritas\u0131n\u0131 a\u00e7\u0131klamak \u00fczere son haz\u0131rl\u0131klar\u0131m\u0131z\u0131 yap\u0131yoruz&#8221; diyen Ar\u0131n\u00e7, konuya ili\u015fkin d\u00fcn Ba\u015fbakanl\u0131k&#8217;ta bir toplant\u0131 yapt\u0131klar\u0131n\u0131, pazartesi g\u00fcn\u00fc de Bakanlar Kurulu&#8217;nda kalan k\u0131sm\u0131n\u0131 tekrar g\u00f6r\u00fc\u015feceklerini belirtti. <!--more--><\/p>\n<p style=\"text-align: justify;\">Buna &#8220;K\u00fcrt a\u00e7\u0131l\u0131m\u0131&#8221; vesaire gibi isimler vermediklerini ifade eden Ar\u0131n\u00e7, &#8220;T\u00fcrkiye&#8217;de demokratik haklar ve \u00f6zg\u00fcrl\u00fcklerin daha da geni\u015flemesi, demokrasinin olabildi\u011fince b\u00fcy\u00fcmesi, herkesin bu topraklarda huzurlu mutlu, refah i\u00e7in de bir hayat s\u00fcrmesi, b\u00fct\u00fcnle\u015fme, karde\u015flik duygular\u0131n\u0131 k\u00f6kle\u015ftirmek, bu ama\u00e7l\u0131 \u00e7al\u0131\u015fmalar\u0131m\u0131z var. Bu \u00e7al\u0131\u015fmalar\u0131m\u0131z\u0131n bir k\u0131sm\u0131 netle\u015fti, bir k\u0131sm\u0131 i\u00e7in de kim ne d\u00fc\u015f\u00fcn\u00fcyorsa onlarla isti\u015fare ederek son \u015feklini vermek arzusunday\u0131z&#8221; dedi.<\/p>\n<p style=\"text-align: justify;\"><strong><em>&#8220;\u00c7ok mesafe ald\u0131k&#8221; <\/em><\/strong><\/p>\n<p style=\"text-align: justify;\">Ar\u0131n\u00e7, bunun sadece AK Parti&#8217;nin, AK Parti iktidar\u0131n\u0131n kendi ba\u015f\u0131na y\u00fcr\u00fctece\u011fi veya &#8220;Benimdir&#8221; diyebilece\u011fi bir proje olmad\u0131\u011f\u0131n\u0131 ifade ederek, &#8220;Toplumun b\u00fct\u00fcn kesimlerinin, devletin b\u00fct\u00fcn kurum ve kurulu\u015flar\u0131n\u0131n, sivil toplum \u00f6rg\u00fctleriyle, siyasi partileriyle meslek kurulu\u015flar\u0131yla &#8216;Evet T\u00fcrkiye i\u00e7in bu gereklidir&#8217; diyebilece\u011fi bir projeyi ortaya koymaya \u00e7al\u0131\u015f\u0131yoruz. \u00c7ok mesafe ald\u0131k. Bunun T\u00fcrkiye i\u00e7in \u00f6zellikle bu \u015fartlarda ve bu y\u0131llarda \u00e7ok \u00f6nemli oldu\u011funu d\u00fc\u015f\u00fcn\u00fcyoruz. T\u00fcrkiye&#8217;nin pek \u00e7ok sorununun \u00e7\u00f6z\u00fcm\u00fc i\u00e7in ge\u00e7 bile kal\u0131nm\u0131\u015ft\u0131r&#8221; dedi.<\/p>\n<p style=\"text-align: justify;\"><strong><em>&#8220;Herkesin katk\u0131s\u0131na ihtiyac\u0131m\u0131z var&#8221;<\/em><\/strong><\/p>\n<p style=\"text-align: justify;\">AK Parti iktidar\u0131n\u0131n bug\u00fcne kadar b\u00fcy\u00fcyen, kronikle\u015fmi\u015f sorunlar\u0131 tek tek \u00e7\u00f6zd\u00fc\u011f\u00fcn\u00fc, bu konuyu da \u00e7\u00f6zerek, T\u00fcrkiye&#8217;nin b\u00fct\u00fcnle\u015fmesini, kucakla\u015fmas\u0131n\u0131 temin etmeye \u00e7al\u0131\u015ft\u0131klar\u0131n\u0131 dile getiren Ar\u0131n\u00e7, &#8220;Tabii bu konu\u015fulmaya ba\u015flar ba\u015flamaz, maalesef muhalefet partilerinden kap\u0131lar\u0131 kapatmak, hi\u00e7bir \u015feyi kabul etmemek, hatta pe\u015finen su\u00e7lay\u0131c\u0131 birtak\u0131m davran\u0131\u015flar g\u00f6r\u00fcld\u00fc. Bir siyasi parti genel ba\u015fkan\u0131 konu\u015fulanlar\u0131 &#8216;vatana ihanet&#8217; olarak g\u00f6rd\u00fc. Bir ba\u015fkas\u0131, &#8216;Meclis i\u00e7inde bulunan bir yasal partiyle g\u00f6r\u00fc\u015fmenin PKK ile g\u00f6r\u00fc\u015fmek anlam\u0131na gelebilece\u011fini&#8217; s\u00f6yledi. B\u00f6ylesine su\u00e7lay\u0131c\u0131, pe\u015fin h\u00fck\u00fcml\u00fc hareket etmek bir siyasi partiye ve onun genel ba\u015fkan\u0131na do\u011frusu yak\u0131\u015fm\u0131yor. Biz T\u00fcrkiye&#8217;nin partisiyiz, T\u00fcrkiye&#8217;de iktidar\u0131z, T\u00fcrkiye&#8217;nin sorunlar\u0131n\u0131 el birli\u011fiyle \u00e7\u00f6zmek istiyoruz. Katk\u0131 sa\u011flamak isteyenlere de yani T\u00fcrkiye&#8217;de var olan sorunlar\u0131n nas\u0131l \u00e7\u00f6z\u00fclece\u011fini kendi kafas\u0131nda \u015fekillendirmi\u015f, partisinin g\u00f6r\u00fc\u015f\u00fc haline getirmi\u015f herkesin katk\u0131s\u0131na da ihtiyac\u0131m\u0131z var&#8221; dedi.<\/p>\n<p style=\"text-align: justify;\"><strong><em>&#8220;Riske de\u011fer&#8221; <\/em><\/strong><\/p>\n<p style=\"text-align: justify;\">B\u00fclent Ar\u0131n\u00e7, \u0130\u00e7i\u015fleri Bakan\u0131&#8217;n\u0131n bu projeden do\u011frudan sorumlu bakan olarak \u00e7al\u0131\u015ft\u0131\u011f\u0131n\u0131, Ba\u015fbakan&#8217;\u0131n talimat\u0131yla hem parlamento i\u00e7inde bulunan partilerle hem de T\u00fcrkiye&#8217;de genel olarak y\u00fczde 1&#8217;in \u00fczerinde oy alm\u0131\u015f siyasi partilerin genel ba\u015fkanlar\u0131yla bug\u00fcnlerde randevu talep ederek g\u00f6r\u00fc\u015fece\u011fini belirterek, &#8220;Hen\u00fcz netle\u015fmi\u015f bir durum olmad\u0131\u011f\u0131 i\u00e7in hem o partilerin hem de T\u00fcrkiye&#8217;de bu konuyu d\u00fc\u015f\u00fcnen herkesin d\u00fc\u015f\u00fcncesine ihtiyac\u0131m\u0131z var. Biz bu katk\u0131y\u0131 sa\u011flayacak olanlara sadece te\u015fekk\u00fcr ederiz. Say\u0131n \u0130\u00e7i\u015fleri Bakan\u0131&#8217;m\u0131z\u0131n say\u0131n Ba\u015fbakan&#8217;\u0131n AK Parti Genel Ba\u015fkan\u0131 s\u0131fat\u0131yla Meclis&#8217;te DTP Genel Ba\u015fkan\u0131&#8217;yla g\u00f6r\u00fc\u015fmesini takiben meydana gelen olumlu havay\u0131 b\u00fct\u00fcn siyasi partilerle daha da b\u00fcy\u00fctmeye \u00e7al\u0131\u015f\u0131yoruz. Bu, T\u00fcrkiye&#8217;nin b\u00fct\u00fcnle\u015fmesi, sorunlar\u0131n\u0131 \u00e7\u00f6zmesi, karde\u015fli\u011fin yeniden duygu olarak da hayat olarak da ye\u015fermesi i\u00e7in gerekli bir projedir. AK Parti iktidar\u0131 b\u00f6yle bir projeyi hayata ge\u00e7irmekle asl\u0131nda risk almaktad\u0131r, ama bu i\u015f i\u00e7in bu riske de de\u011fer, biz bunu b\u00f6yle g\u00f6r\u00fcyoruz&#8221; dedi.<\/p>\n<p style=\"text-align: justify;\"><span style=\"color: #888888;\">CNN T\u00dcRK<\/span><\/p>\n","protected":false},"excerpt":{"rendered":"<p style=\"text-align: center;\">\n<p id=\"caption-attachment-13024\" class=\"wp-caption-text\">Devlet Bakan\u0131 ve Ba\u015fbakan Yard\u0131mc\u0131s\u0131 B\u00fclent Ar\u0131n\u00e7<\/p>\n<p style=\"text-align: justify;\">Devlet Bakan\u0131 ve Ba\u015fbakan Yard\u0131mc\u0131s\u0131 B\u00fclent Ar\u0131n\u00e7, &#8220;Bu konuyu (demokratik a\u00e7\u0131l\u0131m) netle\u015ftirmek ve bir yol haritas\u0131n\u0131 a\u00e7\u0131klamak \u00fczere son haz\u0131rl\u0131klar\u0131m\u0131z\u0131 yap\u0131yoruz. AKP iktidar\u0131 b\u00f6yle bir projeyi hayata ge\u00e7irmekle asl\u0131nda risk almaktad\u0131r, ama bu i\u015f i\u00e7in bu riske de de\u011fer&#8221; dedi.<\/p>\n<p  \n\n","protected":false},"author":1,"featured_media":0,"comment_status":"open","ping_status":"closed","sticky":false,"template":"","format":"standard","meta":{"footnotes":""},"categories":[105],"tags":[],"class_list":["post-13023","post","type-post","status-publish","format-standard","hentry","category-gundem","odd"],"_links":{"self":[{"href":"http:\/\/www.korhanyilmaz.com\/index.php?rest_route=\/wp\/v2\/posts\/13023","targetHints":{"allow":["GET"]}}],"collection":[{"href":"http:\/\/www.korhanyilmaz.com\/index.php?rest_route=\/wp\/v2\/posts"}],"about":[{"href":"http:\/\/www.korhanyilmaz.com\/index.php?rest_route=\/wp\/v2\/types\/post"}],"author":[{"embeddable":true,"href":"http:\/\/www.korhanyilmaz.com\/index.php?rest_route=\/wp\/v2\/users\/1"}],"replies":[{"embeddable":true,"href":"http:\/\/www.korhanyilmaz.com\/index.php?rest_route=%2Fwp%2Fv2%2Fcomments&post=13023"}],"version-history":[{"count":0,"href":"http:\/\/www.korhanyilmaz.com\/index.php?rest_route=\/wp\/v2\/posts\/13023\/revisions"}],"wp:attachment":[{"href":"http:\/\/www.korhanyilmaz.com\/index.php?rest_route=%2Fwp%2Fv2%2Fmedia&parent=13023"}],"wp:term":[{"taxonomy":"category","embeddable":true,"href":"http:\/\/www.korhanyilmaz.com\/index.php?rest_route=%2Fwp%2Fv2%2Fcategories&post=13023"},{"taxonomy":"post_tag","embeddable":true,"href":"http:\/\/www.korhanyilmaz.com\/index.php?rest_route=%2Fwp%2Fv2%2Ftags&post=13023"}],"curies":[{"name":"wp","href":"https:\/\/api.w.org\/{rel}","templated":true}]}}