{"id":13019,"date":"2009-08-08T21:24:03","date_gmt":"2009-08-08T18:24:03","guid":{"rendered":"http:\/\/www.korhanyilmaz.com\/?p=13019"},"modified":"2009-08-08T21:24:03","modified_gmt":"2009-08-08T18:24:03","slug":"anadol-pkkdan-parti-mi-kuracaklar","status":"publish","type":"post","link":"http:\/\/www.korhanyilmaz.com\/?p=13019","title":{"rendered":"Anadol: &quot;PKK&#039;dan parti mi kuracaklar?&quot;"},"content":{"rendered":"<div id=\"attachment_13020\" style=\"width: 279px\" class=\"wp-caption aligncenter\"><a href=\"http:\/\/www.korhanyilmaz.com\/wp-content\/uploads\/2009\/08\/PART\u0130.jpg\"  class=\"lightview\"><img loading=\"lazy\" decoding=\"async\" aria-describedby=\"caption-attachment-13020\" class=\"size-full wp-image-13020\" style=\"CHP Grup Ba\u015fkanvekili Kemal Anadol,\" title=\"CHP Grup Ba\u015fkanvekili Kemal Anadol\" src=\"http:\/\/www.korhanyilmaz.com\/wp-content\/uploads\/2009\/08\/PART\u0130.jpg\" alt=\"\" width=\"269\" height=\"207\" \/><\/a><p id=\"caption-attachment-13020\" class=\"wp-caption-text\">CHP Grup Ba\u015fkanvekili Kemal Anadol,<\/p><\/div>\n<p style=\"text-align: justify;\">CHP Grup Ba\u015fkanvekili Kemal Anadol, &#8220;PKK&#8217;y\u0131 da\u011fdan a\u015fa\u011f\u0131 indirip bir parti haline mi getirecekler bilelim. Biz ona g\u00f6re d\u00fc\u015f\u00fcncelerimizi s\u00f6yleyelim&#8221; dedi. Anadol, 3. Ergenekon iddianamesinde darbe iddialar\u0131yla g\u00fcndeme gelen eski Genelkurmay Ba\u015fkan\u0131 Hilmi \u00d6zk\u00f6k&#8217;\u00fc de ele\u015ftirdi.<\/p>\n<p style=\"text-align: justify;\">Anadol, beraberinde CHP Grup Ba\u015fkanvekili Hakk\u0131 Suha Okay ile Zonguldak Belediye Ba\u015fkan\u0131 \u0130smail E\u015fref&#8217;i makam\u0131nda ziyaret ederek gazetecilerin sorular\u0131n\u0131 yan\u0131tlad\u0131.<\/p>\n<p style=\"text-align: justify;\">Bir gazetecinin &#8220;H\u00fck\u00fcmetin K\u00fcrt a\u00e7\u0131l\u0131m\u0131yla ilgili d\u00fc\u015f\u00fcnceleriniz nelerdir?&#8221; sorusuna Anadol, &#8220;Sa\u00e7mal\u0131kla kar\u015f\u0131 kar\u015f\u0131yay\u0131z. K\u00fcrt a\u00e7\u0131l\u0131m\u0131, ne diye sordu\u011fumuzda ne oldu\u011funu s\u00f6ylemiyorlar. Yani ne oldu\u011fu belli olmayan bir \u015fey. A\u00e7\u0131l\u0131m m\u0131 sa\u00e7\u0131l\u0131m m\u0131 belli de\u011fil. Ondan sonra &#8216;muhalefet takoz koyuyor&#8217; deniliyor. Yap\u0131lan bir i\u015f, somut \u00f6neriler olur CHP ve di\u011fer partiler g\u00f6r\u00fc\u015flerini s\u00f6ylerler. T\u00fcrk milletinin kabul etmeyece\u011fi, birtak\u0131m d\u0131\u015f dayatmalarla \u00f6nerilerde bulunacaklar herhalde ki halk\u0131n tepkisinden korkarak muhalefeti buna ortak etmeye \u00e7al\u0131\u015f\u0131yorlar&#8221; dedi. <!--more--><\/p>\n<p style=\"text-align: justify;\">&#8220;CHP bu oyuna gelmeyecektir&#8221; diyen Anadol, &#8220;Partimizin K\u00fcrt sorunuyla ilgili \u00f6nerileri eskiden beri bellidir. Ne istiyorlar, Abdullah \u00d6calan&#8217;\u0131 m\u0131 affedecekler? Lider kadrolar\u0131n\u0131 \u00fc\u00e7\u00fcnc\u00fc \u00fclkelere mi g\u00f6nderecekler, ne yapacaklar? PKK&#8217;y\u0131 da\u011fdan a\u015fa\u011f\u0131 indirip bir parti haline mi getirecekler bilelim. Biz ona g\u00f6re d\u00fc\u015f\u00fcncelerimizi s\u00f6yleyelim&#8221; diye konu\u015ftu.<\/p>\n<p style=\"text-align: justify;\"><strong><em>Hilmi \u00d6zk\u00f6k&#8217;\u00fc ele\u015ftirdi<\/em><\/strong><\/p>\n<p style=\"text-align: justify;\">Anadol, Ergenekon davas\u0131n\u0131n 3. iddianamesinde eski Genelkurmay Ba\u015fkan\u0131 Hilmi \u00d6zk\u00f6k&#8217;\u00fcn, darbe giri\u015fim iddialar\u0131yla ilgili ifadelerini de ele\u015ftirdi. Anadol, &#8220;Bir\u015fey biliyorsa, Genelkurmay Ba\u015fkan\u0131 olarak  g\u00f6revini yapmas\u0131 gerekiyordu&#8221; dedi. Yarg\u0131n\u0131n siyasalla\u015ft\u0131r\u0131ld\u0131\u011f\u0131n\u0131 savunan Anadol, &#8220;Ne \u00d6zk\u00f6k&#8217;e ne de Ya\u015far B\u00fcy\u00fckan\u0131t&#8217;a dokunan var&#8221; diye konu\u015ftu.<\/p>\n<p style=\"text-align: justify;\"><strong><em>Okay: &#8220;T\u00fcrkiye&#8217;yi me\u015fgul ediyorlar&#8221; <\/em><\/strong><\/p>\n<p style=\"text-align: justify;\">CHP Grup Ba\u015fkanvekili Hakk\u0131 Suha Okay da, daha sonra Anadol ile parti binas\u0131nda yapt\u0131\u011f\u0131 bas\u0131n a\u00e7\u0131klamas\u0131nda, iktidar\u0131n g\u00fcndemini ekonomik krizden uzakla\u015ft\u0131rmak i\u00e7in T\u00fcrkiye&#8217;yi farkl\u0131 konularla me\u015fgul etti\u011fini savundu.<\/p>\n<p style=\"text-align: justify;\">Bir zamanlar &#8220;kom\u00fcnizm gelecek&#8221; diyen sa\u011f anlay\u0131\u015f\u0131n \u015fimdi 2-3 ayda bir &#8220;darbe olacak&#8221; diye korkular yaratt\u0131\u011f\u0131n\u0131 \u00f6ne s\u00fcren Okay, &#8220;Siyasal iktidar beceriksiz ve ba\u015far\u0131s\u0131z d\u00f6nem ya\u015f\u0131yor. Hakimler ve Savc\u0131lar Y\u00fcksek Kurulu&#8217;nda siyasal iktidar darbe yap\u0131yor, yarg\u0131y\u0131 ele ge\u00e7irmeye \u00e7al\u0131\u015f\u0131yor&#8221; dedi.<\/p>\n<p style=\"text-align: justify;\"><span style=\"color: #888888;\">CNN T\u00dcRK<\/span><\/p>\n","protected":false},"excerpt":{"rendered":"<p id=\"caption-attachment-13020\" class=\"wp-caption-text\">CHP Grup Ba\u015fkanvekili Kemal Anadol,<\/p>\n<p style=\"text-align: justify;\">CHP Grup Ba\u015fkanvekili Kemal Anadol, &#8220;PKK&#8217;y\u0131 da\u011fdan a\u015fa\u011f\u0131 indirip bir parti haline mi getirecekler bilelim. Biz ona g\u00f6re d\u00fc\u015f\u00fcncelerimizi s\u00f6yleyelim&#8221; dedi. Anadol, 3. Ergenekon iddianamesinde darbe iddialar\u0131yla g\u00fcndeme gelen eski Genelkurmay Ba\u015fkan\u0131 Hilmi \u00d6zk\u00f6k&#8217;\u00fc de ele\u015ftirdi.<\/p>\n<p style=\"text-align: justify;\">Anadol, beraberinde CHP Grup Ba\u015fkanvekili Hakk\u0131 Suha Okay <\/p>\n","protected":false},"author":1,"featured_media":0,"comment_status":"open","ping_status":"closed","sticky":false,"template":"","format":"standard","meta":{"footnotes":""},"categories":[105],"tags":[],"class_list":["post-13019","post","type-post","status-publish","format-standard","hentry","category-gundem","odd"],"_links":{"self":[{"href":"http:\/\/www.korhanyilmaz.com\/index.php?rest_route=\/wp\/v2\/posts\/13019","targetHints":{"allow":["GET"]}}],"collection":[{"href":"http:\/\/www.korhanyilmaz.com\/index.php?rest_route=\/wp\/v2\/posts"}],"about":[{"href":"http:\/\/www.korhanyilmaz.com\/index.php?rest_route=\/wp\/v2\/types\/post"}],"author":[{"embeddable":true,"href":"http:\/\/www.korhanyilmaz.com\/index.php?rest_route=\/wp\/v2\/users\/1"}],"replies":[{"embeddable":true,"href":"http:\/\/www.korhanyilmaz.com\/index.php?rest_route=%2Fwp%2Fv2%2Fcomments&post=13019"}],"version-history":[{"count":0,"href":"http:\/\/www.korhanyilmaz.com\/index.php?rest_route=\/wp\/v2\/posts\/13019\/revisions"}],"wp:attachment":[{"href":"http:\/\/www.korhanyilmaz.com\/index.php?rest_route=%2Fwp%2Fv2%2Fmedia&parent=13019"}],"wp:term":[{"taxonomy":"category","embeddable":true,"href":"http:\/\/www.korhanyilmaz.com\/index.php?rest_route=%2Fwp%2Fv2%2Fcategories&post=13019"},{"taxonomy":"post_tag","embeddable":true,"href":"http:\/\/www.korhanyilmaz.com\/index.php?rest_route=%2Fwp%2Fv2%2Ftags&post=13019"}],"curies":[{"name":"wp","href":"https:\/\/api.w.org\/{rel}","templated":true}]}}