{"id":13010,"date":"2009-08-08T18:38:49","date_gmt":"2009-08-08T15:38:49","guid":{"rendered":"http:\/\/www.korhanyilmaz.com\/?p=13010"},"modified":"2009-08-08T18:38:49","modified_gmt":"2009-08-08T15:38:49","slug":"canakkale-4-4le-sallandi","status":"publish","type":"post","link":"http:\/\/www.korhanyilmaz.com\/?p=13010","title":{"rendered":"\u00c7anakkale 4.4&#039;le salland\u0131"},"content":{"rendered":"<p style=\"text-align: center;\"><a href=\"http:\/\/www.korhanyilmaz.com\/wp-content\/uploads\/2009\/08\/file.ashx3.jpg\"  class=\"lightview\"><img loading=\"lazy\" decoding=\"async\" class=\"aligncenter size-full wp-image-13011\" title=\"Deprem\" src=\"http:\/\/www.korhanyilmaz.com\/wp-content\/uploads\/2009\/08\/file.ashx3.jpg\" alt=\"Deprem\" width=\"230\" height=\"177\" \/><\/a><\/p>\n<p>Saat 16:52&#8217;de merkez \u00fcss\u00fc \u00c7anakkale&#8217;nin Biga il\u00e7esi Sinek\u00e7i k\u00f6y\u00fc olan 4,4 b\u00fcy\u00fckl\u00fc\u011f\u00fcnde bir deprem meydana geldi. Deprem \u0130stanbul&#8217;da da hissedildi.<\/p>\n<p>Bo\u011fazi\u00e7i \u00dcniversitesi (B\u00dc) Kandilli Rasathanesi ve Deprem Ara\u015ft\u0131rma Enstit\u00fcs\u00fc, depremin b\u00fcy\u00fckl\u00fc\u011f\u00fcn\u00fc 4.4 olarak a\u00e7\u0131klad\u0131.<\/p>\n<p>Deprem, \u00e7evre iller ve \u0130stanbul&#8217;da da hissedildi.<\/p>\n<p>K\u0131sa s\u00fcreli pani\u011fe neden olan sars\u0131nt\u0131da, ilk tespitlere g\u00f6re can ve mal kayb\u0131 olmad\u0131.<\/p>\n<p><span style=\"color: #888888;\">CNN T\u00dcRK<\/span><\/p>\n","protected":false},"excerpt":{"rendered":"<p style=\"text-align: center;\">\n<p>Saat 16:52&#8217;de merkez \u00fcss\u00fc \u00c7anakkale&#8217;nin Biga il\u00e7esi Sinek\u00e7i k\u00f6y\u00fc olan 4,4 b\u00fcy\u00fckl\u00fc\u011f\u00fcnde bir deprem meydana geldi. Deprem \u0130stanbul&#8217;da da hissedildi.<\/p>\n<p>Bo\u011fazi\u00e7i \u00dcniversitesi (B\u00dc) Kandilli Rasathanesi ve Deprem Ara\u015ft\u0131rma Enstit\u00fcs\u00fc, depremin b\u00fcy\u00fckl\u00fc\u011f\u00fcn\u00fc 4.4 olarak a\u00e7\u0131klad\u0131.<\/p>\n<p>Deprem, \u00e7evre iller ve \u0130stanbul&#8217;da da hissedildi.<\/p>\n<p>K\u0131sa s\u00fcreli pani\u011fe neden olan sars\u0131nt\u0131da, ilk tespitlere g\u00f6re can ve <\/p>\n","protected":false},"author":1,"featured_media":0,"comment_status":"open","ping_status":"closed","sticky":false,"template":"","format":"standard","meta":{"footnotes":""},"categories":[105],"tags":[],"class_list":["post-13010","post","type-post","status-publish","format-standard","hentry","category-gundem","odd"],"_links":{"self":[{"href":"http:\/\/www.korhanyilmaz.com\/index.php?rest_route=\/wp\/v2\/posts\/13010","targetHints":{"allow":["GET"]}}],"collection":[{"href":"http:\/\/www.korhanyilmaz.com\/index.php?rest_route=\/wp\/v2\/posts"}],"about":[{"href":"http:\/\/www.korhanyilmaz.com\/index.php?rest_route=\/wp\/v2\/types\/post"}],"author":[{"embeddable":true,"href":"http:\/\/www.korhanyilmaz.com\/index.php?rest_route=\/wp\/v2\/users\/1"}],"replies":[{"embeddable":true,"href":"http:\/\/www.korhanyilmaz.com\/index.php?rest_route=%2Fwp%2Fv2%2Fcomments&post=13010"}],"version-history":[{"count":0,"href":"http:\/\/www.korhanyilmaz.com\/index.php?rest_route=\/wp\/v2\/posts\/13010\/revisions"}],"wp:attachment":[{"href":"http:\/\/www.korhanyilmaz.com\/index.php?rest_route=%2Fwp%2Fv2%2Fmedia&parent=13010"}],"wp:term":[{"taxonomy":"category","embeddable":true,"href":"http:\/\/www.korhanyilmaz.com\/index.php?rest_route=%2Fwp%2Fv2%2Fcategories&post=13010"},{"taxonomy":"post_tag","embeddable":true,"href":"http:\/\/www.korhanyilmaz.com\/index.php?rest_route=%2Fwp%2Fv2%2Ftags&post=13010"}],"curies":[{"name":"wp","href":"https:\/\/api.w.org\/{rel}","templated":true}]}}