{"id":13002,"date":"2009-08-09T09:01:36","date_gmt":"2009-08-09T06:01:36","guid":{"rendered":"http:\/\/www.korhanyilmaz.com\/?p=13002"},"modified":"2009-08-09T09:01:36","modified_gmt":"2009-08-09T06:01:36","slug":"aska-acigim-iliskiye-degil","status":"publish","type":"post","link":"http:\/\/www.korhanyilmaz.com\/?p=13002","title":{"rendered":"A\u015fka a\u00e7\u0131\u011f\u0131m, ili\u015fkiye de\u011fil"},"content":{"rendered":"<div id=\"attachment_13004\" style=\"width: 343px\" class=\"wp-caption aligncenter\"><a href=\"http:\/\/www.korhanyilmaz.com\/wp-content\/uploads\/2009\/08\/9795eb7f-4d12-4f3f-b33e-5ec6a8cf10cd.jpg\"  class=\"lightview\"><img loading=\"lazy\" decoding=\"async\" aria-describedby=\"caption-attachment-13004\" class=\"size-full wp-image-13004\" title=\"Engin G\u00fcnayd\u0131n\" src=\"http:\/\/www.korhanyilmaz.com\/wp-content\/uploads\/2009\/08\/9795eb7f-4d12-4f3f-b33e-5ec6a8cf10cd.jpg\" alt=\"Engin G\u00fcnayd\u0131n\" width=\"333\" height=\"175\" \/><\/a><p id=\"caption-attachment-13004\" class=\"wp-caption-text\">Engin G\u00fcnayd\u0131n<\/p><\/div>\n<p style=\"text-align: justify;\">\n<div id=\"attachment_13005\" style=\"width: 80px\" class=\"wp-caption alignleft\"><img loading=\"lazy\" decoding=\"async\" aria-describedby=\"caption-attachment-13005\" class=\"size-full wp-image-13005\" style=\"margin: 0px 5px;\" title=\"\u015eirin Sever\" src=\"http:\/\/www.korhanyilmaz.com\/wp-content\/uploads\/2009\/08\/c5c54f3a-576f-4dad-9202-684323b828cf1.jpg\" alt=\"\u015eirin Sever\" width=\"70\" height=\"70\" \/><p id=\"caption-attachment-13005\" class=\"wp-caption-text\">\u015eirin Sever<\/p><\/div>\n<p style=\"text-align: justify;\">&#8220;Benim tek beklentim, Vavien&#8217;in iyi bir film olmas\u0131d\u0131r, on sene sonra da izlenecek bir film&#8230; \u00c7ok izlenirse sevinirim elbette. Ama ilgilenmiyorsa seyirci e\u011fer, yazmam\u0131n bir manas\u0131 kalmaz; oyunculu\u011fa devam ederim!&#8221; &#8220;\u0130nsanlar bu filmde Burhan Alt\u0131ntop&#8217;u ararsa bunun i\u00e7in yapabilecek bir \u015feyim yok! Ba\u015ftan s\u00f6yleyeyim; bu rol\u00fcn Burhan&#8217;la hi\u00e7 alakas\u0131 yok, bunu bilseler iyi olur. Burhan g\u00f6steri adam\u0131yd\u0131, Celal ise ger\u00e7ek bir karakter&#8221;<\/p>\n<p style=\"text-align: justify;\">\n<p style=\"text-align: justify;\">Bu r\u00f6portaj i\u00e7in epey yol katettim. \u00d6nce bir saatlik u\u00e7u\u015fla Samsun&#8217;a, ard\u0131ndan k\u00f6y yollar\u0131n\u0131 aratmayan karayolunda, iki saatlik yolculukla Tokat&#8217;\u0131n Erbaa il\u00e7esine&#8230; Hepsi Engin G\u00fcnayd\u0131n ve filmi u\u011fruna! Engin G\u00fcnayd\u0131n&#8217;\u0131n senaryo yazd\u0131\u011f\u0131 uzun s\u00fcredir konu\u015fuluyordu, ad\u0131 Vavien&#8217;di, bu terim elektrikle ilgiliydi ve b\u00fct\u00fcn bilinen bu kadard\u0131. Ya\u011fmur ve Durul Taylan karde\u015flerin de y\u00f6netmen koltu\u011funda oturdu\u011fu ekip, filmin b\u00fcy\u00fcs\u00fc bozulmas\u0131n diye ser verip s\u0131r vermiyordu bug\u00fcne dek. <!--more--><\/p>\n<p style=\"text-align: justify;\">\u00c7ekimler ay ba\u015f\u0131nda ba\u015flad\u0131, ben de setin ilk konu\u011fu olarak Engin G\u00fcnayd\u0131n&#8217;\u0131n yan\u0131nda ald\u0131m solu\u011fu. O da ne, sa\u00e7lar turuncu! &#8220;Film i\u00e7in olsa gerek, bildim mi?&#8221; dedim. Do\u011frulad\u0131 hemen: &#8220;Y\u00f6netmen a\u00e7\u0131k renk olmas\u0131n\u0131 istedi, kendisi oynayabilecek rengiyle sonra&#8230;&#8221; Bir de\u011fi\u015fiklik daha var: Evet, b\u0131y\u0131klar! Onu da a\u00e7\u0131klad\u0131: &#8220;Nefret ederim b\u0131y\u0131ktan! Bu rol i\u00e7in b\u0131rakt\u0131m, \u00e7ekimler biter bitmez kestirece\u011fim. Bir s\u00fcre sonra insan\u0131n eli gidiyor, oynamaya falan ba\u015fl\u0131yorsun u\u00e7lar\u0131yla, son derece itici&#8230;&#8221; Hik\u00e2yeyi yine merak edelim derdindeler. Madem \u00f6yle, daldan dala atlad\u0131m, b\u00fct\u00fcn merak ettiklerimi sordum ben de. &#8220;S\u0131k\u0131ld\u0131n m\u0131?&#8221; diye yoklad\u0131m arada, &#8220;\u00c7ok memnunum, uzun zamand\u0131r konu\u015fmuyormu\u015fum ya!&#8221; dedi, \u015fa\u015f\u0131rarak kendine.<\/p>\n<p style=\"text-align: justify;\">G\u00fcnayd\u0131n hakk\u0131nda fikrim mi ne? Ciddi, hatta a\u011f\u0131rba\u015fl\u0131, az espri yapan, d\u00fc\u015f\u00fcnerek konu\u015fan ama dayanamad\u0131\u011f\u0131 anlarda espriyi patlatan bir tip. \u00dcz\u00fcl\u00fcr m\u00fcs\u00fcn\u00fcz bilmem ama, bir Burhan Alt\u0131ntop de\u011fil, oras\u0131 kesin. Biraz \u00e7ocuksu yanlar\u0131 var, biraz \u015fa\u015fk\u0131n ama mesafeli. \u0130\u015fte Binnur Kaya, \u0130lker Aksum, Settar Tanr\u0131\u00f6ven gibi son y\u0131llar\u0131n en ba\u015far\u0131l\u0131 oyuncular\u0131n\u0131 bir araya getiren Vavien filmi hakk\u0131nda ilk a\u011f\u0131zdan bilmek istedikleriniz&#8230;<\/p>\n<p style=\"text-align: justify;\"><strong><em>&#8211; Oyunculukta doyma noktas\u0131na gelince mi insan ba\u015fka aray\u0131\u015flara giriyor? Neden senaryo yazma ihtiyac\u0131 duydunuz?<\/em><\/strong><\/p>\n<p style=\"text-align: justify;\">&#8211; Asl\u0131nda yeni de\u011fil, \u00e7ok eskiden beri istiyordum bunu yapmay\u0131. Hayal kurmas\u0131n\u0131 \u00e7ok seviyorum ben, hayat\u0131m hayal \u00fczerine kurulu neredeyse&#8230; Konu\u015fmaktan daha \u00e7ok hayal kuruyorum, diyebilirim. Hayal kurmak da sahne demek! Bir filmin bir sahnesi! Hayallerimi sinema filmine d\u00f6n\u00fc\u015ft\u00fcrmek isterken do\u011fru zemini bulam\u0131yordum. O zemin olu\u015ftu.<\/p>\n<p style=\"text-align: justify;\"><em><strong>&#8211; \u015e\u00f6hret olunca m\u0131 olu\u015ftu o zemin?<\/strong><\/em><\/p>\n<p style=\"text-align: justify;\">&#8211; Evet o zaman daha kolay oluyor baz\u0131 \u015feyler. Eskiden senaryolar\u0131m oyuncular taraf\u0131ndan be\u011fenilirdi ama yap\u0131mc\u0131lar be\u011fenmez, &#8216;tutmaz&#8217; derlerdi.<\/p>\n<p style=\"text-align: justify;\"><strong><em>&#8211; Bunu itiraf etmek g\u00fczel bir \u015fey&#8230;<\/em><\/strong><\/p>\n<p style=\"text-align: justify;\">&#8211; Asl\u0131nda ben ilk r\u00f6portaj\u0131mda s\u00f6ylemi\u015ftim bunu. &#8220;\u00dcnl\u00fc olmaya karar verdim&#8221;, ba\u015fl\u0131k buydu! \u00c7\u00fcnk\u00fc hi\u00e7bir projemi yapam\u0131yordum, k\u00f6\u015feye s\u0131k\u0131\u015fm\u0131\u015ft\u0131m. Ben de &#8216;mecburen&#8217; \u00fcnl\u00fc olmaya karar verdim. \u00dcnl\u00fc olunca insanlar her dedi\u011fini dinliyor (g\u00fcl\u00fcyor)<\/p>\n<p style=\"text-align: justify;\"><strong><em>&#8211; Peki nas\u0131l bir film Vavien, hik\u00e2ye ne? Herkes merak ediyor&#8230;<\/em><\/strong><\/p>\n<p style=\"text-align: justify;\">&#8211; Filmin tek bir konusu yok, i\u00e7inde ilerleyen \u00e7ok konu var. &#8216;Vavien&#8217;in kelime anlam\u0131 &#8216;gittigeldi&#8217; demek, elektrikle ilgili bir terim. Biraz zihnin ikircikli hali ile de alakal\u0131; insan zihniyle, lamban\u0131n yan\u0131p s\u00f6nmesiyle&#8230;. Zihin bazen gider, bazen de geri gelir. Bazen ak\u0131ll\u0131 olursun, bazen gerizek\u00e2l\u0131! Buralara da temas eden bir film.<\/p>\n<p style=\"text-align: justify;\"><strong><em>&#8211; &#8216;Gerilim-komedi&#8217; deniyor filmin konusu i\u00e7in; tek bildi\u011fimiz bu.<\/em><\/strong><\/p>\n<p style=\"text-align: justify;\">&#8211; Bu konuda onay yok h\u00e2l\u00e2, filmin b\u00fcy\u00fcs\u00fc bozulur gibi endi\u015felerimiz var a\u00e7\u0131k\u00e7as\u0131. S\u00fcrpriz olsun istiyoruz. Seyirci, &#8216;bak \u015fimdi \u015f\u00f6yle olacak&#8217; diye beklentilere girmesin derdindeyiz. Bir rolle ba\u015flayacak film, o rol\u00fcn ya\u015fad\u0131\u011f\u0131 aileyi g\u00f6rece\u011fiz, sonra mesle\u011fini g\u00f6rece\u011fiz, sonra ba\u015f\u0131na bir i\u015f gelecek ve o problemden kurtulmaya \u00e7al\u0131\u015facak. Yani filmde problemi ya\u015fatan benim, dolay\u0131s\u0131yla ba\u015froldeyim.<\/p>\n<p style=\"text-align: justify;\"><strong><em>&#8211; Bir elektrik\u00e7iyi oynuyorsunuz filmde. Nas\u0131l bir elektrik\u00e7i bu?<\/em><\/strong><\/p>\n<p style=\"text-align: justify;\">&#8211; \u0130\u015finde \u00e7ok iyi olmayan biri. Settar (Tanr\u0131\u00f6ven) abimi oynuyor, o daha bilgili ve benim a\u00e7\u0131klar\u0131m\u0131 kapat\u0131yor.<\/p>\n<p style=\"text-align: justify;\"><strong><em>&#8211; Ger\u00e7ek abiniz bir elektrik\u00e7i, film de onun d\u00fckk\u00e2n\u0131nda \u00e7ekiliyor. Siz ne kadar bilgilisiniz elektrik i\u015finde?<\/em><\/strong><\/p>\n<p style=\"text-align: justify;\">&#8211; Bir evin elektrik tesisat\u0131n\u0131 ba\u015ftan sona d\u00f6\u015feyecek kadar iyi biliyorum.<\/p>\n<p style=\"text-align: justify;\"><em><strong>&#8211; Peki &#8216;Burhan&#8217; gibi gergin ve komik bir adam m\u0131 \u00e7\u0131kacak kar\u015f\u0131m\u0131za yine?<\/strong><\/em><\/p>\n<p style=\"text-align: justify;\">&#8211; Burhan bir \u015fovmen! Rol\u00fcn \u00f6tesinde biri, bir g\u00f6steri adam\u0131. Bu rolle kar\u015f\u0131la\u015ft\u0131r\u0131lamaz bile. Burhan&#8217;\u0131 ben hayat\u0131m boyunca oynayabilirdim, do\u011fa\u00e7lama \u00f6zg\u00fcrl\u00fc\u011f\u00fcm vard\u0131 \u00e7\u00fcnk\u00fc. Rahatlama yerimdi, enerji atma yerimdi o benim&#8230;<\/p>\n<p style=\"text-align: justify;\"><em><strong>&#8211; Ya burada?<\/strong><\/em><\/p>\n<p style=\"text-align: justify;\">&#8211; Burada daha ger\u00e7ek\u00e7i bak\u0131yorsunuz her \u015feye, \u00e7\u00fcnk\u00fc bu bir film, bir rol. Her \u015feyin daha inand\u0131r\u0131c\u0131 olmas\u0131 gerekiyor.<\/p>\n<p style=\"text-align: justify;\"><strong><em>&#8211; D\u00f6rt sezondur inan\u0131lmaz fenomen olmu\u015f bir karakteri oynad\u0131ktan sonra, insanlar\u0131n kar\u015f\u0131s\u0131na ba\u015fka bir rol ve kimlikle \u00e7\u0131kmak korkutuyor mu? Hatta o rol\u00fcn \u00fczerine \u00e7\u0131kmak gibi bir derdiniz var m\u0131?<\/em><\/strong><\/p>\n<p style=\"text-align: justify;\">&#8211; Burhan Alt\u0131ntop&#8217;un \u00fczerine \u00e7\u0131kmak m\u00fcmk\u00fcn de\u011fil! Uzaya \u00e7\u0131kmak gibi bir \u015fey olurdu herhalde (g\u00fcl\u00fcyor).<\/p>\n<p style=\"text-align: justify;\"><strong><em>&#8211; Bunun fark\u0131ndas\u0131n\u0131z yani?<\/em><\/strong><\/p>\n<p style=\"text-align: justify;\">&#8211; Tabii fark\u0131nday\u0131m, Burhan Alt\u0131ntop enerjisi inan\u0131lmaz y\u00fcksek biri. O enerjinin \u00fczerine \u00e7\u0131kmak m\u00fcmk\u00fcn de\u011fil. Ama ba\u015fka bir ruhu, ba\u015fka bir d\u00fc\u015f\u00fcncesi, ba\u015fka bir hik\u00e2yesi olan, ba\u015fka bir rol bu. Seyirci, benim oyunculuktaki titizli\u011fimi biliyorsa e\u011fer, bu rolle ilgili titizli\u011fimin de fark\u0131nda olacakt\u0131r.<\/p>\n<p style=\"text-align: justify;\"><strong><em>&#8211; Ya insanlar filmde yine Burhan Alt\u0131ntop&#8217;u ararsa? Ki b\u00f6yle bir risk var biliyorsunuz&#8230;<\/em><\/strong><\/p>\n<p style=\"text-align: justify;\">&#8211; Yani bunun i\u00e7in yapabilecek bir \u015feyim yok. Ama bu rol\u00fcn Burhan Alt\u0131ntop&#8217;la hi\u00e7bir alakas\u0131 yok, bunu bilseler iyi olur.<\/p>\n<p style=\"text-align: justify;\"><strong>D\u0130Z\u0130 D\u00dc\u015e\u00dcNM\u00dcYORUM<\/strong><\/p>\n<p style=\"text-align: justify;\"><strong><em>&#8211; Avrupa Yakas\u0131&#8217;n\u0131n bitti\u011fi andan itibaren teklif ya\u011fm\u0131\u015ft\u0131r size..<\/em><\/strong><\/p>\n<p style=\"text-align: justify;\">&#8211; \u00c7al\u0131\u015fmak isteyen \u00e7ok var ama \u015fu filmimi bitirmek istedim. Ertelenseydi, moralim bozulacakt\u0131. Bir de art\u0131k bir s\u00fcre TV dizisi d\u00fc\u015f\u00fcnm\u00fcyorum, \u015fimdilik plan\u0131m \u00fc\u00e7 ay tatil yapmak.<\/p>\n<p style=\"text-align: justify;\"><strong><em>&#8211; &#8220;Art\u0131k kendi projelerime a\u011f\u0131rl\u0131k vermek istiyorum&#8221; demi\u015fsiniz. Bu &#8220;Ben art\u0131k oldum&#8221; demek mi?<\/em><\/strong><\/p>\n<p style=\"text-align: justify;\">&#8211; &#8216;Ben oldum&#8217; demek bir ahma\u011f\u0131n laf\u0131 olabilir ancak!<\/p>\n<p style=\"text-align: justify;\"><strong><em>&#8211; Kendi projeleriniz aras\u0131nda ba\u015fka neler var peki? Y\u00f6netmenlik mesela?<\/em><\/strong><\/p>\n<p style=\"text-align: justify;\">&#8211; Y\u00f6netmenlik yapmay\u0131 hi\u00e7 d\u00fc\u015f\u00fcnm\u00fcyorum! Her mesle\u011fin uzun s\u00fcreli bir \u00e7al\u0131\u015fma gerektirdi\u011fine inan\u0131yorum, a\u015f\u00e7\u0131l\u0131k bile \u00f6yle. Y\u00f6netmenli\u011fi o kadar basit bir meslek olarak g\u00f6rm\u00fcyorum bir kere; \u00e7ok a\u011f\u0131r ve deneyim isteyen bir alan. \u00d6\u011frenmek i\u00e7in de vaktim yok.<\/p>\n<p style=\"text-align: justify;\"><strong>ONAY ALDIKTAN SONRA B\u0130T\u0130RD\u0130M SENARYOYU<\/strong><\/p>\n<p style=\"text-align: justify;\">&#8211; Sadece senaryoyu yazd\u0131n\u0131z ama herkes filmi sizin \u00e7ekti\u011finizi de san\u0131yordu&#8230;<\/p>\n<p style=\"text-align: justify;\">&#8211; Galiba bilgi alamad\u0131 bas\u0131n, o y\u00fczden.<\/p>\n<p style=\"text-align: justify;\"><strong><em>&#8211; Gizemli kalmak m\u0131 istediniz?<\/em><\/strong><\/p>\n<p style=\"text-align: justify;\">&#8211; Hay\u0131r haz\u0131rl\u0131kl\u0131 de\u011fildik, \u00e7ok \u00e7abuk karar verdik yapmaya. \u00dc\u00e7 y\u0131ld\u0131r kafamda vard\u0131 bu hik\u00e2ye, anlatt\u0131m, onay al\u0131nca da yazmaya ba\u015flad\u0131m. 1.5 ay \u00f6nce bitti senaryo.<\/p>\n<p style=\"text-align: justify;\"><strong><em>&#8211; Kimden onay ald\u0131n\u0131z?<\/em><\/strong><\/p>\n<p style=\"text-align: justify;\">&#8211; Y\u00f6netmenlerden! Birlikte hareket ettik, kadroyu birlikte se\u00e7tik. Ben tan\u0131mam oyuncular\u0131 falan..<\/p>\n<p style=\"text-align: justify;\"><span style=\"color: #993300;\"><strong><span style=\"font-size: large;\">\u0130lgilenen olmazsa yazmam!<\/span><\/strong><\/span><\/p>\n<p style=\"text-align: justify;\">Ta\u015fra kasabas\u0131ndan bir ailenin hik\u00e2yesi<\/p>\n<p style=\"text-align: justify;\"><strong><em>&#8211; Filmi Alt\u0131n Portakal&#8217;a yeti\u015ftirecek misiniz?<\/em><\/strong><\/p>\n<p style=\"text-align: justify;\">&#8211; Yeti\u015fmeyecek \u00e7\u00fcnk\u00fc epey teknik i\u015fimiz var. En az bir \u00fc\u00e7 ay s\u00fcrer.<\/p>\n<p style=\"text-align: justify;\">&#8211; Beklentiniz nedir filmle ilgili, \u00f6d\u00fcl \u00f6nemli midir?<\/p>\n<p style=\"text-align: justify;\">&#8211; Benim bu filmle ilgili istedi\u011fim tek \u015fey, iyi bir film olmas\u0131d\u0131r. \u0130yi film derken, \u00e7al\u0131\u015f\u0131lm\u0131\u015f filmden bahsediyorum. Akt\u00f6rler, senaryo, g\u00f6r\u00fcnt\u00fc y\u00f6netmeni, sanat y\u00f6netmeni, ses, b\u00fct\u00fcn ayaklar \u00e7ok \u00f6nemli. Bu ayaklar iyi oldu\u011funda iyi bir film ortaya \u00e7\u0131k\u0131yor zaten. On sene sonra da tekrar izlenecek bir film ortaya \u00e7\u0131kartmak, iyi bir an\u0131 olmas\u0131&#8230; Tek istedi\u011fim bu. Ama \u00e7ok izlenirse de \u00e7ok sevinirim elbette.<\/p>\n<p style=\"text-align: justify;\"><strong><em>&#8211; Sevilmezse, \u00e7ok izlenmezse so\u011futur mu bu sizi, k\u00fcst\u00fcr\u00fcr m\u00fc?<\/em><\/strong><\/p>\n<p style=\"text-align: justify;\">&#8211; Yani seyirci ilgilenmeyecekse yazman\u0131n benim i\u00e7in bir manas\u0131 yok, oyunculu\u011fa devam ederim. Oyunculukla ilgili 15 senelik bir tecr\u00fcbem var art\u0131k. Bir de oyunculu\u011fu yeni yeni meslek olarak kabul ettim ben, eskiden hi\u00e7 etmiyordum.<\/p>\n<p style=\"text-align: justify;\"><strong><em>&#8211; Avrupa Yakas\u0131&#8217;ndan sonra m\u0131 oldu bu kabullenme?<\/em><\/strong><\/p>\n<p style=\"text-align: justify;\">&#8211; Evet ama ba\u015f\u0131nda da \u00f6yle d\u00fc\u015f\u00fcnm\u00fcyordum, ortalar\u0131nda falan kabul ettim. &#8216;Avrupa Yakas\u0131&#8217;nda oynar\u0131m, az sahnem var zaten, gider gelirim,&#8217; diyordum. Sonra artmaya ba\u015flad\u0131 sahnelerim, ciddi bir sorumluluk haline geldi. &#8216;Haa oyunculuk da bir meslekmi\u015f,&#8217; falan demeye ba\u015flad\u0131m (g\u00fcl\u00fcyor). Bende her \u015fey \u00e7ok ge\u00e7 oluyor, ge\u00e7 dank ediyor kafama.<\/p>\n<p style=\"text-align: justify;\"><strong>RAHAT ETMEK \u0130\u00c7\u0130N ERBAA&#8217;DAYIZ<\/strong><\/p>\n<p style=\"text-align: justify;\">&#8221;Herhangi bir kasabada da \u00e7ekebilirdik filmi, \u00e7\u00fcnk\u00fc isim ge\u00e7miyor, herhangi bir kasaba hik\u00e2yesi bu. Ama ekip olarak burada ritmi tutturaca\u011f\u0131m\u0131z\u0131 d\u00fc\u015f\u00fcnd\u00fcm. Normalde insanlar setlerde panik olur, o zaman da ger\u00e7ek hayat\u0131n tonuna dokunmaz oyunculuklar. Bir kasabada olursak, otomatik olarak ritmimiz d\u00fc\u015fer, oyunculuklar do\u011fru tona ge\u00e7er diye d\u00fc\u015f\u00fcnd\u00fcm. Uzun s\u00fcreli \u00e7al\u0131\u015f\u0131ld\u0131\u011f\u0131 i\u00e7in, ger\u00e7ek mek\u00e2nlarda \u00e7ok problemler \u00e7\u0131k\u0131yor, dikkatimiz da\u011f\u0131ls\u0131n, birileri &#8216;gidin art\u0131k&#8217; demesin istedim, o y\u00fczden akraba evlerini set yapt\u0131m.&#8221;<\/p>\n<p style=\"text-align: justify;\"><span style=\"color: #993300;\"><span style=\"font-size: large;\"><strong>\u0130li\u015fki istemiyorum!<\/strong><\/span><\/span><\/p>\n<p style=\"text-align: justify;\"><strong><em>&#8211; A\u015fk hayat\u0131n\u0131z\u0131n neresinde; ne kadar uzak ya da yak\u0131n size?<\/em><\/strong><\/p>\n<p style=\"text-align: justify;\">&#8211; A\u015fk&#8230; Herkes bu konuyu \u00e7ok sever.<\/p>\n<p style=\"text-align: justify;\"><strong><em>&#8211; Genelde &#8216;bunu konu\u015fmayal\u0131m&#8217; derler!<\/em><\/strong><\/p>\n<p style=\"text-align: justify;\">&#8211; S\u00f6yleyen ki\u015finin mutsuzlu\u011fuyla ya da \u00e2\u015f\u0131k olmas\u0131yla alakal\u0131d\u0131r bu, eminim. A\u015fk olsun isterdim hayat\u0131mda ama g\u00fczel bir tatil o. B\u00fcy\u00fck, g\u00fczel, parlak bir tatil. O tatili ya\u015famak istiyorum, benim de hakk\u0131m var diye d\u00fc\u015f\u00fcn\u00fcyorum.<\/p>\n<p style=\"text-align: justify;\"><strong><em>&#8211; Ama korkuyor musunuz o tatile \u00e7\u0131kmaktan, bir ili\u015fkiye girmekten?<\/em><\/strong><\/p>\n<p style=\"text-align: justify;\">&#8211; A\u015fk bir ili\u015fki de\u011fil ama! Tatil bitince geri d\u00f6n\u00fcl\u00fcyor ya, ili\u015fkide \u00f6yle bir durum olmuyor genelde. &#8216;Hop nereye gidiyorsun, beraber geldik&#8217; durumu ya\u015fan\u0131yor. \u0130li\u015fki daha ba\u011flay\u0131c\u0131 yani. Ben ili\u015fki falan istemiyorum.<\/p>\n<p style=\"text-align: justify;\"><strong><em>&#8211; Ge\u00e7en y\u0131l yapt\u0131\u011f\u0131m\u0131z r\u00f6portajda Binnur Kaya, &#8220;\u0130li\u015fki ya\u015fad\u0131\u011f\u0131mda mutsuz oluyorum, mutsuz olmak istemedi\u011fim i\u00e7in de ili\u015fki istemiyorum,&#8221; demi\u015fti. Sizin durum da benzer mi?<\/em><\/strong><\/p>\n<p style=\"text-align: justify;\">&#8211; Evet, \u00e7ok do\u011fru s\u00f6ylemi\u015f bence. Geriliyorum ben, rahat edemiyorum, arkada\u015flar\u0131mla bulu\u015fam\u0131yorum, onlarla bir yere gidemiyorum.<\/p>\n<p style=\"text-align: justify;\"><strong><em>&#8211; \u00d6zg\u00fcr olam\u0131yorsunuz yani&#8230;<\/em><\/strong><\/p>\n<p style=\"text-align: justify;\">&#8211; \u00d6zg\u00fcr b\u0131rakt\u0131\u011f\u0131n\u0131 s\u00f6yleyen k\u0131zlar da oldu hayat\u0131mda ama hi\u00e7 \u00f6zg\u00fcr hissetmedim kendimi!<\/p>\n<p style=\"text-align: justify;\"><em><strong>&#8211; A\u015fk ac\u0131s\u0131, evlili\u011fin e\u015fi\u011finden d\u00f6nmek, birini d\u00fc\u015f\u00fcn\u00fcp d\u00fc\u015f\u00fcn\u00fcp kendini yemek, b\u00f6yle \u015feyler ya\u015famad\u0131n\u0131z m\u0131 hi\u00e7?<\/strong><\/em><\/p>\n<p style=\"text-align: justify;\">&#8211; Evlenmeyi hi\u00e7 d\u00fc\u015f\u00fcnmedim, \u00e7\u00fcnk\u00fc ekonomik olarak da kendimi \u00e7ok g\u00fcvende hissetmedim. \u00c7ocuk, ona bakmak, onun hayat\u0131yla ilgilenmek falan beni korkutan \u015feyler. Etraf\u0131mda \u00e7ok \u00e7ocuk var zaten, ye\u011fenler \u00e7ok bizde. Bir de ben ortal\u0131\u011f\u0131 kar\u0131\u015ft\u0131rmak istemiyorum (g\u00fcl\u00fcyor).<\/p>\n<p style=\"text-align: justify;\"><em><strong>&#8211; Siz sorumluluktan m\u0131 ka\u00e7\u0131yorsunuz?<\/strong><\/em><\/p>\n<p style=\"text-align: justify;\">&#8211; Evet, \u00f6zel hayat\u0131mda free tak\u0131lmak istiyorum.<\/p>\n<p style=\"text-align: justify;\"><strong><em>&#8211; Bencillik var m\u0131 biraz sizde?<\/em><\/strong><\/p>\n<p style=\"text-align: justify;\">&#8211; \u0130\u015f hayat\u0131mda hi\u00e7 yoktur ama \u00f6zel hayat\u0131mda evet, \u00e7ok bencilim. Yaln\u0131zl\u0131\u011fa al\u0131\u015ft\u0131k\u00e7a bencille\u015fiyorsun.<\/p>\n<p style=\"text-align: justify;\"><strong><em>&#8211; Gay oldu\u011funuz s\u00f6ylentileri peki? <\/em><\/strong><\/p>\n<p style=\"text-align: justify;\">&#8211; Buna cevap vermek istemem. \u00c7\u00fcnk\u00fc bu konuyla ilgili konu\u015ftuk\u00e7a kendimi gay hissediyorum. (g\u00fcl\u00fcyor) Kendini savunup, sonra bir an &#8216;Ulan gay miyim, niye savunuyorum kendimi b\u00f6yle&#8217; oluyorsun. Onun i\u00e7in girmeyelim bu konuya.<\/p>\n<p style=\"text-align: justify;\"><strong>ENG\u0130N G\u00dcNAYDIN&#8217;LA KISA KISA&#8230;<\/strong><\/p>\n<p style=\"text-align: justify;\"><em><strong>&#8211; Siz kime g\u00fclersiniz?<\/strong><\/em><\/p>\n<p style=\"text-align: justify;\">&#8211; Ben hayat\u0131mda en \u00e7ok Seinfeld&#8217;in Kramer&#8217;\u0131na g\u00fcld\u00fcm. Sa\u00e7ma durumlara d\u00fc\u015fen, sa\u00e7malayan insanlara, do\u011fru d\u00fcr\u00fcst c\u00fcmle kuramayanlara \u00e7ok g\u00fclerim.<\/p>\n<p style=\"text-align: justify;\"><strong><em>&#8211; Gece ya\u015famay\u0131 m\u0131 seversiniz, evde olmay\u0131 m\u0131?<\/em><\/strong><\/p>\n<p style=\"text-align: justify;\">&#8211; Geceyi \u00e7ok severim, y\u00fcksek sesle m\u00fczik dinlemeyi&#8230;<\/p>\n<p style=\"text-align: justify;\"><em><strong>&#8211; Hangi bara tak\u0131l\u0131rs\u0131n\u0131z?<\/strong><\/em><\/p>\n<p style=\"text-align: justify;\">&#8211; Hayal, Mojo. Di\u011fer barlarda canl\u0131 m\u00fczik yok.<\/p>\n<p style=\"text-align: justify;\"><strong><em>&#8211; Her t\u00fcr m\u00fczik mi, rock m\u0131?<\/em><\/strong><\/p>\n<p style=\"text-align: justify;\">&#8211; B\u00fct\u00fcn m\u00fczikleri canl\u0131ysa e\u011fer dinlerim. Ama daha \u00e7ok rock.<\/p>\n<p style=\"text-align: justify;\"><strong><em>&#8211; \u0130yi bir sesiniz var m\u0131, siz de s\u00f6yler misiniz?<\/em><\/strong><\/p>\n<p style=\"text-align: justify;\">&#8211; Hay\u0131r, s\u0131f\u0131r!<\/p>\n<p style=\"text-align: justify;\"><strong><em>&#8211; Nerelerde yemeyi seviyorsunuz \u0130stanbul&#8217;da?<\/em><\/strong><\/p>\n<p style=\"text-align: justify;\">&#8211; \u0130stanbul yemek konusunda rezalet. Yememeye \u00e7al\u0131\u015f\u0131yorum; can\u0131m istemiyor, lezzetli de\u011fil \u00e7\u00fcnk\u00fc. Daha \u00e7ok \u00e7orba falan i\u00e7iyorum, yemek aram\u0131yorum.<\/p>\n<p style=\"text-align: justify;\"><em><strong>&#8211; Sinema tutkunu musunuz, her filme gider misiniz?<\/strong><\/em><\/p>\n<p style=\"text-align: justify;\">&#8211; Hay\u0131r, hi\u00e7bir film bilmiyorum. Takva&#8217;da oynam\u0131\u015ft\u0131m, bir sene sonra izleyebildim. Senaristini arad\u0131m, &#8220;\u00c7ok g\u00fczel filmmi\u015f bu,&#8221; dedim. Salak gibi bir sene sonra! (g\u00fcl\u00fcyor)<\/p>\n<p style=\"text-align: justify;\"><strong><em>&#8211; O zaman bir kitap kurdusunuz siz?<\/em><\/strong><\/p>\n<p style=\"text-align: justify;\">&#8211; Kitab\u0131 konservatuarda okudum en son, Su\u00e7 ve Ceza. G\u00fcnl\u00fck gazeteleri okurum.<\/p>\n<p style=\"text-align: justify;\"><strong><em>&#8211; \u0130stanbul&#8217;da nerede ya\u015famay\u0131 seviyorsunuz?<\/em><\/strong><\/p>\n<p style=\"text-align: justify;\">&#8211; Cihangir&#8217;i seviyorum, en \u00e7ok orada rahat ediyorum.<\/p>\n<p style=\"text-align: justify;\"><strong><em>&#8211; Bo\u015f zamanlar\u0131n\u0131zda ne yap\u0131yorsunuz?<\/em><\/strong><\/p>\n<p style=\"text-align: justify;\">&#8211; Arkada\u015flar\u0131mla play station, muhabbet, sonra shot&#8217;lar, shot&#8217;lar, sonra d\u0131\u015far\u0131!<\/p>\n<p style=\"text-align: justify;\"><strong><em>&#8211; Oyuncu olmasayd\u0131n\u0131z ne olurdunuz?<\/em><\/strong><\/p>\n<p style=\"text-align: justify;\">&#8211; M\u00fczisyen olmak isterdim.<\/p>\n<p style=\"text-align: justify;\"><em><strong>&#8211; &#8216;Uykusuz&#8217;da yaz\u0131yordunuz, neden b\u0131rakt\u0131n\u0131z?<\/strong><\/em><\/p>\n<p style=\"text-align: justify;\">&#8211; &#8216;K\u00f6t\u00fc yaz\u0131yor, anlam\u0131yoruz&#8217; falan gibi \u00e7ok a\u011f\u0131r ele\u015ftiriler ald\u0131m. Hemen b\u0131rakt\u0131m.<\/p>\n<p style=\"text-align: justify;\"><strong>\u0130Y\u0130 PARA KAZANDIM AMA EMLAK KRALI DE\u011e\u0130L\u0130M<\/strong><\/p>\n<p style=\"text-align: justify;\"><em><strong>-\u015e\u00f6hret olunca iyi para da kazand\u0131n\u0131z m\u0131?<\/strong><\/em><\/p>\n<p style=\"text-align: justify;\">&#8211; Kasabal\u0131 bir \u00e7ocu\u011fa g\u00f6re evet, \u00e7ok iyi para kazand\u0131m.<\/p>\n<p style=\"text-align: justify;\">&#8211; Peki, emlak kral\u0131 oldu\u011funuz haberi, \u015fehir efsanesi mi?<\/p>\n<p style=\"text-align: justify;\">&#8211; Do\u011fru de\u011fil. Ben aileme ev al\u0131yorum genelde. Kalabal\u0131k bir ailenin \u00e7ocu\u011fuyum, kalabal\u0131k ya\u015famay\u0131 da seviyorum. Geni\u015f bir ev olsun, kalabal\u0131k kalabal\u0131k ya\u015fayal\u0131m istiyorum.<\/p>\n<p style=\"text-align: justify;\"><strong>TOPLU ALI\u015eVER\u0130\u015e YAPARIM<\/strong><\/p>\n<p style=\"text-align: justify;\"><em><strong>&#8211; \u00c7ok al\u0131\u015fveri\u015f yapar m\u0131s\u0131n\u0131z?<\/strong><\/em><\/p>\n<p style=\"text-align: justify;\">&#8211; S\u00fcrekli yeni \u015feyler giymesini seven birisi de\u011filim, eski k\u0131yafetlerimi severim. Al\u0131\u015fveri\u015fi de toplu yapar\u0131m. Mesela alt\u0131 y\u0131lda bir toplu kot al\u0131r\u0131m!<\/p>\n<p style=\"text-align: justify;\"><strong><span style=\"color: #993300;\"><span style=\"font-size: large;\">Alkolik olsan i\u015fini yapamazs\u0131n ki&#8230;<\/span><\/span><\/strong><\/p>\n<p style=\"text-align: justify;\"><strong><em>&#8211; Kendinizi zirvede g\u00f6r\u00fcyor musunuz?<\/em><\/strong><\/p>\n<p style=\"text-align: justify;\">&#8211; B\u00f6yle \u015feylerden pek haberim yok! Yani bu laflar, sosyal hayat\u0131n s\u00f6yledi\u011fi laflar, ba\u015fkalar\u0131n\u0131n s\u00f6yledi\u011fi \u015feyler, biz \u00e7ok fark\u0131nda de\u011filiz bunlar\u0131n. En az\u0131ndan ben de\u011filim. Biz de herkes gibi yapt\u0131\u011f\u0131m\u0131z i\u015fin pe\u015fine d\u00fc\u015f\u00fcyoruz sadece. Benim i\u00e7in hepsi budur.<\/p>\n<p style=\"text-align: justify;\"><em><strong>&#8211; Sonu\u00e7ta \u015f\u00f6hretli bir oyuncusunuz art\u0131k. \u015e\u00f6hret bir\u00e7ok bedel demek ayn\u0131 zamanda. Siz de bu bedeli \u00f6dediniz; herkesin ya\u015fad\u0131\u011f\u0131, yapt\u0131\u011f\u0131 \u015feyleri siz yap\u0131nca g\u00f6ze batt\u0131. Alkoll\u00fc g\u00f6r\u00fcnt\u00fclendi\u011finizde bir duvar \u00f6rmeye \u00e7al\u0131\u015ft\u0131n\u0131z m\u0131 ya da \u00fcz\u00fcl\u00fcp k\u00fcst\u00fcn\u00fcz m\u00fc hi\u00e7?<\/strong><\/em><\/p>\n<p style=\"text-align: justify;\">&#8211; Korktum daha \u00e7ok! Sanki ba\u015fka bir \u00fclkeden gelmi\u015fim de kovalan\u0131yormu\u015fum, &#8216;defol git&#8217; diyorlarm\u0131\u015f gibi hissettim. Yapt\u0131\u011f\u0131m hi\u00e7bir \u015fey normal kar\u015f\u0131lanm\u0131yor \u00e7\u00fcnk\u00fc. Ben 15 senedir d\u0131\u015far\u0131 \u00e7\u0131kar\u0131m, m\u00fczik dinlemeyi \u00e7ok severim, i\u00e7ki i\u00e7mesini de severim, \u00e7\u00fcnk\u00fc ba\u015fka t\u00fcrl\u00fc rahatlayamam. H\u00e2l\u00e2 15 y\u0131l \u00f6nce gitti\u011fim yerlere gidiyorum, eskiden kamera falan olmazd\u0131 oralarda, sonradan gelmeye ba\u015flad\u0131lar. E sonu\u00e7ta kendimi su\u00e7lu hissetmeye ba\u015flad\u0131m, &#8216;ben bir su\u00e7 mu i\u015fliyorum&#8217; diye d\u00fc\u015f\u00fcn\u00fcr oldum. Yapacak bir \u015fey yok, yakalanmamay\u0131 \u00f6\u011frenmeye ba\u015fl\u0131yorsun zamanla. Onlar gelmi\u015fse, arka taraflardan filan gidiyorum. \u015eimdi yakalayam\u0131yorlar (g\u00fcl\u00fcyor).<\/p>\n<p style=\"text-align: justify;\"><strong><em>&#8211; Alkolik olman\u0131za kadar gelip dayand\u0131 haberler&#8230;<\/em><\/strong><\/p>\n<p style=\"text-align: justify;\">&#8211; Alkolik olsan i\u015f yapamazs\u0131n, i\u015fine g\u00fcc\u00fcne gidemezsin. \u00dc\u00e7 g\u00fcn \u00e7ok a\u011f\u0131r setimiz vard\u0131, \u00fc\u00e7 g\u00fcn de v\u00fccut yorgunlu\u011fu s\u00fcr\u00fcyordu. Ben o yo\u011funlukta alkolik olarak ayakta kalamazd\u0131m zaten.<\/p>\n<p style=\"text-align: justify;\"><span style=\"color: #808080;\">Kaynak : \u015eirin Sever &#8211; Sabah<\/span><\/p>\n","protected":false},"excerpt":{"rendered":"<p id=\"caption-attachment-13004\" class=\"wp-caption-text\">Engin G\u00fcnayd\u0131n<\/p>\n<p style=\"text-align: justify;\">\n<p id=\"caption-attachment-13005\" class=\"wp-caption-text\">\u015eirin Sever<\/p>\n<p style=\"text-align: justify;\">&#8220;Benim tek beklentim, Vavien&#8217;in iyi bir film olmas\u0131d\u0131r, on sene sonra da izlenecek bir film&#8230; \u00c7ok izlenirse sevinirim elbette. Ama ilgilenmiyorsa seyirci e\u011fer, yazmam\u0131n bir manas\u0131 kalmaz; oyunculu\u011fa devam ederim!&#8221; &#8220;\u0130nsanlar bu filmde Burhan Alt\u0131ntop&#8217;u ararsa bunun i\u00e7in yapabilecek bir \u015feyim yok! <\/p>\n","protected":false},"author":1,"featured_media":0,"comment_status":"open","ping_status":"closed","sticky":false,"template":"","format":"standard","meta":{"footnotes":""},"categories":[7],"tags":[],"class_list":["post-13002","post","type-post","status-publish","format-standard","hentry","category-ekonomi","odd"],"_links":{"self":[{"href":"http:\/\/www.korhanyilmaz.com\/index.php?rest_route=\/wp\/v2\/posts\/13002","targetHints":{"allow":["GET"]}}],"collection":[{"href":"http:\/\/www.korhanyilmaz.com\/index.php?rest_route=\/wp\/v2\/posts"}],"about":[{"href":"http:\/\/www.korhanyilmaz.com\/index.php?rest_route=\/wp\/v2\/types\/post"}],"author":[{"embeddable":true,"href":"http:\/\/www.korhanyilmaz.com\/index.php?rest_route=\/wp\/v2\/users\/1"}],"replies":[{"embeddable":true,"href":"http:\/\/www.korhanyilmaz.com\/index.php?rest_route=%2Fwp%2Fv2%2Fcomments&post=13002"}],"version-history":[{"count":0,"href":"http:\/\/www.korhanyilmaz.com\/index.php?rest_route=\/wp\/v2\/posts\/13002\/revisions"}],"wp:attachment":[{"href":"http:\/\/www.korhanyilmaz.com\/index.php?rest_route=%2Fwp%2Fv2%2Fmedia&parent=13002"}],"wp:term":[{"taxonomy":"category","embeddable":true,"href":"http:\/\/www.korhanyilmaz.com\/index.php?rest_route=%2Fwp%2Fv2%2Fcategories&post=13002"},{"taxonomy":"post_tag","embeddable":true,"href":"http:\/\/www.korhanyilmaz.com\/index.php?rest_route=%2Fwp%2Fv2%2Ftags&post=13002"}],"curies":[{"name":"wp","href":"https:\/\/api.w.org\/{rel}","templated":true}]}}