{"id":12997,"date":"2009-08-08T13:49:57","date_gmt":"2009-08-08T10:49:57","guid":{"rendered":"http:\/\/www.korhanyilmaz.com\/?p=12997"},"modified":"2009-08-08T13:49:57","modified_gmt":"2009-08-08T10:49:57","slug":"albay-cicek%e2%80%99ten-rtuk%e2%80%99e-suc-duyurusu","status":"publish","type":"post","link":"http:\/\/www.korhanyilmaz.com\/?p=12997","title":{"rendered":"Albay \u00c7i\u00e7ek&#039;ten RT\u00dcK&#039;e Su\u00e7 Duyurusu"},"content":{"rendered":"<p style=\"text-align: center;\"><a href=\"http:\/\/www.korhanyilmaz.com\/wp-content\/uploads\/2009\/08\/dursun-cicek.jpg\"  class=\"lightview\"><img loading=\"lazy\" decoding=\"async\" class=\"aligncenter size-full wp-image-12998\" title=\"Deniz Kurmay Albay Dursun \u00c7i\u00e7ek\" src=\"http:\/\/www.korhanyilmaz.com\/wp-content\/uploads\/2009\/08\/dursun-cicek.jpg\" alt=\"Deniz Kurmay Albay Dursun \u00c7i\u00e7ek\" width=\"309\" height=\"231\" \/><\/a><\/p>\n<p style=\"text-align: justify;\">\u2018ERGENEKON\u2019 soru\u015fturmas\u0131 kapsam\u0131nda tutukland\u0131ktan bir g\u00fcn sonra tahliye edilen Deniz Kurmay Albay Dursun \u00c7i\u00e7ek, avukat\u0131 Mustafa \u00c7evik arac\u0131l\u0131\u011f\u0131yla kendisiyle ilgili, \u201cmaksatl\u0131 ve ger\u00e7ek d\u0131\u015f\u0131 bilgileri i\u00e7erecek \u015fekilde\u201d yay\u0131n yapt\u0131\u011f\u0131n\u0131 iddia etti\u011fi baz\u0131 televizyon kanallar\u0131yla ilgili gerekli tedbirleri almad\u0131\u011f\u0131 gerek\u00e7esiyle RT\u00dcK \u00fcyeleri hakk\u0131nda \u201cg\u00f6revi ihmal\u201d su\u00e7undan Ankara Cumhuriyet Ba\u015fsavc\u0131l\u0131\u011f\u0131na su\u00e7 duyurusunda bulundu. <!--more-->Dilek\u00e7ede, \u015funlar kaydedildi:<\/p>\n<p style=\"text-align: justify;\">\u201c\u00c7i\u00e7ek&#8217;e y\u00f6nelik maksatl\u0131 ve ger\u00e7ek d\u0131\u015f\u0131 bilgileri i\u00e7erecek \u015fekilde, ba\u015fta Samanyolu Haber ve Samanyolu TV, Kanal 7, Kanal 24, ATV ve TRT 2 olmak \u00fczere baz\u0131 televizyon kanallar\u0131 taraf\u0131ndan karalama ve iftira kampanyas\u0131na d\u00f6n\u00fc\u015ft\u00fcr\u00fclen televizyon yay\u0131nlar\u0131n\u0131n \u00f6nlenmesine y\u00f6nelik gerekli tedbirlerin al\u0131nmas\u0131 konusunda yasal yetkili ve sorumlu olan RT\u00dcK, bahse konu yasal sorumluluklar\u0131n\u0131 yerine getirmemi\u015ftir. RT\u00dcK&#8217;\u00fcn g\u00f6revini ihmal etmesini f\u0131rsat bilen baz\u0131 televizyon kanallar\u0131n\u0131n iftira ve karalama kampanyalar\u0131 ile yarg\u0131s\u0131z infaz\u0131 hedef alan maksatl\u0131 ve sistemli yay\u0131nlar\u0131n\u0131 s\u00fcrd\u00fcrmesi, \u00c7i\u00e7ek&#8217;in ba\u015fta mesleki kariyeri olmak \u00fczere, maddi ve manevi y\u0131prat\u0131lmas\u0131 ve zarar g\u00f6rmesine neden olmu\u015ftur.\u201d<\/p>\n<p style=\"text-align: justify;\"><span style=\"color: #888888;\">Kaynak : BirG\u00fcn<\/span><\/p>\n","protected":false},"excerpt":{"rendered":"<p style=\"text-align: center;\">\n<p style=\"text-align: justify;\">\u2018ERGENEKON\u2019 soru\u015fturmas\u0131 kapsam\u0131nda tutukland\u0131ktan bir g\u00fcn sonra tahliye edilen Deniz Kurmay Albay Dursun \u00c7i\u00e7ek, avukat\u0131 Mustafa \u00c7evik arac\u0131l\u0131\u011f\u0131yla kendisiyle ilgili, \u201cmaksatl\u0131 ve ger\u00e7ek d\u0131\u015f\u0131 bilgileri i\u00e7erecek \u015fekilde\u201d yay\u0131n yapt\u0131\u011f\u0131n\u0131 iddia etti\u011fi baz\u0131 televizyon kanallar\u0131yla ilgili gerekli tedbirleri almad\u0131\u011f\u0131 gerek\u00e7esiyle RT\u00dcK \u00fcyeleri hakk\u0131nda \u201cg\u00f6revi ihmal\u201d su\u00e7undan Ankara Cumhuriyet Ba\u015fsavc\u0131l\u0131\u011f\u0131na su\u00e7 duyurusunda <\/p>\n","protected":false},"author":1,"featured_media":0,"comment_status":"open","ping_status":"closed","sticky":false,"template":"","format":"standard","meta":{"footnotes":""},"categories":[105],"tags":[],"class_list":["post-12997","post","type-post","status-publish","format-standard","hentry","category-gundem","odd"],"_links":{"self":[{"href":"http:\/\/www.korhanyilmaz.com\/index.php?rest_route=\/wp\/v2\/posts\/12997","targetHints":{"allow":["GET"]}}],"collection":[{"href":"http:\/\/www.korhanyilmaz.com\/index.php?rest_route=\/wp\/v2\/posts"}],"about":[{"href":"http:\/\/www.korhanyilmaz.com\/index.php?rest_route=\/wp\/v2\/types\/post"}],"author":[{"embeddable":true,"href":"http:\/\/www.korhanyilmaz.com\/index.php?rest_route=\/wp\/v2\/users\/1"}],"replies":[{"embeddable":true,"href":"http:\/\/www.korhanyilmaz.com\/index.php?rest_route=%2Fwp%2Fv2%2Fcomments&post=12997"}],"version-history":[{"count":0,"href":"http:\/\/www.korhanyilmaz.com\/index.php?rest_route=\/wp\/v2\/posts\/12997\/revisions"}],"wp:attachment":[{"href":"http:\/\/www.korhanyilmaz.com\/index.php?rest_route=%2Fwp%2Fv2%2Fmedia&parent=12997"}],"wp:term":[{"taxonomy":"category","embeddable":true,"href":"http:\/\/www.korhanyilmaz.com\/index.php?rest_route=%2Fwp%2Fv2%2Fcategories&post=12997"},{"taxonomy":"post_tag","embeddable":true,"href":"http:\/\/www.korhanyilmaz.com\/index.php?rest_route=%2Fwp%2Fv2%2Ftags&post=12997"}],"curies":[{"name":"wp","href":"https:\/\/api.w.org\/{rel}","templated":true}]}}