{"id":12992,"date":"2009-08-08T13:39:46","date_gmt":"2009-08-08T10:39:46","guid":{"rendered":"http:\/\/www.korhanyilmaz.com\/?p=12992"},"modified":"2009-08-08T13:39:46","modified_gmt":"2009-08-08T10:39:46","slug":"harac-protestolari-cig-gibi-buyuyor","status":"publish","type":"post","link":"http:\/\/www.korhanyilmaz.com\/?p=12992","title":{"rendered":"&#039;Har(a)\u00e7&#039; Protestolar\u0131 \u00c7\u0131\u011f Gibi B\u00fcy\u00fcyor"},"content":{"rendered":"<p style=\"text-align: justify;\"><a href=\"http:\/\/www.korhanyilmaz.com\/wp-content\/uploads\/2009\/08\/490-254.jpg\"  class=\"lightview\"><img loading=\"lazy\" decoding=\"async\" class=\"aligncenter size-full wp-image-12993\" src=\"http:\/\/www.korhanyilmaz.com\/wp-content\/uploads\/2009\/08\/490-254.jpg\" alt=\"\" width=\"343\" height=\"178\" \/><\/a><\/p>\n<p style=\"text-align: justify;\">GEN\u00c7SEN \u00fcyeleri, \u0130stiklal Caddesi&#8217;nde yapt\u0131klar\u0131 y\u00fcr\u00fcy\u00fc\u015fle \u2018y\u00fczde 500 varan har(a)\u00e7lar\u0131\u2019 protesto ettiler. Y\u00fcr\u00fcy\u00fc\u015fte, &#8221;AKP iktidar\u0131 taraf\u0131ndan yap\u0131lan keyfi zamlara ge\u00e7it vermeyece\u011fiz&#8221; denildi.  Zam yapan h\u00fck\u00fcmetin as\u0131l g\u00f6revinin \u00f6\u011frencilere paras\u0131z e\u011fitim olanaklar\u0131 sunmak oldu\u011funu ifade eden Kaan, &#8221;Sizin kapal\u0131 kap\u0131lar arkas\u0131nda hakk\u0131m\u0131zda &#8216; nihai kararlar&#8217; vermenize izin vermeyece\u011fiz. Paral\u0131 e\u011fitim ve zam hayalleri kuran sizlerin hayallerini bozana kadar kar\u015f\u0131n\u0131zda dimdik durmaya devam edece\u011fiz. Bu b\u00f6yle bilinsin!&#8221; diye konu\u015ftu. A\u00e7\u0131klamadan \u00f6nce yap\u0131lan y\u00fcr\u00fcy\u00fc\u015fe, \u015eair -yazar Ruhan  Mavruk, ESP, EHP, SDP, SP, SODAP, Direni\u015f Platformu, Hava-\u0130\u015f, Tek G\u0131da-\u0130\u015f, E\u011fitim-Sen temsilci ve  \u00fcyelerinin destek verdi. Protesto g\u00f6sterisi Bandista m\u00fczik grubunun dinletisi ile son buldu.<\/p>\n<p style=\"text-align: justify;\"><span style=\"color: #888888;\">Zeynep Kuray &#8211; BirG\u00fcn<\/span><\/p>\n","protected":false},"excerpt":{"rendered":"<p style=\"text-align: justify;\">\n<p style=\"text-align: justify;\">GEN\u00c7SEN \u00fcyeleri, \u0130stiklal Caddesi&#8217;nde yapt\u0131klar\u0131 y\u00fcr\u00fcy\u00fc\u015fle \u2018y\u00fczde 500 varan har(a)\u00e7lar\u0131\u2019 protesto ettiler. Y\u00fcr\u00fcy\u00fc\u015fte, &#8221;AKP iktidar\u0131 taraf\u0131ndan yap\u0131lan keyfi zamlara ge\u00e7it vermeyece\u011fiz&#8221; denildi. Zam yapan h\u00fck\u00fcmetin as\u0131l g\u00f6revinin \u00f6\u011frencilere paras\u0131z e\u011fitim olanaklar\u0131 sunmak oldu\u011funu ifade eden Kaan, &#8221;Sizin kapal\u0131 kap\u0131lar arkas\u0131nda hakk\u0131m\u0131zda &#8216; nihai kararlar&#8217; vermenize izin vermeyece\u011fiz. Paral\u0131 e\u011fitim ve <\/p>\n","protected":false},"author":1,"featured_media":0,"comment_status":"open","ping_status":"closed","sticky":false,"template":"","format":"standard","meta":{"footnotes":""},"categories":[7],"tags":[],"class_list":["post-12992","post","type-post","status-publish","format-standard","hentry","category-ekonomi","odd"],"_links":{"self":[{"href":"http:\/\/www.korhanyilmaz.com\/index.php?rest_route=\/wp\/v2\/posts\/12992","targetHints":{"allow":["GET"]}}],"collection":[{"href":"http:\/\/www.korhanyilmaz.com\/index.php?rest_route=\/wp\/v2\/posts"}],"about":[{"href":"http:\/\/www.korhanyilmaz.com\/index.php?rest_route=\/wp\/v2\/types\/post"}],"author":[{"embeddable":true,"href":"http:\/\/www.korhanyilmaz.com\/index.php?rest_route=\/wp\/v2\/users\/1"}],"replies":[{"embeddable":true,"href":"http:\/\/www.korhanyilmaz.com\/index.php?rest_route=%2Fwp%2Fv2%2Fcomments&post=12992"}],"version-history":[{"count":0,"href":"http:\/\/www.korhanyilmaz.com\/index.php?rest_route=\/wp\/v2\/posts\/12992\/revisions"}],"wp:attachment":[{"href":"http:\/\/www.korhanyilmaz.com\/index.php?rest_route=%2Fwp%2Fv2%2Fmedia&parent=12992"}],"wp:term":[{"taxonomy":"category","embeddable":true,"href":"http:\/\/www.korhanyilmaz.com\/index.php?rest_route=%2Fwp%2Fv2%2Fcategories&post=12992"},{"taxonomy":"post_tag","embeddable":true,"href":"http:\/\/www.korhanyilmaz.com\/index.php?rest_route=%2Fwp%2Fv2%2Ftags&post=12992"}],"curies":[{"name":"wp","href":"https:\/\/api.w.org\/{rel}","templated":true}]}}