{"id":1298,"date":"2008-10-04T10:35:00","date_gmt":"2008-10-04T07:35:00","guid":{"rendered":"http:\/\/www.korhanyilmaz.com\/?p=1298"},"modified":"2008-10-04T10:35:00","modified_gmt":"2008-10-04T07:35:00","slug":"fortise-el-konuldu","status":"publish","type":"post","link":"http:\/\/www.korhanyilmaz.com\/?p=1298","title":{"rendered":"Fortis&#8217;e el konuldu"},"content":{"rendered":"<p style=\"text-align: center;\"><img loading=\"lazy\" decoding=\"async\" class=\"size-full wp-image-1299 aligncenter\" title=\"787d98171900b84aad6daffbx\" src=\"http:\/\/www.korhanyilmaz.com\/wp-content\/uploads\/2008\/10\/787d98171900b84aad6daffbx.jpg\" alt=\"\" width=\"380\" height=\"200\" \/><\/p>\n<p style=\"text-align: justify;\">Bel\u00e7ika, Hollanda ve L\u00fcksemburg&#8217;un hafta ba\u015f\u0131nda 11.2 milyar Euro sermaye aktararak iflastan kurtard\u0131\u011f\u0131 Fortis&#8217;in ABN Amro dahil Hollanda faaliyetlerinin, Hollanda h\u00fck\u00fcmetine 16.8 milyar Euro&#8217;ya sat\u0131laca\u011f\u0131 a\u00e7\u0131kland\u0131.<\/p>\n<p style=\"text-align: justify;\">Bel\u00e7ika Ba\u015fbakan\u0131 Yves Leterme, karar\u0131n\u0131n, Fortis&#8217;in sermaye yeterlili\u011finin s\u00fcrmesi i\u00e7in al\u0131nd\u0131\u011f\u0131n\u0131 s\u00f6yledi.<\/p>\n<p style=\"text-align: justify;\">Hafta ba\u015f\u0131ndaki kurtarma operasyonunda Fortis&#8217;e Bel\u00e7ika 4.7 milyar Euro, Hollanda 4 milyar Euro ve L\u00fcksemburg da 2.5 milyar Euro sermaye eklerlerken, her 3 \u00fclkedeki Fortis i\u015ftiraklerinin y\u00fczde 49 hissesi kamuya ge\u00e7mi\u015fti.<\/p>\n","protected":false},"excerpt":{"rendered":"<p style=\"text-align: center;\">\n<p style=\"text-align: justify;\">Bel\u00e7ika, Hollanda ve L\u00fcksemburg&#8217;un hafta ba\u015f\u0131nda 11.2 milyar Euro sermaye aktararak iflastan kurtard\u0131\u011f\u0131 Fortis&#8217;in ABN Amro dahil Hollanda faaliyetlerinin, Hollanda h\u00fck\u00fcmetine 16.8 milyar Euro&#8217;ya sat\u0131laca\u011f\u0131 a\u00e7\u0131kland\u0131.<\/p>\n<p style=\"text-align: justify;\">Bel\u00e7ika Ba\u015fbakan\u0131 Yves Leterme, karar\u0131n\u0131n, Fortis&#8217;in sermaye yeterlili\u011finin s\u00fcrmesi i\u00e7in al\u0131nd\u0131\u011f\u0131n\u0131 s\u00f6yledi.<\/p>\n<p style=\"text-align: justify;\">Hafta ba\u015f\u0131ndaki kurtarma operasyonunda Fortis&#8217;e Bel\u00e7ika 4.7 milyar <\/p>\n","protected":false},"author":1,"featured_media":0,"comment_status":"open","ping_status":"open","sticky":false,"template":"","format":"standard","meta":{"footnotes":""},"categories":[7],"tags":[],"class_list":["post-1298","post","type-post","status-publish","format-standard","hentry","category-ekonomi","odd"],"_links":{"self":[{"href":"http:\/\/www.korhanyilmaz.com\/index.php?rest_route=\/wp\/v2\/posts\/1298","targetHints":{"allow":["GET"]}}],"collection":[{"href":"http:\/\/www.korhanyilmaz.com\/index.php?rest_route=\/wp\/v2\/posts"}],"about":[{"href":"http:\/\/www.korhanyilmaz.com\/index.php?rest_route=\/wp\/v2\/types\/post"}],"author":[{"embeddable":true,"href":"http:\/\/www.korhanyilmaz.com\/index.php?rest_route=\/wp\/v2\/users\/1"}],"replies":[{"embeddable":true,"href":"http:\/\/www.korhanyilmaz.com\/index.php?rest_route=%2Fwp%2Fv2%2Fcomments&post=1298"}],"version-history":[{"count":0,"href":"http:\/\/www.korhanyilmaz.com\/index.php?rest_route=\/wp\/v2\/posts\/1298\/revisions"}],"wp:attachment":[{"href":"http:\/\/www.korhanyilmaz.com\/index.php?rest_route=%2Fwp%2Fv2%2Fmedia&parent=1298"}],"wp:term":[{"taxonomy":"category","embeddable":true,"href":"http:\/\/www.korhanyilmaz.com\/index.php?rest_route=%2Fwp%2Fv2%2Fcategories&post=1298"},{"taxonomy":"post_tag","embeddable":true,"href":"http:\/\/www.korhanyilmaz.com\/index.php?rest_route=%2Fwp%2Fv2%2Ftags&post=1298"}],"curies":[{"name":"wp","href":"https:\/\/api.w.org\/{rel}","templated":true}]}}