{"id":12978,"date":"2009-08-08T07:08:58","date_gmt":"2009-08-08T04:08:58","guid":{"rendered":"http:\/\/www.korhanyilmaz.com\/?p=12978"},"modified":"2009-08-08T07:08:58","modified_gmt":"2009-08-08T04:08:58","slug":"berlusconiden-italya-devlet-televizyonuna-firca","status":"publish","type":"post","link":"http:\/\/www.korhanyilmaz.com\/?p=12978","title":{"rendered":"Berlusconi&#039;den \u0130talya devlet televizyonuna f\u0131r\u00e7a"},"content":{"rendered":"<p style=\"text-align: center;\">\n<div id=\"attachment_12979\" style=\"width: 316px\" class=\"wp-caption aligncenter\"><a title=\"\u0130talya Ba\u015fbakan\u0131 Silvio Berlusconi\" href=\"http:\/\/www.korhanyilmaz.com\/wp-content\/uploads\/2009\/08\/fft28_mf224860.Jpeg\"  class=\"lightview\"><img loading=\"lazy\" decoding=\"async\" aria-describedby=\"caption-attachment-12979\" class=\"size-full wp-image-12979\" title=\"\u0130talya Ba\u015fbakan\u0131 Silvio Berlusconi\" src=\"http:\/\/www.korhanyilmaz.com\/wp-content\/uploads\/2009\/08\/fft28_mf224860.Jpeg\" alt=\"\u0130talya Ba\u015fbakan\u0131 Silvio Berlusconi\" width=\"306\" height=\"204\" \/><\/a><p id=\"caption-attachment-12979\" class=\"wp-caption-text\">\u0130talya Ba\u015fbakan\u0131 Silvio Berlusconi<\/p><\/div>\n<p style=\"text-align: justify;\"><strong><em>&#8216;Neden T\u00fcrkiye&#8217;ye gittiniz?&#8217; sorusu \u00e7\u0131ld\u0131rtt\u0131. <\/em><\/strong><\/p>\n<p style=\"text-align: justify;\">ROMA &#8211; Son aylarda g\u00fcndeme geldi\u011fi seks skandallar\u0131yla can\u0131 s\u0131k\u0131lan \u0130talya Ba\u015fbakan\u0131 Silvio Berlusconi, T\u00fcrkiye- Rusya aras\u0131nda imzalanan enerji anla\u015fmalar\u0131 s\u0131ras\u0131nda T\u00fcrkiye&#8217;de bulunmas\u0131yla ilgili soru y\u00f6nelten devlet televizyonu RAI 3 muhabirini azarlad\u0131. Berlusconi, h\u00fck\u00fcmete y\u00f6nelik sert muhalefetiyle bilinen RAI&#8217;yi, \u201cD\u00fcnyada ilk kez, \u0130talyan halk\u0131n\u0131n paras\u0131yla ayakta duran bir devlet televizyonu h\u00fck\u00fcmete sald\u0131r\u0131da bulunuyor. Sol politikac\u0131lar\u0131n iktidardayken yapt\u0131\u011f\u0131n\u0131 yapmak istemiyoruz\u201d diyerek tehdit etti.<\/p>\n<p style=\"text-align: justify;\">\u0130talya Ba\u015fbakan\u0131 Silvio Berlusconi, H\u00fck\u00fcmet Kona\u011f\u0131 Palazzo Chigi&#8217;de d\u00fcn yap\u0131lan ger\u00e7ekle\u015ftirilen bas\u0131n toplant\u0131s\u0131nda iktidardaki 14 ay\u0131n\u0131 de\u011ferlendirdi. Berlusconi, yakla\u015f\u0131k 1 saat s\u00fcren konu\u015fmas\u0131nda \u201c\u015eimdiye kadar hi\u00e7bir h\u00fck\u00fcmet bizden daha iyi \u015feyler yapmad\u0131. Sokaklarda g\u00fcvenlik i\u00e7in askerleri kullanmaya ba\u015flad\u0131k. Napoli ve bu \u015fehrin de i\u00e7in de oldu\u011fu Campagna b\u00f6lgesindeki \u00e7\u00f6p sorununu bitirdik. E\u011fitim konusunda b\u00fcy\u00fck de\u011fi\u015fiklikler yapt\u0131k. Ge\u00e7en y\u0131l krizde olan Alitalia bizden sonra u\u00e7maya ba\u015flad\u0131. Deprem b\u00f6lgesi L\u2019Aquila halk\u0131 yapt\u0131klar\u0131m\u0131zdan \u00e7ok memnun. G-8 bizim i\u00e7in bir ba\u015far\u0131yd\u0131. B\u00fct\u00fcn liderlerden tebrik ald\u0131k\u201d dedi.<!--more--><\/p>\n<p style=\"text-align: justify;\">Ba\u015fbakan Berlusconi daha sonra sorular\u0131 yan\u0131tlad\u0131. Toplant\u0131n\u0131n ba\u015f\u0131nda keyifli g\u00f6r\u00fcnen Berlusconi, RAI 3 muhabirinin, \u201cT\u00fcrk h\u00fck\u00fcmeti, enerji anla\u015fmalar\u0131 yapmak \u00fczere Rusya&#8217;yla masaya oturdu\u011funda sizin de orada olman\u0131zdan dolay\u0131 \u015fa\u015fk\u0131nd\u0131. Neden oradayd\u0131n\u0131z?\u201d diye sordu. Bu soruya gergin cevap veren Silvio Berlusconi, \u201cB\u00fcy\u00fck bir aktivitede bulundum. Putin bana Erdo\u011fan hakk\u0131nda, Erdo\u011fan da Putin hakk\u0131nda sordu. Bu projede \u0130talyan gaz \u015firketi Eni de vard\u0131. Bu b\u00fcy\u00fck bir olay de\u011filse nedir?\u201d dedi.<\/p>\n<p style=\"text-align: justify;\"><strong><em>Berlusconi \u015funlar\u0131 \u015f\u00f6yle devam etti:<\/em><\/strong><\/p>\n<p style=\"text-align: justify;\">\u201cTabii ki RAI 3&#8217;den geliyorsun. D\u00fcn de h\u00fck\u00fcmet hakk\u0131nda sert haberleriniz vard\u0131. Bunu kabul edemeyiz. D\u00fcnyada bu bir ilk. Bir televizyon, \u0130talyan halk\u0131n\u0131n paras\u0131yla ayakta duruyor ve h\u00fck\u00fcmet aleyhine sald\u0131r\u0131da bulunuyor. H\u00fck\u00fcmet olarak biz \u00e7o\u011funlu\u011fuz. Sol muhalefetin iktidardayken daha \u00f6nce yapt\u0131\u011f\u0131n\u0131 yapmak istemiyoruz. \u00d6nceden biz muhalefetteyken RAI bize sald\u0131r\u0131yordu. \u015eimdi h\u00fck\u00fcmette biz var\u0131z ve RAI sald\u0131r\u0131lara devam ediyor. Bunun i\u00e7in \u0130talya&#8217;da bas\u0131n ve televizyon \u00f6zg\u00fcrl\u00fc\u011f\u00fc oldu\u011fu do\u011fru de\u011fil. RAI&#8217;nin g\u00f6revi h\u00fck\u00fcmete sald\u0131r\u0131da bulunmak olmamal\u0131. Sol politikac\u0131lar her zaman di\u011ferlerine sald\u0131r\u0131r. Ama bizim demokratik \u00e7o\u011funlu\u011fumuz asla sald\u0131r\u0131da bulunmad\u0131. \u0130sterdim ki RAI, ne bize ne de muhalefete sald\u0131r\u0131da bulunsun, sadece kamu g\u00f6revi yaps\u0131n.\u201d<\/p>\n<p style=\"text-align: justify;\">RAI Televizyonu\u2019nun Ba\u015fkan\u0131 Paolo Garimberti ise yapt\u0131\u011f\u0131 a\u00e7\u0131klamada, \u201cHaberlerimizin rengi yok. B\u00fct\u00fcn haberleri vermemiz gerekiyor. Sadece kendi yorumlar\u0131m\u0131z\u0131 koymamal\u0131y\u0131z\u201d dedi. Muhalefet liderlerinden Dario Franceschini, \u201cBir politikac\u0131 ki bas\u0131n \u00f6zg\u00fcrl\u00fc\u011f\u00fcnden korkuyor\u201d diye konu\u015ftu.<\/p>\n<p style=\"text-align: justify;\"><strong>\u201cK\u0130MSEDEN \u00d6Z\u00dcR D\u0130LEYECEK B\u0130R \u015eEY\u0130M YOK\u201d<\/strong><\/p>\n<p style=\"text-align: justify;\">La Repubblica gazetesinden Claudio Tito&#8217;nun, \u201cBas\u0131n\u0131n her zaman yalan yay\u0131nlar yapt\u0131\u011f\u0131n\u0131 s\u00f6ylediniz ama Vanity Fair&#8217;e r\u00f6portaj veren k\u0131z\u0131n\u0131z Barbara, politikac\u0131lar\u0131n her zaman ahlakl\u0131 olmas\u0131, \u00f6zel ya\u015fam\u0131 ve kamu ya\u015fam\u0131n\u0131 ayr\u0131 tutmamalar\u0131 gerekti\u011fini s\u00f6yledi\u201d hat\u0131rlatmas\u0131 \u00fczerine g\u00fcl\u00fcmseyen Berlusconi, \u201cK\u00f6t\u00fc insanlarla \u00e7al\u0131\u015f\u0131rsan sen de k\u00f6t\u00fc olursun. Senin iyi bir \u00e7ocuk oldu\u011funu hat\u0131rl\u0131yorum. K\u0131z\u0131m beni \u00e7ok seviyor. Baz\u0131 kurnaz gazeteciler k\u0131z\u0131m\u0131 y\u00f6nlendirmi\u015f. Babas\u0131n\u0131 su\u00e7layacak hi\u00e7bir \u015fey yok. Kimseden \u00f6z\u00fcr dileyecek bir \u015feyim yok, ailemden de\u201d diye konu\u015ftu.<\/p>\n<p style=\"text-align: justify;\">Yakla\u015f\u0131k 3 y\u0131l \u00f6nce RAI 3&#8217;de bir programa kat\u0131lan Berlusconi, \u201cNeden yurt d\u0131\u015f\u0131nda sadece ABD Ba\u015fkan\u0131 George Bush&#8217;a Irak konusunda verdi\u011finiz destekle tan\u0131n\u0131yorsunuz? \u0130talya&#8217;n\u0131n en zengin i\u015fadam\u0131 olarak ticari ve siyasi \u00e7\u0131karlar\u0131n\u0131z \u00e7at\u0131\u015f\u0131yor mu?\u201d diye soran sunucuyu, \u201cKendinizden biraz utanmal\u0131s\u0131n\u0131z\u201d diye f\u0131r\u00e7alayarak, st\u00fcdyoyu terk etmi\u015fti.<\/p>\n<p style=\"text-align: justify;\"><span style=\"color: #888888;\">Radikal<br \/>\n<\/span><\/p>\n","protected":false},"excerpt":{"rendered":"<p style=\"text-align: center;\">\n<p id=\"caption-attachment-12979\" class=\"wp-caption-text\">\u0130talya Ba\u015fbakan\u0131 Silvio Berlusconi<\/p>\n<p style=\"text-align: justify;\">&#8216;Neden T\u00fcrkiye&#8217;ye gittiniz?&#8217; sorusu \u00e7\u0131ld\u0131rtt\u0131. <\/p>\n<p style=\"text-align: justify;\">ROMA &#8211; Son aylarda g\u00fcndeme geldi\u011fi seks skandallar\u0131yla can\u0131 s\u0131k\u0131lan \u0130talya Ba\u015fbakan\u0131 Silvio Berlusconi, T\u00fcrkiye- Rusya aras\u0131nda imzalanan enerji anla\u015fmalar\u0131 s\u0131ras\u0131nda T\u00fcrkiye&#8217;de bulunmas\u0131yla ilgili soru y\u00f6nelten devlet televizyonu RAI 3 muhabirini azarlad\u0131. Berlusconi, h\u00fck\u00fcmete y\u00f6nelik sert <\/p>\n","protected":false},"author":1,"featured_media":0,"comment_status":"open","ping_status":"closed","sticky":false,"template":"","format":"standard","meta":{"footnotes":""},"categories":[105],"tags":[],"class_list":["post-12978","post","type-post","status-publish","format-standard","hentry","category-gundem","odd"],"_links":{"self":[{"href":"http:\/\/www.korhanyilmaz.com\/index.php?rest_route=\/wp\/v2\/posts\/12978","targetHints":{"allow":["GET"]}}],"collection":[{"href":"http:\/\/www.korhanyilmaz.com\/index.php?rest_route=\/wp\/v2\/posts"}],"about":[{"href":"http:\/\/www.korhanyilmaz.com\/index.php?rest_route=\/wp\/v2\/types\/post"}],"author":[{"embeddable":true,"href":"http:\/\/www.korhanyilmaz.com\/index.php?rest_route=\/wp\/v2\/users\/1"}],"replies":[{"embeddable":true,"href":"http:\/\/www.korhanyilmaz.com\/index.php?rest_route=%2Fwp%2Fv2%2Fcomments&post=12978"}],"version-history":[{"count":0,"href":"http:\/\/www.korhanyilmaz.com\/index.php?rest_route=\/wp\/v2\/posts\/12978\/revisions"}],"wp:attachment":[{"href":"http:\/\/www.korhanyilmaz.com\/index.php?rest_route=%2Fwp%2Fv2%2Fmedia&parent=12978"}],"wp:term":[{"taxonomy":"category","embeddable":true,"href":"http:\/\/www.korhanyilmaz.com\/index.php?rest_route=%2Fwp%2Fv2%2Fcategories&post=12978"},{"taxonomy":"post_tag","embeddable":true,"href":"http:\/\/www.korhanyilmaz.com\/index.php?rest_route=%2Fwp%2Fv2%2Ftags&post=12978"}],"curies":[{"name":"wp","href":"https:\/\/api.w.org\/{rel}","templated":true}]}}