{"id":12971,"date":"2009-08-08T15:45:39","date_gmt":"2009-08-08T12:45:39","guid":{"rendered":"http:\/\/www.korhanyilmaz.com\/?p=12971"},"modified":"2009-08-08T15:45:39","modified_gmt":"2009-08-08T12:45:39","slug":"kurt-acilimina-gul-katkisi","status":"publish","type":"post","link":"http:\/\/www.korhanyilmaz.com\/?p=12971","title":{"rendered":"K\u00fcrt a\u00e7\u0131l\u0131m\u0131na G\u00fcl katk\u0131s\u0131"},"content":{"rendered":"<p style=\"text-align: center;\"><a title=\"K\u00fcrt a\u00e7\u0131l\u0131m\u0131na G\u00fcl katk\u0131s\u0131 \" href=\"http:\/\/www.korhanyilmaz.com\/wp-content\/uploads\/2009\/08\/080820091544579093596.jpg\"  class=\"lightview\"><img loading=\"lazy\" decoding=\"async\" class=\"aligncenter size-full wp-image-12972\" src=\"http:\/\/www.korhanyilmaz.com\/wp-content\/uploads\/2009\/08\/080820091544579093596.jpg\" alt=\"\" width=\"329\" height=\"210\" \/><\/a><\/p>\n<p style=\"text-align: justify;\">Kurtulu\u015f t\u00f6renleri i\u00e7in Bitlis\u2019e giden Cumhurba\u015fkan\u0131 G\u00fcl, G\u00fcroymak\u2019tan K\u00fcrt\u00e7e ad\u0131 olan \u2019Nor\u015fin\u2019 diye s\u00f6z etti. G\u00fcl, \u201c\u0130n\u015fallah hep beraber yeni bir d\u00f6nemi yeni bir anlay\u0131\u015f\u0131 tekrar atalar\u0131m\u0131z nas\u0131l hakim k\u0131ld\u0131ysa biz de hakim k\u0131laca\u011f\u0131z\u201d dedi.<\/p>\n<p style=\"text-align: justify;\">Cumhurba\u015fkan\u0131 Abdullah G\u00fcl, Bitlis\u2019in d\u00fc\u015fman i\u015fgalinden kurtulu\u015funun 93. y\u0131ld\u00f6n\u00fcm\u00fc t\u00f6renlerine kat\u0131ld\u0131. G\u00fcl t\u00f6rende yapt\u0131\u011f\u0131 konu\u015fmada birlik ve beraberlik mesajlar\u0131 veren \u015funlar\u0131 s\u00f6yledi:<\/p>\n<p style=\"text-align: justify;\"><strong>\u0130NSAN ONURU:<\/strong> 100 y\u0131l \u00f6nce burada \u00e7ok olaylar oldu. Buralar \u00e7ok da zul\u00fcm \u00e7ekti. Bunu en iyi \u015fekilde sizin 5 minare t\u00fcrk\u00fcs\u00fc anlatmaktad\u0131r. Burada sadece 5 tane minare ayakta kalm\u0131\u015f. Y\u00fczlerce minareler yak\u0131lm\u0131\u015f, y\u0131k\u0131lm\u0131\u015f. Ama art\u0131k bunlar \u00e7ok geride kald\u0131. \u015eimdi art\u0131k konu\u015faca\u011f\u0131m\u0131z \u015fey memleketimizi, \u015fehirlerimizi nas\u0131l daha kalk\u0131nd\u0131r\u0131r\u0131z geli\u015ftiririz, nas\u0131l daha g\u00fczelle\u015ftiririz. Nas\u0131l daha \u00e7ocuklar\u0131m\u0131za g\u00fczel gelecekler haz\u0131rlar\u0131z. Nas\u0131l olur da en g\u00fczel okullar\u0131 Bitlis\u2019e ta\u015f\u0131r\u0131z. En g\u00fczel hastaneler doktorlar, Bitlis\u2019te olur. \u0130nsan onuruna yak\u0131\u015f\u0131r \u015fekilde g\u00fczel bir hayat ya\u015fam m\u00fcmk\u00fcn olur. Bunu d\u00fc\u015f\u00fcnmeliyiz. <!--more--><\/p>\n<p style=\"text-align: justify;\"><strong>ATAT\u00dcRK KURTARMI\u015e:<\/strong> \u00dclkenin her yan\u0131 g\u00fczel, her bir yan\u0131 tarih. Zannetmeyin ki sadece Bitlis\u2019in kurtulu\u015fu var. Bitlis\u2019in kurtulu\u015funda b\u00fcy\u00fck Atat\u00fcrk gelmi\u015f, buray\u0131 kurtarm\u0131\u015f ve bir\u00e7ok \u015fehitler verilmi\u015f. Gaziler verilmi\u015f. Bak\u0131n ta \u00c7anakkale\u2019den Edirne\u2019den 2\u2019nci Ordu gelip buralar\u0131 kurtar\u0131yor.<\/p>\n<p style=\"text-align: justify;\"><strong>FARKLILIK ZENG\u0130NL\u0130KT\u0130R:<\/strong> Zaman zaman malasef, s\u0131k\u0131nt\u0131lar yanl\u0131\u015flar olmu\u015ftur. Ama b\u00fct\u00fcn bunlar\u0131n bitmesi gerekir. Birbirimizden fark\u0131m\u0131z yoktur. Herkes birbirine sayg\u0131 g\u00f6sterecek. Sayg\u0131 g\u00f6sterince sevgi g\u00f6sterecek. Herkes bir birini \u015fefkatle kucaklayacak. Ve o zaman g\u00f6receksiniz ki, varsa ayr\u0131l\u0131k, varsa farkl\u0131l\u0131k bunlar\u0131n hepsi zenginliktir. Onun i\u00e7in in\u015fallah hep beraber yeni bir d\u00f6nemi yeni bir anlay\u0131\u015f\u0131 tekrar atalar\u0131m\u0131z nas\u0131l hakim k\u0131ld\u0131ysa biz de hakim k\u0131laca\u011f\u0131z. Enerjimizi g\u00fcc\u00fcm\u00fcz\u00fc, memleketimizin \u015fehirlerimizin kazalar\u0131m\u0131z\u0131n, k\u00f6ylerimizin daha da geli\u015fmesine harcayaca\u011f\u0131z. Bu k\u00fc\u00e7\u00fck \u00e7ocuklar\u0131m\u0131za, daha g\u00fczel gelecek in\u015fa etmek i\u00e7in u\u011fra\u015faca\u011f\u0131z.<\/p>\n<p style=\"text-align: justify;\"><strong>NOR\u015e\u0130N\u2019DEN GE\u00c7T\u0130M:<\/strong> (Mu\u015f Havaalan\u0131\u2019ndan Bitlis\u2019e gelirken ge\u00e7ti\u011fi G\u00fcroymak\u2019tan K\u00fcrt\u00e7e ad\u0131yla s\u00f6z ederek) Yolda gelirken Nor\u015fin\u2019de \u00e7ok b\u00fcy\u00fck bir kalabal\u0131\u011f\u0131 g\u00f6rd\u00fcm. \u0130nsanlarla tokala\u015ft\u0131m, konu\u015ftum, sevgiyi g\u00f6rd\u00fcm. Bu memleketin fertleri ayr\u0131 ayr\u0131 herkes, bizim en sevgili en k\u0131ymetli en sayg\u0131de\u011fer vatanda\u015f\u0131m\u0131zd\u0131r. Hi\u00e7 kimsenin bir birinden \u00fcst\u00fcnl\u00fc\u011f\u00fc yoktur. T\u00fcrkiye Ccumriyeti Vatanda\u015f\u0131 olan herkes, birbirine e\u015fittir. Noksan\u0131lklar, eksiklikler tabiki var. Bunlar olmasayd\u0131, her \u015fey d\u00f6rt d\u00f6rtl\u00fck olurdu. 5 sene \u00f6nce bu yollar yap\u0131lm\u0131\u015f olurdu. 10 sene 20 sene \u00f6nce olurdu. Noksanl\u0131klar\u0131m\u0131z \u00e7ok. Ama bu noksanl\u0131klar\u0131 her alanda iyiniyetle gayret ve yap\u0131c\u0131 bir yakla\u015f\u0131mla \u00e7\u00f6z\u00fclece\u011fine inan\u0131yorum.<\/p>\n<p style=\"text-align: justify;\"><em><strong>Sami Dede\u2019ye k\u0131yamad\u0131 <\/strong><\/em><\/p>\n<p style=\"text-align: justify;\">ANKARA- Cumhurba\u015fkan\u0131 Abdullah G\u00fcl, kendisiyle g\u00f6r\u00fc\u015fmek i\u00e7in Malatya\u2019dan y\u00fcr\u00fcyerek yola \u00e7\u0131kan 68 ya\u015f\u0131ndaki Sami Karaaslan\u2019\u0131, \u00f6nceki ak\u015fam ikamet etti\u011fi D\u0131\u015fi\u015fleri Konutu\u2019nda a\u011f\u0131rlad\u0131. Malatya\u2019dan 30 Temmuz Per\u015fembe g\u00fcn\u00fc yola \u00e7\u0131kan ve 8 g\u00fcnl\u00fck y\u00fcr\u00fcy\u00fc\u015f\u00fcn ard\u0131ndan Kayseri\u2019nin P\u0131narba\u015f\u0131 il\u00e7esine ula\u015fan \u201cihtiyar delikanl\u0131\u201d, yolculu\u011funu bas\u0131ndan \u00f6\u011frenen G\u00fcl\u2019\u00fcn talimat\u0131yla bu il\u00e7eden Ankara\u2019ya ara\u00e7la getirildi. G\u00fcl \u00f6nceki g\u00fcn ak\u015fam D\u0131\u015fi\u015fleri Konutu\u2019nda a\u011f\u0131rlad\u0131\u011f\u0131 Karaaslan ile sohbet etti. Karaaslan\u2019\u0131n y\u00fcr\u00fcyerek hacca gitti\u011fini de \u00f6\u011frenen G\u00fcl\u2019\u00fcn, \u201cO ne b\u00fcy\u00fck \u015fey. Hacca gitmi\u015fsin y\u00fcr\u00fcyerek\u201d s\u00f6zleri \u00fczerine Karaaslan da \u201cMekke\u2019yi g\u00f6z \u00f6n\u00fcne al\u0131nca Malatya\u2019dan Ankara 2 saat gibi sanki\u201d diye cevap verdi.<\/p>\n<p style=\"text-align: justify;\"><span style=\"color: #888888;\">Kaynak : Vatan<\/span><\/p>\n","protected":false},"excerpt":{"rendered":"<p style=\"text-align: center;\">\n<p style=\"text-align: justify;\">Kurtulu\u015f t\u00f6renleri i\u00e7in Bitlis\u2019e giden Cumhurba\u015fkan\u0131 G\u00fcl, G\u00fcroymak\u2019tan K\u00fcrt\u00e7e ad\u0131 olan \u2019Nor\u015fin\u2019 diye s\u00f6z etti. G\u00fcl, \u201c\u0130n\u015fallah hep beraber yeni bir d\u00f6nemi yeni bir anlay\u0131\u015f\u0131 tekrar atalar\u0131m\u0131z nas\u0131l hakim k\u0131ld\u0131ysa biz de hakim k\u0131laca\u011f\u0131z\u201d dedi.<\/p>\n<p style=\"text-align: justify;\">Cumhurba\u015fkan\u0131 Abdullah G\u00fcl, Bitlis\u2019in d\u00fc\u015fman i\u015fgalinden kurtulu\u015funun 93. y\u0131ld\u00f6n\u00fcm\u00fc t\u00f6renlerine kat\u0131ld\u0131. G\u00fcl t\u00f6rende <\/p>\n","protected":false},"author":1,"featured_media":0,"comment_status":"open","ping_status":"closed","sticky":false,"template":"","format":"standard","meta":{"footnotes":""},"categories":[105],"tags":[],"class_list":["post-12971","post","type-post","status-publish","format-standard","hentry","category-gundem","odd"],"_links":{"self":[{"href":"http:\/\/www.korhanyilmaz.com\/index.php?rest_route=\/wp\/v2\/posts\/12971","targetHints":{"allow":["GET"]}}],"collection":[{"href":"http:\/\/www.korhanyilmaz.com\/index.php?rest_route=\/wp\/v2\/posts"}],"about":[{"href":"http:\/\/www.korhanyilmaz.com\/index.php?rest_route=\/wp\/v2\/types\/post"}],"author":[{"embeddable":true,"href":"http:\/\/www.korhanyilmaz.com\/index.php?rest_route=\/wp\/v2\/users\/1"}],"replies":[{"embeddable":true,"href":"http:\/\/www.korhanyilmaz.com\/index.php?rest_route=%2Fwp%2Fv2%2Fcomments&post=12971"}],"version-history":[{"count":0,"href":"http:\/\/www.korhanyilmaz.com\/index.php?rest_route=\/wp\/v2\/posts\/12971\/revisions"}],"wp:attachment":[{"href":"http:\/\/www.korhanyilmaz.com\/index.php?rest_route=%2Fwp%2Fv2%2Fmedia&parent=12971"}],"wp:term":[{"taxonomy":"category","embeddable":true,"href":"http:\/\/www.korhanyilmaz.com\/index.php?rest_route=%2Fwp%2Fv2%2Fcategories&post=12971"},{"taxonomy":"post_tag","embeddable":true,"href":"http:\/\/www.korhanyilmaz.com\/index.php?rest_route=%2Fwp%2Fv2%2Ftags&post=12971"}],"curies":[{"name":"wp","href":"https:\/\/api.w.org\/{rel}","templated":true}]}}