{"id":12958,"date":"2009-08-07T18:46:13","date_gmt":"2009-08-07T15:46:13","guid":{"rendered":"http:\/\/www.korhanyilmaz.com\/?p=12958"},"modified":"2009-08-07T18:46:13","modified_gmt":"2009-08-07T15:46:13","slug":"biri-ergenekon%e2%80%99u-gozetliyor-mu","status":"publish","type":"post","link":"http:\/\/www.korhanyilmaz.com\/?p=12958","title":{"rendered":"Biri Ergenekon\u2019u g\u00f6zetliyor mu!"},"content":{"rendered":"<p style=\"text-align: center;\"><a href=\"http:\/\/www.korhanyilmaz.com\/wp-content\/uploads\/2009\/08\/080820090227585656809.jpg\"  class=\"lightview\"><img loading=\"lazy\" decoding=\"async\" class=\"aligncenter size-full wp-image-12959\" src=\"http:\/\/www.korhanyilmaz.com\/wp-content\/uploads\/2009\/08\/080820090227585656809.jpg\" alt=\"\" width=\"329\" height=\"210\" \/><\/a><\/p>\n<p style=\"text-align: justify;\"><strong><em>Duru\u015fma Salonuna &#8216;Big Brother&#8217; incelemesi <\/em><\/strong><\/p>\n<p style=\"text-align: justify;\">\u0130kinci Ergenekon davas\u0131nda ilgin\u00e7 bir inceleme karar\u0131 al\u0131nd\u0131. \u00d6nceki g\u00fcn g\u00f6r\u00fclen duru\u015fmada, mahkeme heyeti duru\u015fma salonundaki kameralar\u0131n uzak eri\u015fime a\u00e7\u0131k olup olmad\u0131\u011f\u0131 y\u00f6n\u00fcndeki talebin incelenmesine karar verdi. 20 Temmuz\u2019daki ilk duru\u015fmada san\u0131k avukatlar\u0131 salondaki kameralar\u0131n kendi notlar\u0131na zoom yapt\u0131\u011f\u0131n\u0131 \u00f6ne s\u00fcrm\u00fc\u015f ve duru\u015fman\u0131n Ankara\u2019dan canl\u0131 izlendi\u011fini ima etmi\u015fti.<\/p>\n<p style=\"text-align: justify;\">\u0130stanbul 13. Ceza Mahkemesi, \u2019Ergenekon\u2019 davas\u0131n \u00f6nceki g\u00fcn yap\u0131lan duru\u015fmas\u0131nda san\u0131k avukatlar\u0131n\u0131n duru\u015fma salonundaki kameralar\u0131n uzak eri\u015fime a\u00e7\u0131k olup olmad\u0131\u011f\u0131 y\u00f6n\u00fcndeki talebinin incelenmesine karar verdi. Bu kararda, 20 Temmuz 2009 tarihindeki duru\u015fmada ya\u015fanan kamera krizi \u00f6nemli rol oynad\u0131. O duru\u015fmada san\u0131klardan Durmu\u015f Ali Kozo\u011flu ve Hatice Bahtiyar\u2019\u0131n avukat Cavit Suba\u015f\u0131 s\u00f6z alarak mahkeme heyetinin sa\u011f taraf\u0131nda \u00e7aprazda duran kap\u0131n\u0131n \u00fcst\u00fcnde bulunan k\u00fc\u00e7\u00fck siyah bir kameray\u0131 i\u015faret ederek, \u201cBu kamera 360 derece d\u00f6nebiliyor ve sizin elinizdeki notlar\u0131 bile \u2019zoom\u2019layabiliyor. Bizim de tepemizdeki kameralar ayn\u0131 \u015feyi yap\u0131yor. Biz takip ediliyoruz bence siz de taklip ediliyorsunuz\u201d dedi. <!--more--><\/p>\n<p style=\"text-align: justify;\"><strong><em>Kamera zoom yap\u0131nca&#8230;<\/em><\/strong><\/p>\n<p style=\"text-align: justify;\">Bunun \u00fczerine mahkeme heyeti ba\u015fkan\u0131 \u201cBu kamera k\u00fcrs\u00fcm\u00fcz\u00fc g\u00f6r\u00fcyor, d\u00f6nm\u00fcyor ve bu kadar yak\u0131ndan zoom\u2019layamaz\u201d \u015feklinde cevap verdi ve avukat Suba\u015f\u0131n\u0131 inand\u0131rmak i\u00e7in kameran\u0131n kendilerine d\u00f6n\u00fcp zoom\u2019lamas\u0131 direktifini verdi. Kamera 360 dereceye yak\u0131n d\u00f6nd\u00fc ve ger\u00e7ekten de mahkeme heyetinin elindeki notlar\u0131 g\u00f6rebilecek \u015fekilde zoom\u2019land\u0131. Bu g\u00f6r\u00fcnt\u00fcn\u00fcn \u00fczerine b\u00fct\u00fcn mahkeme salonundan u\u011fultular y\u00fckseldi. \u0130\u015fte bu ya\u015fanan olaydan sonra kemeralar\u0131n d\u0131\u015far\u0131ya yay\u0131n yap\u0131p yapmad\u0131\u011f\u0131n\u0131n ara\u015ft\u0131r\u0131lmas\u0131na karar verildi.<\/p>\n<p style=\"text-align: justify;\"><em><strong>\u2018Savc\u0131lar not tutmuyor\u2019<\/strong><\/em><\/p>\n<p style=\"text-align: justify;\">Tutuksuz san\u0131klardan Vedat Yener\u2019in avukatl\u0131\u011f\u0131n\u0131 yapan Vural Erg\u00fcl de davan\u0131n ba\u015flad\u0131\u011f\u0131 ilk g\u00fcnden itibaren mahkeme salonunun d\u0131\u015far\u0131dan takip edildi\u011fi \u015f\u00fcphesi ta\u015f\u0131d\u0131klar\u0131n\u0131 s\u00f6yledi: \u201cMahkemede kameralar var. Bu kameralar ara verildi\u011finde dahi kay\u0131t yap\u0131yor. Peki bunun sak\u0131ncas\u0131 nedir? Dava her g\u00fcn g\u00f6r\u00fcld\u00fc\u011f\u00fc i\u00e7in m\u00fcvekkillerimizle ancak mahkeme salonunda g\u00f6r\u00fc\u015febiliyoruz. Bu noktada avukat m\u00fcvekkil g\u00f6r\u00fc\u015fmesi \u00f6zeldir. Ba\u015fkalar\u0131 taraf\u0131ndan duyulmamas\u0131, g\u00f6r\u00fclmemesi gerekir. Oysa bu kameralar vas\u0131tas\u0131yla bizi takip edebilirler. G\u00f6r\u00fc\u015fmelerimiz saptanabilir. Ayr\u0131ca davada dikkatimizi \u00e7eken ba\u015fka bir nokta daha var. Ergenekon davas\u0131 yakla\u015f\u0131k 300 bin d\u00f6k\u00fcmandan olu\u015fuyor. Mahkeme a\u015famas\u0131nda ise 2 savc\u0131 bulunuyor. Bu iki savc\u0131n\u0131n 300 bin sayfaya hakim olmas\u0131 imkans\u0131z. Ayr\u0131ca savc\u0131lar\u0131n not tutmad\u0131\u011f\u0131n\u0131 g\u00f6r\u00fcyoruz. Oysa m\u00fctala verilirken avukatlar\u0131n kulland\u0131\u011f\u0131 c\u00fcmlelerin ayn\u0131s\u0131n\u0131 kulland\u0131\u011f\u0131n\u0131 g\u00f6r\u00fcyoruz. Bu d\u0131\u015far\u0131dan yard\u0131m almadan yap\u0131lamaz. \u0130\u015fin do\u011fas\u0131na ters. Ancak d\u0131\u015far\u0131dan yard\u0131m almalar\u0131 ise savc\u0131 &#8211; avukat e\u015fitli\u011fine ters. Mahkeme \u015fimdi kameralar\u0131n incelenmesi i\u00e7in talimat verdi ama savc\u0131lar\u0131n diz\u00fcst\u00fc bilgisayarlar\u0131nda kamera var. Bug\u00fcn teknoloji \u00e7ok geli\u015fti. Bunun \u00f6n\u00fcne nas\u0131l ge\u00e7ilecek?\u201d<\/p>\n<p style=\"text-align: justify;\"><strong><em>AVUKAT VURAL ERG\u00dcL: CD\u2019lerin olu\u015fum tarihi \u00f6nemli ipu\u00e7lar\u0131 verecek<br \/>\n<\/em><\/strong>\n<\/p>\n<p style=\"text-align: justify;\">Mahkeme, \u00f6nceki g\u00fcnk\u00fc duru\u015fmada el konulan t\u00fcm CD ve DVD\u2019lerin olu\u015fturulma tarihlerinin tespiti i\u00e7in mahkeme \u00fcyesi H\u00fcsn\u00fc \u00c7almuk\u2019un \u201cNaip hakim\u201d olarak g\u00f6revlendirilerek bilirki\u015fi incelemesi yapt\u0131r\u0131lmas\u0131na da h\u00fckmetti. CD ve DVD\u2019lerin ne zaman haz\u0131rland\u0131\u011f\u0131yla ilgili mahkemeden talepte bulunan ilk avukat olan Vural Erg\u00fcl, \u015funlar\u0131 s\u00f6yledi: \u201cCD\u2019ler ve DVD\u2019ler i\u00e7in al\u0131nan karar \u00e7ok \u00f6nemli. \u00c7\u00fcnk\u00fc bu davan\u0131n temelini gizli tan\u0131klar ve aramalarda elde edilen CD ve DVD\u2019ler olu\u015fturuyor. Bir\u00e7ok san\u0131k ise bu CD ve DVD\u2019lerin kendisine ait olmad\u0131\u011f\u0131n\u0131 s\u00f6yl\u00fcyor. \u015eimdi bu karardan sonra baz\u0131 \u015feyler netle\u015fecek. Bilirki\u015fi \u00f6nce bu CD\u2019lerin ne zaman olu\u015fturuldu\u011funu saptayacak. \u00d6rne\u011fin \u00dcmit O\u011fuztan\u2019\u0131n evinde yap\u0131lan aramada bir disket ele ge\u00e7irildi. \u0130\u00e7indeki belgeleri O\u011fuztan kabul etmedi. Yap\u0131lan incelemeye g\u00f6re bu disketin i\u00e7ine baz\u0131 belgeler o tutukluyken konmu\u015f.\u201d<\/p>\n<p style=\"text-align: justify;\"><span style=\"color: #888888;\">Kaynak : Vatan<\/span><\/p>\n","protected":false},"excerpt":{"rendered":"<p style=\"text-align: center;\">\n<p style=\"text-align: justify;\">Duru\u015fma Salonuna &#8216;Big Brother&#8217; incelemesi <\/p>\n<p style=\"text-align: justify;\">\u0130kinci Ergenekon davas\u0131nda ilgin\u00e7 bir inceleme karar\u0131 al\u0131nd\u0131. \u00d6nceki g\u00fcn g\u00f6r\u00fclen duru\u015fmada, mahkeme heyeti duru\u015fma salonundaki kameralar\u0131n uzak eri\u015fime a\u00e7\u0131k olup olmad\u0131\u011f\u0131 y\u00f6n\u00fcndeki talebin incelenmesine karar verdi. 20 Temmuz\u2019daki ilk duru\u015fmada san\u0131k avukatlar\u0131 salondaki kameralar\u0131n kendi notlar\u0131na zoom yapt\u0131\u011f\u0131n\u0131 \u00f6ne s\u00fcrm\u00fc\u015f ve <\/p>\n","protected":false},"author":1,"featured_media":0,"comment_status":"open","ping_status":"closed","sticky":false,"template":"","format":"standard","meta":{"footnotes":""},"categories":[105],"tags":[],"class_list":["post-12958","post","type-post","status-publish","format-standard","hentry","category-gundem","odd"],"_links":{"self":[{"href":"http:\/\/www.korhanyilmaz.com\/index.php?rest_route=\/wp\/v2\/posts\/12958","targetHints":{"allow":["GET"]}}],"collection":[{"href":"http:\/\/www.korhanyilmaz.com\/index.php?rest_route=\/wp\/v2\/posts"}],"about":[{"href":"http:\/\/www.korhanyilmaz.com\/index.php?rest_route=\/wp\/v2\/types\/post"}],"author":[{"embeddable":true,"href":"http:\/\/www.korhanyilmaz.com\/index.php?rest_route=\/wp\/v2\/users\/1"}],"replies":[{"embeddable":true,"href":"http:\/\/www.korhanyilmaz.com\/index.php?rest_route=%2Fwp%2Fv2%2Fcomments&post=12958"}],"version-history":[{"count":0,"href":"http:\/\/www.korhanyilmaz.com\/index.php?rest_route=\/wp\/v2\/posts\/12958\/revisions"}],"wp:attachment":[{"href":"http:\/\/www.korhanyilmaz.com\/index.php?rest_route=%2Fwp%2Fv2%2Fmedia&parent=12958"}],"wp:term":[{"taxonomy":"category","embeddable":true,"href":"http:\/\/www.korhanyilmaz.com\/index.php?rest_route=%2Fwp%2Fv2%2Fcategories&post=12958"},{"taxonomy":"post_tag","embeddable":true,"href":"http:\/\/www.korhanyilmaz.com\/index.php?rest_route=%2Fwp%2Fv2%2Ftags&post=12958"}],"curies":[{"name":"wp","href":"https:\/\/api.w.org\/{rel}","templated":true}]}}