{"id":12953,"date":"2009-08-07T18:00:00","date_gmt":"2009-08-07T15:00:00","guid":{"rendered":"http:\/\/www.korhanyilmaz.com\/?p=12953"},"modified":"2009-08-07T18:00:00","modified_gmt":"2009-08-07T15:00:00","slug":"camileri-de-satsinlar-keske-akpnin-seriat-ozlemi-olsaydi","status":"publish","type":"post","link":"http:\/\/www.korhanyilmaz.com\/?p=12953","title":{"rendered":"Camileri de sats\u0131nlar! Ke\u015fke AKP&#039;nin \u015feriat \u00f6zlemi olsayd\u0131!"},"content":{"rendered":"<div id=\"attachment_12955\" style=\"width: 301px\" class=\"wp-caption aligncenter\"><a title=\"CHP\u2019nin son d\u00f6nemde \u00f6ne \u00e7\u0131kan isimleri aras\u0131nda yer alan \u0130stanbul \u0130l Ba\u015fkan\u0131 G\u00fcrsel Tekin\" href=\"http:\/\/www.korhanyilmaz.com\/wp-content\/uploads\/2009\/08\/GURSEL-TEKIN011.jpg\"  class=\"lightview\"><img loading=\"lazy\" decoding=\"async\" aria-describedby=\"caption-attachment-12955\" class=\"size-full wp-image-12955\" title=\"CHP\u2019nin son d\u00f6nemde \u00f6ne \u00e7\u0131kan isimleri aras\u0131nda yer alan \u0130stanbul \u0130l Ba\u015fkan\u0131 G\u00fcrsel Tekin\" src=\"http:\/\/www.korhanyilmaz.com\/wp-content\/uploads\/2009\/08\/GURSEL-TEKIN011.jpg\" alt=\"\" width=\"291\" height=\"202\" \/><\/a><p id=\"caption-attachment-12955\" class=\"wp-caption-text\">CHP istanbul \u0130l Ba\u015fkan\u0131 G\u00fcrsel Tekin<\/p><\/div>\n<p style=\"text-align: justify;\">Genel se\u00e7imler \u00f6ncesi yapt\u0131\u011f\u0131 a\u00e7\u0131klamalar ve \u00e7al\u0131\u015fmalar\u0131yla dikkatleri \u00fczerine \u00e7eken G\u00fcrsel Tekin iktidar\u0131 ele\u015ftiri ya\u011fmuruna tuttu.<\/p>\n<p style=\"text-align: justify;\">CHP\u2019nin son d\u00f6nemde \u00f6ne \u00e7\u0131kan isimleri aras\u0131nda yer alan \u0130stanbul \u0130l Ba\u015fkan\u0131 G\u00fcrsel Tekin, yeniHarman dergisinden Ba\u015far Ba\u015faran\u2019\u0131n sorular\u0131n\u0131 yan\u0131tlad\u0131. K\u0131sa bir s\u00fcre \u00f6nce g\u00fcndeme gelen, merkezi yerlerdeki okullar\u0131n sat\u0131laca\u011f\u0131 y\u00f6n\u00fcndeki haberlere sert tepki g\u00f6steren Tekin, CHP&#8217;nin yeni d\u00f6nemde daha hareketli bir \u00e7izgi izleyece\u011fini a\u00e7\u0131klad\u0131. <!--more--><\/p>\n<p style=\"text-align: justify;\">Tekin\u2019in a\u00e7\u0131klamalar\u0131ndan \u00f6ne \u00e7\u0131kan b\u00f6l\u00fcmler \u015f\u00f6yle:<\/p>\n<p style=\"text-align: justify;\"><strong>\u2018\u00c7ILDIRIYORUM, KOYUN OLDUK\u2019<\/strong><\/p>\n<p style=\"text-align: justify;\">Hem K\u00fclt\u00fcr Ba\u015fkenti projeleri var hem de \u0130stanbul\u2018un para eden tarihi okullar\u0131n\u0131 satacaklar. Merkezi yerdeki camileri de sats\u0131nlar. Onlar da para ediyor. Bu kent anlay\u0131\u015f\u0131na yak\u0131\u015f\u0131r m\u0131?<\/p>\n<p style=\"text-align: justify;\">Siz t\u00fcm bunlara izin vermeyece\u011fiz diyorsunuz. Ama nas\u0131l?<\/p>\n<p style=\"text-align: justify;\">Yarg\u0131ya g\u00f6t\u00fcrece\u011fiz. Ba\u015fka yolumuz yok. Ne yapal\u0131m de\u011ferli dostum? Toplumsal duyarl\u0131l\u0131k yok. B\u00f6yle bir \u015fey olabilir mi? Bu okullardan mezun olan insanlar\u0131n, binlerce insan\u0131n, sokaklara d\u00f6k\u00fclmesi gerekmez mi? Nerede bunlar yahu? Yok. \u00c7\u0131ld\u0131r\u0131yorum ben. \u0130\u015fte emekli zamm\u0131na gittik otuz tane emekli geldi. Ay\u0131p bir \u015fey. B\u00f6yle bir toplumsal duyars\u0131zl\u0131k olabilir mi? Koyun olduk. Korku t\u00fcnellerini a\u015fmak zorunday\u0131z. Ba\u015fka \u00e7aremiz yok.<\/p>\n<p style=\"text-align: justify;\">Peki isk\u00e2ns\u0131z binalar i\u00e7in bir af \u00f6nerdiniz, ortal\u0131k kar\u0131\u015ft\u0131. Neydi burada amac\u0131n\u0131z?<\/p>\n<p style=\"text-align: justify;\">K\u0131yameti koparan bir\u00e7ok yazarla konu\u015ftum. Baz\u0131lar\u0131 da dostlar\u0131m. Hatta bir tanesine\u2019 A\u011fabey b\u00f6yle bir \u015fey yazm\u0131\u015fs\u0131n \u0130stanbul\u2019un durumunu biliyor musun?\u2019 dedim. \u2018\u0130sk\u00e2n nedir?\u2019 dedi. Niye yaz\u0131yorsun o zaman. Bak\u0131n \u0130stanbul\u2019da 1.600.000 tekil yap\u0131 var. Bunlar\u0131n %70\u2019i sadece m\u00fchendislik hizmeti al\u0131narak yap\u0131lm\u0131\u015f. %30\u2019u herkesin akl\u0131na esti\u011fi gibi yapt\u0131\u011f\u0131 yap\u0131lar. Herkes akl\u0131n\u0131 gecekondu ile bozmu\u015f ya. Ke\u015fke bunlar gecekondu olsa..Gecekonduyu d\u00f6n\u00fc\u015ft\u00fcrmek en kolay i\u015ftir. Ama kentin merkezindeki gecekondular\u0131 ne yapaca\u011f\u0131z? Adam devasa AVM yapm\u0131\u015f ne yapaca\u011f\u0131z? %70 m\u00fchendislik hizmeti alm\u0131\u015f yap\u0131lar\u0131n ne yaz\u0131k ki %80\u2019i isk\u00e2ns\u0131z. Bir yerde bunu durdurmak laz\u0131m. \u00d6ncelikle bir kent yasas\u0131 \u00e7\u0131karal\u0131m. Tarihi Yar\u0131mada\u2019ya bir bak\u0131n. \u00dc\u00e7 y\u00fcz y\u0131ll\u0131k binalar\u0131n tepelerinde ka\u00e7ak kat \u00e7\u0131k\u0131lm\u0131\u015f. Gelin onlar\u0131 temizleyelim. P\u0131r\u0131l p\u0131r\u0131l bir eski \u0130stanbul \u00e7\u0131karal\u0131m ortaya. Oradaki yeni yap\u0131lar\u0131 kald\u0131ral\u0131m oradan, ba\u015fka yerlerde yer verelim. G\u00fczel bir \u0130stanbul \u00e7\u0131ks\u0131n. \u0130sk\u00e2n olmay\u0131\u015f\u0131 her yerde sorun. \u0130sk\u00e2ns\u0131z yerlerde i\u015fletmeciler ruhsat da alam\u0131yor.<\/p>\n<p style=\"text-align: justify;\">Ruhsat alabiliyor ama tapusunda arsa g\u00f6r\u00fcn\u00fcyor.<\/p>\n<p style=\"text-align: justify;\">Bina g\u00f6r\u00fcn\u00fcyor arsa ya da tapusu bile yok. Vay gecekondu diyorlar. B\u0131rak\u0131n gecekonduyu. Bir \u015fehir d\u00fc\u015f\u00fcn\u00fcn envanter yok elinizde. Ne kadar yap\u0131 var, ne kadar\u0131 depreme dayan\u0131kl\u0131 ne kadar\u0131 de\u011fil, ne kadar\u0131 ruhsatl\u0131 ne kadar\u0131 de\u011fil bilmiyoruz. B\u00f6yle bir \u015fehir olabilir mi? Bu tart\u0131\u015f\u0131ls\u0131n istedik, bilen bilmeyen yazd\u0131. \u00d6rne\u011fin H\u0131ncal Ulu\u00e7 yazd\u0131. Kendisini arad\u0131m. Yaz\u0131yorsun da niye yaz\u0131yorsun? Bilerek mi yaz\u0131yorsun? Yaz\u0131 yazd\u0131\u011f\u0131n gazetenin isk\u00e2n\u0131 var m\u0131? Ay\u0131p yahu. Yaz\u0131 yazanlar\u0131n bir \u00e7o\u011funun evlerinin iskan\u0131 olmad\u0131\u011f\u0131n\u0131 biliyorum. Bilmiyorsan\u0131z yazmay\u0131n. Teknik bir insan de\u011filsiniz, bilemeyebilirsiniz o zaman sorun. Tapusuz binalar de\u011fil \u015fehirler var.<\/p>\n<p style=\"text-align: justify;\"><strong>\u2018KE\u015eKE AKP\u2019N\u0130N \u015eER\u0130AT \u00d6ZLEM\u0130 OLSAYDI\u2019 <\/strong><\/p>\n<p style=\"text-align: justify;\">Tabanla aran\u0131z \u00e7ok iyi. Herkes size umutla bak\u0131yor. AKP\u2019liler bile sizi \u00f6v\u00fcyorlar. Be\u015f y\u0131l i\u00e7inde nerede g\u00f6r\u00fcyorsunuz kendinizi?<\/p>\n<p style=\"text-align: justify;\">Hi\u00e7bir yerde g\u00f6rm\u00fcyorum. Benim siyasette hedef olmaz. Ben bulundu\u011fum yerde en iyi hizmeti yapmaya \u00e7al\u0131yorum. \u0130ki tip siyaset\u00e7i vard\u0131r. Ben ne olaca\u011f\u0131m diyen siyaset\u00e7iler var, \u00fclkem ne olur diyen siyaset\u00e7iler var. Ben \u00fclkem ne olur diyen siyaset\u00e7ilerdenim. O y\u00fczden, hi\u00e7bir kariyer hesab\u0131m yok. Hi\u00e7 umurumda de\u011fil. D\u00fcn de b\u00f6yle idim. Yar\u0131n da b\u00f6yle olaca\u011f\u0131m. Ama b\u00f6yle ceberut bir iktidar\u0131n kar\u015f\u0131s\u0131nda ciddi bir duru\u015f sergilemek gerekir. Mevcut iktidar\u0131n hesaplar\u0131 \u00e7ok \u00fcrk\u00fct\u00fcc\u00fc. O a\u00e7\u0131dan zaman zaman d\u00fc\u015f\u00fcn\u00fcyorum, ke\u015fke bu iktidar\u0131n \u015feriat \u00f6zlemi olsayd\u0131 diye. \u015eeriat \u00f6zlemi olan bir iktidarda en az\u0131ndan haram ve talan olmazd\u0131. Bizi, \u00e7ok korktu\u011fumuz \u015feriat\u0131 \u00f6zleyecek hale getirdiler.<\/p>\n<p style=\"text-align: justify;\">Sizce, T\u00fcrkiye\u2019de bir muhalefet sorunu var m\u0131? CHP\u2019den memnun musunuz?<\/p>\n<p style=\"text-align: justify;\">Hay\u0131r yok. Elbette CHP\u2019den memnunum. \u0130stanbul\u2019da halk\u0131m\u0131zla bulu\u015fuyoruz. Yoksul mahallerde projelerimiz y\u00fcr\u00fcyor. Eyl\u00fcl ay\u0131ndan sonra \u00e7ok daha hareketli bir CHP g\u00f6receksiniz.<\/p>\n<p style=\"text-align: justify;\">Ek\u015fiS\u00f6zl\u00fck\u2019te bir yazar, sizin Erenk\u00f6y\u2019de yak\u0131nlar\u0131n\u0131za ait olan, bir bina in\u015faat\u0131ndaki pervas\u0131z uygulamalardan bahsetmi\u015f. Do\u011fru mu bu?<\/p>\n<p style=\"text-align: justify;\">Kesinlikle yok. Bu isk\u00e2n aff\u0131 meselesini s\u00f6ylerken bir bak\u0131p ara\u015ft\u0131rd\u0131m. Benim yok. A\u011fabeylerimin, karde\u015flerimin de yok. Yedi s\u00fclaleme kadar indim bakt\u0131m yok. Ben o yaz\u0131y\u0131 yazan arkada\u015fa e\u011fer bana g\u00f6sterebilirse o binay\u0131 ba\u011f\u0131\u015flamak istiyorum. \u015eerefimle yemin ederim, o binay\u0131 bulurlarsa o yaz\u0131y\u0131 yazanlara ba\u011f\u0131\u015flayaca\u011f\u0131m.<\/p>\n<p style=\"text-align: justify;\"><span style=\"color: #888888;\">Kaynak : Vatan<\/span><\/p>\n","protected":false},"excerpt":{"rendered":"<p id=\"caption-attachment-12955\" class=\"wp-caption-text\">CHP istanbul \u0130l Ba\u015fkan\u0131 G\u00fcrsel Tekin<\/p>\n<p style=\"text-align: justify;\">Genel se\u00e7imler \u00f6ncesi yapt\u0131\u011f\u0131 a\u00e7\u0131klamalar ve \u00e7al\u0131\u015fmalar\u0131yla dikkatleri \u00fczerine \u00e7eken G\u00fcrsel Tekin iktidar\u0131 ele\u015ftiri ya\u011fmuruna tuttu.<\/p>\n<p style=\"text-align: justify;\">CHP\u2019nin son d\u00f6nemde \u00f6ne \u00e7\u0131kan isimleri aras\u0131nda yer alan \u0130stanbul \u0130l Ba\u015fkan\u0131 G\u00fcrsel Tekin, yeniHarman dergisinden Ba\u015far Ba\u015faran\u2019\u0131n sorular\u0131n\u0131 yan\u0131tlad\u0131. K\u0131sa bir s\u00fcre \u00f6nce g\u00fcndeme gelen, merkezi <\/p>\n","protected":false},"author":1,"featured_media":0,"comment_status":"open","ping_status":"closed","sticky":false,"template":"","format":"standard","meta":{"footnotes":""},"categories":[105],"tags":[],"class_list":["post-12953","post","type-post","status-publish","format-standard","hentry","category-gundem","odd"],"_links":{"self":[{"href":"http:\/\/www.korhanyilmaz.com\/index.php?rest_route=\/wp\/v2\/posts\/12953","targetHints":{"allow":["GET"]}}],"collection":[{"href":"http:\/\/www.korhanyilmaz.com\/index.php?rest_route=\/wp\/v2\/posts"}],"about":[{"href":"http:\/\/www.korhanyilmaz.com\/index.php?rest_route=\/wp\/v2\/types\/post"}],"author":[{"embeddable":true,"href":"http:\/\/www.korhanyilmaz.com\/index.php?rest_route=\/wp\/v2\/users\/1"}],"replies":[{"embeddable":true,"href":"http:\/\/www.korhanyilmaz.com\/index.php?rest_route=%2Fwp%2Fv2%2Fcomments&post=12953"}],"version-history":[{"count":0,"href":"http:\/\/www.korhanyilmaz.com\/index.php?rest_route=\/wp\/v2\/posts\/12953\/revisions"}],"wp:attachment":[{"href":"http:\/\/www.korhanyilmaz.com\/index.php?rest_route=%2Fwp%2Fv2%2Fmedia&parent=12953"}],"wp:term":[{"taxonomy":"category","embeddable":true,"href":"http:\/\/www.korhanyilmaz.com\/index.php?rest_route=%2Fwp%2Fv2%2Fcategories&post=12953"},{"taxonomy":"post_tag","embeddable":true,"href":"http:\/\/www.korhanyilmaz.com\/index.php?rest_route=%2Fwp%2Fv2%2Ftags&post=12953"}],"curies":[{"name":"wp","href":"https:\/\/api.w.org\/{rel}","templated":true}]}}