{"id":12929,"date":"2009-08-06T14:38:17","date_gmt":"2009-08-06T11:38:17","guid":{"rendered":"http:\/\/www.korhanyilmaz.com\/?p=12929"},"modified":"2009-08-06T14:38:17","modified_gmt":"2009-08-06T11:38:17","slug":"balbay-ve-ozkan-konustu","status":"publish","type":"post","link":"http:\/\/www.korhanyilmaz.com\/?p=12929","title":{"rendered":"Balbay ve \u00d6zkan konu\u015ftu"},"content":{"rendered":"<p style=\"text-align: center;\"><a href=\"http:\/\/www.korhanyilmaz.com\/wp-content\/uploads\/2009\/08\/060820091717502643210.jpg\"  class=\"lightview\"><img loading=\"lazy\" decoding=\"async\" class=\"aligncenter size-full wp-image-12930\" src=\"http:\/\/www.korhanyilmaz.com\/wp-content\/uploads\/2009\/08\/060820091717502643210.jpg\" alt=\"\" width=\"329\" height=\"210\" \/><\/a><\/p>\n<p style=\"text-align: justify;\">Cumhuriyet gazetesi Ankara Temsilcisi Mustafa Balbay cezaevi ko\u015fullar\u0131ndan \u015fikayet\u00e7i olurken Tuncay \u00d6zkan savc\u0131lar\u0131 ele\u015ftirdi<\/p>\n<p style=\"text-align: justify;\">2. Ergenekon davas\u0131n\u0131n tutuklu san\u0131\u011f\u0131 Cumhuriyet gazetesi Ankara Temsilcisi Mustafa Balbay, Silivri Ceza \u0130nfaz Kurumlar\u0131 Yerle\u015fkesi&#8217;nde 28 Temmuz&#8217;dan bu yana elektriklerin kesik oldu\u011funu s\u00f6yledi. Duru\u015fmada s\u00f6z alan tutuklu san\u0131k Tuncay \u00d6zkan da, savc\u0131lar\u0131 ele\u015ftirdi ve &#8220;Bunlar Tanr\u0131&#8217;y\u0131 ararken \u015feytanla yata\u011fa giriyorlar, sonu\u00e7ta \u00e7arp\u0131larak \u00e7\u0131kacaklar&#8221; dedi.<\/p>\n<p style=\"text-align: justify;\">\u0130stanbul 13. A\u011f\u0131r Ceza Mahkemesi&#8217;ndeki duru\u015fmada s\u00f6z verilen Mustafa Balbay, savunmalar\u0131n\u0131 haz\u0131rlamaya \u00e7al\u0131\u015ft\u0131klar\u0131n\u0131 belirterek, &#8220;28 Temmuz&#8217;dan bu yana elektrikler kesik. Ara ara veriliyor. G\u00fcnde bir saat televizyon seyredebiliyoruz. Tabiri caizse adaleti mumla ar\u0131yoruz&#8221; dedi. <!--more--><\/p>\n<p style=\"text-align: justify;\">Davan\u0131n Silivri&#8217;de ve medyada devam etti\u011fini, elektriklerin kesik olmas\u0131 nedeniyle medyada devam eden davay\u0131 izleyemediklerini ifade eden Balbay, &#8220;\u015eimdi elektriklerin yoklu\u011fu ile kar\u015f\u0131 kar\u015f\u0131yay\u0131z. Haftada iki g\u00fcn k\u00f6\u015femde yaz\u0131 yazmaya \u00e7al\u0131\u015f\u0131yorum. Mektupla gazeteye g\u00f6nderebiliyorum. Biz adaletin h\u0131zl\u0131 i\u015flemesini istiyoruz. Savunmam\u0131z\u0131 yapmak ve iddialara yan\u0131t vermek istiyoruz&#8221; dedi.<\/p>\n<p style=\"text-align: justify;\">Mahkemenin &#8220;Ergenekon ter\u00f6r \u00f6rg\u00fct\u00fc&#8221; denilmemesi y\u00f6n\u00fcnde uyar\u0131da bulundu\u011funu an\u0131msatan Balbay, &#8220;Medyada ter\u00f6r \u00f6rg\u00fct\u00fc olarak sunulmas\u0131, gazeteci olarak beni yaralamakta. Bunlara yan\u0131t vermek i\u00e7in en uygun zemin buras\u0131. Bunun gecikmesi bizi yaral\u0131yor. Medyaya sans\u00fcr konulmas\u0131n\u0131 istemiyorum ama mahkemenin &#8216;ter\u00f6r \u00f6rg\u00fct\u00fc demeyin&#8217; dedi\u011fi bir davada b\u00f6yle yay\u0131n yap\u0131lmas\u0131n\u0131 yad\u0131rg\u0131yorum&#8221; diye konu\u015ftu.<\/p>\n<p style=\"text-align: justify;\">Balbay, birbirinden farkl\u0131 davalar\u0131n bir araya getirilmesinin bilgi kirlili\u011fi yarataca\u011f\u0131n\u0131 savundu<\/p>\n<p style=\"text-align: justify;\"><em><strong>&#8220;Ortado\u011fu ve Balkanlar&#8217;\u0131n en b\u00fcy\u00fck ma\u011faras\u0131&#8221;<\/strong><\/em><\/p>\n<p style=\"text-align: justify;\">Tutuklu san\u0131k avukat Emcet Olcaytu da cezaevinde elektriklerin kesik oldu\u011funu tekrarlayarak, &#8220;Buras\u0131 yap\u0131l\u0131rken, &#8216;Ortado\u011fu ve Balkanlar&#8217;\u0131n en ileri teknoloji ile donat\u0131lm\u0131\u015f cezaevi&#8217; denilmi\u015fti. \u015eimdi ise Ortado\u011fu ve Balkanlar&#8217;\u0131n en b\u00fcy\u00fck ma\u011faras\u0131d\u0131r. Elektrikler yok, su yok, buzdolab\u0131nda ila\u00e7lar\u0131m\u0131z\u0131 bile saklayam\u0131yoruz&#8221; dedi.<\/p>\n<p style=\"text-align: justify;\">Olcaytu, g\u00f6r\u00fcnt\u00fcl\u00fc ve sesli olarak kayd\u0131 yap\u0131lan duru\u015fmalar\u0131n sonradan yaz\u0131ya d\u00f6k\u00fclen tutanaklar\u0131nda, anla\u015f\u0131lmayan yerlerin &#8220;&#8230;&#8221; \u015feklinde b\u0131rak\u0131ld\u0131\u011f\u0131n\u0131 belirterek, &#8220;B\u00f6yle bir uygulamay\u0131 hi\u00e7 g\u00f6rmemi\u015ftim. Nokta nokta olarak yaz\u0131lan ve yaz\u0131lmayan nedir? Bunlar ne \u015fekilde de\u011ferlendirilecek?&#8221; diye sordu.<\/p>\n<p style=\"text-align: justify;\"><strong><em>&#8220;Tutanaklar yanl\u0131\u015f yaz\u0131l\u0131yor&#8221;<\/em><\/strong><\/p>\n<p style=\"text-align: justify;\">Tutanaklarda s\u00f6ylenenlerin yanl\u0131\u015f yaz\u0131ld\u0131\u011f\u0131n\u0131, s\u00f6ylediklerinin de\u011fi\u015ftirildi\u011fini savunan Olcaytu, &#8220;Duru\u015fmada &#8216;\u0130ddianameyi bu kadar k\u0131sa s\u00fcrede okuman\u0131z m\u00fcmk\u00fcn m\u00fc?&#8217; diye soruyorum. Tutanaklara &#8216;Bu kadar s\u00fcrede okumak m\u00fcmk\u00fcnd\u00fc&#8217; \u015feklinde yaz\u0131l\u0131yor. Tam tersi&#8230; Tutanaklar\u0131 yazanlar\u0131n k\u00fclt\u00fcrel birikimleri yeterli de\u011fil. Alt\u0131nda imzan\u0131z var, do\u011frudan sorumlusunuz&#8221; dedi.<\/p>\n<p style=\"text-align: justify;\">Mahkeme Heyeti Ba\u015fkan\u0131 K\u00f6ksal \u015eeng\u00fcn, bu s\u00f6zler \u00fczerine g\u00f6r\u00fcnt\u00fcl\u00fc ve sesli kay\u0131t\u0131n da yanl\u0131\u015fl\u0131klar\u0131 d\u00fczeltmek amac\u0131yla yap\u0131ld\u0131\u011f\u0131n\u0131 s\u00f6yledi.<\/p>\n<p style=\"text-align: justify;\"><strong><em>Tuncay \u00d6zkan: &#8220;Su\u00e7umu \u00f6\u011frenmek istiyorum&#8221;<\/em><\/strong><\/p>\n<p style=\"text-align: justify;\">Tutuklu san\u0131k gazeteci Tuncay \u00d6zkan da duru\u015fma tutana\u011f\u0131nda avukat\u0131 Celal \u00dclgen&#8217;in, Tuncay G\u00fcney&#8217;in avukat\u0131 olarak yaz\u0131lmas\u0131n\u0131 ele\u015ftirerek, &#8220;Benim ad\u0131m Ahmet Tuncay \u00d6zkan. Tutana\u011fa Tuncay G\u00fcney olarak ge\u00e7irmi\u015fsiniz. Ben Tuncay G\u00fcney de\u011filim, yakalar getirirseniz \u00e7ok sevinirim&#8221; dedi.<\/p>\n<p style=\"text-align: justify;\">\u00d6zkan, \u00fcniversite mezunu, 26 y\u0131ll\u0131k gazeteci oldu\u011funu, y\u0131lda en az 10 iddianame okudu\u011funu, kitaplar yazd\u0131\u011f\u0131n\u0131, 5 binini polislerin par\u00e7alad\u0131\u011f\u0131 28 bin kitaptan olu\u015fan bir k\u00fct\u00fcphanesi bulundu\u011funu anlatarak, &#8220;\u0130ddianamede g\u00f6remedim, su\u00e7umu \u00f6\u011frenmek istiyorum. Ak\u015fam evde rahat uyumak istiyorsan\u0131z, su\u00e7umu s\u00f6yleyin, \u00f6\u011frenmek istiyorum&#8221; diye konu\u015ftu.<\/p>\n<p style=\"text-align: justify;\">\u0130ddianamede \u00f6rg\u00fct\u00fcn ne zaman kuruldu\u011funu, kendisinin ne zaman kat\u0131ld\u0131\u011f\u0131n\u0131, kiminle, ne zaman, hangi eyleme kat\u0131ld\u0131\u011f\u0131n\u0131 g\u00f6remedi\u011fini belirten \u00d6zkan, su\u00e7lar\u0131n\u0131n y\u00fcz\u00fcne okunmas\u0131n\u0131 talep etti.<\/p>\n<p style=\"text-align: justify;\">Dinleme ve uzatma kararlar\u0131n\u0131n, ileti\u015fim d\u00f6k\u00fcm bilgilerinin dosyada bulunmad\u0131\u011f\u0131n\u0131 ifade eden \u00d6zkan, &#8220;Dinleme karar\u0131 ne zaman ba\u015flam\u0131\u015f, uzatma kararlar\u0131n\u0131 kim vermi\u015f? Kuvvetli su\u00e7 \u015f\u00fcphesine nas\u0131l kap\u0131ld\u0131n\u0131z? \u015e\u00fcphe nas\u0131l uyand\u0131? Bir insan 9 ay boyunca niye dinlenildi\u011fini neden bilmez? Dosyaya neden konulmam\u0131\u015f. Bunlar\u0131 bilmeden neden tutuklad\u0131n\u0131z. Neden tutukluyum&#8221; dedi.<\/p>\n<p style=\"text-align: justify;\"><strong><em>&#8220;Ben PKK&#8217;l\u0131 de\u011filim&#8221;<\/em><\/strong><\/p>\n<p style=\"text-align: justify;\">Heyet Ba\u015fkan\u0131 \u015eeng\u00fcn&#8217;e bilirki\u015fi atay\u0131p atamad\u0131\u011f\u0131n\u0131 soran \u00d6zkan, &#8220;280. klas\u00f6rde &#8216;Ergenekon ter\u00f6r \u00f6rg\u00fct\u00fc PKK ile ba\u011flant\u0131l\u0131&#8217; deniyor. &#8216;Operasyon&#8217; adl\u0131 kitab\u0131m\u0131 yazarken \u00d6calan&#8217;\u0131n avukat\u0131 ile g\u00f6r\u00fc\u015ft\u00fcm ama ben PKK&#8217;l\u0131 de\u011filim. Ter\u00f6r \u00f6rg\u00fct\u00fcn\u00fc insanl\u0131k su\u00e7u kabul ederim. Asla ter\u00f6r \u00f6rg\u00fct\u00fc \u00fcyesi olmad\u0131m. Savc\u0131lar, Ter\u00f6rle M\u00fccadele \u015eube M\u00fcd\u00fcrl\u00fc\u011f\u00fcnden 5 polise &#8216;yaz&#8217; diyecek. Ben de burada ter\u00f6r \u00f6rg\u00fct\u00fc \u00fcyesi olarak bulunaca\u011f\u0131m. De\u011fil savc\u0131, kimse beni bununla ili\u015fkilendiremez. Onlar\u0131 bundan men ederim, gerekirse can\u0131m\u0131 veririm. Atanmam\u0131\u015f, bilirki\u015fi niteli\u011fi bulunmayan bu ki\u015filer hakk\u0131nda, savc\u0131lar hakk\u0131nda su\u00e7 duyurusunda bulunuyorum&#8221; diye konu\u015ftu.<\/p>\n<p style=\"text-align: justify;\">Tuncay \u00d6zkan, halen verilmeyen cep telefonu ve bilgisayar hard disklerinin iadesini talep ederek, iddianamede usul hatalar\u0131 bulundu\u011funu savundu.<\/p>\n<p style=\"text-align: justify;\">\u00d6zkan, 4 kamera ve 28 polisle evinin arand\u0131\u011f\u0131n\u0131 ifade ederek, g\u00f6r\u00fcnt\u00fclerin getirilmesini ve imzas\u0131 bulunmayan polisler hakk\u0131nda i\u015flem yap\u0131lmas\u0131n\u0131 istedi.<\/p>\n<p style=\"text-align: justify;\">&#8220;Cehaletin bu kadar c\u00fcretkar oldu\u011fu bir d\u00f6nem d\u00fcnya \u00fczerinde ya\u015fanmam\u0131\u015ft\u0131r. T\u00fcrk adaleti zehirlenmi\u015f, usul bozulmu\u015ftur&#8221; diyen \u00d6zkan, \u015fahs\u0131 ile ilgili telefon g\u00f6r\u00fc\u015fmesi kay\u0131tlar\u0131n\u0131n Adli T\u0131p Kurumunda incelenmesini istedi.<\/p>\n<p style=\"text-align: justify;\">\u00d6zkan, &#8220;\u0130nceleme yapt\u0131r\u0131rsan\u0131z kay\u0131tlar \u00fczerinde yap\u0131lan montajlar\u0131 deh\u015fetle g\u00f6receksiniz. Delil de\u011feri kalmayacak. O konu\u015fmadan 3, bu konu\u015fmadan 5 sat\u0131r&#8230; &#8216;Efendim&#8217; diyerek, \u00f6rg\u00fct liderine efendili\u011fini g\u00f6stermi\u015f oluyormu\u015fum&#8221; dedi.<\/p>\n<p style=\"text-align: justify;\"><strong><em>&#8220;Tanr\u0131y\u0131 ararken&#8230;&#8221;<\/em><\/strong><\/p>\n<p style=\"text-align: justify;\">Savc\u0131lar\u0131n, yer almayaca\u011f\u0131n\u0131 ifade etmesine ra\u011fmen annesi, karde\u015fleri ve eski e\u015fi ile yapt\u0131\u011f\u0131 \u00f6zel konu\u015fmalar\u0131n iddianamede bulundu\u011funu anlatan \u00d6zkan, &#8220;Buna ra\u011fmen iddianamede savc\u0131n\u0131n &#8216;\u00f6rg\u00fct eleman\u0131 olman\u0131n delaletidir&#8217; diye nitelendirdi\u011fi Atat\u00fcrk&#8217;\u00fcn Bursa nutkuna yer verilmiyor. Bunlar Tanr\u0131&#8217;y\u0131 ararken \u015feytanla yata\u011fa giriyorlar, sonu\u00e7ta \u00e7arp\u0131larak \u00e7\u0131kacaklar&#8221; g\u00f6r\u00fc\u015f\u00fcn\u00fc savundu.<\/p>\n<p style=\"text-align: justify;\">\u00d6zel hayat\u0131na ili\u015fkin sorular soran savc\u0131lar hakk\u0131nda su\u00e7 duyurusunda bulunulmas\u0131n\u0131 isteyen \u00d6zkan, ticari s\u0131rlar\u0131na ili\u015fkin bilgilerin iddianameden \u00e7\u0131kar\u0131lmas\u0131n\u0131 talep etti. \u00d6zkan, &#8220;Benim gizlim sakl\u0131m yok. \u00c7\u0131r\u0131l\u00e7\u0131plak durumday\u0131m. Her kim benim hakk\u0131mda bildiklerini s\u00f6ylemiyorsa namerttir&#8221; dedi. Tutuklu san\u0131k Levent Ers\u00f6z&#8217;\u00fcn avukat\u0131 Ali R\u0131za Dizdar da gizli tan\u0131k &#8220;Ahmet Faruk&#8221;un san\u0131k Y\u00fcksel Dilsiz oldu\u011funu ve salonda bulundu\u011funu savunarak, bu ki\u015finin d\u0131\u015far\u0131 \u00e7\u0131kar\u0131lmas\u0131n\u0131 talep etti.<\/p>\n<p style=\"text-align: justify;\"><span style=\"color: #888888;\">Kaynak : Vatan<\/span><\/p>\n","protected":false},"excerpt":{"rendered":"<p style=\"text-align: center;\">\n<p style=\"text-align: justify;\">Cumhuriyet gazetesi Ankara Temsilcisi Mustafa Balbay cezaevi ko\u015fullar\u0131ndan \u015fikayet\u00e7i olurken Tuncay \u00d6zkan savc\u0131lar\u0131 ele\u015ftirdi<\/p>\n<p style=\"text-align: justify;\">2. Ergenekon davas\u0131n\u0131n tutuklu san\u0131\u011f\u0131 Cumhuriyet gazetesi Ankara Temsilcisi Mustafa Balbay, Silivri Ceza \u0130nfaz Kurumlar\u0131 Yerle\u015fkesi&#8217;nde 28 Temmuz&#8217;dan bu yana elektriklerin kesik oldu\u011funu s\u00f6yledi. Duru\u015fmada s\u00f6z alan tutuklu san\u0131k Tuncay \u00d6zkan da, savc\u0131lar\u0131 ele\u015ftirdi <\/p>\n","protected":false},"author":1,"featured_media":0,"comment_status":"open","ping_status":"closed","sticky":false,"template":"","format":"standard","meta":{"footnotes":""},"categories":[105],"tags":[],"class_list":["post-12929","post","type-post","status-publish","format-standard","hentry","category-gundem","odd"],"_links":{"self":[{"href":"http:\/\/www.korhanyilmaz.com\/index.php?rest_route=\/wp\/v2\/posts\/12929","targetHints":{"allow":["GET"]}}],"collection":[{"href":"http:\/\/www.korhanyilmaz.com\/index.php?rest_route=\/wp\/v2\/posts"}],"about":[{"href":"http:\/\/www.korhanyilmaz.com\/index.php?rest_route=\/wp\/v2\/types\/post"}],"author":[{"embeddable":true,"href":"http:\/\/www.korhanyilmaz.com\/index.php?rest_route=\/wp\/v2\/users\/1"}],"replies":[{"embeddable":true,"href":"http:\/\/www.korhanyilmaz.com\/index.php?rest_route=%2Fwp%2Fv2%2Fcomments&post=12929"}],"version-history":[{"count":0,"href":"http:\/\/www.korhanyilmaz.com\/index.php?rest_route=\/wp\/v2\/posts\/12929\/revisions"}],"wp:attachment":[{"href":"http:\/\/www.korhanyilmaz.com\/index.php?rest_route=%2Fwp%2Fv2%2Fmedia&parent=12929"}],"wp:term":[{"taxonomy":"category","embeddable":true,"href":"http:\/\/www.korhanyilmaz.com\/index.php?rest_route=%2Fwp%2Fv2%2Fcategories&post=12929"},{"taxonomy":"post_tag","embeddable":true,"href":"http:\/\/www.korhanyilmaz.com\/index.php?rest_route=%2Fwp%2Fv2%2Ftags&post=12929"}],"curies":[{"name":"wp","href":"https:\/\/api.w.org\/{rel}","templated":true}]}}