{"id":12925,"date":"2009-08-06T15:00:40","date_gmt":"2009-08-06T12:00:40","guid":{"rendered":"http:\/\/www.korhanyilmaz.com\/?p=12925"},"modified":"2009-08-06T15:00:40","modified_gmt":"2009-08-06T12:00:40","slug":"hukumet-yargiya-terorist-muamelesi-yapiyor","status":"publish","type":"post","link":"http:\/\/www.korhanyilmaz.com\/?p=12925","title":{"rendered":"&#039;H\u00fck\u00fcmet yarg\u0131ya ter\u00f6rist muamelesi yap\u0131yor&#039;"},"content":{"rendered":"<p><a href=\"http:\/\/www.korhanyilmaz.com\/wp-content\/uploads\/2009\/08\/060820091503158128232.jpg\"  class=\"lightview\"><img loading=\"lazy\" decoding=\"async\" class=\"aligncenter size-full wp-image-12926\" src=\"http:\/\/www.korhanyilmaz.com\/wp-content\/uploads\/2009\/08\/060820091503158128232.jpg\" alt=\"\" width=\"320\" height=\"100\" \/><\/a><\/p>\n<p style=\"text-align: justify;\">YARSAV Ba\u015fkan\u0131 \u00d6mer Faruk Emina\u011fao\u011flu&#8217;ndan h\u00fck\u00fcmete a\u011f\u0131r s\u00f6zler<\/p>\n<p style=\"text-align: justify;\">Yarg\u0131\u00e7lar ve Savc\u0131lar Birli\u011fi (YARSAV) Ba\u015fkan\u0131 \u00d6mer Faruk Emina\u011fao\u011flu, h\u00fck\u00fcmetin yarg\u0131y\u0131 \u201chizaya getirmek\u201d i\u00e7in savc\u0131lar ve hakimlere ter\u00f6rist muamelesinde bulundu\u011funu savunarak, Ergenekon davas\u0131n\u0131n f\u0131rsat bilinerek yarg\u0131ya el uzat\u0131ld\u0131\u011f\u0131n\u0131 s\u00f6yledi.<\/p>\n<p style=\"text-align: justify;\">Emina\u011fao\u011flu, Ankara Gazeteciler Cemiyeti\u2019nde, yarg\u0131\u00e7 ve Cumhuriyet Savc\u0131lar\u0131 hakk\u0131nda y\u00fcr\u00fct\u00fclen i\u015flemler ve Hakimler ve Savc\u0131lar Y\u00fcksek Kurulu\u2019nun son kararlar\u0131na y\u00f6nelik a\u00e7\u0131klamalarda bulundu. Emina\u011fao\u011flu, bas\u0131n toplant\u0131s\u0131na ba\u015flarken \u201ctelekulak\u201d konusuna i\u015faret ederek, \u201cTelefonumu mikrofonun yan\u0131na koyay\u0131m. Bizi dinleyenler zorluk \u00e7ekmesin. Bu dinleme durumu \u00f6yle bir hal ald\u0131 ki art\u0131k bu \u015feyi cebinde ta\u015f\u0131yan hakim ve savc\u0131lar\u0131n hepsi dinlenir hale geldi\u201d dedi. <!--more--><\/p>\n<p style=\"text-align: justify;\"><strong>-\u201cS\u0130YAS\u0130 \u0130RADE MEVCUT SORU\u015eTURMALARI K\u00d6T\u00dcYE KULLANMAMALI\u201d- <\/strong><\/p>\n<p style=\"text-align: justify;\">Hakim ve savc\u0131lara y\u00f6nelik olarak Adalet Bakanl\u0131\u011f\u0131 taraf\u0131ndan son d\u00f6nemde ba\u015flat\u0131lan uygulamalar\u0131n hukuk tarihinde e\u015fi g\u00f6r\u00fclmemi\u015f bir durum oldu\u011funu belirten Emina\u011fao\u011flu, s\u00f6z konusu uygulamalar\u0131n yarg\u0131y\u0131 \u201chizaya getirme\u201d \u00e7al\u0131\u015fmas\u0131 oldu\u011funu iddia etti. Emina\u011fao\u011flu, s\u00f6zlerini \u015f\u00f6yle s\u00fcrd\u00fcrd\u00fc:<\/p>\n<p style=\"text-align: justify;\">\u201cYap\u0131lan, yarg\u0131dan hesap sorma, siyasi iradeyi ge\u00e7mi\u015fte denetlemi\u015f veya siyasi irade taraf\u0131ndan listelenmi\u015f yarg\u0131\u00e7 ve cumhuriyet savc\u0131lar\u0131n\u0131, dolay\u0131s\u0131yla yarg\u0131y\u0131 hizaya getirme operasyonudur. Adana&#8217;da, Ankara&#8217;da, Erzincan&#8217;da, \u0130stanbul&#8217;da, Kartal&#8217;da, Sincan&#8217;da ve daha bir \u00e7ok yerde, yarg\u0131n\u0131n bu y\u00f6ntemlerle ter\u00f6rist muamelesine tabi tutulmas\u0131; yarg\u0131 erkine, yani ulusa, yani devlete ter\u00f6rist demekle e\u015f anlaml\u0131d\u0131r. \u00dcstelik, ki\u015filerin de\u011fil, hedef al\u0131nan mahkemelerin bas\u0131larak kararlara el konulmas\u0131n\u0131n hi\u00e7bir a\u00e7\u0131klamas\u0131 olamaz. Bu anlay\u0131\u015fa g\u00f6re erkler ayr\u0131l\u0131\u011f\u0131n\u0131n varl\u0131\u011f\u0131 bile, darbe ortam\u0131 demektir, \u00e7\u00fcnk\u00fc ba\u011f\u0131ms\u0131z yarg\u0131 siyasi iktidar\u0131 denetleyebilir, s\u0131n\u0131rland\u0131rabilir. Bu anlay\u0131\u015f bir an \u00f6nce terk edilmeli, siyasi irade, mevcut soru\u015fturmalar\u0131 k\u00f6t\u00fcye kullanmamal\u0131, f\u0131rsat olarak g\u00f6rmemelidir.\u201d<\/p>\n<p style=\"text-align: justify;\"><strong>-\u201cADALET BAKANLI\u011eI SORU\u015eTURMAYI YARGIYA BIRAKSIN\u201d- <\/strong><\/p>\n<p style=\"text-align: justify;\">Yarg\u0131 taraf\u0131ndan g\u00f6rev s\u0131ras\u0131nda yap\u0131lm\u0131\u015f i\u015f ve i\u015flemler i\u00e7in, h\u00fck\u00fcmete kar\u015f\u0131 darbe te\u015febb\u00fcs\u00fc y\u00f6n\u00fcnde yarat\u0131lan alg\u0131 ve i\u015flemlerin \u201cd\u00fcnya tarihinin ilkleri\u201d aras\u0131na girdi\u011fini s\u00f6yleyen Emina\u011fao\u011flu, \u015fu de\u011ferlendirmeyi yapt\u0131:<\/p>\n<p style=\"text-align: justify;\">\u201cSiyasi iktidar\u0131n, \u2018yarg\u0131 dahil bana hi\u00e7 kimse dokunamaz, dokunursa dokunan yarg\u0131 da olsa bu beni k\u0131s\u0131tlamakt\u0131r, beni yarg\u0131 de\u011fil sadece sand\u0131k denetler, denetleyen yarg\u0131 da olsa darbeci olur\u2019 anlay\u0131\u015f\u0131yla, yarg\u0131y\u0131 sadece alacak-verecek i\u015fleri ile g\u00f6revli duruma itme \u00e7abas\u0131, hukuk devletinin varl\u0131\u011f\u0131n\u0131 tehlikeye sokmaktad\u0131r. H\u00fck\u00fcmetin, yarg\u0131da be\u011fendi\u011fi be\u011fenmedi\u011fi yarg\u0131\u00e7 ve cumhuriyet savc\u0131lar ayr\u0131m\u0131 yapmamas\u0131 ve yarg\u0131y\u0131 bask\u0131 alt\u0131na almamas\u0131 gerekir. Aksi alg\u0131 ve anlay\u0131\u015f, Adalet Bakanl\u0131\u011f\u0131 m\u00fcfetti\u015fleri g\u00f6zetim ve denetiminde ve de e\u015fg\u00fcd\u00fcm\u00fcndeki soru\u015fturma s\u00fcreciyle \u00fclkemizde ya\u015fan\u0131r olmu\u015ftur. Aylard\u0131r \u0130stanbul&#8217;da g\u00f6rev yapan adalet m\u00fcfetti\u015flerinin il d\u0131\u015f\u0131na \u00e7\u0131k\u0131p yapt\u0131klar\u0131 i\u015flemlerin ortal\u0131\u011fa d\u00f6k\u00fclmesi ve Adalet Bakanl\u0131\u011f\u0131n\u0131n son a\u00e7\u0131klamas\u0131 g\u00f6zetildi\u011finde, y\u00fcr\u00fctmenin devam eden soru\u015fturmay\u0131 nas\u0131l cumhuriyet savc\u0131lar\u0131na b\u0131rakmay\u0131p, soru\u015fturmaya nas\u0131l vak\u0131f oldu\u011funun ve soru\u015fturmay\u0131 nas\u0131l bask\u0131lad\u0131\u011f\u0131n\u0131n a\u00e7\u0131k\u00e7a ve ayr\u0131ca g\u00f6r\u00fclebilmesini sa\u011flam\u0131\u015ft\u0131r. Adalet Bakanl\u0131\u011f\u0131 s\u00fcre\u00e7ten ve soru\u015fturmadan elini \u00e7ekmelidir.\u201d<\/p>\n<p style=\"text-align: justify;\"><strong>-\u201cH\u00dcK\u00dcMET DEMOKRAS\u0130N\u0130N KAZANIMLARINA EL UZATMAMALI\u201d- <\/strong><\/p>\n<p style=\"text-align: justify;\">Darbelerden en \u00fcst d\u00fczeyde etkilenen kurumun her zaman hukuk ve yarg\u0131 oldu\u011funu s\u00f6yleyen Emina\u011fao\u011flu, darbe giri\u015fimlerinde hesap soracak olan kurumun da yarg\u0131 oldu\u011funu vurgulad\u0131. Emina\u011fao\u011flu, \u201cAncak bir soru\u015fturma f\u0131rsat bilinerek, bu konudaki hassasiyetlerinden yararlan\u0131larak, demokrasinin kazan\u0131mlar\u0131na ve yarg\u0131ya el uzat\u0131lmamal\u0131d\u0131r. Demokrasi i\u00e7in en b\u00fcy\u00fck tehlike, ba\u011f\u0131ml\u0131 yarg\u0131 yaratma anlay\u0131\u015f\u0131d\u0131r. D\u00fcnyada disiplin inceleme ve soru\u015fturmalar\u0131 a\u015famas\u0131nda yarg\u0131\u00e7 ve cumhuriyet savc\u0131lar\u0131n\u0131n telefonlar\u0131n\u0131 adalet m\u00fcfetti\u015fleri eliyle dinleyen tek hukuk devleti T\u00fcrkiye oldu. Bu tablonun yarat\u0131c\u0131s\u0131n\u0131n Adalet Bakanl\u0131\u011f\u0131 olmas\u0131, hukuksuzlu\u011fun amac\u0131n\u0131 ve kararl\u0131l\u0131\u011f\u0131, kan\u0131 toplama y\u00f6ntemindeki \u00e7a\u011fc\u0131l i\u015fkencenin boyutunu yans\u0131tmas\u0131 y\u00f6n\u00fcnden \u00f6nemlidir. Bu tablo neden sadece T\u00fcrkiye&#8217;ye \u00f6zg\u00fcd\u00fcr ve neden T\u00fcrkiye d\u00fcnyadaki tek \u00f6rnektir? Avrupa Birli\u011fi bile art\u0131k bu hukuksuzlu\u011fa sessiz kalmamal\u0131d\u0131r\u201d dedi.<\/p>\n<p style=\"text-align: justify;\"><strong>-\u201cTEFT\u0130\u015e KURULUNDAK\u0130 HUKUK DI\u015eI UYGULAMAYI DURDURUN\u201d- <\/strong><\/p>\n<p style=\"text-align: justify;\">Mahkemelerin, 2007 y\u0131l\u0131nda yap\u0131lan bir Y\u00f6netmelik de\u011fi\u015fikli\u011finden hareketle Adalet Bakanl\u0131\u011f\u0131 m\u00fcfetti\u015flerince abluka ve bask\u0131 alt\u0131na al\u0131nd\u0131\u011f\u0131n\u0131 ifade eden Emina\u011fao\u011flu, \u015fu g\u00f6r\u00fc\u015fleri dile getirdi:<\/p>\n<p style=\"text-align: justify;\">\u201c\u00d6nceden yetkisiz olduklar\u0131n\u0131 bile bile yetkisiz birimlerce toplanm\u0131\u015f hukuk d\u0131\u015f\u0131 kan\u0131tlar dayanak yap\u0131larak, dinleme ve izlemelerin m\u00fcfetti\u015flerin talepleri ile al\u0131nan, bir k\u0131sm\u0131 hala daha isimsiz ve gerek\u00e7esiz olan mahkeme kararlan gerek\u00e7e g\u00f6sterilerek s\u00fcrd\u00fcr\u00fclmesi ve bunun Adalet Bakanl\u0131\u011f\u0131nca itiraf\u0131, yarg\u0131ya tecav\u00fczde su\u00e7\u00fcst\u00fc halidir. Adalet Bakanl\u0131\u011f\u0131, i\u00e7ine d\u00fc\u015ft\u00fc\u011f\u00fc her boyutu hukuksuz bu durumdan, a\u015fa\u011f\u0131 t\u00fck\u00fcrsem sakal, yukar\u0131 t\u00fck\u00fcrsem b\u0131y\u0131k dememeli, hukuksuzluktan bir an \u00f6nce d\u00f6nmelidir.<\/p>\n<p style=\"text-align: justify;\">12 Eyl\u00fcl hukuku yarg\u0131y\u0131 bu duruma getirmi\u015ftir. Tefti\u015f kurulunun neden Adalet Bakanl\u0131\u011f\u0131na ba\u011fl\u0131 olmamas\u0131 gerekti\u011fi, bu durumun yarg\u0131y\u0131 ne duruma soktu\u011fu, yetkisizce talep edilen ve yetkisizce ve hukuka ayk\u0131r\u0131 olarak verilerek, itiraz edilememesi i\u00e7in muhataplar\u0131ndan gizlenen bu kararlarla ortadad\u0131r. Say\u0131n Adalet Bakan\u0131\u2019na \u00e7a\u011fr\u0131m\u0131z, Tefti\u015f Kurulundaki bu hukuk d\u0131\u015f\u0131 uygulamay\u0131 bir an \u00f6nce durdurmas\u0131d\u0131r. Konu \u00f6yle bir duruma gelmi\u015ftir ki, m\u00fcfetti\u015fler, yarg\u0131\u00e7 ve savc\u0131lar aras\u0131ndaki telefon konu\u015fmalar\u0131nda, kendileri i\u00e7in kullan\u0131lan s\u00f6zc\u00fckler i\u00e7in bile savunma isteme c\u00fcretini g\u00f6sterebilmektedirler. Bu ne hukukla, ne insafla ne de hi\u00e7bir kural ve de\u011ferle a\u00e7\u0131klanamaz.\u201d<\/p>\n<p style=\"text-align: justify;\"><strong>&#8220;HUKUK VAH\u015eET\u0130 YA\u015eANIYOR&#8221; <\/strong><\/p>\n<p style=\"text-align: justify;\">Adalet Bakanl\u0131\u011f\u0131\u2019n\u0131n 70 milyonun izlenmesine y\u00f6nelik M\u0130T ve EGM hakk\u0131ndaki kararlar ve yine telekulak ile ilgili her t\u00fcrl\u00fc hukuksal ba\u015fvuruya diren\u00e7 g\u00f6steren cumhuriyet savc\u0131s\u0131n\u0131 alelacele m\u00fcfetti\u015f ablukas\u0131na alarak dosyaya n\u00fcfuz etti\u011fini s\u00f6yleyen Emina\u011fao\u011flu, \u015f\u00f6yle konu\u015ftu:<\/p>\n<p style=\"text-align: justify;\">\u201cSoru\u015fturma i\u00e7in g\u00f6revli m\u00fcfetti\u015fler ablukas\u0131ndaki cumhuriyet savc\u0131s\u0131n\u0131n de\u011fi\u015ftirilmesine yol a\u00e7m\u0131\u015f, Sincan A\u011f\u0131r Ceza Mahkemesi karar\u0131n\u0131 g\u00f6rmezden gelerek tekrar yeni g\u00f6revlendirilen cumhuriyet savc\u0131s\u0131 taraf\u0131ndan verilen kovu\u015fturmaya yer olmad\u0131\u011f\u0131na ili\u015fkin karar, bir kez daha itirazen Sincan A\u011f\u0131r Ceza Mahkemesine g\u00f6nderilmi\u015f iken, bu sefer Adalet Bakanl\u0131\u011f\u0131 m\u00fcfetti\u015flerinin ivedilikle \u0130stanbul&#8217;dan intikalen, kamusal yetkilerini \u2018bir silah gibi ellerine alarak\u2019, bu dosyaya el koymalar\u0131 ve ne arad\u0131klar\u0131n\u0131 somutla\u015ft\u0131rmamak i\u00e7in t\u00fcm mahkeme kararlar\u0131n\u0131 da incelemeye almalar\u0131, telekulak vah\u015fetinin ve bu vah\u015feti de \u00f6rtbas edebilmek i\u00e7in c\u00fcret edilen hukuksuzluklar\u0131n boyutu y\u00f6n\u00fcnden sadece T\u00fcrkiye Cumhuriyeti de\u011fil d\u00fcnya hukuk tarihindeki kara sayfalarda, Adalet Bakanl\u0131\u011f\u0131nca ger\u00e7ekle\u015ftirilen silahl\u0131 mahkeme bask\u0131n\u0131 olarak yerini alm\u0131\u015ft\u0131r. Mahkeme kararlar\u0131na el konulup ter\u00f6r \u00f6rg\u00fct\u00fc aranmas\u0131yla, bu konuda T\u00fcrkiye, evrende bir ilk sokmu\u015ftur. YARSAV\u2019a, meslekta\u015flar\u0131m\u0131za y\u00f6nelik bask\u0131lar telekulak y\u00f6ntemleri de kullan\u0131larak ger\u00e7ekle\u015ftirilmekte ve telekulakla m\u00fccadele edilmemesi d\u00fc\u015f\u00fcncesi, meslekta\u015flar\u0131m\u0131z \u00fczerinde bu gibi y\u00f6ntemlerle benimsettirilmeye de \u00e7al\u0131\u015f\u0131lmaktad\u0131r. T\u00fcrkiye&#8217;deki Sincan&#8217;da da bir vah\u015fet ama hukuk vah\u015feti ya\u015fanmakta olup, hukuksuzlu\u011fun sakl\u0131 kalan bu di\u011fer boyutu da bu vesileyle kamuoyunca bilinmelidir. S\u00fcrecin \u00e7ok \u00f6nceden ba\u015flat\u0131lm\u0131\u015f gibi kamuoyuna sunulmas\u0131, g\u00f6stermeliktir. Ankara adliyesinin itiraz merci bellidir, adliyedeki soru\u015fturmalar bellidir, itirazlar\u0131n gidece\u011fi yer bellidir, ge\u00e7mi\u015fte verilen kararlar bellidir. S\u00fcrecin kontrol\u00fc i\u00e7in \u00f6nceden ba\u015flat\u0131lan dinleme ve izlemenin ikrar\u0131 ise ayr\u0131ca vehametin derecesini ve yarg\u0131n\u0131n nas\u0131l kontrol alt\u0131nda tutuldu\u011funu g\u00f6stermesi y\u00f6n\u00fcnden dikkat \u00e7ekicidir.\u201d<\/p>\n<p style=\"text-align: justify;\"><strong>-\u201cHUKUKSUZLU\u011eU BU KADAR \u0130\u00c7SELLE\u015eT\u0130REN BA\u015eKA BAKANLIK OLMADI\u201d- <\/strong><\/p>\n<p style=\"text-align: justify;\">Telekulak nedeniyle su\u00e7 duyurusunda bulunmas\u0131 sonras\u0131nda kendisinin de soru\u015fturuldu\u011funa dikkat \u00e7eken Emiha\u011fao\u011flu, siyasi iradeye dokunan kararlara imza atan yarg\u0131\u00e7 ve cumhuriyet savc\u0131lar\u0131n\u0131n da teker teker belirlenip hesap soruldu\u011funu s\u00f6yledi. Emina\u011fao\u011flu, \u201cBuna kar\u015f\u0131n telekulak kararlar\u0131na ve y\u00fcr\u00fctme organ\u0131n\u0131n beklentileriyle \u00f6rt\u00fc\u015fen i\u015flemlere imza atanlar i\u00e7in Adalet Bakanl\u0131\u011f\u0131 \u0131srarla i\u015flemsiz kalmakta ya da i\u015flemleri s\u00fcr\u00fcncemede b\u0131rakmaktad\u0131r ki, hukuksuzlu\u011fu ve de telekula\u011f\u0131 bu kadar i\u00e7selle\u015ftiren bir ba\u015fka kurum veya bakanl\u0131k bir hukuk devletinde mevcut olmam\u0131\u015ft\u0131r. Adalet Bakanl\u0131\u011f\u0131n\u0131n, bu olaylardaki yakla\u015f\u0131m\u0131ndan vazge\u00e7mesi, yarg\u0131y\u0131 rahat b\u0131rakmas\u0131, m\u00fcfetti\u015fleri g\u00f6rev s\u0131n\u0131rlan i\u00e7erisine \u00e7ekmesi hukuk ve yarg\u0131 ad\u0131na beklenmektedir. Hukuk herkes i\u00e7indir\u201d dedi.<\/p>\n<p style=\"text-align: justify;\"><span style=\"color: #888888;\">ANKA<\/span><\/p>\n","protected":false},"excerpt":{"rendered":"<\/p>\n<p style=\"text-align: justify;\">YARSAV Ba\u015fkan\u0131 \u00d6mer Faruk Emina\u011fao\u011flu&#8217;ndan h\u00fck\u00fcmete a\u011f\u0131r s\u00f6zler<\/p>\n<p style=\"text-align: justify;\">Yarg\u0131\u00e7lar ve Savc\u0131lar Birli\u011fi (YARSAV) Ba\u015fkan\u0131 \u00d6mer Faruk Emina\u011fao\u011flu, h\u00fck\u00fcmetin yarg\u0131y\u0131 \u201chizaya getirmek\u201d i\u00e7in savc\u0131lar ve hakimlere ter\u00f6rist muamelesinde bulundu\u011funu savunarak, Ergenekon davas\u0131n\u0131n f\u0131rsat bilinerek yarg\u0131ya el uzat\u0131ld\u0131\u011f\u0131n\u0131 s\u00f6yledi.<\/p>\n<p style=\"text-align: justify;\">Emina\u011fao\u011flu, Ankara Gazeteciler Cemiyeti\u2019nde, yarg\u0131\u00e7 ve Cumhuriyet Savc\u0131lar\u0131 hakk\u0131nda y\u00fcr\u00fct\u00fclen i\u015flemler <\/p>\n","protected":false},"author":1,"featured_media":0,"comment_status":"open","ping_status":"closed","sticky":false,"template":"","format":"standard","meta":{"footnotes":""},"categories":[105],"tags":[],"class_list":["post-12925","post","type-post","status-publish","format-standard","hentry","category-gundem","odd"],"_links":{"self":[{"href":"http:\/\/www.korhanyilmaz.com\/index.php?rest_route=\/wp\/v2\/posts\/12925","targetHints":{"allow":["GET"]}}],"collection":[{"href":"http:\/\/www.korhanyilmaz.com\/index.php?rest_route=\/wp\/v2\/posts"}],"about":[{"href":"http:\/\/www.korhanyilmaz.com\/index.php?rest_route=\/wp\/v2\/types\/post"}],"author":[{"embeddable":true,"href":"http:\/\/www.korhanyilmaz.com\/index.php?rest_route=\/wp\/v2\/users\/1"}],"replies":[{"embeddable":true,"href":"http:\/\/www.korhanyilmaz.com\/index.php?rest_route=%2Fwp%2Fv2%2Fcomments&post=12925"}],"version-history":[{"count":0,"href":"http:\/\/www.korhanyilmaz.com\/index.php?rest_route=\/wp\/v2\/posts\/12925\/revisions"}],"wp:attachment":[{"href":"http:\/\/www.korhanyilmaz.com\/index.php?rest_route=%2Fwp%2Fv2%2Fmedia&parent=12925"}],"wp:term":[{"taxonomy":"category","embeddable":true,"href":"http:\/\/www.korhanyilmaz.com\/index.php?rest_route=%2Fwp%2Fv2%2Fcategories&post=12925"},{"taxonomy":"post_tag","embeddable":true,"href":"http:\/\/www.korhanyilmaz.com\/index.php?rest_route=%2Fwp%2Fv2%2Ftags&post=12925"}],"curies":[{"name":"wp","href":"https:\/\/api.w.org\/{rel}","templated":true}]}}