{"id":12918,"date":"2009-08-06T10:50:41","date_gmt":"2009-08-06T07:50:41","guid":{"rendered":"http:\/\/www.korhanyilmaz.com\/?p=12918"},"modified":"2009-08-06T10:50:41","modified_gmt":"2009-08-06T07:50:41","slug":"bu-da-ne-boyle","status":"publish","type":"post","link":"http:\/\/www.korhanyilmaz.com\/?p=12918","title":{"rendered":"Bu da ne b\u00f6yle!"},"content":{"rendered":"<p style=\"text-align: justify;\"><a href=\"http:\/\/www.korhanyilmaz.com\/wp-content\/uploads\/2009\/08\/100.jpg\"  class=\"lightview\"><img loading=\"lazy\" decoding=\"async\" class=\"aligncenter size-full wp-image-32366\" title=\"\" src=\"http:\/\/www.korhanyilmaz.com\/wp-content\/uploads\/2009\/08\/100.jpg\" alt=\"\" width=\"362\" height=\"139\" \/><\/a><\/p>\n<p style=\"text-align: justify;\">Sahile vuran 2 metre uzunlu\u011fundaki yarat\u0131k g\u00f6renleri \u015fa\u015fk\u0131na \u00e7evirdi.<\/p>\n<p style=\"text-align: justify;\">\u0130ngiliz DailyMail gazetesinin haberine g\u00f6re, \u0130ngiltere&#8217;nin Galler b\u00f6lgesindeki Gower Yar\u0131madas\u0131&#8217;nda k\u0131y\u0131ya vuran esrarengiz yarat\u0131\u011f\u0131 g\u00f6renleri korkuttu. Uzunlu\u011fu 2 metreyi a\u015fan ve ahtapota benzeyen tuhaf yarat\u0131k yetkililer taraf\u0131ndan incelemeye al\u0131nd\u0131.<!--more--><\/p>\n<p style=\"text-align: justify;\">Uzunlu\u011fu 2 metreyi a\u015fan ve tamamen ahtapot kollar\u0131 gibi hareketli uzant\u0131lardan olu\u015fan tuhaf &#8220;deniz canl\u0131s\u0131&#8221;n\u0131n asl\u0131nda tek bir canl\u0131 de\u011fil, y\u00fczlerce canl\u0131n\u0131n olu\u015fturdu\u011fu bir &#8220;koloni&#8221; oldu\u011fu anla\u015f\u0131ld\u0131.Yetkililerden gelen a\u00e7\u0131klamaya g\u00f6re, ender g\u00f6r\u00fclen bir deniz yarat\u0131\u011f\u0131 olan Barnakle, genelde denizin dibinde ya\u015f\u0131yor ve planktonlarla besleniyor fakat k\u0131y\u0131ya nas\u0131l vurdu\u011fu ise bilinmiyor.<\/p>\n<p style=\"text-align: justify;\">\u0130spanya ve Portekiz&#8217;de bu deniz canl\u0131lar\u0131, midyeler kadar \u00e7ok t\u00fcketiliyor. \u00dc\u00e7 k\u0131sm\u0131ndaki kabukla birlikte servis ediliyor.<\/p>\n<p style=\"text-align: justify;\"><span style=\"color: #888888;\">Kaynak : Sabah<\/span><\/p>\n","protected":false},"excerpt":{"rendered":"<p style=\"text-align: justify;\">\n<p style=\"text-align: justify;\">Sahile vuran 2 metre uzunlu\u011fundaki yarat\u0131k g\u00f6renleri \u015fa\u015fk\u0131na \u00e7evirdi.<\/p>\n<p style=\"text-align: justify;\">\u0130ngiliz DailyMail gazetesinin haberine g\u00f6re, \u0130ngiltere&#8217;nin Galler b\u00f6lgesindeki Gower Yar\u0131madas\u0131&#8217;nda k\u0131y\u0131ya vuran esrarengiz yarat\u0131\u011f\u0131 g\u00f6renleri korkuttu. Uzunlu\u011fu 2 metreyi a\u015fan ve ahtapota benzeyen tuhaf yarat\u0131k yetkililer taraf\u0131ndan incelemeye al\u0131nd\u0131.<\/p>\n","protected":false},"author":1,"featured_media":0,"comment_status":"open","ping_status":"closed","sticky":false,"template":"","format":"standard","meta":{"footnotes":""},"categories":[105],"tags":[],"class_list":["post-12918","post","type-post","status-publish","format-standard","hentry","category-gundem","odd"],"_links":{"self":[{"href":"http:\/\/www.korhanyilmaz.com\/index.php?rest_route=\/wp\/v2\/posts\/12918","targetHints":{"allow":["GET"]}}],"collection":[{"href":"http:\/\/www.korhanyilmaz.com\/index.php?rest_route=\/wp\/v2\/posts"}],"about":[{"href":"http:\/\/www.korhanyilmaz.com\/index.php?rest_route=\/wp\/v2\/types\/post"}],"author":[{"embeddable":true,"href":"http:\/\/www.korhanyilmaz.com\/index.php?rest_route=\/wp\/v2\/users\/1"}],"replies":[{"embeddable":true,"href":"http:\/\/www.korhanyilmaz.com\/index.php?rest_route=%2Fwp%2Fv2%2Fcomments&post=12918"}],"version-history":[{"count":0,"href":"http:\/\/www.korhanyilmaz.com\/index.php?rest_route=\/wp\/v2\/posts\/12918\/revisions"}],"wp:attachment":[{"href":"http:\/\/www.korhanyilmaz.com\/index.php?rest_route=%2Fwp%2Fv2%2Fmedia&parent=12918"}],"wp:term":[{"taxonomy":"category","embeddable":true,"href":"http:\/\/www.korhanyilmaz.com\/index.php?rest_route=%2Fwp%2Fv2%2Fcategories&post=12918"},{"taxonomy":"post_tag","embeddable":true,"href":"http:\/\/www.korhanyilmaz.com\/index.php?rest_route=%2Fwp%2Fv2%2Ftags&post=12918"}],"curies":[{"name":"wp","href":"https:\/\/api.w.org\/{rel}","templated":true}]}}