{"id":12905,"date":"2009-08-06T10:09:29","date_gmt":"2009-08-06T07:09:29","guid":{"rendered":"http:\/\/www.korhanyilmaz.com\/?p=12905"},"modified":"2011-07-20T12:48:00","modified_gmt":"2011-07-20T09:48:00","slug":"yangindan-kurtulan-koala-olumden-kurtulamadi","status":"publish","type":"post","link":"http:\/\/www.korhanyilmaz.com\/?p=12905","title":{"rendered":"Yang\u0131ndan kurtulan koala \u00f6l\u00fcmden kurtulamad\u0131"},"content":{"rendered":"<p style=\"text-align: center;\"><a href=\"http:\/\/www.korhanyilmaz.com\/wp-content\/uploads\/2009\/08\/KOALA.jpg\"  class=\"lightview\"><img loading=\"lazy\" decoding=\"async\" class=\"aligncenter size-full wp-image-12907\" src=\"http:\/\/www.korhanyilmaz.com\/wp-content\/uploads\/2009\/08\/KOALA.jpg\" alt=\"\" width=\"292\" height=\"218\" \/><\/a><\/p>\n<p style=\"text-align: justify;\">Avustralya&#8217;da bu y\u0131l \u00e7\u0131kan b\u00fcy\u00fck orman yang\u0131n\u0131nda bir itfaiyecinin \u015fi\u015fesinden su i\u00e7erken \u00e7ekilen foto\u011fraf\u0131yla \u00fcnlenen koalan\u0131n ameliyatta \u00f6ld\u00fc\u011f\u00fc bildirildi.<\/p>\n<p style=\"text-align: justify;\">&#8220;Sam&#8221; adl\u0131 4 ya\u015f\u0131ndaki di\u015fi koalan\u0131n kald\u0131\u011f\u0131 vah\u015fi ya\u015fam bar\u0131na\u011f\u0131ndan yap\u0131lan a\u00e7\u0131klamada, Sam&#8217;in &#8220;ac\u0131lar\u0131na son vermek i\u00e7in i\u011fneyle uyutularak \u00f6ld\u00fcr\u00fcld\u00fc\u011f\u00fc&#8221; belirtildi.<\/p>\n<p style=\"text-align: justify;\">Sam, ge\u00e7en \u015fubattaki orman yang\u0131nlar\u0131nda ikinci ve \u00fc\u00e7\u00fcnc\u00fc derece yan\u0131klarla kurtar\u0131lm\u0131\u015f ve Victoria eyaletindeki bir vah\u015fi hayat bar\u0131na\u011f\u0131nda koruma alt\u0131na al\u0131nm\u0131\u015ft\u0131. <!--more--><\/p>\n<p style=\"text-align: justify;\">Ancak bar\u0131nak s\u00f6zc\u00fcs\u00fc Peita Elkhorne, Sam&#8217;in, Avustralya&#8217;daki koala n\u00fcfusunun yar\u0131s\u0131n\u0131 etkileyen bir hastal\u0131\u011fa yakaland\u0131\u011f\u0131n\u0131 ve kar\u0131n b\u00f6lgesinde kistler olu\u015ftu\u011funu a\u00e7\u0131klam\u0131\u015ft\u0131.<\/p>\n<p style=\"text-align: justify;\">S\u00f6zc\u00fc, k\u0131s\u0131rl\u0131\u011fa, idrar yolu enfeksiyonlar\u0131yla k\u00f6rl\u00fc\u011fe neden olabilen ve hatta hayati tehlikesi bulunan bu hastal\u0131k y\u00fcz\u00fcnden Sam&#8217;in yar\u0131n ameliyat edilece\u011fini ve kistlerinin al\u0131naca\u011f\u0131n\u0131 s\u00f6ylemi\u015fti.<\/p>\n<p style=\"text-align: justify;\">Sam, ge\u00e7en \u015fubatta 170&#8217;den fazla ki\u015finin \u00f6ld\u00fc\u011f\u00fc yang\u0131ndan kurtulmaya \u00e7al\u0131\u015f\u0131rken bir itfaiyeci taraf\u0131ndan fark edilmi\u015fti. \u0130tfaiyecinin, Sam&#8217;in dudaklar\u0131na su \u015fi\u015fesini uzat\u0131rken \u00e7ekilen foto\u011fraf\u0131 bas\u0131n\u0131n g\u00fcndeminden uzun s\u00fcre d\u00fc\u015fmemi\u015fti.<\/p>\n<p style=\"text-align: center;\"><a href=\"http:\/\/www.korhanyilmaz.com\/wp-content\/uploads\/2009\/08\/KOALA21.jpg\"  class=\"lightview\"><img loading=\"lazy\" decoding=\"async\" class=\"aligncenter size-full wp-image-12915\" src=\"http:\/\/www.korhanyilmaz.com\/wp-content\/uploads\/2009\/08\/KOALA21.jpg\" alt=\"KOALA2\" width=\"348\" height=\"442\" \/><\/a><\/p>\n<p style=\"text-align: justify;\"><span style=\"color: #888888;\">CNN T\u00dcRK<\/span><\/p>\n<p style=\"text-align: justify;\">\n","protected":false},"excerpt":{"rendered":"<p style=\"text-align: center;\">\n<p style=\"text-align: justify;\">Avustralya&#8217;da bu y\u0131l \u00e7\u0131kan b\u00fcy\u00fck orman yang\u0131n\u0131nda bir itfaiyecinin \u015fi\u015fesinden su i\u00e7erken \u00e7ekilen foto\u011fraf\u0131yla \u00fcnlenen koalan\u0131n ameliyatta \u00f6ld\u00fc\u011f\u00fc bildirildi.<\/p>\n<p style=\"text-align: justify;\">&#8220;Sam&#8221; adl\u0131 4 ya\u015f\u0131ndaki di\u015fi koalan\u0131n kald\u0131\u011f\u0131 vah\u015fi ya\u015fam bar\u0131na\u011f\u0131ndan yap\u0131lan a\u00e7\u0131klamada, Sam&#8217;in &#8220;ac\u0131lar\u0131na son vermek i\u00e7in i\u011fneyle uyutularak \u00f6ld\u00fcr\u00fcld\u00fc\u011f\u00fc&#8221; belirtildi.<\/p>\n<p style=\"text-align: justify;\">Sam, ge\u00e7en \u015fubattaki orman yang\u0131nlar\u0131nda ikinci <\/p>\n","protected":false},"author":1,"featured_media":0,"comment_status":"open","ping_status":"closed","sticky":false,"template":"","format":"standard","meta":{"footnotes":""},"categories":[105],"tags":[],"class_list":["post-12905","post","type-post","status-publish","format-standard","hentry","category-gundem","odd"],"_links":{"self":[{"href":"http:\/\/www.korhanyilmaz.com\/index.php?rest_route=\/wp\/v2\/posts\/12905","targetHints":{"allow":["GET"]}}],"collection":[{"href":"http:\/\/www.korhanyilmaz.com\/index.php?rest_route=\/wp\/v2\/posts"}],"about":[{"href":"http:\/\/www.korhanyilmaz.com\/index.php?rest_route=\/wp\/v2\/types\/post"}],"author":[{"embeddable":true,"href":"http:\/\/www.korhanyilmaz.com\/index.php?rest_route=\/wp\/v2\/users\/1"}],"replies":[{"embeddable":true,"href":"http:\/\/www.korhanyilmaz.com\/index.php?rest_route=%2Fwp%2Fv2%2Fcomments&post=12905"}],"version-history":[{"count":0,"href":"http:\/\/www.korhanyilmaz.com\/index.php?rest_route=\/wp\/v2\/posts\/12905\/revisions"}],"wp:attachment":[{"href":"http:\/\/www.korhanyilmaz.com\/index.php?rest_route=%2Fwp%2Fv2%2Fmedia&parent=12905"}],"wp:term":[{"taxonomy":"category","embeddable":true,"href":"http:\/\/www.korhanyilmaz.com\/index.php?rest_route=%2Fwp%2Fv2%2Fcategories&post=12905"},{"taxonomy":"post_tag","embeddable":true,"href":"http:\/\/www.korhanyilmaz.com\/index.php?rest_route=%2Fwp%2Fv2%2Ftags&post=12905"}],"curies":[{"name":"wp","href":"https:\/\/api.w.org\/{rel}","templated":true}]}}