{"id":12897,"date":"2009-08-06T09:39:06","date_gmt":"2009-08-06T06:39:06","guid":{"rendered":"http:\/\/www.korhanyilmaz.com\/?p=12897"},"modified":"2009-08-06T09:39:06","modified_gmt":"2009-08-06T06:39:06","slug":"galatasaray-fenerbahce-tura-cikiyor","status":"publish","type":"post","link":"http:\/\/www.korhanyilmaz.com\/?p=12897","title":{"rendered":"Galatasaray, Fenerbah\u00e7e tura \u00e7\u0131k\u0131yor"},"content":{"rendered":"<p style=\"text-align: center;\"><a href=\"http:\/\/www.korhanyilmaz.com\/wp-content\/uploads\/2009\/08\/DEVLER.jpg\"  class=\"lightview\"><img loading=\"lazy\" decoding=\"async\" class=\"aligncenter size-full wp-image-12898\" src=\"http:\/\/www.korhanyilmaz.com\/wp-content\/uploads\/2009\/08\/DEVLER.jpg\" alt=\"\" width=\"269\" height=\"207\" \/><\/a><\/p>\n<p style=\"text-align: justify;\">Galatasaray ve Fenerbah\u00e7e UEFA Avrupa Ligi 3. \u00f6n eleme r\u00f6van\u015f ma\u00e7lar\u0131na bu ak\u015fam \u00e7\u0131k\u0131yor.<\/p>\n<p style=\"text-align: justify;\">T\u00fcrkiye&#8217;yi UEFA Avrupa Ligi&#8217;nde temsil eden Galatasaray ve Fenerbah\u00e7e, ilk ma\u00e7ta elde ettikleri avantaj\u0131 kullanarak UEFA Avrupa Ligi&#8217;nde play-off&#8217;a y\u00fckselmek amac\u0131nda.<\/p>\n<p style=\"text-align: justify;\">Fenerbah\u00e7e teknik direkt\u00f6r\u00fc Christoph Daum, \u015e\u00fckr\u00fc Saraco\u011flu&#8217;nda 5-1 yendikleri Honved ile Budape\u015fte&#8217;de oynayacaklar\u0131 ma\u00e7 i\u00e7in baz\u0131 as oyuncular\u0131n\u0131 \u0130stanbul&#8217;da b\u0131rakt\u0131.<\/p>\n<p style=\"text-align: justify;\">Sar\u0131-lacivertlilerde Semih, Roberto Carlos ve Mehmet Topuz&#8217;un tedavileri s\u00fcr\u00fcyor. Be\u015fikta\u015f kar\u015f\u0131la\u015fmas\u0131nda ba\u015f\u0131na darbe alan Kaz\u0131m ve \u00fcst adalesi sertle\u015fen Emre ise dinlendirilecek. <!--more--><\/p>\n<p style=\"text-align: justify;\">Ko\u015fu \u00e7al\u0131\u015fmalar\u0131na ba\u015flayan Brezilyal\u0131 Edu ile milli tak\u0131m kamp\u0131nda bulunan Onur da kadroda yer alm\u0131yor.<\/p>\n<p style=\"text-align: justify;\">Daum, elindeki kadrodan en iyi 11&#8217;i \u00e7\u0131karaca\u011f\u0131n\u0131 belirterek, &#8220;bu ma\u00e7 iste\u011fimiz performans\u0131 yakalamak i\u00e7in iyi bir f\u0131rsat. Tak\u0131m\u0131ma g\u00fcveniyorum, iyi bir performans ve iyi bir skorla buradan ayr\u0131laca\u011f\u0131m\u0131za eminim&#8221; dedi.<\/p>\n<p style=\"text-align: justify;\">Jozsef Bozsik Stad\u0131&#8217;nda saat 21.00&#8217;da ba\u015flayacak m\u00fccadeleyi Bel\u00e7ikal\u0131 Paul Allaerts y\u00f6netecek. Kar\u015f\u0131la\u015fma, Honved&#8217;in cezas\u0131 nedeniyle seyircisiz oynanacak.<\/p>\n<p style=\"text-align: justify;\">Fenerbah\u00e7e&#8217;nin Honved kar\u015f\u0131s\u0131na Volkan Demirel, Ali, \u00d6nder, Bilica, Vederson, Deivid, Sel\u00e7uk, Cristian, Andre Santos, Alex ve G\u00fciza 11 ile \u00e7\u0131kmas\u0131 bekleniyor.<\/p>\n<p style=\"text-align: justify;\">Galatasaray UEFA Avrupa Ligi 3. \u00f6n eleme r\u00f6van\u015f\u0131nda \u0130srail&#8217;in Maccabi Netanya tak\u0131m\u0131n\u0131 a\u011f\u0131rlayacak.<\/p>\n<p style=\"text-align: justify;\">Maccabi Netanya ile \u0130srail&#8217;de oynad\u0131\u011f\u0131 ilk ma\u00e7\u0131 4-1&#8217;lik skorla kazanan Galatasaray&#8217;da sakatl\u0131\u011f\u0131 s\u00fcren Mehmet Topal ve cezal\u0131 Mustafa Sarp forma giymeyecek.<\/p>\n<p style=\"text-align: justify;\">Teknik direkt\u00f6r Frank Rijkaard yeni transfer Elano&#8217;yu da haz\u0131r olmad\u0131\u011f\u0131 gerek\u00e7esiyle kadroya almad\u0131.<\/p>\n<p style=\"text-align: justify;\">\u0130lk ma\u00e7\u0131n skorunun kendileri i\u00e7in b\u00fcy\u00fck avantaj oldu\u011funu belirten Rijkaard, bu ma\u00e7ta fazla forma \u015fans\u0131 bulamayan oyunculara g\u00f6rev verece\u011fini s\u00f6yledi.<\/p>\n<p style=\"text-align: justify;\">Ali Sami Yen&#8217;de saat 21.00&#8217;da ba\u015flayacak ma\u00e7\u0131 \u0130ngiliz Michael Leslie Dean y\u00f6netecek. M\u00fccadele D Smart 40. kanal Futbol Smart&#8217;tan naklen ekrana gelecek.<\/p>\n<p style=\"text-align: justify;\">Galatasaray&#8217;\u0131n Leo Franco, U\u011fur, Emre G\u00fcng\u00f6r, Servet, Alparslan, Arda, Bar\u0131\u015f, Ayhan, Serdar Eyilik, Keita, Baros 11&#8217;i ile m\u00fccadele etmesi bekleniyor.<\/p>\n<p style=\"text-align: justify;\"><span style=\"color: #888888;\">CNN T\u00dcRK<\/span><\/p>\n","protected":false},"excerpt":{"rendered":"<p style=\"text-align: center;\">\n<p style=\"text-align: justify;\">Galatasaray ve Fenerbah\u00e7e UEFA Avrupa Ligi 3. \u00f6n eleme r\u00f6van\u015f ma\u00e7lar\u0131na bu ak\u015fam \u00e7\u0131k\u0131yor.<\/p>\n<p style=\"text-align: justify;\">T\u00fcrkiye&#8217;yi UEFA Avrupa Ligi&#8217;nde temsil eden Galatasaray ve Fenerbah\u00e7e, ilk ma\u00e7ta elde ettikleri avantaj\u0131 kullanarak UEFA Avrupa Ligi&#8217;nde play-off&#8217;a y\u00fckselmek amac\u0131nda.<\/p>\n<p style=\"text-align: justify;\">Fenerbah\u00e7e teknik direkt\u00f6r\u00fc Christoph Daum, \u015e\u00fckr\u00fc Saraco\u011flu&#8217;nda 5-1 yendikleri Honved ile <\/p>\n","protected":false},"author":1,"featured_media":0,"comment_status":"open","ping_status":"closed","sticky":false,"template":"","format":"standard","meta":{"footnotes":""},"categories":[42],"tags":[],"class_list":["post-12897","post","type-post","status-publish","format-standard","hentry","category-spor","odd"],"_links":{"self":[{"href":"http:\/\/www.korhanyilmaz.com\/index.php?rest_route=\/wp\/v2\/posts\/12897","targetHints":{"allow":["GET"]}}],"collection":[{"href":"http:\/\/www.korhanyilmaz.com\/index.php?rest_route=\/wp\/v2\/posts"}],"about":[{"href":"http:\/\/www.korhanyilmaz.com\/index.php?rest_route=\/wp\/v2\/types\/post"}],"author":[{"embeddable":true,"href":"http:\/\/www.korhanyilmaz.com\/index.php?rest_route=\/wp\/v2\/users\/1"}],"replies":[{"embeddable":true,"href":"http:\/\/www.korhanyilmaz.com\/index.php?rest_route=%2Fwp%2Fv2%2Fcomments&post=12897"}],"version-history":[{"count":0,"href":"http:\/\/www.korhanyilmaz.com\/index.php?rest_route=\/wp\/v2\/posts\/12897\/revisions"}],"wp:attachment":[{"href":"http:\/\/www.korhanyilmaz.com\/index.php?rest_route=%2Fwp%2Fv2%2Fmedia&parent=12897"}],"wp:term":[{"taxonomy":"category","embeddable":true,"href":"http:\/\/www.korhanyilmaz.com\/index.php?rest_route=%2Fwp%2Fv2%2Fcategories&post=12897"},{"taxonomy":"post_tag","embeddable":true,"href":"http:\/\/www.korhanyilmaz.com\/index.php?rest_route=%2Fwp%2Fv2%2Ftags&post=12897"}],"curies":[{"name":"wp","href":"https:\/\/api.w.org\/{rel}","templated":true}]}}