{"id":12891,"date":"2009-08-06T10:00:00","date_gmt":"2009-08-06T07:00:00","guid":{"rendered":"http:\/\/www.korhanyilmaz.com\/?p=12891"},"modified":"2009-08-06T10:00:00","modified_gmt":"2009-08-06T07:00:00","slug":"iddianamede-ergenekonun-digerlerinden-farki","status":"publish","type":"post","link":"http:\/\/www.korhanyilmaz.com\/?p=12891","title":{"rendered":"\u0130ddianamede  Ergenekon&#039;un di\u011ferlerinden fark\u0131"},"content":{"rendered":"<p style=\"text-align: center;\"><a href=\"http:\/\/www.korhanyilmaz.com\/wp-content\/uploads\/2009\/08\/ERGENEKONUN_FARKI.jpg\"  class=\"lightview\"><img loading=\"lazy\" decoding=\"async\" class=\"aligncenter size-full wp-image-12892\" src=\"http:\/\/www.korhanyilmaz.com\/wp-content\/uploads\/2009\/08\/ERGENEKONUN_FARKI.jpg\" alt=\"\" width=\"307\" height=\"236\" \/><\/a><\/p>\n<p style=\"text-align: justify;\">3. Ergenekon iddianamesinde, &#8220;Ergenekon silahl\u0131 ter\u00f6r \u00f6rg\u00fct\u00fcn\u00fcn h\u00fccre tipi bir yap\u0131lanmaya haiz gizli bir \u00f6rg\u00fct olmas\u0131, yap\u0131lanmas\u0131n\u0131 geni\u015f bir alana yaym\u0131\u015f bulunmas\u0131, devlet i\u00e7erisinde de\u011fi\u015fik kurumlara s\u0131zmas\u0131, ger\u00e7ekle\u015ftirdi\u011fi eylemlerin ya da te\u015febb\u00fcs etti\u011fi eylemlerin niteli\u011fi bir taraftan \u00f6rg\u00fct\u00fcn b\u00fcy\u00fckl\u00fc\u011f\u00fcn\u00fc g\u00f6sterirken di\u011fer taraftan da t\u00fcm yap\u0131lar\u0131n\u0131n ve mensuplar\u0131n\u0131n ayn\u0131 anda de\u015fifre edilmesini zorla\u015ft\u0131rm\u0131\u015ft\u0131r&#8221; denildi.<\/p>\n<p style=\"text-align: justify;\"><strong><em>&#8220;\u00d6rg\u00fct\u00fcn nihai amac\u0131&#8221;<\/em><\/strong><\/p>\n<p style=\"text-align: justify;\">\u0130ddianamede, &#8220;Ergenekon silahl\u0131 ter\u00f6r \u00f6rg\u00fct\u00fcne&#8221; y\u00f6nelik bug\u00fcne kadar yap\u0131lan soru\u015fturmada, ele ge\u00e7irilen \u00f6rg\u00fctsel i\u00e7erikli dok\u00fcmanlar ve elde edilen deliller \u00e7er\u00e7evesinde, &#8220;\u00f6rg\u00fct\u00fcn nihai amac\u0131n\u0131n&#8221;, &#8220;S\u00fcrekli i\u00e7 \u00e7at\u0131\u015fma, kaos, kom\u015fu \u00fclkeleri ile d\u00fc\u015fman, d\u00fcnyaya kapal\u0131, Avrupa Birli\u011fi ve insan haklar\u0131na kar\u015f\u0131, ekonomik kriz, i\u00e7 etnik \u00e7at\u0131\u015fmalar ve naylon ter\u00f6r \u00f6rg\u00fctleri ile u\u011fra\u015fan ve ekonomik y\u00f6nden zay\u0131f bir devlet imaj\u0131 olu\u015fturulmaya \u00e7al\u0131\u015f\u0131larak, devlet otoritesini i\u00e7te ve d\u0131\u015fta zafiyete u\u011fratmak, \u00fclkeyi y\u00f6netilemez hale getirmek, b\u00f6ylece Ergenekon silahl\u0131 ter\u00f6r \u00f6rg\u00fct\u00fcn\u00fcn daha rahat y\u00f6netip, y\u00f6nlendirebilece\u011fi siyasal iktidarlar olu\u015fturmak, \u00f6rg\u00fct\u00fcn belirledi\u011fi gizli ama\u00e7 ve prensiplerinin d\u0131\u015f\u0131na \u00e7\u0131kan t\u00fcm siyasal iktidarlar\u0131 de\u011fi\u015fik y\u00f6ntemlerle kontrol alt\u0131na almak, bu ba\u015far\u0131lamad\u0131\u011f\u0131 taktirde yasama ve y\u00fcr\u00fctme organlar\u0131n\u0131 devirip kendi ideolojik ama\u00e7lar\u0131 do\u011frultusunda devlet y\u00f6netimini ele ge\u00e7irmek oldu\u011funun anla\u015f\u0131ld\u0131\u011f\u0131&#8221; \u00f6ne s\u00fcr\u00fcld\u00fc. <!--more--><\/p>\n<p style=\"text-align: justify;\">&#8220;Ergenekon silahl\u0131 ter\u00f6r \u00f6rg\u00fct\u00fc&#8221;n\u00fcn &#8220;darbe \u00e7al\u0131\u015fmalar\u0131 \u00e7er\u00e7evesinde san\u0131k Mehmet \u015eener Eruygur ba\u015fkanl\u0131\u011f\u0131nda faaliyet g\u00f6steren Cumhuriyet \u00c7al\u0131\u015fma Grubu&#8217;nun, medya yap\u0131lanmas\u0131ndan mafya yap\u0131lanmas\u0131na, \u00fcniversite yap\u0131lanmas\u0131ndan, sendika yap\u0131lanmas\u0131na, sivil toplum kurulu\u015flar\u0131ndan \u00fcniversite gen\u00e7lik yap\u0131lanmas\u0131na kadar aktif olarak \u00f6rg\u00fctlenme faaliyetlerini s\u00fcrd\u00fcrd\u00fc\u011f\u00fc g\u00f6r\u00fcld\u00fc\u011f\u00fc&#8221; \u00f6ne s\u00fcr\u00fclen iddianamede, &#8220;yasama ve y\u00fcr\u00fctme organ\u0131n\u0131 devirmeye te\u015febb\u00fcs eylemlerinde t\u00fcm bu \u00f6rg\u00fctlenmeleri ayn\u0131 anda devreye sokarak s\u00f6zde toplumsal refleksi harekete ge\u00e7irme ad\u0131na tertipledikleri mitingler vas\u0131tas\u0131yla kendi kurallar\u0131n\u0131n uygulanaca\u011f\u0131 bir sistemin kurulmas\u0131 i\u00e7in aktif olarak \u00e7al\u0131\u015ft\u0131klar\u0131 anla\u015f\u0131ld\u0131\u011f\u0131&#8221; kaydedildi.<\/p>\n<p style=\"text-align: justify;\"><strong><em>&#8220;Di\u011fer ter\u00f6r \u00f6rg\u00fctlerinden fark\u0131&#8230;&#8221; <\/em><\/strong><\/p>\n<p style=\"text-align: justify;\">\u0130ddianamede, &#8220;Ergenekon silahl\u0131 ter\u00f6r \u00f6rg\u00fct\u00fcn\u00fcn anla\u015f\u0131l\u0131p kavranabilmesi i\u00e7in b\u00f6l\u00fcc\u00fc ve y\u0131k\u0131c\u0131 diye adland\u0131r\u0131lan ter\u00f6r \u00f6rg\u00fctlerinden farkl\u0131 olarak ele al\u0131nmas\u0131 ve de\u011ferlendirilmesi&#8221; gerekti\u011fi ifade edilerek, &#8220;Ergenekon silahl\u0131 ter\u00f6r \u00f6rg\u00fct\u00fc bilinen dini motifli veya Marksist-Leninist metotlar\u0131 benimsemi\u015f ter\u00f6r \u00f6rg\u00fctlerinden ideolojik olarak farkl\u0131 bir yap\u0131 olarak ortaya \u00e7\u0131kt\u0131\u011f\u0131, bu yap\u0131n\u0131n temelde, Cumhuriyetimizin temel niteliklerinin \u00f6rg\u00fct\u00fcn ama\u00e7lar\u0131 do\u011frultusunda istismar\u0131na, \u00f6rg\u00fct\u00fcn ama\u00e7lar\u0131 do\u011frultusunda netice vermeyen demokratik tercihlerin gayr\u0131 me\u015fru say\u0131lmas\u0131na ve sonu\u00e7lar\u0131na kar\u015f\u0131 a\u00e7\u0131k veya \u00f6rt\u00fcl\u00fc cebri m\u00fccadele verilmesine dayal\u0131 oldu\u011fu&#8221; sav\u0131na yer verildi.<\/p>\n<p style=\"text-align: justify;\">\u0130ddianamede, &#8216;\u00f6rg\u00fct\u00fcn \u00fcye profilinin \u00e7e\u015fitlili\u011finin, ancak \u00f6rg\u00fct\u00fcn ama\u00e7lar\u0131 dikkate al\u0131nd\u0131\u011f\u0131nda anla\u015f\u0131labilece\u011fi&#8221; ifade edilerek, &#8220;ama\u00e7 yasama ve y\u00fcr\u00fctme organlar\u0131n\u0131n cebren ortadan kald\u0131r\u0131lmas\u0131 veya \u00e7al\u0131\u015famaz duruma getirilmesi oldu\u011funda, itiyadi su\u00e7lular\u0131n, esrar kullan\u0131c\u0131lar\u0131n\u0131n, mafya mensuplar\u0131n\u0131n, gazetecilerin, devletin emekli ya da halen g\u00f6revde olan memurlar\u0131n\u0131n, benzemez, benzetilemez ve normal ko\u015fullarda bir araya gelmez kimlikteki ba\u015fka ki\u015filerin \u00f6rg\u00fct\u00fcn ama\u00e7lar\u0131 do\u011frultusunda i\u015f b\u00f6l\u00fcm\u00fc ve hiyerar\u015fi i\u00e7erisinde bir \u00f6rg\u00fct yap\u0131s\u0131 etraf\u0131nda bir arada tutulmalar\u0131n\u0131n zorunlu oldu\u011fu&#8221; kaydedildi.<\/p>\n<p style=\"text-align: justify;\"><strong><em>&#8220;Di\u011fer \u00f6rg\u00fctlere bakarak de\u011ferlendirmek s\u0131\u011f olur&#8221;<\/em><\/strong><\/p>\n<p style=\"text-align: justify;\">\u0130ddianamede, \u015fu ifadeler kullan\u0131ld\u0131:<\/p>\n<p style=\"text-align: justify;\">&#8220;Bu ba\u011flamda Cumhuriyet Gazetesine bomba at\u0131lmas\u0131 ya da Dan\u0131\u015ftay&#8217;a yap\u0131lan menfur sald\u0131r\u0131 \u00f6rnekleri ele al\u0131nd\u0131\u011f\u0131nda, soru\u015fturma kapsam\u0131nda ortaya \u00e7\u0131kan verilerden hareketle; bu eylemlerin yap\u0131lmas\u0131, kamuoyunun \u00f6rg\u00fct\u00fcn ama\u00e7lar\u0131 do\u011frultusunda y\u00f6nlendirilmesi, eylemden hemen sonra yap\u0131lan ve yapt\u0131r\u0131lan acil ve olgusal ger\u00e7ekli\u011fe uygun olmayan a\u00e7\u0131klamalar ve benzeri t\u00fcm faaliyetler \u00f6rg\u00fct\u00fcn amac\u0131na ula\u015fabilmek i\u00e7in sahip olmas\u0131 gereken \u00fcye profilinin bilinen ter\u00f6r \u00f6rg\u00fctlerinin \u00fcye profilinden farkl\u0131 olmas\u0131 gerekti\u011fini ortaya koymaktad\u0131r.<\/p>\n<p style=\"text-align: justify;\">Ayr\u0131ca bir k\u0131s\u0131m \u00f6rg\u00fct mensuplar\u0131n\u0131n k\u0131l\u0131k ve k\u0131yafetlerini de\u011fi\u015ftirerek \u0130stanbul&#8217;daki baz\u0131 dini gruplara \u00f6rg\u00fct\u00fcn ama\u00e7lar\u0131 do\u011frultusunda s\u0131zmalar\u0131, bir k\u0131s\u0131m \u00f6rg\u00fct mensuplar\u0131n\u0131n da Ankara da Hizb-ut Tahrir \u00f6rg\u00fct\u00fcne s\u0131zmalar\u0131 bilinen ter\u00f6r y\u00f6ntemleriyle a\u00e7\u0131klanamayacakt\u0131r. Bu nedenlerle Ergenekon silahl\u0131 ter\u00f6r \u00f6rg\u00fct\u00fcn\u00fc \u00fclkemizde bug\u00fcne kadar ortaya \u00e7\u0131kar\u0131lm\u0131\u015f ter\u00f6r \u00f6rg\u00fctlerine bakarak de\u011ferlendirmeye \u00e7al\u0131\u015fmak s\u0131\u011f ve sonu\u00e7suz bir \u00e7abadan \u00f6teye ge\u00e7emeyecektir.<\/p>\n<p style=\"text-align: justify;\">Soru\u015fturma sonucunda bir k\u0131sm\u0131 ortaya \u00e7\u0131kar\u0131lan Ergenekon silahl\u0131 ter\u00f6r \u00f6rg\u00fct\u00fcn\u00fcn, ger\u00e7ekle\u015ftirdi\u011fi bir eylemden sonra ankes\u00f6rl\u00fc telefondan gazeteleri aray\u0131p eylemi \u00fcstlenmesi ya da elinde Kala\u015fnikofla k\u0131rlardan kentlere y\u00fcr\u00fcmek isteyen devrimcilerden olu\u015fan kadrolara sahip olmas\u0131n\u0131 beklemek devletimizin kar\u015f\u0131 kar\u015f\u0131ya oldu\u011fu tehlikeyi alg\u0131layamam\u0131\u015f olmakla e\u015f de\u011ferdedir. Yukar\u0131da g\u00f6sterilen \u00f6l\u00e7\u00fcler ve bu \u00f6l\u00e7\u00fcler bak\u0131m\u0131ndan yap\u0131lan de\u011ferlendirmelere g\u00f6re; Ergenekon silahl\u0131 ter\u00f6r \u00f6rg\u00fct\u00fc Ter\u00f6rle M\u00fccadele Kanunu ve 5237 say\u0131l\u0131 TCK h\u00fck\u00fcmlerine g\u00f6re silahl\u0131 bir ter\u00f6r \u00f6rg\u00fct\u00fcd\u00fcr. Bunun do\u011fal sonucu olarak da bu \u00f6rg\u00fct\u00fcn mensuplar\u0131 &#8216;ter\u00f6r su\u00e7lusudurlar&#8217; \u015feklindeki tan\u0131mlamalar ve tespitlerimiz bu iddianamemizde yer alan t\u00fcm \u015f\u00fcpheliler i\u00e7inde ge\u00e7erlidir.&#8221;<\/p>\n<p style=\"text-align: justify;\"><strong><em>San\u0131klar\u0131n rolleri<\/em><\/strong><\/p>\n<p style=\"text-align: justify;\">&#8220;Ergenekon silahl\u0131 ter\u00f6r \u00f6rg\u00fct\u00fcn\u00fcn TSK i\u00e7erisindeki faaliyetlerini &#8216;Karargah Evleri&#8217; ismi alt\u0131nda da gizli h\u00fccre yap\u0131lanmas\u0131 ile y\u00fcr\u00fctt\u00fcklerinin tespit edildi\u011fi&#8221; belirtilen iddianamede, &#8220;bu kapsamda tutuklu san\u0131klar <strong>Neriman Ayd\u0131n<\/strong> ve <strong>Kemal Ayd\u0131n<\/strong>&#8216;\u0131n Kara Kuvvetleri ve askeri okullardaki \u00f6rg\u00fctlenme faaliyetlerinden sorumlu olduklar\u0131 ve bu ama\u00e7la a\u00e7t\u0131klar\u0131 evlerde \u00f6rg\u00fcte eleman kazand\u0131rmak i\u00e7in \u00e7al\u0131\u015fmalar yapt\u0131klar\u0131, \u015f\u00fcpheli <strong>Cengiz K\u00f6yl\u00fc<\/strong>&#8216;n\u00fcn ise hava kuvvetleri b\u00fcnyesinde faaliyet g\u00f6sterdi\u011fi, <strong>Erbay \u00c7olakoglu<\/strong>&#8216;nun ise Deniz Kuvvetlerine ba\u011fl\u0131 alt birimlerin yap\u0131lanmas\u0131nda g\u00f6rev ald\u0131\u011f\u0131n\u0131n anla\u015f\u0131ld\u0131\u011f\u0131&#8221; iddia edildi.<\/p>\n<p style=\"text-align: justify;\">\u0130ddianamede, Kara Kuvvetlerinde g\u00f6revli \u015f\u00fcpheli <strong>Mustafa D\u00f6nmez<\/strong>&#8216;in, tutuklu san\u0131k <strong>Emin G\u00fcrses<\/strong> ile \u00f6rg\u00fctsel irtibatlar\u0131n\u0131n bulundu\u011fu, ayr\u0131ca \u00f6rg\u00fcte ait silah ve askeri m\u00fchimmat\u0131 de\u011fi\u015fik yerlerde gizledi\u011finin belirlendi\u011fi de kaydedilerek, \u015f\u00fcpheliler Mustafa Ko\u00e7, Cihandar Hasanhano\u011flu&#8217;nun &#8220;Cumhuriyet \u00c7al\u0131\u015fma Grubu&#8221; faaliyetlerinin y\u00fcr\u00fct\u00fclmesinde g\u00f6rev ald\u0131klar\u0131n\u0131n da tespit edildi\u011fi \u00f6ne s\u00fcr\u00fcld\u00fc.<\/p>\n<p style=\"text-align: justify;\">\u0130ddianamede, <strong>\u0130brahim \u015eahin<\/strong> liderli\u011finde eylem ve suikast ama\u00e7l\u0131 olarak olu\u015fturuldu\u011fu anla\u015f\u0131lan h\u00fccre yap\u0131lanmalar\u0131n\u0131n, emniyet g\u00f6revlileri ve asker ki\u015filerden se\u00e7ilmek suretiyle meydana getirildi\u011fi, emniyet yap\u0131lanmas\u0131n\u0131n a\u011f\u0131rl\u0131kl\u0131 olarak \u00f6zel harekat dairesi ba\u015fkanl\u0131\u011f\u0131nda \u00e7al\u0131\u015fm\u0131\u015f ki\u015filerden olu\u015ftu\u011funun anla\u015f\u0131ld\u0131\u011f\u0131 kaydedildi.<\/p>\n<p style=\"text-align: justify;\">&#8220;Askeri yap\u0131lanma i\u00e7inde yer alan asker ki\u015filerin, di\u011fer \u00f6rg\u00fct \u00fcyeleri gibi emekli olduklar\u0131 d\u00f6nemde de aktif olarak Ergenekon silahl\u0131 ter\u00f6r \u00f6rg\u00fct\u00fc yap\u0131lanmas\u0131nda yer ald\u0131klar\u0131, bu kapsamda \u015f\u00fcpheli <strong>Mustafa Levent G\u00f6kta\u015f<\/strong>&#8216;\u0131n da \u00d6zel Kuvvetler Komutanl\u0131\u011f\u0131ndan emekli olmas\u0131ndan sonra \u00f6rg\u00fctsel faaliyetlerini devam ettirdi\u011fi&#8221; iddias\u0131na yer verilen iddianamede, &#8220;\u015f\u00fcphelilerden <strong>\u0130lyas \u00c7\u0131nar<\/strong>, <strong>Hasan Ataman Y\u0131ld\u0131r\u0131m<\/strong> ve <strong>H\u00fcseyin Vural Vural<\/strong>&#8216;\u0131n emekli olmalar\u0131na ra\u011fmen \u00f6rg\u00fct i\u00e7i istihbarat ve \u00f6rg\u00fct \u00fcyelerinin motivasyonunun s\u00fcrd\u00fcr\u00fclmesi faaliyetlerini y\u00fcr\u00fctt\u00fckleri, a\u00e7\u0131lan davalarda yarg\u0131lanan \u00f6rg\u00fct \u00fcyelerinin mahkemede \u00f6rg\u00fct aleyhine ifade vermemeleri ve \u00f6rg\u00fctte \u00e7\u00f6z\u00fclme olmamas\u0131 amac\u0131yla \u00e7al\u0131\u015fmalar yapt\u0131klar\u0131n\u0131n belirlendi\u011fi&#8221; kaydedildi.<\/p>\n<p style=\"text-align: justify;\">\u0130ddianamede, &#8220;\u015f\u00fcpheli <strong>Mustafa H\u00fcseyin Buzo\u011flu<\/strong>&#8216;nun, \u00f6zellikle <strong>Tuncer K\u0131l\u0131n\u00e7<\/strong> ve <strong>M\u00fcn\u00fcr Kemal Yavuz<\/strong>&#8216;dan temin etti\u011fi devletin g\u00fcvenli\u011fi, i\u00e7 ve d\u0131\u015f siyasal yararlar\u0131 bak\u0131m\u0131ndan gizli kalmas\u0131 gereken belgeleri \u00f6rg\u00fcte ait \u00f6zel istihbarat ar\u015fivine konulmak \u00fczere saklad\u0131\u011f\u0131, yine di\u011fer \u00f6rg\u00fct \u00fcyelerinden elde etti\u011fi gizli belgeleri ad\u0131 ge\u00e7en \u00f6rg\u00fct \u00fcyelerine g\u00f6nderdi\u011fi, ayr\u0131ca \u015f\u00fcpheli <strong>Mustafa Levent G\u00f6kta\u015f<\/strong>&#8216;\u0131n \u00f6rg\u00fct\u00fcn talimat\u0131yla baz\u0131 \u00fcst d\u00fczey kamu g\u00f6revlileri ve yarg\u0131 mensuplar\u0131n\u0131n \u00f6zel ya\u015famlar\u0131 ile ilgili g\u00f6r\u00fcnt\u00fclerini kayda ald\u0131\u011f\u0131 ve yine bu ki\u015fileri dini inan\u0131\u015flar\u0131,felsefi ve siyasal d\u00fc\u015f\u00fcncelerine g\u00f6re ki\u015fisel verilerini hukuka ayk\u0131r\u0131 olarak kaydedip saklad\u0131\u011f\u0131 anla\u015f\u0131ld\u0131\u011f\u0131&#8221; ifadesi yer ald\u0131.<\/p>\n<p style=\"text-align: justify;\">&#8220;\u015e\u00fcpheli <strong>Engin Ayd\u0131n<\/strong>&#8216;\u0131n san\u0131k <strong>\u0130lhan Sel\u00e7uk<\/strong>&#8216;un talimat\u0131 ile \u00f6rg\u00fct\u00fcn kamuda etkinli\u011fini sa\u011flamak amac\u0131yla b\u00fcy\u00fck ve k\u00fc\u00e7\u00fck gruplar\u0131n kat\u0131l\u0131m\u0131 ile ger\u00e7ekle\u015fen toplant\u0131lar tertip etti\u011fi, \u00f6zellikle otellerde yap\u0131lan toplant\u0131ya kat\u0131lanlar\u0131n b\u00fcy\u00fck k\u0131sm\u0131n\u0131n \u00f6rg\u00fct\u00fcn gizli ama\u00e7lar\u0131ndan haberdar olmad\u0131klar\u0131n\u0131n g\u00f6r\u00fcld\u00fc\u011f\u00fc&#8221; de kaydedilen iddianamede, &#8220;\u015f\u00fcpheliler <strong>Erol Manisal\u0131, Mustafa Abbas Yurtkuran, Fatih Hilmio\u011flu, R\u0131za Ferit Bernay ve Muhittin Erdal \u015eenel<\/strong>&#8216;in 2003-2004 y\u0131llar\u0131 aras\u0131nda &#8216;Cumhuriyet \u00c7al\u0131\u015fma Gurubu&#8217; taraf\u0131ndan planlanan ve uygulamaya konulan darbe \u00e7al\u0131\u015fmalar\u0131na i\u015ftirak ettiklerinin tespit edildi\u011fi&#8221; savunuldu.<\/p>\n<p style=\"text-align: justify;\">&#8220;\u015e\u00fcpheli <strong>Kemal G\u00fcr\u00fcz<\/strong>&#8216;\u00fcn \u00f6rg\u00fct\u00fcn \u00fcst d\u00fczey y\u00f6neticilerinin talimatlar\u0131 ile hareket ederek, kendilerinin kullanabilecekleri ki\u015filerin \u00fcniversite y\u00f6netimlerine se\u00e7ilmelerini sa\u011flamak amac\u0131yla, se\u00e7imlere haks\u0131z m\u00fcdahalede bulundu\u011fu, baz\u0131 bas\u0131n mensuplar\u0131na muhalif adaylar hakk\u0131nda as\u0131ls\u0131z iddialarla haber yapt\u0131r\u0131p, y\u0131pratmaya \u00e7al\u0131\u015ft\u0131klar\u0131 anla\u015f\u0131ld\u0131\u011f\u0131&#8221; kaydedilen iddianamede, &#8220;\u015f\u00fcpheliler <strong>Mehmet Haberal<\/strong> ve <strong>Yal\u00e7\u0131n K\u00fc\u00e7\u00fck<\/strong>&#8216;\u00fcn \u00f6rg\u00fct\u00fcn y\u00f6neticisi konumunda bulunduklar\u0131, bir\u00e7ok \u00f6rg\u00fctsel konuda <strong>Yal\u00e7\u0131n K\u00fc\u00e7\u00fck<\/strong>&#8216;\u00fcn geli\u015ftirdi\u011fi stratejilerin uyguland\u0131\u011f\u0131, \u00f6rg\u00fct\u00fcn belirledi\u011fi strateji do\u011frultusunda \u00fcniversitelerde kadrola\u015fma faaliyetlerini y\u00fcr\u00fctt\u00fckleri, Mehmet Haberal&#8217;\u0131n bu ama\u00e7la talimatlar verdi\u011finin belirlendi\u011fi&#8221; ifade edildi.<\/p>\n<p style=\"text-align: justify;\">\u0130ddianamede, &#8220;\u015f\u00fcpheliler <strong>Mehmet Haberal<\/strong>&#8216;\u0131n <strong>Mustafa \u00d6zbek,<\/strong> ve <strong>Erol Manisal\u0131&#8217;<\/strong>n\u0131n \u00f6rg\u00fct\u00fcn medya finans yap\u0131lanmas\u0131 i\u00e7inde yer ald\u0131klar\u0131 kendi medya kurulu\u015flar\u0131 d\u0131\u015f\u0131nda da \u00f6rg\u00fct\u00fcn merkez \u00fcss\u00fc olarak se\u00e7ti\u011fi yay\u0131n organlar\u0131na da do\u011frudan ve dolayl\u0131 olarak yard\u0131m ettiklerinin anla\u015f\u0131ld\u0131\u011f\u0131&#8221; da belirtilerek, &#8220;\u015f\u00fcpheliler <strong>\u0130brahim \u015eahin<\/strong> ile <strong>Fatma Cengiz<\/strong>&#8216;in Ermeni k\u00f6kenli ki\u015filer hakk\u0131nda bilgi temin etmeye, bir k\u0131s\u0131m giri\u015fimlerde bulunan ki\u015filerin isimlerini tespit etmeye \u00e7al\u0131\u015ft\u0131klar\u0131, aralar\u0131ndaki ileti\u015fim s\u0131ras\u0131nda tespit edilen mesajlardan bir tanesinde <strong>\u0130brahim \u015eahin<\/strong>&#8216;in kendisini &#8216;Ben Ermenilere kar\u015f\u0131 kurulan \u00f6rg\u00fct\u00fcn ilk ba\u015fkan\u0131y\u0131m&#8217; \u015feklinde ifadelerle tarif etti\u011fi, bir ba\u015fka mesajda ise &#8216;Asena g\u00f6rev var Ermeni \u00f6ld\u00fcr\u00fclmeli&#8217; \u015feklinde talimatlar iletti\u011finin anla\u015f\u0131ld\u0131\u011f\u0131&#8221; da vurguland\u0131.<\/p>\n<p style=\"text-align: justify;\">\u0130ddianamede, &#8220;\u015f\u00fcphelilerin Sivas&#8217;ta ikamet eden ve b\u00f6lgedeki Ermeni vatanda\u015flar\u0131n ruhani lideri oldu\u011fu tespit edilen <strong>Minas Durmazg\u00fcler<\/strong>&#8216;e y\u00f6nelik eylem haz\u0131rl\u0131\u011f\u0131 i\u00e7erisinde bulunduklar\u0131, &#8216;Ermenilerden \u00f6z\u00fcr dilenmesi&#8217; y\u00f6n\u00fcnde TBMM Ba\u015fkanl\u0131\u011f\u0131na dilek\u00e7e vererek kampanya d\u00fczenleyen ki\u015filerin isim listesini temin ettikleri, <strong>\u0130brahim \u015eahin<\/strong>&#8216;in evinde ele ge\u00e7en suikast planlar\u0131na g\u00f6re m\u00fc\u015ftekiler <strong>Ali Balk\u0131z, Kaz\u0131m Gen\u00e7, Mesrob Mutafyan<\/strong>&#8216;a y\u00f6nelik &#8216;tedhi\u015f planlar\u0131&#8217; haz\u0131rlad\u0131klar\u0131, Ankara G\u00f6lba\u015f\u0131&#8217;nda ele ge\u00e7en silahlar\u0131n planlanan suikastleri ger\u00e7ekle\u015ftirebilecek say\u0131 ve nitelikte oldu\u011fu, S-l isimli yap\u0131lanmada ve tedhi\u015f planlar\u0131nda isimleri bulunan \u015f\u00fcphelilerin bu suikastlerde g\u00f6rev alacak ekip olarak haz\u0131rland\u0131\u011f\u0131 kanaatine var\u0131ld\u0131\u011f\u0131&#8221; anlat\u0131ld\u0131.<\/p>\n<p style=\"text-align: justify;\"><strong><em>\u0130stek Vakf\u0131 arazisinde ele ge\u00e7irilenler<\/em><\/strong><\/p>\n<p style=\"text-align: justify;\">\u015e\u00fcpheli Mustafa D\u00f6nmez ve \u0130brahim \u015eahin grubundan elde edilen silah ve m\u00fchimmat d\u0131\u015f\u0131nda, &#8220;firari \u015f\u00fcpheli Bedrettin Dalan&#8221;a ait Beykoz Poyrazk\u00f6y&#8217;de bulunan \u0130stek Vakf\u0131 arazisinde ele ge\u00e7irilen \u00e7ok say\u0131da silah, patlay\u0131c\u0131 madde, lav silah\u0131 ve m\u00fchimmat ile ilgili soru\u015fturmaya Cumhuriyet Ba\u015fsavc\u0131l\u0131\u011f\u0131nca devam edildi\u011fi de belirtilen iddianamede, soru\u015fturma kapsam\u0131nda elde edilen delillerden &#8220;Ergenekon silahl\u0131 ter\u00f6r \u00f6rg\u00fct\u00fc&#8221;n\u00fcn 2003-2004 y\u0131llar\u0131nda T\u00fcrkiye&#8217;de darbe yapmak i\u00e7in plan ve projeler haz\u0131rlad\u0131\u011f\u0131, bu planlar\u0131n\u0131 uygulamaya koyarak darbeye te\u015febb\u00fcs ettikleri anla\u015f\u0131ld\u0131\u011f\u0131&#8221; savunuldu.<\/p>\n<p style=\"text-align: justify;\">\u0130ddianamede, &#8220;Fakat \u00f6rg\u00fct\u00fcn 2004 y\u0131l\u0131ndan sonra g\u00fcn\u00fcm\u00fcze kadar ger\u00e7ekle\u015ftirdi\u011fi ya da ger\u00e7ekle\u015ftirmeyi planlad\u0131\u011f\u0131 eylemlere bak\u0131ld\u0131\u011f\u0131nda darbe te\u015febb\u00fcs\u00fcnden hi\u00e7bir zaman vazge\u00e7medi\u011fi, \u00fclkede darbe zemini olu\u015fturmak ve nihayetinde de T\u00fcrk Silahl\u0131 Kuvvetleri i\u00e7erisindeki uzant\u0131lar\u0131 ile hedefledikleri darbeyi ger\u00e7ekle\u015ftirmek i\u00e7in faaliyetlerini s\u00fcrd\u00fcrd\u00fckleri g\u00f6r\u00fclmektedir. Nitekim, 2003-2004 y\u0131llar\u0131nda haz\u0131rlanan &#8216;Ay\u0131\u015f\u0131\u011f\u0131&#8217; kod adl\u0131 darbe plan\u0131nda &#8216;Ay\u0131\u015f\u0131\u011f\u0131&#8217; ve &#8216;Yakamoz&#8217; darbe planlar\u0131n\u0131 haz\u0131rlayan ve uygulayacak olan kadrolar de\u015fifre olur ve da\u011f\u0131t\u0131l\u0131rsa plan\u0131n aynen devam ettirilmesi i\u00e7in ikinci bir yap\u0131lanma olu\u015fturulmas\u0131 ve bu yap\u0131lanman\u0131n \u00e7ok gizli tutulmas\u0131&#8217; gerekti\u011fi belirtilmi\u015ftir&#8221; denildi.<\/p>\n<p style=\"text-align: justify;\"><strong><em>4 ayr\u0131 darbe plan\u0131<\/em><\/strong><\/p>\n<p style=\"text-align: justify;\">\u015e\u00fcphelilerden ele ge\u00e7irilen verilerden &#8220;Ergenekon silahl\u0131 ter\u00f6r \u00f6rg\u00fct\u00fcn\u00fcn 2003-2004 y\u0131llar\u0131nda ve sonras\u0131nda mevcut h\u00fck\u00fcmeti silah zoru ile devirip antidemokratik yollarla devlet idaresini ele ge\u00e7irmeyi planlad\u0131\u011f\u0131&#8221;, bu \u00e7er\u00e7evede &#8220;Sar\u0131k\u0131z&#8221;, &#8220;Ay\u0131\u015f\u0131\u011f\u0131&#8221;, &#8220;Yakamoz&#8221; ve &#8220;Eldiven&#8221; olmak \u00fczere 4 ayr\u0131 darbe plan\u0131 haz\u0131rl\u0131\u011f\u0131 yap\u0131ld\u0131\u011f\u0131n\u0131n anla\u015f\u0131ld\u0131\u011f\u0131 belirtilen iddianamede, \u015f\u00f6yle denildi:<\/p>\n<p style=\"text-align: justify;\">&#8220;&#8221;Ergenekon silahl\u0131 ter\u00f6r \u00f6rg\u00fct\u00fc taraf\u0131ndan kurulan ve y\u00f6nlendirilen Cumhuriyet \u00c7al\u0131\u015fma Grubu haz\u0131rlad\u0131\u011f\u0131 ve uygulamaya koydu\u011fu darbe planlar\u0131 \u00e7er\u00e7evesinde; Hilmi \u00d6zk\u00f6k&#8217;\u00fcn istifas\u0131 talebini i\u00e7eren kendileri taraf\u0131ndan kaleme al\u0131nm\u0131\u015f mektuplar\u0131, muvazzaf askerler taraf\u0131ndan haz\u0131rlanm\u0131\u015f g\u00f6r\u00fcnt\u00fcs\u00fc verilerek Hilmi \u00d6zk\u00f6k&#8217;e g\u00f6nderilmek suretiyle onu bask\u0131 alt\u0131na almaya \u00e7al\u0131\u015ft\u0131klar\u0131, darbe haz\u0131rl\u0131klar\u0131na destek sa\u011flamak amac\u0131yla emekli generallere mektup g\u00f6nderdikleri, ulusal yay\u0131n yapan gazete ve televizyon sahiplerinin \u00e7a\u011fr\u0131larak, iktidardaki h\u00fck\u00fcmet aleyhine ve \u00f6zellikle askerin h\u00fck\u00fcmete bak\u0131\u015f a\u00e7\u0131s\u0131n\u0131 sert mesajlarla topluma duyurulmas\u0131 amac\u0131yla yay\u0131n yap\u0131lmas\u0131 i\u00e7in bask\u0131 yap\u0131ld\u0131\u011f\u0131 ve bu yap\u0131lan bask\u0131lar sonucunda ama\u00e7lanan yay\u0131nlar\u0131n yap\u0131lmas\u0131n\u0131n sa\u011fland\u0131\u011f\u0131, \u00f6rg\u00fct y\u00f6neticisi \u0130lhan Sel\u00e7uk&#8217;un ve \u00f6rg\u00fct \u00fcyesi Mustafa Balbay&#8217;\u0131n talimatlar\u0131 ile Cumhuriyet Gazetesinin \u00f6rg\u00fct\u00fcn amac\u0131 do\u011frultusunda bu y\u00f6ndeki haberleri man\u015fetten vermek suretiyle darbe haz\u0131rl\u0131klar\u0131na katk\u0131da bulunmaya \u00e7al\u0131\u015ft\u0131klar\u0131,<\/p>\n<p style=\"text-align: justify;\">\u00dclkede karga\u015fa meydana gelmesini sa\u011flamak amac\u0131yla \u00f6\u011frencileri g\u00f6sterilerle soka\u011fa d\u00f6kmeye \u00e7al\u0131\u015ft\u0131klar\u0131, bu ama\u00e7la baz\u0131 rekt\u00f6rlerle g\u00f6r\u00fc\u015ft\u00fckleri, ayr\u0131ca rekt\u00f6rlerden h\u00fck\u00fcmete sert tepki g\u00f6stermelerini istedikleri, bunun \u00fczerine harekete ge\u00e7en baz\u0131 rekt\u00f6rlerin h\u00fck\u00fcmet aleyhine sert a\u00e7\u0131klamalar yapt\u0131klar\u0131, \u00f6zellikle Ergenekon silahl\u0131 ter\u00f6r \u00f6rg\u00fct\u00fc y\u00f6neticileri d\u00f6nemin Y\u00d6K Ba\u015fkan\u0131 Kemal G\u00fcr\u00fcz ile \u0130\u00dc Rekt\u00f6r\u00fc Kemal Alemdaro\u011flu&#8217;nun bu organizasyonlar\u0131 yapt\u0131klar\u0131, &#8216;Ordu g\u00f6reve&#8217; yaz\u0131l\u0131 pankartlar\u0131n as\u0131ld\u0131\u011f\u0131 mitinglerde g\u00f6r\u00fcnt\u00fc kay\u0131tlar\u0131n\u0131n bulundu\u011fu, o d\u00f6nem iktidarda bulunan h\u00fck\u00fcmeti par\u00e7alay\u0131p \u00fclkeyi y\u00f6netmeyecek hale getirmek ve bunun sonucunda \u00fclkede \u00e7\u0131kacak kaosla darbeye zemin olu\u015fmas\u0131n\u0131 sa\u011flamak amac\u0131yla, \u00f6rg\u00fct \u00fcyesi \u0130smail Y\u0131ld\u0131z&#8217;a milletvekilleri hakk\u0131nda ara\u015ft\u0131rma yapt\u0131rd\u0131klar\u0131 ve bu yolla iktidar partisinden ayr\u0131labilecek nitelikteki milletvekillerini tespit ettikleri, bu do\u011frultuda \u00f6rg\u00fct \u00fcyeleri Levent Ers\u00f6z, Hasan Atilla U\u011fur ve \u0130smail Y\u0131ld\u0131z&#8217;\u0131n mecliste yer almayan baz\u0131 siyasi parti liderleri ile g\u00f6r\u00fc\u015ft\u00fckleri ve yap\u0131lan bu g\u00f6r\u00fc\u015fmeyi kayda ald\u0131klar\u0131,<\/p>\n<p style=\"text-align: justify;\">Bu ama\u00e7la bakanlar, milletvekilleri, \u00fcst d\u00fczey b\u00fcrokratlar\u0131n siyasi g\u00f6r\u00fc\u015fleri ve ya\u015fam tarzlar\u0131 ilgili ki\u015fisel verileri hukuka ayk\u0131r\u0131 olarak kaydettikleri, ayr\u0131ca \u00f6rg\u00fct\u00fcn stratejileri aras\u0131nda bulunan &#8216;K\u0131br\u0131s sorunun \u00e7\u00f6z\u00fcms\u00fczl\u00fc\u011fe g\u00f6t\u00fcrmek&#8217; amac\u0131na matuf olarak a\u00e7\u0131klamalar yapt\u0131klar\u0131, sivil toplum kurulu\u015flar\u0131n\u0131 y\u00f6nlendirmeye \u00e7al\u0131\u015ft\u0131klar\u0131 ve b\u00f6ylece \u00fclkenin d\u0131\u015f politikas\u0131n\u0131n olumsuz y\u00f6nde etkileyerek siyasi istikrars\u0131zl\u0131\u011f\u0131 sa\u011flamaya \u00e7al\u0131\u015ft\u0131klar\u0131, Mehmet \u015eener Eruygur&#8217;un K\u0131br\u0131s B\u00fcy\u00fckel\u00e7isini makam\u0131na \u00e7a\u011f\u0131rarak bundan sonraki s\u00fcre\u00e7te her talimat\u0131 kendisinden alaca\u011f\u0131n\u0131, Genelkurmay Ba\u015fkan\u0131 \u00e7a\u011f\u0131rd\u0131\u011f\u0131nda kendisine basit bilgileri verece\u011fini, \u00f6nemli husustaki bilgileri bizzat kendisine vermesi gerekti\u011fi \u015feklinde talimat verdi\u011finin ses ve g\u00f6r\u00fcnt\u00fc kay\u0131tlar\u0131ndan anla\u015f\u0131ld\u0131\u011f\u0131, darbe planlar\u0131 i\u00e7erisinde yer alan kuvvet komutanlar\u0131n\u0131n, uygulad\u0131klar\u0131 plana uygun olarak, y\u00fcr\u00fctme organ\u0131 \u00fczerinde bask\u0131 amac\u0131yla harp okullar\u0131n\u0131n e\u011fitim d\u00f6nemi a\u00e7\u0131l\u0131\u015f ve diploma t\u00f6renlerinde sert a\u00e7\u0131klamalar yapt\u0131klar\u0131,<\/p>\n<p style=\"text-align: justify;\">Ergenekon silahl\u0131 ter\u00f6r \u00f6rg\u00fct\u00fc y\u00f6neticisi \u0130lhan Sel\u00e7uk, \u00f6rg\u00fct \u00fcyeleri Mustafa Balbay, Levent Ers\u00f6z, Hasan Atilla U\u011fuR&#8217;un \u00e7o\u011fu kez \u015eener Eruygur&#8217;un makam\u0131nda gizli toplant\u0131lar yapt\u0131klar\u0131, burada eylem plan\u0131n\u0131 g\u00f6r\u00fc\u015ft\u00fckleri, \u00f6zellikle \u0130lhan Sel\u00e7uk&#8217;un i\u00e7inde yer ald\u0131\u011f\u0131 9 Mart 1971&#8217;de darbe te\u015febb\u00fcs\u00fc ile ilgili tecr\u00fcbelerini aktararak dikkat edilmesi gereken hususlarda tavsiyelerde bulundu\u011fu, \u0130lhan Sel\u00e7uk&#8217;la \u015eener Eruygur ve di\u011fer asker k\u00f6kenli \u00f6rg\u00fct \u00fcyeleri aras\u0131ndaki irtibat\u0131 ve haberle\u015fmeyi Mustafa Balbay&#8217;\u0131n sa\u011flad\u0131\u011f\u0131, bu d\u00f6nemde &#8216;Ulusal Birlik Hareketi&#8217;ni kurdurarak, kendilerine yak\u0131n sivil toplum kurulu\u015flar\u0131n\u0131 tek merkezden y\u00f6netmeye \u00e7al\u0131\u015ft\u0131klar\u0131, Cumhuriyet \u00c7al\u0131\u015fma Grubu&#8217;nun planlar\u0131 aras\u0131nda yer alan &#8216;sendikalar\u0131n maniple edilmesi&#8217; stratejisine uygun olarak, \u00f6zellikle \u00f6rg\u00fct \u00fcyesi Mustafa \u00d6zbek&#8217;in ba\u015fkan\u0131 oldu\u011fu sendika ile kendileri ile birlikte hareket edecekleri y\u00f6n\u00fcnde tespitler yapt\u0131klar\u0131 baz\u0131 sendikalar\u0131 ama\u00e7lar\u0131na uygun olarak y\u00f6nlendirdikleri anla\u015f\u0131lm\u0131\u015ft\u0131r.&#8221;<\/p>\n<p style=\"text-align: justify;\"><strong><em>Planlanan eylemler<\/em><\/strong><\/p>\n<p style=\"text-align: justify;\">\u0130ddianamede, &#8220;toplumda infial yaratmak i\u00e7in yap\u0131lan eylemler&#8221; b\u00f6l\u00fcm\u00fcnde Cumhuriyet Gazetesinin bombalanmas\u0131 eylemi ve Dan\u0131\u015ftay sald\u0131r\u0131s\u0131na yer verildi.<\/p>\n<p style=\"text-align: justify;\">&#8220;\u00d6rg\u00fct\u00fcn ger\u00e7ekle\u015ftirmeyi planlad\u0131\u011f\u0131 eylemler&#8221; b\u00f6l\u00fcm\u00fcnde de \u00dcmraniye&#8217;de ele ge\u00e7irilen bombalara dikkat \u00e7ekilen iddianamede, &#8220;Yarg\u0131tay mensuplar\u0131na suikast haz\u0131rl\u0131\u011f\u0131 i\u00e7inde oldu\u011fu&#8221;na vurgu yap\u0131ld\u0131. \u0130ddianamede, \u0130\u015f\u00e7i Partisi Ankara Genel Merkez binas\u0131nda yap\u0131lan aramada ele ge\u00e7irilen CD i\u00e7erisinde; &#8220;Yarg\u0131tay&#8221; isimli pdf dosyas\u0131nda elle \u00e7izilmi\u015f basit bir krokinin yer ald\u0131\u011f\u0131 ifade edilerek, &#8220;Ergenekon silahl\u0131 ter\u00f6r \u00f6rg\u00fct\u00fcn\u00fcn Yarg\u0131tay Ba\u015fkanl\u0131\u011f\u0131nda g\u00f6revli \u00fcst d\u00fczey bir y\u00f6neticiye y\u00f6nelik suikast haz\u0131rl\u0131klar\u0131 yapt\u0131\u011f\u0131 anla\u015f\u0131ld\u0131\u011f\u0131&#8221; iddia edildi.<\/p>\n<p style=\"text-align: justify;\">Soru\u015fturma kapsam\u0131nda &#8220;NATO tesislerine sald\u0131r\u0131 haz\u0131rl\u0131\u011f\u0131&#8221; oldu\u011funa da yer verilen iddianamede, ayr\u0131ca gazeteci-yazar Fenmi Koru ve yazar Orhan Pamuk&#8217;a da y\u00f6nelik silahl\u0131 sald\u0131r\u0131 haz\u0131rl\u0131\u011f\u0131nda olundu\u011fu \u00f6ne s\u00fcr\u00fcld\u00fc. \u0130ddianamede, Diyarbak\u0131r Belediye Ba\u015fkan\u0131 Osman Baydemir&#8217;e, DTP Milletvekili Sebahat Tuncel ve Ahmet T\u00fcrk&#8217;e y\u00f6nelik silahl\u0131 sald\u0131r\u0131 haz\u0131rl\u0131\u011f\u0131 i\u00e7inde olundu\u011fu da ifade edilerek, Ermeni as\u0131ll\u0131 Minas Durmaz G\u00fcler&#8217;e y\u00f6nelik suikast haz\u0131rl\u0131\u011f\u0131nda olundu\u011fu da yer ald\u0131. T\u00fcrkiye Ermenileri Patri\u011fi Mesrob Mutafyan&#8217;a y\u00f6nelik suikast planlar\u0131n\u0131n da oldu\u011fu dile getirilen iddianamede, Alevi-Bekta\u015fi Federasyonu Genel Ba\u015fkan\u0131 Ali Balk\u0131z&#8217;a y\u00f6nelik de suikast haz\u0131rl\u0131\u011f\u0131 oldu\u011fu belirtildi.<\/p>\n<p style=\"text-align: justify;\"><span style=\"color: #888888;\">CNN T\u00dcRK<\/span><\/p>\n","protected":false},"excerpt":{"rendered":"<p style=\"text-align: center;\">\n<p style=\"text-align: justify;\">3. Ergenekon iddianamesinde, &#8220;Ergenekon silahl\u0131 ter\u00f6r \u00f6rg\u00fct\u00fcn\u00fcn h\u00fccre tipi bir yap\u0131lanmaya haiz gizli bir \u00f6rg\u00fct olmas\u0131, yap\u0131lanmas\u0131n\u0131 geni\u015f bir alana yaym\u0131\u015f bulunmas\u0131, devlet i\u00e7erisinde de\u011fi\u015fik kurumlara s\u0131zmas\u0131, ger\u00e7ekle\u015ftirdi\u011fi eylemlerin ya da te\u015febb\u00fcs etti\u011fi eylemlerin niteli\u011fi bir taraftan \u00f6rg\u00fct\u00fcn b\u00fcy\u00fckl\u00fc\u011f\u00fcn\u00fc g\u00f6sterirken di\u011fer taraftan da t\u00fcm yap\u0131lar\u0131n\u0131n ve mensuplar\u0131n\u0131n ayn\u0131 anda de\u015fifre <\/p>\n","protected":false},"author":1,"featured_media":0,"comment_status":"open","ping_status":"closed","sticky":false,"template":"","format":"standard","meta":{"footnotes":""},"categories":[105],"tags":[],"class_list":["post-12891","post","type-post","status-publish","format-standard","hentry","category-gundem","odd"],"_links":{"self":[{"href":"http:\/\/www.korhanyilmaz.com\/index.php?rest_route=\/wp\/v2\/posts\/12891","targetHints":{"allow":["GET"]}}],"collection":[{"href":"http:\/\/www.korhanyilmaz.com\/index.php?rest_route=\/wp\/v2\/posts"}],"about":[{"href":"http:\/\/www.korhanyilmaz.com\/index.php?rest_route=\/wp\/v2\/types\/post"}],"author":[{"embeddable":true,"href":"http:\/\/www.korhanyilmaz.com\/index.php?rest_route=\/wp\/v2\/users\/1"}],"replies":[{"embeddable":true,"href":"http:\/\/www.korhanyilmaz.com\/index.php?rest_route=%2Fwp%2Fv2%2Fcomments&post=12891"}],"version-history":[{"count":0,"href":"http:\/\/www.korhanyilmaz.com\/index.php?rest_route=\/wp\/v2\/posts\/12891\/revisions"}],"wp:attachment":[{"href":"http:\/\/www.korhanyilmaz.com\/index.php?rest_route=%2Fwp%2Fv2%2Fmedia&parent=12891"}],"wp:term":[{"taxonomy":"category","embeddable":true,"href":"http:\/\/www.korhanyilmaz.com\/index.php?rest_route=%2Fwp%2Fv2%2Fcategories&post=12891"},{"taxonomy":"post_tag","embeddable":true,"href":"http:\/\/www.korhanyilmaz.com\/index.php?rest_route=%2Fwp%2Fv2%2Ftags&post=12891"}],"curies":[{"name":"wp","href":"https:\/\/api.w.org\/{rel}","templated":true}]}}