{"id":12881,"date":"2009-08-06T09:35:08","date_gmt":"2009-08-06T06:35:08","guid":{"rendered":"http:\/\/www.korhanyilmaz.com\/?p=12881"},"modified":"2009-08-06T09:35:08","modified_gmt":"2009-08-06T06:35:08","slug":"yat-asena-gorev-var-ermeni-oldurulmeli","status":"publish","type":"post","link":"http:\/\/www.korhanyilmaz.com\/?p=12881","title":{"rendered":"&#039; Yat asena g\u00f6rev var. Ermeni \u00f6ld\u00fcr\u00fclmeli &#039;"},"content":{"rendered":"<p style=\"text-align: center;\"><a href=\"http:\/\/www.korhanyilmaz.com\/wp-content\/uploads\/2009\/08\/G\u00d6REV.jpg\"  class=\"lightview\"><img loading=\"lazy\" decoding=\"async\" class=\"aligncenter size-full wp-image-12882\" src=\"http:\/\/www.korhanyilmaz.com\/wp-content\/uploads\/2009\/08\/G\u00d6REV.jpg\" alt=\"\" width=\"307\" height=\"236\" \/><\/a><\/p>\n<p style=\"text-align: justify;\">\u00dc\u00e7\u00fcnc\u00fc &#8220;Ergenekon&#8221; iddianamesinde, eski \u00d6zel Harekat Daire Ba\u015fkanvekili \u0130brahim \u015eahin&#8217;in, &#8220;Ermeni k\u00f6kenli ki\u015filerle ilgili ara\u015ft\u0131rmalar yapt\u0131\u011f\u0131, tarihe malolmu\u015f bir k\u0131s\u0131m olaylarla ilgili d\u00fczenlenen kampanyalara kat\u0131lan ki\u015filerin isimlerini tespite \u00e7al\u0131\u015ft\u0131\u011f\u0131&#8221; \u00f6ne s\u00fcr\u00fcld\u00fc.<\/p>\n<p style=\"text-align: justify;\">\u0130ddianamede, \u015eahin&#8217;in, Susurluk kazas\u0131ndan sonra Veli K\u00fc\u00e7\u00fck&#8217;\u00fcn Bal\u0131kesir Emniyet M\u00fcd\u00fcr\u00fc Nihat Camadan&#8217;\u0131 arayarak, &#8220;Abdullah \u00c7atl\u0131 bizim adam\u0131m\u0131z. \u0130ki ki\u015fi yolluyorum. Onlar\u0131n naa\u015flar\u0131n\u0131 als\u0131nlar&#8221; dedi\u011fini, o tarihte Ba\u015fbakan olan Mesut Y\u0131lmaz&#8217;\u0131n kendisine s\u00f6yledi\u011fini, naa\u015flar\u0131 almaya giden ki\u015filerden birinin Sami Ho\u015ftan, di\u011ferinin de e\u011fer yanl\u0131\u015f hat\u0131rlam\u0131yorsa Mehmet \u015eehirli isimli bir gazeteci oldu\u011funu, Mesut Y\u0131lmaz&#8217;a da bu bilgiyi Nihat Camadan&#8217;\u0131n bildirdi\u011fini beyan etti\u011fi belirtildi.<!--more--><\/p>\n<p style=\"text-align: justify;\">\u015eahin&#8217;in Ankara Yenimahalle&#8217;de bulunan evinde ele ge\u00e7irilen S-l ba\u015fl\u0131kl\u0131 4 sayfal\u0131k dok\u00fcmanda emniyet g\u00f6revlisi olan \u015f\u00fcpheliler Servet Kaynak, Fahri S\u00fcsl\u00fc, Kemalettin Baki, B\u00fclent G\u00fcng\u00f6rd\u00fc, Zerrar At\u0131k, Murat \u00c7avdar, Mehmet Dalagan ile T\u00fcrk Silahl\u0131 Kuvvetleri mensubu olan \u015f\u00fcpheliler Taylan \u00d6zg\u00fcr K\u0131rm\u0131z\u0131, Emre Baltac\u0131, Melih Y\u00fcksel, Onur \u00d6zdemir, Cihan Ar\u0131k, \u0130lhan Bolay\u0131r, Murat Eke, Ali Oktay \u015eahbaz&#8217;\u0131n do\u011fum yeri, do\u011fum tarihi, TC kimlik numaras\u0131, kan grubu, g\u00f6rev yeri, r\u00fctbesi ve sicil numaras\u0131ndan olu\u015fan bilgilerin yer ald\u0131\u011f\u0131n\u0131n tespit edildi\u011fi vurgulanan iddianamede, \u0130brahim \u015eahin&#8217;in 28 Aral\u0131k 2008&#8217;de Fatma Cengiz&#8217;e g\u00f6nderdi\u011fi mesajda, &#8220;Yat asena g\u00f6rev var. Ermeni \u00f6ld\u00fcr\u00fclmeli&#8221;, 24 Aral\u0131k 2008 tarihinde ise &#8220;Ben Ermeniler&#8217;e kar\u015f\u0131 kurulan \u00f6rg\u00fct\u00fcn ilk ba\u015fkan\u0131y\u0131m bunlar benim pe&#8230;&#8221; \u015feklinde mesajlar g\u00f6nderdi\u011fi \u00f6ne s\u00fcr\u00fcld\u00fc.<\/p>\n<p style=\"text-align: justify;\">\u0130ddianamede, S-l isimli yap\u0131lanman\u0131n \u0130brahim \u015eahin&#8217;in kontrol\u00fcnde kamu g\u00f6revlilerinden yasa d\u0131\u015f\u0131 ama\u00e7lara y\u00f6nelik olarak olu\u015fturulan bir ekip oldu\u011fu kaydedildi.<\/p>\n<p style=\"text-align: justify;\">\u015eahin&#8217;in, Kad\u0131k\u00f6y 19 May\u0131s Mahallesi&#8217;ndeki evinde yap\u0131lan aramada el konulan 148 delil numaras\u0131 verilmi\u015f dosya i\u00e7erisinde bulunan belgelerin birinde g\u00f6sterilen yerde yap\u0131lan kaz\u0131da silah ve m\u00fchimmat bulundu\u011fu ifade edilen iddianamede, &#8220;\u00d6\u011fretmen ders notu&#8221; ba\u015fl\u0131\u011f\u0131yla ba\u015flayan &#8220;Konu: Sabotaj&#8221; ibareli dok\u00fcmanda ise suikast ama\u00e7l\u0131 patlay\u0131c\u0131 madde ve d\u00fczenek imali konusunda ayr\u0131nt\u0131l\u0131 a\u00e7\u0131klamalar\u0131n yer ald\u0131\u011f\u0131n\u0131n belirlendi\u011fi vurguland\u0131.<\/p>\n<p style=\"text-align: justify;\"><strong><em>Patrikhane krokisi<\/em><\/strong><\/p>\n<p style=\"text-align: justify;\">\u0130ddianamede, ayn\u0131 yerde ayr\u0131ca \u0130stanbul&#8217;daki Ermeni Patrikhanesi&#8217;nin krokisi ve T\u00fcrkiye Ermenileri Patri\u011fi Mesrob Mutafyan&#8217;\u0131n da aralar\u0131nda bulundu\u011fu foto\u011fraflar\u0131n oldu\u011fu ifade edilen iddianamede, eylemin kimler taraf\u0131ndan yap\u0131laca\u011f\u0131na dair \u00e7e\u015fitli belgeler de ele ge\u00e7irildi\u011fi ifade edildi.<\/p>\n<p style=\"text-align: justify;\">\u0130ddianamede, \u015eahin&#8217;in kamu g\u00f6revlisi olan akrabas\u0131 Erdal \u015eahin arac\u0131l\u0131\u011f\u0131yla Ermenilerden \u00f6z\u00fcr dilenmesi y\u00f6n\u00fcnde TBMM Ba\u015fkanl\u0131\u011f\u0131na dilek\u00e7e vererek kampanya d\u00fczenleyen ki\u015filerin isim listesini temin etmeye \u00e7al\u0131\u015ft\u0131\u011f\u0131 da \u00f6ne s\u00fcr\u00fcld\u00fc.<\/p>\n<p style=\"text-align: justify;\">\u0130ddianamede, \u015eahin&#8217;in, Mehmet Fikri Karada\u011f, Muzaffer Tekin ve Emin Caner Yi\u011fit dolay\u0131s\u0131yla Veli K\u00fc\u00e7\u00fck ve di\u011fer \u00f6rg\u00fct mensuplar\u0131 ile irtibatl\u0131 oldu\u011fu, S-l isimli yap\u0131lanman\u0131n kurucusu, kendisine ba\u011fl\u0131 olan \u00f6rg\u00fct mensuplar\u0131 \u00fczerinde emir ve komutay\u0131 haiz oldu\u011fu iddia edildi.<\/p>\n<p style=\"text-align: justify;\"><strong><em>\u00d6rg\u00fct\u00fcn propaganda y\u00f6ntemi<\/em><\/strong><\/p>\n<p style=\"text-align: justify;\">&#8220;Ergenekon silahl\u0131 ter\u00f6r \u00f6rg\u00fct\u00fcn\u00fcn \u00fclkede darbe zemini olu\u015fturmak i\u00e7in hemen her ortamda vatan\u0131n elden gitti\u011fi, \u00fclkenin Kurtulu\u015f Sava\u015f\u0131 y\u0131llar\u0131ndan daha k\u00f6t\u00fc bir durumda oldu\u011fu ve bir an evvel kurtar\u0131lmas\u0131 gerekti\u011fi y\u00f6n\u00fcnde propaganda yapt\u0131\u011f\u0131 bilinmektedir&#8221; denilen iddianamede, &#8220;\u00f6rg\u00fct\u00fcn medya yap\u0131lanmas\u0131 i\u00e7erisindeki mensuplar\u0131n\u0131n gazete ve dergilerinde ayn\u0131 y\u00f6nde haberler yaparak ve yaz\u0131lar yazarak propagandalar\u0131n\u0131 s\u00fcrd\u00fcrd\u00fckleri&#8221; belirtildi.<\/p>\n<p style=\"text-align: justify;\">\u0130ddianamede, &#8220;Soru\u015fturma kapsam\u0131nda bug\u00fcne kadar elde edilen delillerden de Ergenekon silahl\u0131 ter\u00f6r \u00f6rg\u00fct\u00fcn\u00fcn \u00fclkemizde darbe zemini olu\u015fturmak i\u00e7in 3 ayr\u0131 yol izledi\u011fi g\u00f6r\u00fclm\u00fc\u015ft\u00fcr. Bunlardan birincisi Dan\u0131\u015ftay sald\u0131r\u0131s\u0131, Cumhuriyet Gazetesine bomba at\u0131lmas\u0131 gibi toplumda infial uyand\u0131racak mahiyette ger\u00e7ekle\u015ftirilen eylemler, ikincisi d\u00fczenledikleri toplant\u0131 g\u00f6steri ve y\u00fcr\u00fcy\u00fc\u015flerinde \u00e7\u0131kart\u0131lan olaylar, \u00fc\u00e7\u00fcnc\u00fcs\u00fc de \u00fclkedeki siyasi partilere m\u00fcdahale ederek yapt\u0131\u011f\u0131 faaliyetlerdir&#8221; denildi.<\/p>\n<p style=\"text-align: justify;\">\u0130brahim \u015eahin&#8217;de ele ge\u00e7en planlardaki suikastlerin ger\u00e7ekle\u015fmesi halinde 8 Mart 2009 tarihli iddianamede ayr\u0131nt\u0131l\u0131 olarak a\u00e7\u0131klanan \u00fclkede darbe zemininin olu\u015fturulmas\u0131 i\u00e7in gerekli kaos ortam\u0131n\u0131n olu\u015faca\u011f\u0131, bu eylemlerin Dan\u0131\u015ftay sald\u0131r\u0131s\u0131, Cumhuriyet Gazetesine bomba at\u0131lmas\u0131 eylemlerine benzer etkiyi yarataca\u011f\u0131 ifade edilen iddianamede, &#8220;Dosyada bulunan bir k\u0131s\u0131m ileti\u015fim tespit tutanaklar\u0131, \u015f\u00fcphelinin evinde ele ge\u00e7en baz\u0131 dok\u00fcmanlardan \u015f\u00fcphelinin Ermeni k\u00f6kenli ki\u015filerle ilgili ara\u015ft\u0131rmalar yapt\u0131\u011f\u0131, tarihe mal olmu\u015f bir k\u0131s\u0131m olaylar ile ilgili d\u00fczenlenen kampanyalara kat\u0131lan ki\u015filerin isimlerini tespite \u00e7al\u0131\u015ft\u0131\u011f\u0131, \u015f\u00fcpheli ile irtibatl\u0131 baz\u0131 \u015f\u00fcphelilerin de Sivas&#8217;ta bulunan Ermeni cemaati temsilcisine y\u00f6nelik eylem haz\u0131rl\u0131\u011f\u0131 i\u00e7erisinde bulunduklar\u0131 anla\u015f\u0131lm\u0131\u015ft\u0131r&#8221; denildi. \u0130ddianamede, \u0130brahim \u015eahin hakk\u0131ndaki Susurluk kazas\u0131 ve \u00d6mer L\u00fctf\u00fc Topal&#8217;\u0131n \u00f6ld\u00fcr\u00fclmesi olaylar\u0131na ili\u015fkin iddialara da yer verildi.<\/p>\n<p style=\"text-align: justify;\"><strong><em>Muvazzaf subaylar\u0131n durumu<\/em><\/strong><\/p>\n<p style=\"text-align: justify;\">\u0130ddianamede ayr\u0131ca, tutuklu san\u0131k muvazzaf subaylar Muhammet Sar\u0131kaya, Murat Eke ve Emre Baltac\u0131&#8217;n\u0131n, \u0130brahim \u015eahin&#8217;e ba\u011fl\u0131 olarak illegal bi\u00e7imde ve ter\u00f6rle m\u00fccadele edilecek bahanesi ve g\u00f6r\u00fcnt\u00fcs\u00fc alt\u0131nda olu\u015fturulan illegal S-l yap\u0131lanmas\u0131 i\u00e7erisinde yer ald\u0131\u011f\u0131, b\u00f6ylece &#8220;Ergenekon silahl\u0131 ter\u00f6r \u00f6rg\u00fct\u00fc&#8221;n\u00fcn \u00fcyesi olduklar\u0131n\u0131n anla\u015f\u0131ld\u0131\u011f\u0131 belirtildi.<\/p>\n<p style=\"text-align: justify;\"><span style=\"color: #888888;\">CNN T\u00dcRK<\/span><\/p>\n","protected":false},"excerpt":{"rendered":"<p style=\"text-align: center;\">\n<p style=\"text-align: justify;\">\u00dc\u00e7\u00fcnc\u00fc &#8220;Ergenekon&#8221; iddianamesinde, eski \u00d6zel Harekat Daire Ba\u015fkanvekili \u0130brahim \u015eahin&#8217;in, &#8220;Ermeni k\u00f6kenli ki\u015filerle ilgili ara\u015ft\u0131rmalar yapt\u0131\u011f\u0131, tarihe malolmu\u015f bir k\u0131s\u0131m olaylarla ilgili d\u00fczenlenen kampanyalara kat\u0131lan ki\u015filerin isimlerini tespite \u00e7al\u0131\u015ft\u0131\u011f\u0131&#8221; \u00f6ne s\u00fcr\u00fcld\u00fc.<\/p>\n<p style=\"text-align: justify;\">\u0130ddianamede, \u015eahin&#8217;in, Susurluk kazas\u0131ndan sonra Veli K\u00fc\u00e7\u00fck&#8217;\u00fcn Bal\u0131kesir Emniyet M\u00fcd\u00fcr\u00fc Nihat Camadan&#8217;\u0131 arayarak, &#8220;Abdullah \u00c7atl\u0131 bizim adam\u0131m\u0131z. <\/p>\n","protected":false},"author":1,"featured_media":0,"comment_status":"open","ping_status":"closed","sticky":false,"template":"","format":"standard","meta":{"footnotes":""},"categories":[105],"tags":[],"class_list":["post-12881","post","type-post","status-publish","format-standard","hentry","category-gundem","odd"],"_links":{"self":[{"href":"http:\/\/www.korhanyilmaz.com\/index.php?rest_route=\/wp\/v2\/posts\/12881","targetHints":{"allow":["GET"]}}],"collection":[{"href":"http:\/\/www.korhanyilmaz.com\/index.php?rest_route=\/wp\/v2\/posts"}],"about":[{"href":"http:\/\/www.korhanyilmaz.com\/index.php?rest_route=\/wp\/v2\/types\/post"}],"author":[{"embeddable":true,"href":"http:\/\/www.korhanyilmaz.com\/index.php?rest_route=\/wp\/v2\/users\/1"}],"replies":[{"embeddable":true,"href":"http:\/\/www.korhanyilmaz.com\/index.php?rest_route=%2Fwp%2Fv2%2Fcomments&post=12881"}],"version-history":[{"count":0,"href":"http:\/\/www.korhanyilmaz.com\/index.php?rest_route=\/wp\/v2\/posts\/12881\/revisions"}],"wp:attachment":[{"href":"http:\/\/www.korhanyilmaz.com\/index.php?rest_route=%2Fwp%2Fv2%2Fmedia&parent=12881"}],"wp:term":[{"taxonomy":"category","embeddable":true,"href":"http:\/\/www.korhanyilmaz.com\/index.php?rest_route=%2Fwp%2Fv2%2Fcategories&post=12881"},{"taxonomy":"post_tag","embeddable":true,"href":"http:\/\/www.korhanyilmaz.com\/index.php?rest_route=%2Fwp%2Fv2%2Ftags&post=12881"}],"curies":[{"name":"wp","href":"https:\/\/api.w.org\/{rel}","templated":true}]}}