{"id":12877,"date":"2009-08-06T09:38:04","date_gmt":"2009-08-06T06:38:04","guid":{"rendered":"http:\/\/www.korhanyilmaz.com\/?p=12877"},"modified":"2009-08-06T09:38:04","modified_gmt":"2009-08-06T06:38:04","slug":"guruz-eruygura-duzenli-bilgi-veriyordu","status":"publish","type":"post","link":"http:\/\/www.korhanyilmaz.com\/?p=12877","title":{"rendered":"G\u00fcr\u00fcz, Eruygur&#039;a d\u00fczenli bilgi veriyordu"},"content":{"rendered":"<p style=\"text-align: center;\"><a href=\"http:\/\/www.korhanyilmaz.com\/wp-content\/uploads\/2009\/08\/file.ashx1.jpg\"  class=\"lightview\"><img loading=\"lazy\" decoding=\"async\" class=\"aligncenter size-full wp-image-12878\" src=\"http:\/\/www.korhanyilmaz.com\/wp-content\/uploads\/2009\/08\/file.ashx1.jpg\" alt=\"\" width=\"307\" height=\"236\" \/><\/a><\/p>\n<p style=\"text-align: justify;\">\u00dc\u00e7\u00fcnc\u00fc &#8220;Ergenekon&#8221; iddianamesinde, eski Y\u00d6K Ba\u015fkan\u0131 Prof. Dr. Kemal G\u00fcr\u00fcz&#8217;\u00fcn, &#8220;emekli Orgeneral Mehmet \u015eener Eruygur&#8217;a d\u00fczenli bilgi verdi\u011fi ve &#8216;Ergenekon&#8217; silahl\u0131 ter\u00f6r \u00f6rg\u00fct\u00fcn\u00fcn ara y\u00f6neticisi oldu\u011fu&#8221; \u00f6ne s\u00fcr\u00fcld\u00fc.<\/p>\n<p style=\"text-align: justify;\">\u0130ddianamede, eski Y\u00d6K Ba\u015fkan\u0131 Prof. Dr. Kemal G\u00fcr\u00fcz&#8217;\u00fcn, Y\u00d6K ba\u015fkanl\u0131\u011f\u0131ndan emekli oldu\u011fu halde, \u00f6rg\u00fct\u00fcn talimat\u0131 ile Y\u00d6K \u00fcyeli\u011fi ve \u00fcniversitelerdeki rekt\u00f6rl\u00fck se\u00e7imlerine m\u00fcdahale etti\u011fi, bu ama\u00e7la se\u00e7ime i\u015ftirak eden ki\u015filerle g\u00f6r\u00fc\u015fmeler yapt\u0131\u011f\u0131 ve \u00f6rg\u00fct\u00fcn ileride kullanabilece\u011fini d\u00fc\u015f\u00fcnd\u00fc\u011f\u00fc \u015fah\u0131slar\u0131n \u00fcniversite y\u00f6netimlerine se\u00e7ilmelerini sa\u011flamak ve \u00fcniversitelerde kadrola\u015fmak amac\u0131yla bu ki\u015filere oy verilmesi y\u00f6n\u00fcnde bask\u0131 uygulad\u0131\u011f\u0131, se\u00e7ilmesini istemedi\u011fi ki\u015filer hakk\u0131nda as\u0131ls\u0131z s\u00f6ylentiler ve haberleri yayarak onlar\u0131 y\u0131pratmaya ve b\u00f6ylece \u00fcniversite y\u00f6netimlerine, \u00f6rg\u00fct\u00fcn belirledi\u011fi strateji do\u011frultusunda y\u00f6nlendirmeyi ama\u00e7lad\u0131klar\u0131 ki\u015filerin se\u00e7ilmesini sa\u011flamaya \u00e7al\u0131\u015ft\u0131\u011f\u0131&#8221; belirtildi. <!--more--><\/p>\n<p style=\"text-align: justify;\">\u0130ddianamede, G\u00fcr\u00fcz&#8217;\u00fcn &#8220;yap\u0131lan \u00e7al\u0131\u015fmalarla ilgili \u00f6rg\u00fct y\u00f6neticisi \u015eener Eruygur&#8217;a d\u00fczenli bilgi verdi\u011fi ve ondan baz\u0131 \u015fah\u0131slara bask\u0131 uygulamas\u0131 i\u00e7in taleplerde bulundu\u011fu, ayr\u0131ca baz\u0131 medya mensuplar\u0131 ile g\u00f6r\u00fc\u015ferek, rekt\u00f6rl\u00fck se\u00e7imlerinde destekledi\u011fi ki\u015filerin muhalifleri aleyhine yaz\u0131 yaz\u0131lmas\u0131n\u0131 sa\u011flad\u0131\u011f\u0131 ve \u00f6rg\u00fct \u00fcyesi Mustafa Balbay ile de bu y\u00f6nde bir\u00e7ok g\u00f6r\u00fc\u015fmesinin bulundu\u011fu, g\u00f6rev s\u0131ras\u0131nda temin etti\u011fi devletin i\u00e7 veya d\u0131\u015f siyasal yararlar\u0131na ili\u015fkin gizli belgeleri saklad\u0131\u011f\u0131, Ergenekon silahl\u0131 ter\u00f6r \u00f6rg\u00fct\u00fcn\u00fcn ara y\u00f6netici olarak emekli olduktan sonra da eylem ve faaliyetlerini s\u00fcrd\u00fcrd\u00fc\u011f\u00fcn\u00fcn anla\u015f\u0131ld\u0131\u011f\u0131&#8221; vurguland\u0131.<\/p>\n<p style=\"text-align: justify;\">\u00fcpheli Yarbay Mustafa D\u00f6nmez&#8217;in de &#8220;Ergenekon silahl\u0131 ter\u00f6r \u00f6rg\u00fct\u00fcn\u00fcn \u00fcyesi oldu\u011fu, Ba\u015fbakan&#8217;a suikast giri\u015fimi i\u00e7in \u00e7al\u0131\u015fma yap\u0131p evinin krokilerini \u00e7\u0131kard\u0131\u011f\u0131, devlete ait gizli olan ve mahiyet itibar\u0131yla gizli kalmas\u0131 gereken bilgi ve belgeler ile vahim nitelikli silah, m\u00fchimmat\u0131, patlay\u0131c\u0131 madde bulundurdu\u011fu, ki\u015fileri, \u00f6zel hayatlar\u0131, dini ve siyasi g\u00f6r\u00fc\u015flerine g\u00f6re ki\u015fisel verileri hukuka ayk\u0131r\u0131 olarak kaydetmek su\u00e7lar\u0131n\u0131 i\u015fledi\u011fi&#8221; savunulan iddianamede, &#8220;\u015f\u00fcphelinin, ele ge\u00e7irilen m\u00fchimmat ve askeri malzemelerin mahiyeti de g\u00f6z \u00f6n\u00fcne al\u0131nd\u0131\u011f\u0131nda yasama ve y\u00fcr\u00fctme organ\u0131n\u0131 ortadan kald\u0131rmaya te\u015febb\u00fcs eylemlerini ger\u00e7ekle\u015ftirmeye elveri\u015fli nitelikte oldu\u011fu&#8221; belirtildi.<\/p>\n<p style=\"text-align: justify;\">\u0130ddianamede, &#8220;\u015f\u00fcpheli Mustafa Yurtkuran&#8217;\u0131n aktif olarak darbe \u00e7al\u0131\u015fmalar\u0131n\u0131n i\u00e7erisinde yer ald\u0131\u011f\u0131n\u0131n anla\u015f\u0131ld\u0131\u011f\u0131&#8221; iddia edilerek, \u015f\u00fcphelinin, \u00f6rg\u00fct\u00fcn faaliyeti \u00e7er\u00e7evesindeki t\u00fcm eylemlerinin \u00f6rg\u00fct \u00fcyeli\u011fi kapsam\u0131nda oldu\u011fu, ayr\u0131ca &#8220;Y\u00fcr\u00fctme organ\u0131n\u0131 ve TBMM&#8217;yi ortadan kald\u0131rmaya veya g\u00f6revlerini yapmas\u0131n\u0131 k\u0131smen veya tamamen engellemeye te\u015febb\u00fcs su\u00e7una i\u015ftirak etti\u011fi sonucuna var\u0131ld\u0131\u011f\u0131&#8221; ifade edildi.<\/p>\n<p style=\"text-align: justify;\">\u0130ddianamede, \u015f\u00fcpheli Engin Ayd\u0131n&#8217;\u0131n da &#8220;Ergenekon silahl\u0131 ter\u00f6r \u00f6rg\u00fct\u00fc i\u00e7inde \u00f6rg\u00fct y\u00f6neticisi konumunda bulunan san\u0131k \u0130lhan Sel\u00e7uk&#8217;a ba\u011fl\u0131 \u00f6rg\u00fct \u00fcyesi oldu\u011fu ve onun talimatlar\u0131 ve \u00f6rg\u00fct\u00fcn ama\u00e7lar\u0131 do\u011frultusunda faaliyette bulundu\u011fu, ger\u00e7ekle\u015ftirdi\u011fi devaml\u0131l\u0131k ve \u00e7e\u015fitlilik arz eden t\u00fcm eylemlerinin \u00f6rg\u00fct \u00fcyeli\u011fi kapsam\u0131nda bulundu\u011fu&#8221; kaydedildi.<\/p>\n<p style=\"text-align: justify;\">\u0130ddianamede, eski T\u00fcrk Metal Sendikas\u0131 Genel Ba\u015fkan\u0131 Mustafa \u00d6zbek&#8217;in de faaliyetlerinin \u00e7e\u015fitlili\u011fi ve yo\u011funlu\u011fu, ele ge\u00e7irilen gizli belgeler, telefon g\u00f6r\u00fc\u015fmelerinin i\u00e7erikleri ve irtibatlar\u0131n\u0131n t\u00fcm delillerle bir b\u00fct\u00fcn olarak dikkate al\u0131nd\u0131\u011f\u0131nda, &#8220;Ergenekon silahl\u0131 ter\u00f6r \u00f6rg\u00fct\u00fc \u00fcyesi oldu\u011fu&#8221; ifade edildi.<\/p>\n<p style=\"text-align: justify;\">\u0130ddianamede, &#8220;\u00d6zbek&#8217;in, \u00f6rg\u00fct\u00fc parasal olarak finanse etti\u011fi, bunun yan\u0131nda &#8216;gizli&#8217; ibareli belge bulundurdu\u011fu, ba\u015fkan\u0131 bulundu\u011fu sendikan\u0131n imkanlar\u0131n\u0131 \u00f6rg\u00fct\u00fcn ama\u00e7lar\u0131 do\u011frultusunda kulland\u0131\u011f\u0131, bir su\u00e7 i\u015fleme karar\u0131 kapsam\u0131nda ki\u015filerin siyasi, felsefi veya dini g\u00f6r\u00fc\u015flerine, \u0131rki k\u00f6kenlerine, hukuka ayk\u0131r\u0131 olarak ahlaki e\u011filimlerine, cinsel ya\u015famlar\u0131na veya sendikal ba\u011flant\u0131lar\u0131na ili\u015fkin bilgileri ki\u015fisel veri olarak kaydetme su\u00e7unu da i\u015fledi\u011finin anla\u015f\u0131ld\u0131\u011f\u0131&#8221; vurguland\u0131.<\/p>\n<p style=\"text-align: justify;\">\u0130ddianamede, \u00dcnal \u0130nan\u00e7&#8217;\u0131n da &#8220;Ergenekon silahl\u0131 ter\u00f6r \u00f6rg\u00fct\u00fc \u00fcyesi oldu\u011fu, devletin g\u00fcvenli\u011fine ili\u015fkin gizli belgeleri ve yasaklanan bilgileri temin etti\u011fi&#8221; \u00f6ne s\u00fcr\u00fcld\u00fc. \u015e\u00fcpheli Mustafa Levent G\u00f6kta\u015f&#8217;\u0131n da \u00f6rg\u00fct\u00fcn talimatlar\u0131 ile ger\u00e7ekle\u015ftirdi\u011fi t\u00fcm eylemlerinin \u00f6rg\u00fct y\u00f6neticili\u011fi kapsam\u0131nda bulundu\u011fu sonucuna var\u0131ld\u0131\u011f\u0131 belirtilen iddianamede, \u015f\u00fcpheli Mustafa H\u00fcseyin Buzo\u011flu&#8217;nun da &#8220;ki\u015fisel verileri hukuka ayk\u0131r\u0131 olarak kaydetmek, devletin g\u00fcvenli\u011fine veya i\u00e7 veya d\u0131\u015f siyasal yararlar\u0131na ili\u015fkin belgeleri temin etmek ve bulundurmak, daha sonra bu belgeleri \u00f6rg\u00fct\u00fcn ar\u015fivine dahil etmek \u015feklindeki s\u00fcreklilik ve \u00e7e\u015fitlilik arz eden eylemlerinin \u00f6rg\u00fct \u00fcyeli\u011fi kapsam\u0131nda bulundu\u011fu&#8221; ifade edildi.<\/p>\n<p style=\"text-align: justify;\"><span style=\"color: #888888;\">CNN T\u00dcRK<\/span><\/p>\n","protected":false},"excerpt":{"rendered":"<p style=\"text-align: center;\">\n<p style=\"text-align: justify;\">\u00dc\u00e7\u00fcnc\u00fc &#8220;Ergenekon&#8221; iddianamesinde, eski Y\u00d6K Ba\u015fkan\u0131 Prof. Dr. Kemal G\u00fcr\u00fcz&#8217;\u00fcn, &#8220;emekli Orgeneral Mehmet \u015eener Eruygur&#8217;a d\u00fczenli bilgi verdi\u011fi ve &#8216;Ergenekon&#8217; silahl\u0131 ter\u00f6r \u00f6rg\u00fct\u00fcn\u00fcn ara y\u00f6neticisi oldu\u011fu&#8221; \u00f6ne s\u00fcr\u00fcld\u00fc.<\/p>\n<p style=\"text-align: justify;\">\u0130ddianamede, eski Y\u00d6K Ba\u015fkan\u0131 Prof. Dr. Kemal G\u00fcr\u00fcz&#8217;\u00fcn, Y\u00d6K ba\u015fkanl\u0131\u011f\u0131ndan emekli oldu\u011fu halde, \u00f6rg\u00fct\u00fcn talimat\u0131 ile Y\u00d6K \u00fcyeli\u011fi ve \u00fcniversitelerdeki <\/p>\n","protected":false},"author":1,"featured_media":0,"comment_status":"open","ping_status":"closed","sticky":false,"template":"","format":"standard","meta":{"footnotes":""},"categories":[105],"tags":[],"class_list":["post-12877","post","type-post","status-publish","format-standard","hentry","category-gundem","odd"],"_links":{"self":[{"href":"http:\/\/www.korhanyilmaz.com\/index.php?rest_route=\/wp\/v2\/posts\/12877","targetHints":{"allow":["GET"]}}],"collection":[{"href":"http:\/\/www.korhanyilmaz.com\/index.php?rest_route=\/wp\/v2\/posts"}],"about":[{"href":"http:\/\/www.korhanyilmaz.com\/index.php?rest_route=\/wp\/v2\/types\/post"}],"author":[{"embeddable":true,"href":"http:\/\/www.korhanyilmaz.com\/index.php?rest_route=\/wp\/v2\/users\/1"}],"replies":[{"embeddable":true,"href":"http:\/\/www.korhanyilmaz.com\/index.php?rest_route=%2Fwp%2Fv2%2Fcomments&post=12877"}],"version-history":[{"count":0,"href":"http:\/\/www.korhanyilmaz.com\/index.php?rest_route=\/wp\/v2\/posts\/12877\/revisions"}],"wp:attachment":[{"href":"http:\/\/www.korhanyilmaz.com\/index.php?rest_route=%2Fwp%2Fv2%2Fmedia&parent=12877"}],"wp:term":[{"taxonomy":"category","embeddable":true,"href":"http:\/\/www.korhanyilmaz.com\/index.php?rest_route=%2Fwp%2Fv2%2Fcategories&post=12877"},{"taxonomy":"post_tag","embeddable":true,"href":"http:\/\/www.korhanyilmaz.com\/index.php?rest_route=%2Fwp%2Fv2%2Ftags&post=12877"}],"curies":[{"name":"wp","href":"https:\/\/api.w.org\/{rel}","templated":true}]}}