{"id":12874,"date":"2009-08-06T09:44:29","date_gmt":"2009-08-06T06:44:29","guid":{"rendered":"http:\/\/www.korhanyilmaz.com\/?p=12874"},"modified":"2009-08-06T09:44:29","modified_gmt":"2009-08-06T06:44:29","slug":"yalcin-kucuk-pkk-ile-irtibati-sagliyordu","status":"publish","type":"post","link":"http:\/\/www.korhanyilmaz.com\/?p=12874","title":{"rendered":"Yal\u00e7\u0131n K\u00fc\u00e7\u00fck, PKK ile irtibat\u0131 sa\u011fl\u0131yordu"},"content":{"rendered":"<p style=\"text-align: center;\"><a href=\"http:\/\/www.korhanyilmaz.com\/wp-content\/uploads\/2009\/08\/YAL\u00c7IN-K\u00dc\u00c7\u00dcK.jpg\"  class=\"lightview\"><img loading=\"lazy\" decoding=\"async\" class=\"aligncenter size-full wp-image-12875\" src=\"http:\/\/www.korhanyilmaz.com\/wp-content\/uploads\/2009\/08\/YAL\u00c7IN-K\u00dc\u00c7\u00dcK.jpg\" alt=\"YAL\u00c7IN K\u00dc\u00c7\u00dcK\" width=\"296\" height=\"228\" \/><\/a><\/p>\n<p style=\"text-align: justify;\">\u00dc\u00e7\u00fcnc\u00fc &#8220;Ergenekon&#8221; iddianamesinde, &#8220;Yal\u00e7\u0131n K\u00fc\u00e7\u00fck&#8217;\u00fcn, &#8216;Ergenekon silahl\u0131 ter\u00f6r \u00f6rg\u00fct\u00fc&#8217; yap\u0131lanmas\u0131 i\u00e7inde \u00fcst d\u00fczey g\u00f6revlerde bulundu\u011fu, bu g\u00f6revleri aras\u0131nda, PKK ve di\u011fer \u00f6rg\u00fctlerle irtibatlar\u0131 sa\u011flamak, \u00e7al\u0131\u015fmalar\u0131 organize etmek ve darbe \u00e7al\u0131\u015fmalar\u0131 s\u0131ras\u0131nda yap\u0131lacak dezenformasyon faaliyetleri ile gerekli ortam\u0131 haz\u0131rlaman\u0131n yer ald\u0131\u011f\u0131 sonucuna ula\u015f\u0131lmaktad\u0131r&#8221; denildi.<\/p>\n<p style=\"text-align: justify;\">Yal\u00e7\u0131n K\u00fc\u00e7\u00fck&#8217;\u00fcn emniyet ve savc\u0131l\u0131ktaki ifadelerine yer verilen iddianamede, K\u00fc\u00e7\u00fck&#8217;\u00fcn &#8220;Ergenekon silahl\u0131 ter\u00f6r \u00f6rg\u00fct\u00fc&#8221; ve PKK ter\u00f6r \u00f6rg\u00fct\u00fc ile herhangi bir ili\u015fkisinin olmad\u0131\u011f\u0131n\u0131, Abdullah \u00d6calan&#8217;a &#8220;Say\u0131n&#8221; demedi\u011fini s\u00f6yledi\u011fi kaydedildi. <!--more--><\/p>\n<p style=\"text-align: justify;\">\u0130ddianamade, K\u00fc\u00e7\u00fck&#8217;\u00fcn savc\u0131l\u0131kta da soru\u015fturma dosyas\u0131nda ve \u00f6rg\u00fct dok\u00fcman\u0131 oldu\u011fu iddia edilen yaz\u0131larda, &#8220;Ergenekon silahl\u0131 ter\u00f6r \u00f6rg\u00fct\u00fc&#8221; \u00fcyesi oldu\u011funa dair en ufak bir ibarenin bulunmad\u0131\u011f\u0131 ve kanaatine g\u00f6re s\u00f6z\u00fc edilen \u00f6rg\u00fct\u00fcn de ciddi bir \u00f6rg\u00fct oldu\u011funu d\u00fc\u015f\u00fcnmedi\u011fi \u015feklinde ifade verdi\u011fi aktar\u0131ld\u0131.<\/p>\n<p style=\"text-align: justify;\">K\u00fc\u00e7\u00fck&#8217;\u00fcn sorgusunda da benzer a\u00e7\u0131klamalarda bulundu\u011fu hat\u0131rlat\u0131lan iddianamede, K\u00fc\u00e7\u00fck&#8217;\u00fcn, Ankara ve \u0130stanbul&#8217;daki evlerinde yap\u0131lan aramalarda ise s\u00f6zde K\u00fcrdistan haritas\u0131 ve K\u00fcrt\u00e7e gramer notlar\u0131, Ba\u015fbakan Recep Tayyip Erdo\u011fan ve Morton Abromowitz&#8217;in foto\u011fraflar\u0131 ve ter\u00f6r \u00f6rg\u00fct\u00fc eleba\u015f\u0131 Abdullah \u00d6calan ile avukatlar\u0131 aras\u0131nda yap\u0131lan haftal\u0131k g\u00f6r\u00fc\u015fmenin \u00f6zetlenmi\u015f \u015fekilde yay\u0131mland\u0131\u011f\u0131 internet sitesinden al\u0131nm\u0131\u015f bilgisayar \u00e7\u0131kt\u0131s\u0131n\u0131n ele ge\u00e7irildi\u011fi bildirildi.<\/p>\n<p style=\"text-align: justify;\">\u0130ddianamede, &#8220;Ergenekon silahl\u0131 ter\u00f6r \u00f6rg\u00fct\u00fc soru\u015fturmas\u0131 kapsam\u0131nda yakalanan \u00dcmit O\u011fuztan, Adil Serdar Sa\u00e7an ve Ahmet Tuncay \u00d6zkan&#8217;dan ele ge\u00e7irilen &#8220;Fabrikat\u00f6r G\u00f6zlem -Analiz&#8221; isimli dok\u00fcman\u0131n &#8216;Doktriner Teorik \u00c7al\u0131\u015fmalar&#8217; b\u00f6l\u00fcm\u00fcnde; &#8216;Doktriner teorik \u00e7al\u0131\u015fmalarda her kesimden, her g\u00f6r\u00fc\u015ften ve her inan\u00e7tan ayd\u0131nlardan azami olarak yararlan\u0131lmakta, b\u00f6ylelikle \u00e7e\u015fitli kesimler ile ileti\u015fim kurularak geli\u015ftirilen ili\u015fkiler sa\u011flanmakta oldu\u011fu gibi, yeni teoriler geli\u015ftirilmesinde b\u00fcy\u00fck kolayl\u0131klar sa\u011flanmaktad\u0131r. Bu bir anlamda, her alanda i\u015fe yarayacak teoriler haz\u0131rlanmas\u0131nda haz\u0131rdan yararlanma al\u0131\u015fkanl\u0131\u011f\u0131n\u0131 geli\u015ftirmi\u015ftir. Yarat\u0131c\u0131 olmak yerine elveri\u015fli olan\u0131 kullanma y\u00f6ntemi benimsenmi\u015ftir. \u00d6rne\u011fin; Yal\u00e7\u0131n K\u00fc\u00e7\u00fck ve \u0130smail Be\u015fik\u00e7i&#8217;den bu anlamda b\u00fcy\u00fck \u00f6l\u00e7\u00fcde yararlan\u0131lmaktad\u0131r&#8217; \u015feklinde yazd\u0131\u011f\u0131n\u0131n g\u00f6r\u00fcld\u00fc\u011f\u00fc, bu metinden de anla\u015f\u0131laca\u011f\u0131 \u00fczere Yal\u00e7\u0131n K\u00fc\u00e7\u00fck&#8217;\u00fcn Ergenekon silahl\u0131 ter\u00f6r \u00f6rg\u00fct\u00fcn\u00fcn teorisyenlerinden veya \u00f6rg\u00fct teorisi olu\u015fturulmas\u0131nda kendisinden g\u00f6r\u00fc\u015f al\u0131nan bir \u015fah\u0131s oldu\u011fu a\u00e7\u0131k\u00e7a anla\u015f\u0131lmaktad\u0131r&#8221; denildi.<\/p>\n<p style=\"text-align: justify;\">\u0130ddianamede, &#8220;Baz\u0131 beyanlar\u0131 ve bir\u00e7ok telefon g\u00f6r\u00fc\u015fmesinden Ergenekon silahl\u0131 ter\u00f6r \u00f6rg\u00fct\u00fc \u00fcyeleriyle alakal\u0131 soru\u015fturmay\u0131 \u00e7ok s\u0131k\u0131 takip edip soru\u015fturma hakk\u0131nda s\u00fcrekli dezenformasyon yapmas\u0131ndan, Yal\u00e7\u0131n K\u00fc\u00e7\u00fck&#8217;\u00fcn &#8216;Ergenekon&#8217; silahl\u0131 ter\u00f6r \u00f6rg\u00fct\u00fc i\u00e7inde yer ald\u0131\u011f\u0131 anla\u015f\u0131lmaktad\u0131r&#8221; denildi.<\/p>\n<p style=\"text-align: justify;\"><strong><em>Gizli tan\u0131k: &#8220;K\u00fc\u00e7\u00fck, \u00d6calan&#8217;\u0131n beyniydi&#8221;<\/em><\/strong><\/p>\n<p style=\"text-align: justify;\">Gizli tan\u0131k &#8220;Deniz&#8221;in ifadesine de yer verilen iddianamede, Deniz&#8217;in yazar olarak tan\u0131d\u0131\u011f\u0131 Yal\u00e7\u0131n K\u00fc\u00e7\u00fck&#8217;\u00fcn 1993 ve 1996 y\u0131llar\u0131nda \u015eam&#8217;a Abdullah \u00d6calan ile g\u00f6r\u00fc\u015fmek \u00fczere geldi\u011fini s\u00f6yledi\u011fi ve &#8220;Yal\u00e7\u0131n K\u00fc\u00e7\u00fck&#8217;\u00fcn adeta Abdullah \u00d6calan&#8217;\u0131n beyni oldu\u011funu&#8221; ileri s\u00fcrd\u00fc\u011f\u00fc aktar\u0131ld\u0131.<\/p>\n<p style=\"text-align: justify;\">\u0130ddianamede, &#8220;Delillerden, Yal\u00e7\u0131n K\u00fc\u00e7\u00fck&#8217;\u00fcn, &#8216;Ergenekon&#8217; silahl\u0131 ter\u00f6r \u00f6rg\u00fct\u00fc yap\u0131lanmas\u0131 i\u00e7inde \u00fcst d\u00fczey g\u00f6revlerde bulundu\u011fu, bu g\u00f6revleri aras\u0131nda PKK ve di\u011fer \u00f6rg\u00fctlerle irtibatlar\u0131 sa\u011flamak, \u00e7al\u0131\u015fmalar\u0131 organize etmek ve darbe \u00e7al\u0131\u015fmalar\u0131 s\u0131ras\u0131nda yap\u0131lacak dezenformasyon faaliyetleri ile gerekli ortam\u0131 haz\u0131rlaman\u0131n yer ald\u0131\u011f\u0131 sonucuna ula\u015f\u0131lmaktad\u0131r. Mevcut deliller ve tan\u0131k beyanlar\u0131 g\u00f6z \u00f6n\u00fcne al\u0131nd\u0131\u011f\u0131nda, \u015f\u00fcphelinin Ergenekon silahl\u0131 ter\u00f6r \u00f6rg\u00fct\u00fc ad\u0131na PKK ile ili\u015fkileri kuran ve ileti\u015fimi sa\u011flayan \u00fcst d\u00fczey ki\u015filerden biri oldu\u011fu, devletin PKK ter\u00f6r \u00f6rg\u00fct\u00fc ile \u00e7ok ciddi m\u00fccadele verdi\u011fi bir d\u00f6nemde \u00f6rg\u00fct\u00fcn eleba\u015f\u0131na kar\u015f\u0131 yap\u0131lacak operasyona engel olmas\u0131 ve bunu kendisine bir devlet g\u00f6revlisinin s\u00f6yledi\u011fini beyan etmesi bile \u015f\u00fcphelilerden ele ge\u00e7irilen &#8216;Panzehir&#8217; isimli \u00f6rg\u00fctsel i\u00e7erikli dok\u00fcmandaki bilgilerin do\u011frulu\u011funu g\u00f6stermektedir. \u015e\u00fcpheli, her ne kadar bu iddialar\u0131 kabul etmemi\u015f ise de hem kendi g\u00f6r\u00fcnt\u00fcleri hem de tan\u0131k ve gizli tan\u0131klar\u0131n beyanlar\u0131ndan Panzehir isimli \u00f6rg\u00fctsel i\u00e7erikli dok\u00fcmanda belirtilen prensiplere uygun hareket etti\u011fi a\u00e7\u0131k\u00e7a ortaya \u00e7\u0131kmaktad\u0131r&#8221; denildi.<\/p>\n<p style=\"text-align: justify;\"><span style=\"color: #888888;\">CNN T\u00dcRK<\/span><\/p>\n","protected":false},"excerpt":{"rendered":"<p style=\"text-align: center;\">\n<p style=\"text-align: justify;\">\u00dc\u00e7\u00fcnc\u00fc &#8220;Ergenekon&#8221; iddianamesinde, &#8220;Yal\u00e7\u0131n K\u00fc\u00e7\u00fck&#8217;\u00fcn, &#8216;Ergenekon silahl\u0131 ter\u00f6r \u00f6rg\u00fct\u00fc&#8217; yap\u0131lanmas\u0131 i\u00e7inde \u00fcst d\u00fczey g\u00f6revlerde bulundu\u011fu, bu g\u00f6revleri aras\u0131nda, PKK ve di\u011fer \u00f6rg\u00fctlerle irtibatlar\u0131 sa\u011flamak, \u00e7al\u0131\u015fmalar\u0131 organize etmek ve darbe \u00e7al\u0131\u015fmalar\u0131 s\u0131ras\u0131nda yap\u0131lacak dezenformasyon faaliyetleri ile gerekli ortam\u0131 haz\u0131rlaman\u0131n yer ald\u0131\u011f\u0131 sonucuna ula\u015f\u0131lmaktad\u0131r&#8221; denildi.<\/p>\n<p style=\"text-align: justify;\">Yal\u00e7\u0131n K\u00fc\u00e7\u00fck&#8217;\u00fcn emniyet ve savc\u0131l\u0131ktaki <\/p>\n","protected":false},"author":1,"featured_media":0,"comment_status":"open","ping_status":"closed","sticky":false,"template":"","format":"standard","meta":{"footnotes":""},"categories":[105],"tags":[],"class_list":["post-12874","post","type-post","status-publish","format-standard","hentry","category-gundem","odd"],"_links":{"self":[{"href":"http:\/\/www.korhanyilmaz.com\/index.php?rest_route=\/wp\/v2\/posts\/12874","targetHints":{"allow":["GET"]}}],"collection":[{"href":"http:\/\/www.korhanyilmaz.com\/index.php?rest_route=\/wp\/v2\/posts"}],"about":[{"href":"http:\/\/www.korhanyilmaz.com\/index.php?rest_route=\/wp\/v2\/types\/post"}],"author":[{"embeddable":true,"href":"http:\/\/www.korhanyilmaz.com\/index.php?rest_route=\/wp\/v2\/users\/1"}],"replies":[{"embeddable":true,"href":"http:\/\/www.korhanyilmaz.com\/index.php?rest_route=%2Fwp%2Fv2%2Fcomments&post=12874"}],"version-history":[{"count":0,"href":"http:\/\/www.korhanyilmaz.com\/index.php?rest_route=\/wp\/v2\/posts\/12874\/revisions"}],"wp:attachment":[{"href":"http:\/\/www.korhanyilmaz.com\/index.php?rest_route=%2Fwp%2Fv2%2Fmedia&parent=12874"}],"wp:term":[{"taxonomy":"category","embeddable":true,"href":"http:\/\/www.korhanyilmaz.com\/index.php?rest_route=%2Fwp%2Fv2%2Fcategories&post=12874"},{"taxonomy":"post_tag","embeddable":true,"href":"http:\/\/www.korhanyilmaz.com\/index.php?rest_route=%2Fwp%2Fv2%2Ftags&post=12874"}],"curies":[{"name":"wp","href":"https:\/\/api.w.org\/{rel}","templated":true}]}}