{"id":12869,"date":"2009-08-06T09:52:11","date_gmt":"2009-08-06T06:52:11","guid":{"rendered":"http:\/\/www.korhanyilmaz.com\/?p=12869"},"modified":"2009-08-06T09:52:11","modified_gmt":"2009-08-06T06:52:11","slug":"haberal-ergenekonda-ust-duzey-yonetici","status":"publish","type":"post","link":"http:\/\/www.korhanyilmaz.com\/?p=12869","title":{"rendered":"Haberal Ergenekon&#039;da \u00fcst d\u00fczey y\u00f6netici"},"content":{"rendered":"<p style=\"text-align: center;\"><a href=\"http:\/\/www.korhanyilmaz.com\/wp-content\/uploads\/2009\/08\/HABERAL.jpg\"  class=\"lightview\"><img loading=\"lazy\" decoding=\"async\" class=\"aligncenter size-full wp-image-12870\" src=\"http:\/\/www.korhanyilmaz.com\/wp-content\/uploads\/2009\/08\/HABERAL.jpg\" alt=\"\" width=\"276\" height=\"212\" \/><\/a><\/p>\n<p style=\"text-align: justify;\">\u00dc\u00e7\u00fcnc\u00fc &#8220;Ergenekon&#8221; iddianamesinde, \u015f\u00fcpheli, Ba\u015fkent \u00dcniversitesi Rekt\u00f6r\u00fc Prof. Dr. Mehmet Haberal&#8217;\u0131n, &#8220;Ergenekon Silahl\u0131 Ter\u00f6r \u00d6rg\u00fct\u00fc&#8221;n\u00fcn karar mekanizmas\u0131nda yer alan \u00fcst d\u00fczey y\u00f6netici konumunda bulundu\u011fu iddia edildi.<\/p>\n<p style=\"text-align: justify;\">Haberal&#8217;\u0131n Cumhuriyet \u00c7al\u0131\u015fma Grubu kararlar\u0131 do\u011frultusunda planlanan &#8220;Cumhuriyet&#8217;e Sayg\u0131&#8221; mitinglerinde di\u011fer rekt\u00f6rlerle birlikte hareket etti\u011fi, &#8220;ordu g\u00f6reve&#8221; pankartlar\u0131n\u0131n a\u00e7\u0131ld\u0131\u011f\u0131 mitinglere i\u015ftirak etti\u011fi, bir\u00e7ok siyasi liderini bir araya getirip, &#8220;Ergenekon Silahl\u0131 Ter\u00f6r \u00d6rg\u00fct\u00fc&#8221;n\u00fcn ama\u00e7lar\u0131 do\u011frultusunda organize edip y\u00f6nlendirmeye \u00e7al\u0131\u015ft\u0131\u011f\u0131 ifade edildi. <!--more--><\/p>\n<p style=\"text-align: justify;\">Telefon konu\u015fmalar\u0131nda, h\u00fck\u00fcmetin devrilmesi gerekti\u011finden bahsetti\u011fi \u00f6ne s\u00fcr\u00fclen Haberal&#8217;\u0131n Mustafa S. ile yapt\u0131\u011f\u0131 g\u00f6r\u00fc\u015fmede &#8220;k\u00f6pr\u00fcy\u00fc ge\u00e7ene kadar, aradaki siyasal kavgalar\u0131n ortadan kald\u0131r\u0131lmas\u0131&#8221; y\u00f6n\u00fcnde talimat verdi\u011fi, ayn\u0131 siyasinin &#8220;Ben ba\u015fbakan olaca\u011f\u0131m ama benim ba\u015fbakan\u0131m da sizsiniz&#8221; hitap ve \u00f6vg\u00fcs\u00fcne mazhar g\u00f6r\u00fcld\u00fc\u011f\u00fc, ordu komutanl\u0131\u011f\u0131 yapm\u0131\u015f Ahmet Hur\u015fit Tolon&#8217;un&#8217; &#8220;Emredin gece 3&#8217;te kap\u0131n\u0131zday\u0131m&#8221; \u015feklindeki s\u00f6zlerinden Mehmet Haberal&#8217;\u0131n &#8220;Ergenekon Silahl\u0131 Ter\u00f6r \u00d6rg\u00fct\u00fc&#8221;n\u00fcn karar mekanizmas\u0131nda yer alan \u00fcst d\u00fczey y\u00f6netici konumunda bulundu\u011fu iddia edildi.<\/p>\n<p style=\"text-align: justify;\">\u0130ddianamede telefon g\u00f6r\u00fc\u015fmesi kay\u0131tlar\u0131na yer verilen Haberal&#8217;\u0131n, Ergenekon silahl\u0131 ter\u00f6r \u00f6rg\u00fct\u00fc \u00fcst d\u00fczey yap\u0131lanmas\u0131nda g\u00f6revli \u015f\u00fcphelilerden, Mehmet \u015eener Eruygur, Do\u011fu Perin\u00e7ek, Ahmet Hur\u015fit Tolon, \u0130lhan Sel\u00e7uk, Kemal Yal\u00e7\u0131n Alemdaro\u011flu, Tuncay \u00d6zkan, Mustafa \u00d6zbek, Tuncer K\u0131l\u0131n\u00e7 ile \u00f6rg\u00fct\u00fcn medya yap\u0131lanmas\u0131 i\u00e7erisinde bulunan, \u015f\u00fcpheliler Mustafa Ali Balbay, G\u00fcler K\u00f6m\u00fcrc\u00fc, Ergun Poyraz, \u0130smail Y\u0131ld\u0131z, Erc\u00fcment Oval\u0131 ile \u00f6rg\u00fctsel irtibatlar\u0131n\u0131n bulundu\u011fu tespit edildi\u011fine yer verildi.<\/p>\n<p style=\"text-align: justify;\">\u0130ddianamede, yine \u015f\u00fcphelinin ayn\u0131 g\u00fcnlerde yurt d\u0131\u015f\u0131na ka\u00e7an ve halen firari olarak aranan ve o tarihte Miami&#8217;de oldu\u011fu belirten \u015f\u00fcpheli Bedrettin Dalan ile 9 Ocak 2009 tarihinde yapt\u0131\u011f\u0131 g\u00f6r\u00fc\u015fmesiyle irtibat halinde bulundu\u011funun anla\u015f\u0131ld\u0131\u011f\u0131 bildirildi.<\/p>\n<p style=\"text-align: justify;\">\u0130ddianamede, &#8220;Ergenekon Silahl\u0131 Ter\u00f6r \u00d6rg\u00fct\u00fc&#8221;n\u00fcn &#8220;Sar\u0131k\u0131z&#8217; isimli darbe plan\u0131 kapsam\u0131nda, Jandarma Genel Komutanl\u0131\u011f\u0131nda, d\u00f6nemin Jandarma Genel Komutan\u0131 Mehmet \u015eener Eruygur ba\u015fkanl\u0131\u011f\u0131nda, rekt\u00f6rlerle bir toplant\u0131 d\u00fczenlendi\u011fi, bu toplant\u0131da mevcut H\u00fck\u00fcmetin icraatlar\u0131 ve irtica ile ilgili konular\u0131n konu\u015fuldu\u011fu, toplant\u0131 s\u0131ras\u0131nda 15-20 rekt\u00f6r\u00fcn &#8220;Kubilay&#8221; olmaya haz\u0131r olduklar\u0131n\u0131 s\u00f6yledi\u011fi ve 25 Ekim g\u00fcn\u00fc rekt\u00f6rler ve \u00f6\u011fretim g\u00f6revlilerinin An\u0131tkabir&#8217;e gitmesinin kararla\u015ft\u0131r\u0131ld\u0131\u011f\u0131 anla\u015f\u0131ld\u0131\u011f\u0131 da kaydedildi.<\/p>\n<p style=\"text-align: justify;\">\u0130ddianamede, &#8220;19 Ekim 2003 g\u00fcn\u00fc yap\u0131ld\u0131\u011f\u0131 anla\u015f\u0131lan bu toplant\u0131da al\u0131nan karar gere\u011fi 25 Ekim 2003 g\u00fcn\u00fc ger\u00e7ekle\u015ftirilen &#8220;Cumhuriyete Sayg\u0131 Mitingi&#8221;ne kat\u0131lan Haberal&#8217;\u0131n, &#8220;ordu g\u00f6reve&#8221; pankart\u0131n\u0131n a\u00e7\u0131ld\u0131\u011f\u0131n\u0131 g\u00f6rmedi\u011fini, miting i\u00e7in herhangi bir talepte bulunmad\u0131\u011f\u0131n\u0131, beyan ettti\u011fi ancak, Cumhuriyet \u00c7al\u0131\u015fma Grubu&#8217;nca al\u0131nan kararlar do\u011frultusunda, y\u00fcr\u00fcy\u00fc\u015f\u00fcn yan\u0131 s\u0131ra baz\u0131 \u00fcniversite rekt\u00f6rlerinin, de\u011fi\u015fik zamanlarda y\u00fcr\u00fctme organ\u0131 ile ilgili a\u00e7\u0131klamalar yapt\u0131\u011f\u0131 ve bu a\u00e7\u0131klamalarla kamuoyu olu\u015fturarak yap\u0131lmas\u0131 planlanan darbenin zemininin olu\u015fmas\u0131n\u0131 hedefledikleri, Haberal&#8217;\u0131n hem \u00fcniversite rekt\u00f6r\u00fc hem de televizyon kanal\u0131 sahibi olarak &#8220;Ergenekon Silahl\u0131 Ter\u00f6r \u00d6rg\u00fct\u00fc&#8221;n\u00fcn ama\u00e7lar\u0131na uygun olarak bu kapsamda faaliyette bulundu\u011fu, \u00f6rg\u00fct kararlar\u0131 do\u011frultusunda yap\u0131lmas\u0131 planlanan eylemlere kat\u0131ld\u0131\u011f\u0131, y\u00fcr\u00fctme ve yasama organlar\u0131n\u0131 devirmeye te\u015febb\u00fcs eylemlerine i\u015ftirak etti\u011fi iddia edildi.<\/p>\n<p style=\"text-align: justify;\">Milli \u0130ktidar Harekat\u0131 (M\u0130H) ad\u0131 alt\u0131nda olu\u015fturulan yap\u0131lanma \u00e7er\u00e7evesinde toplant\u0131lar d\u00fczenlendi\u011fi ve bu toplant\u0131ya kat\u0131lan ki\u015filerin mesleklerine g\u00f6re ayr\u0131ld\u0131\u011f\u0131na yer verilen iddianamede, &#8220;Generaller&#8221; ba\u015fl\u0131\u011f\u0131 alt\u0131nda ise &#8220;Org. Tuncer K\u0131l\u0131n\u00e7, T\u00fcmg. A. K, Org. Hur\u015fit Tolon, Org. \u015eener Eruygur&#8221; \u015feklinde isminin ge\u00e7ti\u011fi, ayr\u0131ca \u00f6rg\u00fct \u00fcyelerinden G\u00fcler K\u00f6m\u00fcrc\u00fc, Do\u011fu Perin\u00e7ek, Mustafa Balbay, Tuncay \u00d6zkan&#8217;\u0131n da isimlerinin ge\u00e7ti\u011fi ifade edildi. \u0130ddianamede, elde edilen \u00f6rg\u00fctsel dok\u00fcmanlardan, &#8220;Cumhuriyet gazetesinin yeniden yap\u0131land\u0131r\u0131lmas\u0131&#8221; ba\u015fl\u0131kl\u0131 dok\u00fcmandaki kararlar do\u011frultusunda \u015f\u00fcpheli Mehmet Haberal&#8217;\u0131n t\u00fcm bu faliyetlere i\u015ftirak edip bu toplant\u0131lar\u0131n \u00e7o\u011funa kat\u0131ld\u0131\u011f\u0131, bunun Do\u011fu Perin\u00e7ek&#8217;in telefon g\u00f6r\u00fc\u015fmesinden anla\u015f\u0131ld\u0131\u011f\u0131 kaydedildi.<\/p>\n<p style=\"text-align: justify;\"><strong>-ELDE ED\u0130LEN BAZI DOK\u00dcMANLAR-<\/strong><\/p>\n<p style=\"text-align: justify;\">\u0130ddianamede, Haberal&#8217;\u0131n \u00e7al\u0131\u015fma masas\u0131 ve bilgisayar\u0131nda ele ge\u00e7irilen dok\u00fcmanlar aras\u0131nda &#8220;Prof. Dr. Mehmet A. Haberal-Rekt\u00f6r&#8221; ibareli &#8220;Say\u0131n E. Org. \u0130smail Hakk\u0131 Karaday\u0131 &#8211; Muhterem Pa\u015fam istemi\u015f oldu\u011funuz Faruk Demir&#8217;in CD&#8217;lerini g\u00f6nderiyorum, h\u00fcrmetlerimle&#8221; yaz\u0131l\u0131 1 sayfal\u0131k dok\u00fcman s\u0131raland\u0131.<\/p>\n<p style=\"text-align: justify;\">&#8220;Belgeler, Dinleme Kay\u0131tlar\u0131, \u0130li\u015fkiler 07.04.2008&#8221; ibareli ve arka sayfalar\u0131 el yazmal\u0131 14 sayfa bilgisayar \u00e7\u0131kt\u0131lar\u0131n\u0131n d\u00f6kumanlar aras\u0131nda yer ald\u0131\u011f\u0131 iddianamede &#8220;Bakanlar&#8221; ibaresi ile ba\u015flayan 10 sayfal\u0131k isim listesinin i\u00e7eri\u011finde Bakanlar, Toparlay\u0131c\u0131 Eksen, Akademi, B\u00fcrokrasi, Yazar-Fikir adam\u0131, Medya, \u0130\u015f D\u00fcnyas\u0131, Hukuk, E. Asker, Kad\u0131n Hareketleri ba\u015fl\u0131klar\u0131 alt\u0131nda Mustafa \u00d6zbek, \u015eener Eruygur, Do\u011fu Perin\u00e7ek, Erol Manisal\u0131, Emin G\u00fcrses, Tuncay \u00d6zkan, Mustafa Balbay, Vedat Yenerer, Sabih Kanato\u011flu, Hur\u015fit Tolon ve Tuncer K\u0131l\u0131n\u00e7 isimli ki\u015filerin isimlerinin bulundu\u011fu kaydedildi.<\/p>\n<p style=\"text-align: justify;\">Bir di\u011fer dok\u00fcmanda ise &#8220;Yeni bir T\u00fcrkiye i\u00e7in yeni bir siyaset ve bir olu\u015fuma ilk ad\u0131m&#8221; ibaresi ile ba\u015flayan, 27.08.2001 tarihli&#8221; Mehmet Haberal m\u00fcracaat sahibi ibaresiyle son bulan, bilgisayar \u00e7\u0131kt\u0131s\u0131 dok\u00fcman i\u00e7eri\u011finde de &#8220;Yeni bir T\u00fcrkiye i\u00e7in yeni bir siyaset ve bir olu\u015fuma ilk ad\u0131m&#8221; ba\u015fl\u0131kl\u0131 Ya\u015far Nuri \u00d6zt\u00fcrk ve Ya\u015far Okuyan imzal\u0131 siyasi i\u00e7erikli bildiri, devam eden sayfalarda ba\u015fl\u0131k ve imza k\u0131sm\u0131 bulunmayan bir mahkemeye ait oldu\u011fu de\u011ferlendirilen duru\u015fma tutanaklar\u0131 fotokopileri yer ald\u0131\u011f\u0131 belirtildi.<\/p>\n<p style=\"text-align: justify;\">\u0130ddianamede, &#8220;Milli Egemenlik Hareketi&#8221; imzal\u0131 bildiri ve 11-22 aras\u0131nda numaralanan bilgisayar \u00e7\u0131kt\u0131s\u0131 dok\u00fcmanda Do\u011fu Perin\u00e7ek, An\u0131l \u00c7., Emin G\u00fcrses, Erol Manisal\u0131, G\u00fcler K\u00f6m\u00fcrc\u00fc, Hur\u015fit Tolon, Mehmet Haberal, Mustafa Balbay, Mustafa \u00d6zbek, Sabih Kanado\u011flu, \u015eener Eruygur, Tuncer K\u0131l\u0131n\u00e7, Vedat Yenerer, Ya\u015far H., Tuncay \u00d6zkan ve \u00dcmit \u00d6., isimli ki\u015filerin yer ald\u0131\u011f\u0131 \u00f6ne s\u00fcr\u00fcld\u00fc.<\/p>\n<p style=\"text-align: justify;\">\u0130ddianamede, &#8220;H\u00fcr ve Kabul Edilmi\u015f Masonlar B\u00fcy\u00fck Locas\u0131&#8221;ndan 23 Kas\u0131m 2000 tarihli Mehmet Haberal&#8217;a hitaben imzal\u0131 ve m\u00fch\u00fcrl\u00fc yaz\u0131lm\u0131\u015f Haberal&#8217;\u0131n locaya \u00fcyeli\u011fi ve aidatlar ile ilgili yaz\u0131ya da dok\u00fcmanlar aras\u0131nda yer verildi.<\/p>\n<p style=\"text-align: justify;\">&#8220;Milli Egemenlik Hareketi&#8221; ba\u015fl\u0131kl\u0131 &#8220;Yol Haritas\u0131-Taslak&#8221; ibaresi ile ba\u015flayan &#8220;Mu\u011fla&#8221; ibaresi ile son bulan 5 sayfa bilgisayar \u00e7\u0131kt\u0131s\u0131 dok\u00fcman i\u00e7eri\u011finde, s\u00f6z konusu hareketin program\u0131n\u0131n yaz\u0131ld\u0131\u011f\u0131 programda izlenecek yolun tarih tarih belirtildi\u011fi savunulan iddianamede, 6 Temmuz 2008 tarihinde 20 ilde Hukuka Sayg\u0131 mitinglerin d\u00fczenlenece\u011fi, belirleyici kurul i\u00e7erisinde Hur\u015fit Tolon ve Tuncay \u00d6zkan&#8217;\u0131n da isim listesinde bulundu\u011fu, Halk Karar toplant\u0131lar\u0131n\u0131n yap\u0131laca\u011f\u0131 illerin belirlendi\u011fi bilgisayar \u00e7\u0131kt\u0131s\u0131n\u0131n bulundu\u011fu belirtildi.<\/p>\n<p style=\"text-align: justify;\">Dok\u00fcmanlar aras\u0131nda, ayr\u0131ca \u00fczerinde Fethullah G\u00fclen yaz\u0131s\u0131 bulunan dosya haline getirilmi\u015f dok\u00fcman i\u00e7eri\u011finde, &#8220;Fetullah\u00e7\u0131lara ait&#8221; oldu\u011fu iddia edilen kurum ve kurulu\u015flarla ilgili bilgilerin oldu\u011fu da kaydedildi.<\/p>\n<p style=\"text-align: justify;\">\u0130ddianamede, &#8220;De\u011ferli B\u00fcy\u00fc\u011f\u00fcm&#8221; ibaresi ile ba\u015flay\u0131p G\u00fcrb\u00fcz Evsen ibaresi ile son bulan bilgisayar \u00e7\u0131kt\u0131s\u0131 dok\u00fcmanda ise G\u00fcrb\u00fcz Evsen taraf\u0131ndan Mehmet Haberal&#8217;a g\u00f6nderildi\u011fi de\u011ferlendirilen e-mail \u00e7\u0131kt\u0131s\u0131 i\u00e7eri\u011finde, d\u00f6nemin Ba\u015fbakan\u0131 B\u00fclent Ecevit ile g\u00f6r\u00fc\u015fme esnas\u0131nda \u00e7ekmi\u015f oldu\u011fu s\u0131k\u0131nt\u0131lar\u0131 dile getirdi\u011fi yaz\u0131ya da yer verildi.<\/p>\n<p style=\"text-align: justify;\"><strong>Haberal&#8217;\u0131n bloknotundan<\/strong><\/p>\n<p style=\"text-align: justify;\">Savc\u0131l\u0131k iddianamesinde, Haberal&#8217;\u0131n \u00e7al\u0131\u015fma masas\u0131 \u00fczerinde bulunan dok\u00fcmanlar aras\u0131nda ye\u015fil renkli, Ba\u015fkent \u00dcniversitesi Ankara Turkey Meteksan ibareli Bloknot defter i\u00e7eri\u011finde ise &#8220;Ak\u015fam saat ??:30&#8217;da Necmettin beyi evinde ziyaret ettim. Bir saatten fazla g\u00f6r\u00fc\u015ft\u00fck. Anlad\u0131m ki kendisine b\u00fcy\u00fck haks\u0131zl\u0131k yap\u0131lm\u0131\u015f. Ona da b\u00fct\u00fcn imkanlar\u0131m\u0131 kullanaca\u011f\u0131m\u0131 s\u00f6yledim. Say\u0131n Necmettin Erbakan bug\u00fcn \u00fclke i\u00e7in \u00f6nemli oldu\u011fu (maalesef bu noktaya geldik) ortaya \u00e7\u0131kt\u0131. (20.sayfa) (15.2.2007) \u0130stanbul Hastanesinin davetiyesini S\u00fcleyman Beye g\u00f6t\u00fcrd\u00fcm. Bu arada yine \u00fclkemizi konu\u015ftuk. Daha \u00f6nce ??? ??? geldi. Erkan Mumcu&#8217;yu ??? etti\u011fini, Mesut Y\u0131lmaz&#8217;\u0131n S\u00fcleyman Beyle g\u00f6r\u00fc\u015fece\u011fini s\u00f6yledi. Durumu S\u00fcleyman beye anlatt\u0131k. (Mesut Y\u0131lmaz gelsin g\u00f6r\u00fc\u015felim) dedi. Art\u0131k herkesin bizim ??? s\u00f6yledi\u011fimiz noktaya geldi\u011fini belirttim&#8221; ibarelerinin yer ald\u0131\u011f\u0131, g\u00fcnl\u00fck \u015feklinde tutulmu\u015f beyanlar\u0131n bulundu\u011fu belirtildi.<\/p>\n<p style=\"text-align: justify;\"><strong>&#8216;Ecevit&#8217;e yanl\u0131\u015f tedavi uyguland\u0131\u011f\u0131&#8217; iddias\u0131 <\/strong><\/p>\n<p style=\"text-align: justify;\">\u0130ddianamede, Erg\u00fcn Poyraz adl\u0131 ki\u015finin dijital verilerindeki &#8220;cinayet&#8221; isimli belgede, Mehmet Haberal ba\u015fl\u0131\u011f\u0131 alt\u0131nda, \u00f6zetle \u015f\u00fcphelinin, &#8220;Ankara Do\u011fu\u015f Locas\u0131 424 nolu \u00fcyesi masonlar\u0131ndan oldu\u011fu, d\u00f6nemin Ba\u015fbakan\u0131 B\u00fclent Ecevit&#8217;in rahats\u0131zl\u0131\u011f\u0131nda yanl\u0131\u015f tedavi uygulamakla su\u00e7land\u0131\u011f\u0131, \u00fcniversite ile hastanenin yap\u0131m\u0131 i\u00e7in ald\u0131\u011f\u0131 60 milyon dolarl\u0131k krediyle Hazineyi zarara u\u011fratt\u0131\u011f\u0131&#8221; ifade edilerek, TBMM Yolsuzluklar\u0131 Ara\u015ft\u0131rma Komisyonunun hakk\u0131ndaki usuls\u00fczl\u00fck su\u00e7lamas\u0131na ili\u015fkin raporuna yer verildi\u011fi kaydedildi.<\/p>\n<p style=\"text-align: justify;\">\u0130ddianameye g\u00f6re, s\u00f6zkonusu belgede, B\u00fclent Ecevit&#8217;in 2001 y\u0131l\u0131nda baz\u0131 \u00e7evreler taraf\u0131ndan g\u00f6revden uzakla\u015ft\u0131r\u0131larak, yerine Ba\u015fbakan Yard\u0131mc\u0131s\u0131 H\u00fcsamettin \u00d6zkan&#8217;\u0131n getirilmek istendi\u011fi, ancak \u00d6zkan&#8217;\u0131n bunu kabul etmedi\u011fi, 4 May\u0131s 2002&#8217;de Mehmet Haberal&#8217;\u0131n rekt\u00f6r\u00fc oldu\u011fu Ba\u015fkent \u00dcniversitesine kald\u0131r\u0131lan B\u00fclent Ecevit&#8217;e ba\u011f\u0131rsak iltihab\u0131 te\u015fhisi konuldu\u011fu, bir g\u00fcn sonra hastaneden \u00e7\u0131kan B\u00fclent Ecevit&#8217;in Oran&#8217;daki konutunda dinlenmeye \u00e7ekildi\u011fi, iki g\u00fcn sonra ise evde s\u0131rt\u0131n\u0131 \u00e7arpmas\u0131 sonucu kaburgas\u0131n\u0131n k\u0131r\u0131ld\u0131\u011f\u0131 a\u00e7\u0131klamas\u0131n\u0131n yap\u0131ld\u0131\u011f\u0131, 17 May\u0131s 2002&#8217;de Ba\u015fbakan&#8217;\u0131n doktoru Prof. Turgut Zileli ve Ba\u015fkent \u00dcniversitesi Rekt\u00f6r\u00fc Prof. Mehmet Haberal&#8217;\u0131n Ba\u015fbakanl\u0131k Konutu&#8217;nda Ecevit&#8217;i muayene etti\u011fi, kapsaml\u0131 bir chek up yap\u0131lmas\u0131 i\u00e7in ikna ettikleri, yeniden ayn\u0131 hastaneye kald\u0131r\u0131ld\u0131\u011f\u0131 ve burada kald\u0131\u011f\u0131 11 g\u00fcn sonunda durumunun daha da k\u00f6t\u00fcle\u015fti\u011fi, 27 May\u0131s 2002&#8217;de 11 g\u00fcn kald\u0131\u011f\u0131 Ba\u015fkent Hastanesi&#8217;nden \u00e7\u0131karak evine gitti\u011fi ve Ba\u015fkent \u00dcniversitesi&#8217;nden gelen doktorlar\u0131 kabul etmeyerek Demiryollar\u0131 Hastanesi&#8217;nde \u00e7al\u0131\u015fan Ortopedist Dr. M\u00fccahit Pehlivan taraf\u0131ndan tedavisine devam edildi\u011fi bilgisine yer verildi\u011fi ifade edildi.<\/p>\n<p style=\"text-align: justify;\">Bu belgeye g\u00f6re, o d\u00f6nemde, DSP Grup Ba\u015fkanvekili olan Emrehan Hal\u0131c\u0131 taraf\u0131ndan B\u00fclent Ecevit&#8217;in 11 Temmuz 2002&#8217;deki son randevuya gitmemesinin nedeni olarak &#8220;Gitseydi, kendisine \u00e7\u00fcr\u00fck veya i\u015f g\u00f6remez raporu verilecek ve bu rapora dayan\u0131larak ba\u015fbakanl\u0131ktan d\u00fc\u015f\u00fcr\u00fclecekti&#8221; \u015feklinde beyanlarda bulundu\u011fu, o d\u00f6nemde, Ecevit&#8217;in koruma amirli\u011fini yapan Recai Birg\u00fcn taraf\u0131ndan yap\u0131lan a\u00e7\u0131klamalarda &#8220;D\u00fcnyada tedaviyi kesip de aya\u011fa kalkan tek insan Say\u0131n B\u00fclent Ecevit&#8217;ti. Ne zaman tedavi kesildi, aya\u011fa kalkt\u0131. O g\u00fcn ya\u015fananlara da 57. H\u00fck\u00fcmete yap\u0131lan operasyonun bir par\u00e7as\u0131 olarak bakt\u0131k. 57. H\u00fck\u00fcmetin iktidardan d\u00fc\u015f\u00fcr\u00fclmesi i\u00e7in yap\u0131lan bir operasyondu&#8221; \u015feklinde beyanlarda bulundu\u011funun anla\u015f\u0131ld\u0131\u011f\u0131 belirtildi.<\/p>\n<p style=\"text-align: justify;\"><strong>Recai Birg\u00fcn&#8217;\u00fcn ifadeleri<\/strong><\/p>\n<p style=\"text-align: justify;\">\u0130ddianameye g\u00f6re, tan\u0131k Recai Birg\u00fcn, 29 Nisan 2009 tarihinde Cumhuriyet Ba\u015fsavc\u0131l\u0131\u011f\u0131na verdi\u011fi ifadede, Ecevit&#8217;in koruma m\u00fcd\u00fcr\u00fc oldu\u011fu d\u00f6nemde, hastaneye ilk gittikleri g\u00fcn Ecevit&#8217;e ilerlemi\u015f ya\u015f\u0131na ra\u011fmen hastanede bir\u00e7ok tetkik ve tahlil yap\u0131ld\u0131\u011f\u0131n\u0131, ciddi bir \u015fekilde yorulan Ecevit&#8217;in Haberal taraf\u0131ndan gazetecilere a\u00e7\u0131klama yapmaya zorland\u0131\u011f\u0131n\u0131 anlatt\u0131.<\/p>\n<p style=\"text-align: justify;\">O d\u00f6nemde, medyada s\u00fcrekli Ecevit&#8217;in hasta oldu\u011fu, devleti y\u00f6netemeyece\u011fi \u015feklinde yo\u011fun propaganda ama\u00e7l\u0131 haberler \u00e7\u0131kt\u0131\u011f\u0131n\u0131, hatta Ecevit&#8217;siz ve MHP&#8217;siz h\u00fck\u00fcmet form\u00fcllerinin konu\u015fuldu\u011funu savunan Birg\u00fcn&#8217;\u00fcn, B\u00fclent Ecevit evinde istirahatten iken o d\u00f6nem ekonomiden sorumlu Devlet Bakan\u0131 olan Kemal Dervi\u015f&#8217;in 13 g\u00fcn ortadan kayboldu\u011funu, Ba\u015fbakan dahil kendisinden kimsenin haber alamad\u0131\u011f\u0131n\u0131, nerede oldu\u011funun, ne yapt\u0131\u011f\u0131n\u0131n bug\u00fcn dahi hala s\u0131r oldu\u011funu belirtti\u011fi ifade edildi.<\/p>\n<p style=\"text-align: justify;\">\u0130ddianameye g\u00f6re, o d\u00f6nemlerde Amerika&#8217;n\u0131n T\u00fcrkiye \u00fczerinden Irak&#8217;a m\u00fcdahale edilmesine dair yo\u011fun bir bask\u0131 oldu\u011funu, Ba\u015fbakan&#8217;\u0131n bu m\u00fcdahaleye kar\u015f\u0131 \u00e7\u0131kt\u0131\u011f\u0131 i\u00e7in kendisine kar\u015f\u0131 H\u00fck\u00fcmetin de\u011fi\u015ftirilmesi gibi bir\u00e7ok form\u00fcller g\u00fcndeme getirildi\u011fini, hatta Amerika&#8217;da Bush ile yapt\u0131\u011f\u0131 g\u00f6r\u00fc\u015fme sonras\u0131 &#8216;Amerika&#8217;n\u0131n niyeti Saddam&#8217;\u0131n kellesini almak ama biz Amerika&#8217;n\u0131n Irak&#8217;\u0131 i\u015fkaline kar\u015f\u0131y\u0131z&#8221; \u015feklinde a\u00e7\u0131klama yapt\u0131\u011f\u0131n\u0131 hat\u0131rlad\u0131\u011f\u0131n\u0131, o g\u00fcnlerde 1,5 saatlik g\u00f6r\u00fc\u015fmelerinde 3 kelime s\u00fcr\u00e7\u00fc lisan etmi\u015f ise bir\u00e7ok medya organ\u0131n\u0131n bu g\u00f6r\u00fcnt\u00fcleri s\u00fcrekli verip Ba\u015fbakan&#8217;\u0131n vazife g\u00f6remez oldu\u011fu iddialar\u0131n\u0131 s\u00fcrd\u00fcrd\u00fcklerini s\u00f6yleyen Birg\u00fcn, ayn\u0131 tarihlerde Tansu \u00c7iller&#8217;in, (Amerika Irak&#8217;\u0131 i\u015fgal edecek ben de ba\u015fbakan olaca\u011f\u0131m) \u015feklinde televizyonlara a\u00e7\u0131klama yapt\u0131\u011f\u0131n\u0131, Cengiz \u00c7andar&#8217;\u0131n da 30 Kas\u0131m 2001 tarihinde (E\u011fer bir g\u00fcn Amerika Irak&#8217; \u0131 i\u015fkal edecek olursa, o g\u00fcn B\u00fclent Ecevit Ba\u015fbakan olarak b\u0131rak\u0131lmayacak&#8221; \u015feklinde yaz\u0131 yazd\u0131\u011f\u0131n\u0131, daha sonra da Ba\u015fbakan&#8217;\u0131n hastal\u0131\u011f\u0131 iyile\u015fmi\u015f oldu\u011fu halde s\u00fcrekli devletin \u00e7ok \u00f6nemli i\u015fleri i\u00e7in g\u00f6revi yapmas\u0131na t\u0131bbi olarak \u00f6nlemeye \u00e7al\u0131\u015ft\u0131klar\u0131na y\u00f6nelik \u015f\u00fcphelerinin yo\u011funla\u015ft\u0131\u011f\u0131n\u0131 ifade etti.<\/p>\n<p style=\"text-align: justify;\">\u0130ddianamede yer alan ifadelere g\u00f6re, ba\u015fbakan\u0131n hastal\u0131k d\u00f6nemi ile alakal\u0131 t\u0131bbi boyutu bilemeyece\u011fini, ancak kendi ya\u015fad\u0131\u011f\u0131 ve g\u00f6rd\u00fc\u011f\u00fc kadar\u0131 ile doktorlar\u0131n anlatt\u0131\u011f\u0131 kadar a\u011f\u0131r bir hastal\u0131\u011f\u0131n\u0131n olmad\u0131\u011f\u0131n\u0131, tedavi kesilince \u00e7ok k\u0131sa s\u00fcrede iyile\u015fen d\u00fcnyadaki ender ki\u015filerden biri oldu\u011funu dile getiren Birg\u00fcn, bu konudaki beyanlar\u0131 sebebi ile Mehmet Haberal ve 13 doktorun kendisi hakk\u0131nda ceza ve tazminat davalar\u0131 a\u00e7t\u0131klar\u0131n\u0131, tazminat davalar\u0131n\u0131n halen devam etti\u011fini, ayr\u0131ca anlatt\u0131\u011f\u0131 olaylar\u0131 do\u011frulayacak haberlerin 2001-2002 y\u0131llar\u0131ndaki gazetelerden anla\u015f\u0131labilece\u011fini belirtti.<\/p>\n<p style=\"text-align: justify;\"><strong>&#8220;Erdo\u011fan&#8217;\u0131 da Haberal&#8217;a g\u00f6t\u00fcrmek laz\u0131m&#8221;<\/strong><\/p>\n<p style=\"text-align: justify;\">\u0130ddianamede \u015f\u00fcpheli Yal\u00e7\u0131n K\u00fc\u00e7\u00fck&#8217;\u00fcn bilgisayar\u0131nda &#8220;D\u00f6rd\u00fcnc\u00fc B\u00f6l\u00fcm Saral\u0131 \u00dclke&#8221; isimli belgede &#8220;\u00d6yle san\u0131yorum, Recep Erdo\u011fan&#8217;\u0131 da Haberal&#8217;a g\u00f6t\u00fcrmek gerekiyor, Ecevit misali, hastaneden ka\u00e7mamas\u0131 i\u00e7in de Ayta\u00e7 Pa\u015fa&#8217;n\u0131n jandarmalar\u0131ndan ikisini kap\u0131ya dikmek yerindedir. Bilemem, i\u015f doktorluktur ve Erdogan i\u00e7in &#8216;\u00e7al\u0131\u015famazl\u0131k&#8217; raporu almak m\u00fcmk\u00fcnd\u00fcr. Memleketin ali menfeatlar\u0131 bu noktadad\u0131r&#8221; \u015feklinde ifadelere de yer verildi\u011fi belirtildi.<\/p>\n<p style=\"text-align: justify;\"><span style=\"color: #888888;\">CNN T\u00dcRK<\/span><\/p>\n","protected":false},"excerpt":{"rendered":"<p style=\"text-align: center;\">\n<p style=\"text-align: justify;\">\u00dc\u00e7\u00fcnc\u00fc &#8220;Ergenekon&#8221; iddianamesinde, \u015f\u00fcpheli, Ba\u015fkent \u00dcniversitesi Rekt\u00f6r\u00fc Prof. Dr. Mehmet Haberal&#8217;\u0131n, &#8220;Ergenekon Silahl\u0131 Ter\u00f6r \u00d6rg\u00fct\u00fc&#8221;n\u00fcn karar mekanizmas\u0131nda yer alan \u00fcst d\u00fczey y\u00f6netici konumunda bulundu\u011fu iddia edildi.<\/p>\n<p style=\"text-align: justify;\">Haberal&#8217;\u0131n Cumhuriyet \u00c7al\u0131\u015fma Grubu kararlar\u0131 do\u011frultusunda planlanan &#8220;Cumhuriyet&#8217;e Sayg\u0131&#8221; mitinglerinde di\u011fer rekt\u00f6rlerle birlikte hareket etti\u011fi, &#8220;ordu g\u00f6reve&#8221; pankartlar\u0131n\u0131n a\u00e7\u0131ld\u0131\u011f\u0131 mitinglere i\u015ftirak etti\u011fi, <\/p>\n","protected":false},"author":1,"featured_media":0,"comment_status":"open","ping_status":"closed","sticky":false,"template":"","format":"standard","meta":{"footnotes":""},"categories":[105],"tags":[],"class_list":["post-12869","post","type-post","status-publish","format-standard","hentry","category-gundem","odd"],"_links":{"self":[{"href":"http:\/\/www.korhanyilmaz.com\/index.php?rest_route=\/wp\/v2\/posts\/12869","targetHints":{"allow":["GET"]}}],"collection":[{"href":"http:\/\/www.korhanyilmaz.com\/index.php?rest_route=\/wp\/v2\/posts"}],"about":[{"href":"http:\/\/www.korhanyilmaz.com\/index.php?rest_route=\/wp\/v2\/types\/post"}],"author":[{"embeddable":true,"href":"http:\/\/www.korhanyilmaz.com\/index.php?rest_route=\/wp\/v2\/users\/1"}],"replies":[{"embeddable":true,"href":"http:\/\/www.korhanyilmaz.com\/index.php?rest_route=%2Fwp%2Fv2%2Fcomments&post=12869"}],"version-history":[{"count":0,"href":"http:\/\/www.korhanyilmaz.com\/index.php?rest_route=\/wp\/v2\/posts\/12869\/revisions"}],"wp:attachment":[{"href":"http:\/\/www.korhanyilmaz.com\/index.php?rest_route=%2Fwp%2Fv2%2Fmedia&parent=12869"}],"wp:term":[{"taxonomy":"category","embeddable":true,"href":"http:\/\/www.korhanyilmaz.com\/index.php?rest_route=%2Fwp%2Fv2%2Fcategories&post=12869"},{"taxonomy":"post_tag","embeddable":true,"href":"http:\/\/www.korhanyilmaz.com\/index.php?rest_route=%2Fwp%2Fv2%2Ftags&post=12869"}],"curies":[{"name":"wp","href":"https:\/\/api.w.org\/{rel}","templated":true}]}}