{"id":12861,"date":"2009-08-06T09:22:25","date_gmt":"2009-08-06T06:22:25","guid":{"rendered":"http:\/\/www.korhanyilmaz.com\/?p=12861"},"modified":"2009-08-06T09:22:25","modified_gmt":"2009-08-06T06:22:25","slug":"bu-fotografin-sirri-cozuldu","status":"publish","type":"post","link":"http:\/\/www.korhanyilmaz.com\/?p=12861","title":{"rendered":"Bu foto\u011fraf\u0131n s\u0131rr\u0131 \u00e7\u00f6z\u00fcld\u00fc"},"content":{"rendered":"<p style=\"text-align: center;\"><a href=\"http:\/\/www.korhanyilmaz.com\/wp-content\/uploads\/2009\/08\/060820090921509403854.jpg\"  class=\"lightview\"><img loading=\"lazy\" decoding=\"async\" class=\"aligncenter size-full wp-image-12862\" src=\"http:\/\/www.korhanyilmaz.com\/wp-content\/uploads\/2009\/08\/060820090921509403854.jpg\" alt=\"\" width=\"329\" height=\"210\" \/><\/a><\/p>\n<p style=\"text-align: justify;\">Ukrayna&#8217;da 2004&#8217;teki se\u00e7imlerde, en g\u00fc\u00e7l\u00fc aday Viktor Yu\u015f\u00e7enko zehirlendi.<\/p>\n<p style=\"text-align: justify;\">Ancak Yu\u015f\u00e7enko&#8217;nun nas\u0131l zehirlendi\u011fi s\u0131rr\u0131n\u0131 koruyordu. Bu konuyla ilgili ilk defa bilimsel bir rapor yay\u0131nland\u0131.<\/p>\n<p style=\"text-align: justify;\">Ukrayna&#8217;da 2004 y\u0131l\u0131nda yap\u0131lan cumhurba\u015fkanl\u0131\u011f\u0131 se\u00e7imi Bat\u0131 ile Rusya aras\u0131nda bir g\u00fc\u00e7 sava\u015f\u0131na d\u00f6n\u00fc\u015fm\u00fc\u015ft\u00fc. Rusya, Sovyetler Birli\u011fi da\u011f\u0131ld\u0131ktan sonra kendisinden ayr\u0131lan Ukrayna&#8217;n\u0131n bat\u0131ya yakla\u015fmas\u0131n\u0131 istemiyordu. ABD \u00f6nderli\u011findeki bat\u0131 \u00fclkeleri ise Ukrayna&#8217;da Viktor Yu\u015f\u00e7enko \u00f6nderli\u011finde ba\u015flayan Turuncu Devrim&#8217;e b\u00fcy\u00fck destek verdiler. Rusya destek verdi\u011fi Yanukovi\u00e7&#8217;in se\u00e7imi kaybedece\u011fini fark edince de\u011fi\u015fik aray\u0131\u015flara girdi. Se\u00e7im s\u00fcreci devam ederken Ukrayna cumhurba\u015fkan\u0131 se\u00e7ilece\u011fine kesin g\u00f6zle bak\u0131lan Viktor Yu\u015f\u00e7enko&#8217;nun zehirlendi\u011fi haberi d\u00fcnya kamuoyuna bomba gibi d\u00fc\u015ft\u00fc. Yu\u015f\u00e7enko gizli bir el taraf\u0131ndan zehirlenmi\u015f ve \u00f6l\u00fcmle pen\u00e7ele\u015fiyordu. <!--more--><\/p>\n<p style=\"text-align: justify;\"><strong>V\u0130YANA&#8217;DA TEDAV\u0130 ED\u0130LD\u0130 <\/strong><\/p>\n<p style=\"text-align: justify;\">Bat\u0131 derhal olaya m\u00fcdahale etti ve Yu\u015f\u00e7enko Avusturya&#8217;n\u0131n ba\u015fkenti Viyana&#8217;da bir klinikte tedavi alt\u0131na al\u0131nd\u0131. Ancak Viktor Yu\u015f\u00e7enko&#8217;nun y\u00fcz\u00fc bir iki g\u00fcn i\u00e7inde ya\u015flanm\u0131\u015ft\u0131. O d\u00f6nemde Rusya&#8217;n\u0131n \u015fimdiki Ukrayna Cumhurba\u015fkan\u0131 Yu\u015f\u00e7enko&#8217;yu zehirledi\u011fi iddia edilmi\u015fti ama bu hi\u00e7 bir zaman kan\u0131tlanamad\u0131. Aradan 5 y\u0131l ge\u00e7mesine ra\u011fmen Yu\u015f\u00e7enko&#8217;nun nas\u0131l zehirlendi\u011fi hala gizemini koruyordu. Bu olayla ilgili ilk defa bilimsel bir rapor yay\u0131nland\u0131. Viyanal\u0131 bilim adamlar\u0131n\u0131n yay\u0131nlad\u0131\u011f\u0131 raporu g\u00f6re, Viktor Yu\u015f\u00e7enko dioksinlerin en zehirlisi olan TCDD ile zehirlenmi\u015fti. Rapora g\u00f6re dioksin bir laboratuvarda \u00f6zel olarak \u00fcretilmi\u015fti. Dioksin insan v\u00fccudunda olmas\u0131 gerekenden 50 bin defa daha fazla bulunmu\u015ftu. Yu\u015f\u00e7enko&#8217;nun hayat\u0131 kurtar\u0131ld\u0131 ancak bu zehirin g\u00f6vdeden at\u0131lmas\u0131 i\u00e7in tam 15 gerekti. Ancak Ukrayna Cumhurba\u015fkan\u0131&#8217;n\u0131n y\u00fcz\u00fcnde kal\u0131c\u0131 hasar olu\u015ftu. Yu\u015f\u00e7enko bug\u00fcn hala y\u00fcz\u00fc deforme olmu\u015f bir \u015fekilde hayat\u0131n\u0131 s\u00fcrd\u00fcrmek zorunda kal\u0131yor.<\/p>\n<p style=\"text-align: justify;\">Dioksinlerin en zehirlisi olarak bilinen TCDD&#8217;yi ABD Vietnam sava\u015f\u0131 s\u0131ras\u0131nda sivillere kar\u015f\u0131 kullanm\u0131\u015ft\u0131.<\/p>\n<p style=\"text-align: justify;\"><span style=\"color: #888888;\">Kaynak : VATAN<\/span><\/p>\n","protected":false},"excerpt":{"rendered":"<p style=\"text-align: center;\">\n<p style=\"text-align: justify;\">Ukrayna&#8217;da 2004&#8217;teki se\u00e7imlerde, en g\u00fc\u00e7l\u00fc aday Viktor Yu\u015f\u00e7enko zehirlendi.<\/p>\n<p style=\"text-align: justify;\">Ancak Yu\u015f\u00e7enko&#8217;nun nas\u0131l zehirlendi\u011fi s\u0131rr\u0131n\u0131 koruyordu. Bu konuyla ilgili ilk defa bilimsel bir rapor yay\u0131nland\u0131.<\/p>\n<p style=\"text-align: justify;\">Ukrayna&#8217;da 2004 y\u0131l\u0131nda yap\u0131lan cumhurba\u015fkanl\u0131\u011f\u0131 se\u00e7imi Bat\u0131 ile Rusya aras\u0131nda bir g\u00fc\u00e7 sava\u015f\u0131na d\u00f6n\u00fc\u015fm\u00fc\u015ft\u00fc. Rusya, Sovyetler Birli\u011fi da\u011f\u0131ld\u0131ktan sonra kendisinden ayr\u0131lan Ukrayna&#8217;n\u0131n <\/p>\n","protected":false},"author":1,"featured_media":0,"comment_status":"open","ping_status":"closed","sticky":false,"template":"","format":"standard","meta":{"footnotes":""},"categories":[3],"tags":[],"class_list":["post-12861","post","type-post","status-publish","format-standard","hentry","category-dunya","odd"],"_links":{"self":[{"href":"http:\/\/www.korhanyilmaz.com\/index.php?rest_route=\/wp\/v2\/posts\/12861","targetHints":{"allow":["GET"]}}],"collection":[{"href":"http:\/\/www.korhanyilmaz.com\/index.php?rest_route=\/wp\/v2\/posts"}],"about":[{"href":"http:\/\/www.korhanyilmaz.com\/index.php?rest_route=\/wp\/v2\/types\/post"}],"author":[{"embeddable":true,"href":"http:\/\/www.korhanyilmaz.com\/index.php?rest_route=\/wp\/v2\/users\/1"}],"replies":[{"embeddable":true,"href":"http:\/\/www.korhanyilmaz.com\/index.php?rest_route=%2Fwp%2Fv2%2Fcomments&post=12861"}],"version-history":[{"count":0,"href":"http:\/\/www.korhanyilmaz.com\/index.php?rest_route=\/wp\/v2\/posts\/12861\/revisions"}],"wp:attachment":[{"href":"http:\/\/www.korhanyilmaz.com\/index.php?rest_route=%2Fwp%2Fv2%2Fmedia&parent=12861"}],"wp:term":[{"taxonomy":"category","embeddable":true,"href":"http:\/\/www.korhanyilmaz.com\/index.php?rest_route=%2Fwp%2Fv2%2Fcategories&post=12861"},{"taxonomy":"post_tag","embeddable":true,"href":"http:\/\/www.korhanyilmaz.com\/index.php?rest_route=%2Fwp%2Fv2%2Ftags&post=12861"}],"curies":[{"name":"wp","href":"https:\/\/api.w.org\/{rel}","templated":true}]}}