{"id":12852,"date":"2009-08-05T19:43:26","date_gmt":"2009-08-05T16:43:26","guid":{"rendered":"http:\/\/www.korhanyilmaz.com\/?p=12852"},"modified":"2009-08-05T19:43:26","modified_gmt":"2009-08-05T16:43:26","slug":"kilicdaroglu-ergenekon-dinlemesine-takilmis","status":"publish","type":"post","link":"http:\/\/www.korhanyilmaz.com\/?p=12852","title":{"rendered":"K\u0131l\u0131\u00e7daro\u011flu, Ergenekon dinlemesine tak\u0131lm\u0131\u015f!"},"content":{"rendered":"<p style=\"text-align: center;\"><a href=\"http:\/\/www.korhanyilmaz.com\/wp-content\/uploads\/2009\/08\/050820092050205833986.jpg\"  class=\"lightview\"><img loading=\"lazy\" decoding=\"async\" class=\"size-full wp-image-12853 aligncenter\" src=\"http:\/\/www.korhanyilmaz.com\/wp-content\/uploads\/2009\/08\/050820092050205833986.jpg\" alt=\"\" width=\"320\" height=\"100\" \/><\/a><\/p>\n<p style=\"text-align: justify;\">Ergenekon soru\u015fturmas\u0131n\u0131n 3. iddianamesi 13. A\u011f\u0131r Ceza Mahkemesi taraf\u0131ndan kabul edildi. B\u00f6ylece iddianame \u00fczerindeki gizlilik de kalkm\u0131\u015f oldu.<\/p>\n<p style=\"text-align: justify;\">3. iddianamede yine kamuoyunda g\u00fcnlerce tart\u0131\u015f\u0131lacak birbirinden \u00e7arp\u0131c\u0131 iddialar yer al\u0131yor. \u0130ddianamenin en ilgi \u00e7ekici ayr\u0131nt\u0131lar\u0131ndan birisi ise CHP \u0130stanbul Milletvekili Kemal K\u0131l\u0131\u00e7daro\u011flu&#8217;nun dinlemeye tak\u0131lm\u0131\u015f olmas\u0131 ve bu telefon konu\u015fmalar\u0131n\u0131n iddianamede yer almas\u0131.<\/p>\n<p style=\"text-align: justify;\"><strong>KILI\u00c7DARO\u011eLU-HABERAL G\u00d6R\u00dc\u015eMES\u0130 <\/strong><\/p>\n<p style=\"text-align: justify;\">Kemal K\u0131l\u0131\u00e7daro\u011flu&#8217;nun 19.03.2009 tarihinde Ergenekon davas\u0131nda tutuklu yarg\u0131lanan Prof Dr. Mehmet Haberal ile yapt\u0131\u011f\u0131 g\u00f6r\u00fc\u015fme dinlemeye tak\u0131ld\u0131.<\/p>\n<p style=\"text-align: justify;\">K\u0131l\u0131\u00e7daro\u011flu&#8217;nun \u0130stanbul B\u00fcy\u00fck\u015fehir Belediye Ba\u015fkan aday\u0131 oldu\u011fu, 2009 yerel se\u00e7imlerinden tam 10 g\u00fcn \u00f6nce ger\u00e7ekle\u015fen g\u00f6r\u00fc\u015fmede Haberal, Kemal K\u0131l\u0131\u00e7daro\u011flu&#8217;nu se\u00e7im s\u00fcrecinde g\u00f6sterdi\u011fi performans nedeniyle tebrik ediyor. Kemal K\u0131l\u0131\u00e7daro\u011flu da Haberal&#8217;\u0131n tebrikleri nazik bir dille kabul ediyor. <!--more--><\/p>\n<p style=\"text-align: justify;\"><strong>KEMAL KILI\u00c7DARO\u011eLU \u0130DD\u0130ANAMEDE &#8216;KEMAL&#8217; OLARAK YER ALDI <\/strong><\/p>\n<p style=\"text-align: justify;\">Ergenekon iddianamesinde yer alan 5603 numaral\u0131 &#8216;tape&#8217;de 2009 yerel se\u00e7imlerinden tam 10 g\u00fcn \u00f6nce teknik takibe tak\u0131lan g\u00f6r\u00fc\u015fme \u015f\u00f6yle;<\/p>\n<p style=\"text-align: justify;\">&#8220;Mehmet Haberal&#8217;\u0131n &#8220;Efendim Nahit&#8221; dedi\u011fi, Osman N.D.&#8217;nin &#8220;Hocam Kemal Bey&#8217;i veriyorum&#8221; dedi\u011fi. Haberal&#8217;\u0131n ha &#8220;Ver bakal\u0131m&#8221; dedi\u011fi, N.D.&#8217;nin &#8220;Peki hocam sayg\u0131lar&#8221; dedi\u011fi, Mehmet Haberal&#8217;\u0131n &#8220;Hadi ba\u015far\u0131lar&#8221; dedi\u011fi, Mehmet Haberal&#8217;\u0131n &#8220;Nas\u0131ls\u0131n\u0131z&#8221; dedi\u011fi, Kemal&#8217;in &#8220;Ses d\u0131\u015f\u0131nda fena de\u011fil iyiyim sizler nas\u0131ls\u0131n\u0131z&#8221; dedi\u011fi, Mehmet Haberal&#8217;\u0131n &#8220;Sa\u011fol sa\u011fol te\u015fekk\u00fcr ediyoru sizi ger\u00e7ekten tebrik ediyorum&#8221; dedi\u011fi, Kemal&#8217;in &#8220;Sa\u011folun hocam \u00e7ok \u00e7ok te\u015fekk\u00fcr ederim&#8221; dedi\u011fi, Mehmet Haberal&#8217;\u0131n &#8220;\u00c7ok \u00e7ok ciddi bir performans g\u00f6steriyorsunuz, siz orda \u00e7al\u0131\u015f\u0131yorsunuz biz de burada \u00e7al\u0131\u015f\u0131yorsunuz&#8221; dedi\u011fi, Kemal&#8217;in &#8220;Sa\u011folun hocam&#8221; dedi\u011fi, Mehmet Haberal&#8217;\u0131n &#8220;Yani&#8221; dedi\u011fi&#8230; Kemal&#8217;in &#8220;Ona kesinlikle inaan\u0131yorum&#8221; dedi\u011fi, &#8220;<\/p>\n<p style=\"text-align: justify;\"><strong>HABERAL: B\u0130R\u0130NC\u0130 G\u00d6REV\u0130M\u0130Z \u00dcLKEYE SAH\u0130P \u00c7IKMAK <\/strong><\/p>\n<p style=\"text-align: justify;\">Mehmet Haberal&#8217;\u0131n &#8220;Hakkaten yani bug\u00fcn \u00fclkemiz d\u00fcnden daha fazla bize ihtiya\u00e7 duyuyor&#8221; dedi\u011fi, Kemal&#8217;in &#8220;Do\u011fru hocam \u00f6zellikle size dedi\u011fi&#8221;, Mehmet Haberal&#8217;\u0131n &#8220;Yok yok hepimize hepimize ben ne diyorum bu \u00fclkenin ee vatanda\u015f\u0131 birinci g\u00f6revimiz \u00fclkemize sahip \u00e7\u0131kmak&#8221; dedi\u011fi, Kemal&#8217;in &#8220;Evet evet hocam evet&#8221; dedi\u011fi, Mehmet Haberal&#8217;\u0131n &#8220;D\u00fcn b\u00fc \u00c7anakkale \u00c7anakkale zeferimizle ilgili konu\u015ftu\u011fumda dedim ki bir g\u00fcnde 10 000 \u015fehit verdik&#8221; dedi\u011fi, Kemal&#8217;in &#8220;Evet&#8221;e dedi\u011fi, Mehmet Haberal&#8217;\u0131n onlar\u0131n, onlara vefa g\u00f6stermek onlar\u0131n kemiklerini s\u0131zlatmamak gerekiyor deriz&#8221; dedi\u011fi, Kemal&#8217;in &#8220;Do\u011fru vallahi&#8221; dedi\u011fi, Mehmet Haberal&#8217;\u0131n &#8220;Ya onun i\u00e7in ben ger\u00e7ekten sizi kutluyorum&#8221; dedi\u011fi, Kemal&#8217;in &#8220;Sa\u011folun hocam&#8221; dedi\u011fi, Mehmet Haberal&#8217;\u0131n &#8220;Ve yani ba\u015far\u0131caz in\u015fallah&#8221; dedi\u011fi, Kemal&#8217;in &#8220;in\u015fallah in\u015fallah&#8221; dedi\u011fi, Mehmet Haberal&#8217;\u0131n &#8220;\u0130n\u015fallah hay\u0131rl\u0131s\u0131 ile&#8221; dedi\u011fi, Kemal&#8217;in &#8220;hay\u0131rl\u0131s\u0131&#8221; dedi\u011fi, Mehmet Haberal&#8217;\u0131n &#8220;Yani ger\u00e7ekten kutluyorum ba\u015far\u0131lar diliyorum ya&#8221; dedi\u011fi, Kemal&#8217;in &#8220;Sa\u011folun hocam bir emriniz olursa bekliyorum hocam&#8221; dedi\u011fi, Mehmet Haberal&#8217;\u0131n &#8220;Esta\u011ffirullah ricam olur ba\u015far\u0131lar diliyorum&#8221; dedi\u011fi, Kemal&#8217;in sa\u011folun \u00e7ok te\u015fekk\u00fcrler&#8221; dedi\u011fi&#8230;<\/p>\n<p style=\"text-align: justify;\"><span style=\"color: #888888;\">Kanaldhaber.com.tr<\/span><\/p>\n","protected":false},"excerpt":{"rendered":"<p style=\"text-align: center;\">\n<p style=\"text-align: justify;\">Ergenekon soru\u015fturmas\u0131n\u0131n 3. iddianamesi 13. A\u011f\u0131r Ceza Mahkemesi taraf\u0131ndan kabul edildi. B\u00f6ylece iddianame \u00fczerindeki gizlilik de kalkm\u0131\u015f oldu.<\/p>\n<p style=\"text-align: justify;\">3. iddianamede yine kamuoyunda g\u00fcnlerce tart\u0131\u015f\u0131lacak birbirinden \u00e7arp\u0131c\u0131 iddialar yer al\u0131yor. \u0130ddianamenin en ilgi \u00e7ekici ayr\u0131nt\u0131lar\u0131ndan birisi ise CHP \u0130stanbul Milletvekili Kemal K\u0131l\u0131\u00e7daro\u011flu&#8217;nun dinlemeye tak\u0131lm\u0131\u015f olmas\u0131 ve bu telefon konu\u015fmalar\u0131n\u0131n <\/p>\n","protected":false},"author":1,"featured_media":0,"comment_status":"open","ping_status":"closed","sticky":false,"template":"","format":"standard","meta":{"footnotes":""},"categories":[105],"tags":[],"class_list":["post-12852","post","type-post","status-publish","format-standard","hentry","category-gundem","odd"],"_links":{"self":[{"href":"http:\/\/www.korhanyilmaz.com\/index.php?rest_route=\/wp\/v2\/posts\/12852","targetHints":{"allow":["GET"]}}],"collection":[{"href":"http:\/\/www.korhanyilmaz.com\/index.php?rest_route=\/wp\/v2\/posts"}],"about":[{"href":"http:\/\/www.korhanyilmaz.com\/index.php?rest_route=\/wp\/v2\/types\/post"}],"author":[{"embeddable":true,"href":"http:\/\/www.korhanyilmaz.com\/index.php?rest_route=\/wp\/v2\/users\/1"}],"replies":[{"embeddable":true,"href":"http:\/\/www.korhanyilmaz.com\/index.php?rest_route=%2Fwp%2Fv2%2Fcomments&post=12852"}],"version-history":[{"count":0,"href":"http:\/\/www.korhanyilmaz.com\/index.php?rest_route=\/wp\/v2\/posts\/12852\/revisions"}],"wp:attachment":[{"href":"http:\/\/www.korhanyilmaz.com\/index.php?rest_route=%2Fwp%2Fv2%2Fmedia&parent=12852"}],"wp:term":[{"taxonomy":"category","embeddable":true,"href":"http:\/\/www.korhanyilmaz.com\/index.php?rest_route=%2Fwp%2Fv2%2Fcategories&post=12852"},{"taxonomy":"post_tag","embeddable":true,"href":"http:\/\/www.korhanyilmaz.com\/index.php?rest_route=%2Fwp%2Fv2%2Ftags&post=12852"}],"curies":[{"name":"wp","href":"https:\/\/api.w.org\/{rel}","templated":true}]}}