{"id":12846,"date":"2009-08-05T15:11:47","date_gmt":"2009-08-05T12:11:47","guid":{"rendered":"http:\/\/www.korhanyilmaz.com\/?p=12846"},"modified":"2009-08-05T15:11:47","modified_gmt":"2009-08-05T12:11:47","slug":"erdogan-ve-turk-bulustu","status":"publish","type":"post","link":"http:\/\/www.korhanyilmaz.com\/?p=12846","title":{"rendered":"Erdo\u011fan ve T\u00fcrk bulu\u015ftu"},"content":{"rendered":"<p style=\"text-align: center;\"><a href=\"http:\/\/www.korhanyilmaz.com\/wp-content\/uploads\/2009\/08\/DTP3.jpg\"  class=\"lightview\"><img loading=\"lazy\" decoding=\"async\" class=\"aligncenter size-full wp-image-12848\" src=\"http:\/\/www.korhanyilmaz.com\/wp-content\/uploads\/2009\/08\/DTP3.jpg\" alt=\"\" width=\"464\" height=\"160\" \/><\/a><\/p>\n<p style=\"text-align: justify;\">Ba\u015fbakan Recep Tayyip Erdo\u011fan ve DTP lideri Ahmet T\u00fcrk, h\u00fck\u00fcmetin K\u00fcrt a\u00e7\u0131l\u0131m\u0131 \u00e7er\u00e7evesinde 1 saat boyunca g\u00f6r\u00fc\u015ft\u00fc. Erdo\u011fan, g\u00f6r\u00fc\u015fmeyi &#8220;genel ba\u015fkan&#8221; s\u0131fat\u0131yla yapt\u0131. G\u00f6r\u00fc\u015fmede Abdullah \u00d6calan&#8217;\u0131n isminin g\u00fcndeme gelmedi\u011fi \u00f6\u011frenildi.<\/p>\n<p style=\"text-align: justify;\">G\u00f6r\u00fc\u015fmenin ard\u0131ndan bir a\u00e7\u0131klama yapan Ba\u015fbakan Erdo\u011fan, &#8220;Bug\u00fcn ger\u00e7ekten demokratik parlamenter sistem i\u00e7erisinde TBMM \u00e7at\u0131s\u0131 alt\u0131nda \u00e7ok \u00e7ok \u00f6nemli bir toplant\u0131y\u0131 ger\u00e7ekle\u015ftirmi\u015f bulunuyoruz. Bug\u00fcn yapm\u0131\u015f oldu\u011fumuz toplant\u0131yla gelece\u011fe y\u00f6nelik umutlar\u0131m\u0131z\u0131n daha da artt\u0131\u011f\u0131 inanc\u0131nday\u0131m. Zira, milletimiz, birlik istiyor, beraberlik istiyor, dayan\u0131\u015fma istiyor. Tabii anneler g\u00f6zya\u015flar\u0131 dinsin istiyor. Kan, \u00f6l\u00fcm olmas\u0131n istiyor. Hepimiz bunu istiyoruz. Hepimiz bunun beklentisi i\u00e7indeyiz&#8221; dedi. <!--more--><\/p>\n<p style=\"text-align: justify;\">&#8220;B\u00fct\u00fcn bunlara y\u00f6nelik olarak da T\u00fcrkiye&#8217;de \u0130\u00e7i\u015fleri Bakanl\u0131\u011f\u0131m\u0131z\u0131n koordinasyonunda bir \u00e7al\u0131\u015fma ba\u015flatt\u0131k ve bu \u00e7al\u0131\u015fman\u0131n i\u00e7erisinde teori var, bu \u00e7al\u0131\u015fman\u0131n i\u00e7erisinde pratik var&#8221; diyen Ba\u015fbakan, &#8220;Siyasi partilerimizin, sivil toplum \u00f6rg\u00fctlerimizin, akademisyenlerimizin, medyan\u0131n, yaz\u0131l\u0131, g\u00f6rsel b\u00fct\u00fcn i\u00e7inde yer alan ve bu konuda hakikaten s\u00f6yleyece\u011fi \u00e7ok \u015fey olan temsilcilerinin kat\u0131l\u0131mlar\u0131yla b\u00f6yle bir \u00e7al\u0131\u015fma \u015fu anda devam ediyor. \u015eahsen \u015fu 1 saatlik g\u00f6r\u00fc\u015fmemizde de kar\u015f\u0131l\u0131kl\u0131 olarak birbirimizden istifade etti\u011fimize ve b\u00fct\u00fcn bu g\u00f6r\u00fc\u015fmelerin de gelece\u011fe y\u00f6nelik olarak g\u00fcvene dayal\u0131 olarak, olumlu ad\u0131mlar olaca\u011f\u0131na inan\u0131yorum&#8221; ifadesini kulland\u0131.<\/p>\n<p style=\"text-align: justify;\">Erdo\u011fan, &#8220;Baz\u0131 \u015f\u00fcphelerin kalkmas\u0131na y\u00f6nelik ad\u0131mlar olaca\u011f\u0131na inan\u0131yorum. Bunlar\u0131 belki k\u0131sa zaman i\u00e7erisinde a\u015fmak m\u00fcmk\u00fcn de\u011fil ama k\u0131sa, orta ve uzun vadede bunlar\u0131 a\u015faca\u011f\u0131m\u0131za inan\u0131yorum. Bundan dolay\u0131 gerek ben gerekse say\u0131n Genel Ba\u015fkan, arkada\u015flar\u0131, arkada\u015flar\u0131m, birlikte bu toplant\u0131y\u0131 tamamlam\u0131\u015f olduk ve bu vesileyle de t\u00fcm halk\u0131m\u0131n, milletimin Berat Kandilini kutluyorum, tebrik ediyorum. Milletimizin birli\u011fine, beraberli\u011fine, T\u00fcrk\u00fcyle, K\u00fcrd\u00fcyle, Laz\u0131yla, \u00c7erkeziyle, G\u00fcrc\u00fcs\u00fcyle vesile olmas\u0131n\u0131 temenni ediyorum&#8221; diye konu\u015ftu.<\/p>\n<p style=\"text-align: justify;\"><a href=\"http:\/\/www.korhanyilmaz.com\/wp-content\/uploads\/2009\/08\/DTP4.jpg\"  class=\"lightview\"><img loading=\"lazy\" decoding=\"async\" class=\"alignleft size-full wp-image-12849\" style=\"margin: 0px 10px;\" src=\"http:\/\/www.korhanyilmaz.com\/wp-content\/uploads\/2009\/08\/DTP4.jpg\" alt=\"\" width=\"234\" height=\"250\" \/><\/a>G\u00f6r\u00fc\u015fme sonras\u0131 bir a\u00e7\u0131klama yapan DTP lideri T\u00fcrk de, &#8220;Bug\u00fcn \u00f6nemli bir g\u00fcn&#8230; Diyalog ortam\u0131n\u0131n sa\u011flanmas\u0131ndan dolay\u0131 umutluyuz, mutluyuz&#8221; dedi.<\/p>\n<p style=\"text-align: justify;\">Bir diyalog ortam\u0131n\u0131n sa\u011flanmas\u0131ndan dolay\u0131 umutlu ve mutlu olduklar\u0131n\u0131 s\u00f6yleyen T\u00fcrk, &#8220;G\u00f6rmek istedi\u011fimiz tablo, halk\u0131m\u0131z\u0131n, T\u00fcrkiye&#8217;nin kucakla\u015ft\u0131\u011f\u0131 s\u00fcre\u00e7tir. Nelerin yap\u0131lmas\u0131 gerekti\u011fi konusundaki d\u00fc\u015f\u00fcncelerimizi ifade ettik. Umut ediyoruz ki daha (\u00e7ok) demokrasi, herkesin sevgiyle kucakla\u015ft\u0131\u011f\u0131 bir s\u00fcre\u00e7 i\u00e7in olumlu geli\u015fmelerle kar\u015f\u0131 kar\u015f\u0131ya kal\u0131r\u0131z. Hepimize \u00f6nemli g\u00f6rev ve sorumluluklar d\u00fc\u015f\u00fcyor. Bu sorumluluk bilinciyle \u00e7abalar\u0131m\u0131z\u0131 s\u00fcrd\u00fcrece\u011fiz. Biz, genel olarak bu s\u00fcre\u00e7te bir projeyle ortaya \u00e7\u0131kman\u0131n do\u011fru olmad\u0131\u011f\u0131n\u0131 ifade ettik. Bunu zaman i\u00e7inde daha olgunla\u015ft\u0131racak, toplumun her kesimini d\u00fc\u015f\u00fcncesini alacak bir s\u00fcrecin ba\u015flamas\u0131 konusunda, d\u00fc\u015f\u00fcncelerimizi ifade ettik. Umuyorum ve inan\u0131yorum ki daha g\u00fczel g\u00fcnlere, daha mutlu g\u00fcnlere hep birlikte kavu\u015furuz, kucaklar\u0131z o g\u00fcnleri&#8230;&#8221; dedi.<\/p>\n<p style=\"text-align: justify;\"><strong><em>DTP geli\u015fmeleri KYK toplant\u0131s\u0131nda de\u011ferlendirecek. <\/em><\/strong><\/p>\n<p style=\"text-align: justify;\">Erdo\u011fan&#8217;\u0131n AK Parti Grubu&#8217;ndaki odas\u0131nda ger\u00e7ekle\u015fen g\u00f6r\u00fc\u015fme, saat 12.00&#8217;de ba\u015flad\u0131 ve 1 saat s\u00fcrd\u00fc.<\/p>\n<p style=\"text-align: justify;\">T\u00fcrk, g\u00f6r\u00fc\u015fmeye, DTP Genel Ba\u015fkan Yard\u0131mc\u0131s\u0131 Emine Ayna ve Grup Ba\u015fkanvekili Selahattin Demirta\u015f ile birlikte geldi.<\/p>\n<p style=\"text-align: justify;\">G\u00f6r\u00fc\u015fmeye, \u0130\u00e7i\u015fleri Bakan\u0131 Be\u015fir Atalay, AK Parti Grup Ba\u015fkanvekili Bekir Bozda\u011f ile Ba\u015fbakan Ba\u015fdan\u0131\u015fman\u0131 Yal\u00e7\u0131n Akdo\u011fan da kat\u0131ld\u0131.<\/p>\n<p style=\"text-align: justify;\">G\u00f6r\u00fcnt\u00fc al\u0131nmas\u0131n\u0131n ard\u0131ndan g\u00f6r\u00fc\u015fme, bas\u0131na kapal\u0131 olarak s\u00fcrd\u00fc.<\/p>\n<p style=\"text-align: justify;\"><em><strong>G\u00f6r\u00fc\u015fmeyi &#8220;Ba\u015fbakan&#8221; s\u0131fat\u0131 ile yapmad\u0131<\/strong><\/em><\/p>\n<p style=\"text-align: justify;\">AKP Genel Merkezi a\u00e7\u0131klamas\u0131nda, &#8220;Randevu \u00f6\u011fleyin saat 12.00&#8217;de ger\u00e7ekle\u015fecek. Genel Ba\u015fkan\u0131m\u0131z ve AK Parti Grup Ba\u015fkan\u0131 Recep Tayyip Erdo\u011fan, DTP Genel Ba\u015fkan\u0131 Ahmet T\u00fcrk&#8217;\u00fc TBMM&#8217;de bulunan AK Parti Genel Ba\u015fkanl\u0131k makam\u0131nda kabul edecek&#8221; denilmi\u015fti.<\/p>\n<p style=\"text-align: justify;\">H\u00fck\u00fcmet, K\u00fcrt a\u00e7\u0131l\u0131m\u0131 ad\u0131 alt\u0131nda ba\u015flatt\u0131\u011f\u0131 \u00e7al\u0131\u015fman\u0131n i\u00e7ini doldurmaya \u00e7al\u0131\u015f\u0131rken, di\u011fer taraftan &#8220;K\u00fcrt sorunun \u00e7\u00f6z\u00fcm\u00fcnde muhatap kim olacak&#8221; sorusunun da yan\u0131t\u0131n\u0131 arad\u0131. Bu aray\u0131\u015f\u0131n sonunda, Ba\u015fbakan Erdo\u011fan daha \u00f6nce randevu vermedi\u011fi DTP ile g\u00f6r\u00fc\u015fme karar\u0131 ald\u0131.<\/p>\n<p style=\"text-align: justify;\"><span style=\"color: #888888;\">CNN T\u00dcRK<\/span><\/p>\n<p style=\"text-align: justify;\">\n","protected":false},"excerpt":{"rendered":"<p style=\"text-align: center;\">\n<p style=\"text-align: justify;\">Ba\u015fbakan Recep Tayyip Erdo\u011fan ve DTP lideri Ahmet T\u00fcrk, h\u00fck\u00fcmetin K\u00fcrt a\u00e7\u0131l\u0131m\u0131 \u00e7er\u00e7evesinde 1 saat boyunca g\u00f6r\u00fc\u015ft\u00fc. Erdo\u011fan, g\u00f6r\u00fc\u015fmeyi &#8220;genel ba\u015fkan&#8221; s\u0131fat\u0131yla yapt\u0131. G\u00f6r\u00fc\u015fmede Abdullah \u00d6calan&#8217;\u0131n isminin g\u00fcndeme gelmedi\u011fi \u00f6\u011frenildi.<\/p>\n<p style=\"text-align: justify;\">G\u00f6r\u00fc\u015fmenin ard\u0131ndan bir a\u00e7\u0131klama yapan Ba\u015fbakan Erdo\u011fan, &#8220;Bug\u00fcn ger\u00e7ekten demokratik parlamenter sistem i\u00e7erisinde TBMM \u00e7at\u0131s\u0131 alt\u0131nda \u00e7ok \u00e7ok <\/p>\n","protected":false},"author":1,"featured_media":0,"comment_status":"open","ping_status":"closed","sticky":false,"template":"","format":"standard","meta":{"footnotes":""},"categories":[105],"tags":[],"class_list":["post-12846","post","type-post","status-publish","format-standard","hentry","category-gundem","odd"],"_links":{"self":[{"href":"http:\/\/www.korhanyilmaz.com\/index.php?rest_route=\/wp\/v2\/posts\/12846","targetHints":{"allow":["GET"]}}],"collection":[{"href":"http:\/\/www.korhanyilmaz.com\/index.php?rest_route=\/wp\/v2\/posts"}],"about":[{"href":"http:\/\/www.korhanyilmaz.com\/index.php?rest_route=\/wp\/v2\/types\/post"}],"author":[{"embeddable":true,"href":"http:\/\/www.korhanyilmaz.com\/index.php?rest_route=\/wp\/v2\/users\/1"}],"replies":[{"embeddable":true,"href":"http:\/\/www.korhanyilmaz.com\/index.php?rest_route=%2Fwp%2Fv2%2Fcomments&post=12846"}],"version-history":[{"count":0,"href":"http:\/\/www.korhanyilmaz.com\/index.php?rest_route=\/wp\/v2\/posts\/12846\/revisions"}],"wp:attachment":[{"href":"http:\/\/www.korhanyilmaz.com\/index.php?rest_route=%2Fwp%2Fv2%2Fmedia&parent=12846"}],"wp:term":[{"taxonomy":"category","embeddable":true,"href":"http:\/\/www.korhanyilmaz.com\/index.php?rest_route=%2Fwp%2Fv2%2Fcategories&post=12846"},{"taxonomy":"post_tag","embeddable":true,"href":"http:\/\/www.korhanyilmaz.com\/index.php?rest_route=%2Fwp%2Fv2%2Ftags&post=12846"}],"curies":[{"name":"wp","href":"https:\/\/api.w.org\/{rel}","templated":true}]}}