{"id":12841,"date":"2009-08-05T20:53:36","date_gmt":"2009-08-05T17:53:36","guid":{"rendered":"http:\/\/www.korhanyilmaz.com\/?p=12841"},"modified":"2009-08-05T20:53:36","modified_gmt":"2009-08-05T17:53:36","slug":"3-ergenekon-davasi-acildi","status":"publish","type":"post","link":"http:\/\/www.korhanyilmaz.com\/?p=12841","title":{"rendered":"3. Ergenekon davas\u0131 a\u00e7\u0131ld\u0131"},"content":{"rendered":"<p style=\"text-align: center;\"><a href=\"http:\/\/www.korhanyilmaz.com\/wp-content\/uploads\/2009\/08\/ERGENEKON.jpg\"  class=\"lightview\"><img loading=\"lazy\" decoding=\"async\" class=\"size-full wp-image-12842 aligncenter\" src=\"http:\/\/www.korhanyilmaz.com\/wp-content\/uploads\/2009\/08\/ERGENEKON.jpg\" alt=\"\" width=\"277\" height=\"213\" \/><\/a><\/p>\n<p style=\"text-align: justify;\">\u0130stanbul 13. A\u011f\u0131r Ceza Mahkemesi, 3. Ergenekon iddianamesini kabul etti, b\u00f6ylece 3. dava a\u00e7\u0131lm\u0131\u015f oldu. \u0130lk duru\u015fma 7 Eyl\u00fcl 2009&#8217;de yap\u0131lacak.<\/p>\n<p style=\"text-align: justify;\">37&#8217;si tutuklu 52 \u015f\u00fcpheli hakk\u0131ndaki 1454 sayfal\u0131k iddianame, 21 Temmuz&#8217;da \u0130stanbul 13. A\u011f\u0131r Ceza Mahkemesi&#8217;ne g\u00f6nderilmi\u015fti.<\/p>\n<p style=\"text-align: justify;\">Mahkeme, 12 Haziran 2007 tarihinde \u00dcmraniye il\u00e7esinde patlay\u0131c\u0131 maddelerin ele ge\u00e7irilmesiyle ilgili ba\u015flat\u0131lan soru\u015fturma sonucu ortaya \u00e7\u0131kar\u0131lan &#8220;Ergenekon&#8221; adl\u0131 organizasyonla ilgili 3. \u00fc\u00e7\u00fcnc\u00fc iddianameyi incelemeyi tamamlad\u0131. <!--more--><\/p>\n<p style=\"text-align: justify;\"><a href=\"http:\/\/cdn.dogantv.com.tr\/dokumanlar\/cnnturk\/2009-1498%20sor.%20say%C4%B1l%C4%B1%20%20iddianame.pdf\" target=\"_blank\"><span style=\"color: #993300;\"><em><strong>\u0130DD\u0130ANAME \u0130\u00c7\u0130N TIKLAYIN (pdf)<\/strong><\/em><\/span><\/a><\/p>\n<p style=\"text-align: justify;\">(Dosya 1457 sayfal\u0131k iddianameyi i\u00e7ermektedir. 292 MB b\u00fcy\u00fckl\u00fc\u011f\u00fcndedir.)<\/p>\n<p style=\"text-align: justify;\"><a href=\"http:\/\/cdn.dogantv.com.tr\/dokumanlar\/cnnturk\/Dizi%20Pusulas%C4%B1.pdf\" target=\"_blank\"><strong><em><span style=\"color: #993300;\">\u0130NDEKS \u0130\u00c7\u0130N TIKLAYIN (pdf)<\/span><\/em><\/strong><\/a><\/p>\n<p style=\"text-align: justify;\">(Dosya 50 sayfal\u0131k dizi pusulas\u0131n\u0131 i\u00e7ermektedir.)<\/p>\n<p style=\"text-align: justify;\">**<\/p>\n<p style=\"text-align: justify;\"><strong><em>\u00d6nemli isimler san\u0131k<\/em><\/strong><\/p>\n<p style=\"text-align: justify;\">\u0130ddianamedeki san\u0131klar aras\u0131nda eski MGK Genel Sekreteri emekli Orgeneral Tuncer K\u0131l\u0131n\u00e7, eski Y\u00d6K Ba\u015fkan\u0131 Prof. Dr. Kemal G\u00fcr\u00fcz, Ba\u015fkent \u00dcniversitesi Rekt\u00f6r\u00fc Prof. Dr. Mehmet Haberal ve gazeteci-yazar Yal\u00e7\u0131n K\u00fc\u00e7\u00fck de bulunuyor.<\/p>\n<p style=\"text-align: justify;\"><strong><em>\u0130ddianamede isimleri ge\u00e7en di\u011fer san\u0131klardan baz\u0131lar\u0131 \u015f\u00f6yle: <\/em><\/strong><\/p>\n<p style=\"text-align: justify;\">Eski T\u00fcrk Metal Sendikas\u0131 Genel Ba\u015fkan\u0131 Mustafa \u00d6zbek, eski \u00d6zel Harekat Dairesi Ba\u015fkanvekili \u0130brahim \u015eahin, eski 19 May\u0131s \u00dcniversitesi Rekt\u00f6r\u00fc R\u0131za Ferit Bernay, eski \u0130n\u00f6n\u00fc \u00dcniversitesi Rekt\u00f6r\u00fc Fatih Hilmio\u011flu, eski Genelkurmay Adli M\u00fc\u015faviri emekli T\u00fcmgeneral Muhittin Erdal \u015eenel, emekli Orgeneral M\u00fcn\u00fcr Kemal Yavuz, Yarbay Mustafa D\u00f6nmez, gazeteci Engin Ayd\u0131n, avukat Mustafa H\u00fcseyin Buzo\u011flu, \u0130stanbul \u00dcniversitesi emekli \u00f6\u011fretim \u00fcyesi Prof. Dr. Erol Manisal\u0131 ile Taylan \u00d6zg\u00fcr K\u0131rm\u0131z\u0131, Mustafa Abbas Yurtkuran, \u00dcnal \u0130nan\u00e7, Muhterem Ba\u011fc\u0131, H\u00fcdayi \u00dcnl\u00fcer, \u0130lhan Bulay\u0131r, Zerrar Atik, Fahri Kepek, \u0130lyas \u00c7\u0131nar, O\u011fuzhan Sa\u011f\u0131ro\u011flu, Erdal \u015eahin, Erbay \u00c7olako\u011flu, Cengiz K\u00f6yl\u00fc, Cihandar Hasanhano\u011flu, Muhammed Sar\u0131kaya, Fatma Cengiz, Ya\u015far O\u011fuz \u015eahin, Mehmet Koral, Hasan Ataman Y\u0131ld\u0131r\u0131m, H\u00fcseyin Vural Vural, Murat Eke, Cihan Ar\u0131k, Ali Oktay \u015eahbaz, Onur \u00d6zdemir, Emre Baltac\u0131, Melih Y\u00fcksel, Servet Kaynak, Fahri S\u00fcsl\u00fc, Kemalettin Balc\u0131, B\u00fclent G\u00fcng\u00f6rd\u00fc, Murat \u00c7avdar, Mehmet Dalagan, Ayhan Atabek, Kenan Temur, Mustafa Ko\u00e7, Ersin G\u00f6nenci, O\u011fuz Bulut ve Mustafa Levent G\u00f6kta\u015f.<\/p>\n<p style=\"text-align: justify;\"><em><strong>Mutafyan &#8220;ma\u011fdur&#8221;<\/strong><\/em><\/p>\n<p style=\"text-align: justify;\">\u0130ddianamede T\u00fcrkiye Ermenileri Patri\u011fi Mesrob Mutafyan &#8220;ma\u011fdur&#8221; olarak yer ald\u0131.<\/p>\n<p style=\"text-align: justify;\">Mutafyan&#8217;\u0131n yan\u0131 s\u0131ra Minas Durmazg\u00fcler &#8220;ma\u011fdur&#8221;, Ali Balk\u0131z ve Kaz\u0131m Gen\u00e7 ise &#8220;m\u00fc\u015fteki&#8221; olarak ge\u00e7iyor.<\/p>\n<p style=\"text-align: justify;\"><em><strong><span style=\"color: #993300;\">\u0130DD\u0130ANAMEDE YER ALAN T\u00dcM SANIK, M\u00dc\u015eTEK\u0130 VE MA\u011eDURLAR :<\/span><\/strong><\/em><\/p>\n<p style=\"text-align: justify;\">3. Ergenekon iddianamesi, \u0130stanbul 13. A\u011fr Ceza Mahkemesi taraf\u0131ndan kabul edildi. \u0130\u015fte, iddianamede ad\u0131 ge\u00e7en san\u0131k, m\u00fc\u015fteki ve ma\u011fdurlar&#8230;<\/p>\n<p style=\"text-align: justify;\"><span style=\"color: #993300;\"><em><strong>SANIK<\/strong><\/em><\/span><\/p>\n<p style=\"text-align: justify;\">MEHMET HABERAL<\/p>\n<p style=\"text-align: justify;\">YAL\u00c7IN K\u00dc\u00c7\u00dcK<\/p>\n<p style=\"text-align: justify;\">HAL\u0130L KEMAL G\u00dcR\u00dcZ.<\/p>\n<p style=\"text-align: justify;\">MUSTAFA KO\u00c7<\/p>\n<p style=\"text-align: justify;\">ERS\u0130N G\u00d6NENC\u0130<\/p>\n<p style=\"text-align: justify;\">O\u011eUZ BULUT<\/p>\n<p style=\"text-align: justify;\">\u0130BRAH\u0130M \u015eAH\u0130N<\/p>\n<p style=\"text-align: justify;\">MUSTAFA \u00d6ZBEK<\/p>\n<p style=\"text-align: justify;\">MUSTAFA LEVENT G\u00d6KTA\u015e<\/p>\n<p style=\"text-align: justify;\">RIZA FER\u0130T BERNAY<\/p>\n<p style=\"text-align: justify;\">TAYLAN \u00d6ZG\u00dcR KIRMIZI<\/p>\n<p style=\"text-align: justify;\">MUSTAFA ABBAS YURTKURAN<\/p>\n<p style=\"text-align: justify;\">\u00dcNAL \u0130NAN\u00c7<\/p>\n<p style=\"text-align: justify;\">MUHTEREM BA\u011eCI<\/p>\n<p style=\"text-align: justify;\">H\u00dcDAY\u0130 \u00dcNL\u00dcER<\/p>\n<p style=\"text-align: justify;\">FAT\u0130H H\u0130LM\u0130O\u011eLU<\/p>\n<p style=\"text-align: justify;\">\u0130LHAN BULAYIR<\/p>\n<p style=\"text-align: justify;\">ZERRAR AT\u0130K<\/p>\n<p style=\"text-align: justify;\">FAHR\u0130 KEPEK<\/p>\n<p style=\"text-align: justify;\">\u0130LYAS \u00c7INAR<\/p>\n<p style=\"text-align: justify;\">O\u011eUZHAN SA\u011eIRO\u011eLU<\/p>\n<p style=\"text-align: justify;\">ERDAL \u015eAH\u0130N<\/p>\n<p style=\"text-align: justify;\">ENG\u0130N AYDIN<\/p>\n<p style=\"text-align: justify;\">ERBAY \u00c7OLAKO\u011eLU<\/p>\n<p style=\"text-align: justify;\">CENG\u0130Z K\u00d6YL\u00dc<\/p>\n<p style=\"text-align: justify;\">C\u0130HANDAR HASANHANO\u011eLU<\/p>\n<p style=\"text-align: justify;\">MUHAMMED SARIKAYA<\/p>\n<p style=\"text-align: justify;\">FATMA CENG\u0130Z<\/p>\n<p style=\"text-align: justify;\">YA\u015eAR O\u011eUZ \u015eAH\u0130N<\/p>\n<p style=\"text-align: justify;\">MUH\u0130TT\u0130N ERDAL \u015eENEL<\/p>\n<p style=\"text-align: justify;\">MEHMET KORAL<\/p>\n<p style=\"text-align: justify;\">TUN\u00c7ER KILIN\u00c7<\/p>\n<p style=\"text-align: justify;\">M\u00dcN\u00dcR KEMAL YAVUZ<\/p>\n<p style=\"text-align: justify;\">HASAN ATAMAN YILDIRIM<\/p>\n<p style=\"text-align: justify;\">H\u00dcSEY\u0130N VURAL VURAL<\/p>\n<p style=\"text-align: justify;\">MUSTAFA D\u00d6NMEZ<\/p>\n<p style=\"text-align: justify;\">MURAT EKE<\/p>\n<p style=\"text-align: justify;\">C\u0130HAN ARIK<\/p>\n<p style=\"text-align: justify;\">AL\u0130 OKTAY \u015eAHBAZ<\/p>\n<p style=\"text-align: justify;\">ONUR \u00d6ZDEM\u0130R<\/p>\n<p style=\"text-align: justify;\">EMRE BALTACI<\/p>\n<p style=\"text-align: justify;\">MEL\u0130H Y\u00dcKSEL<\/p>\n<p style=\"text-align: justify;\">SERVET KAYNAK<\/p>\n<p style=\"text-align: justify;\">FAHR\u0130 S\u00dcSL\u00dc<\/p>\n<p style=\"text-align: justify;\">KEMALETT\u0130N BALCI<\/p>\n<p style=\"text-align: justify;\">B\u00dcLENT G\u00dcNG\u00d6RD\u00dc<\/p>\n<p style=\"text-align: justify;\">MURAT \u00c7AVDAR<\/p>\n<p style=\"text-align: justify;\">MEHMET DALAGAN<\/p>\n<p style=\"text-align: justify;\">AYHAN ATABEK<\/p>\n<p style=\"text-align: justify;\">KENAN TEMUR<\/p>\n<p style=\"text-align: justify;\">EROL MAN\u0130SA<\/p>\n<p style=\"text-align: justify;\">MUSTAFA H\u00dcSEY\u0130N BUZO\u011eLU<\/p>\n<p style=\"text-align: justify;\"><span style=\"text-decoration: underline;\"><strong><em><span style=\"color: #993300;\">M\u00dc\u015eTEK\u0130<\/span><\/em><\/strong><\/span><\/p>\n<p style=\"text-align: justify;\">AL\u0130 BALKIZ<\/p>\n<p style=\"text-align: justify;\">KAZIM GEN\u00c7<\/p>\n<p style=\"text-align: justify;\"><span style=\"text-decoration: underline;\"><strong><em><span style=\"color: #993300;\">MA\u011eDUR<\/span><\/em><\/strong><\/span><\/p>\n<p style=\"text-align: justify;\">M\u0130NAS DURMAZG\u00dcLER<\/p>\n<p style=\"text-align: justify;\">MESROB MUTAFYAN<\/p>\n<p style=\"text-align: justify;\">\n<p style=\"text-align: justify;\">\u0130ddianamede operasyon kapsam\u0131nda 10 Ocak ile 17 Nisan 2009 tarihleri aras\u0131nda g\u00f6zalt\u0131na al\u0131nan ve tutuklanan san\u0131klar yer al\u0131yor.<\/p>\n<p style=\"text-align: justify;\"><strong><em>\u0130ddianameden detaylar<\/em><\/strong><\/p>\n<p style=\"text-align: justify;\">3. davan\u0131n delil klas\u00f6rleri 181 klas\u00f6rden olu\u015fuyor.<\/p>\n<p style=\"text-align: justify;\">\u0130ddianamenin giri\u015f b\u00f6l\u00fcm\u00fcnde \u00f6rg\u00fct \u00e7er\u00e7evesinde daha \u00f6nce yap\u0131lan soru\u015fturmalar ve a\u00e7\u0131lan davalar \u00f6zetleniyor; \u00f6rg\u00fct\u00fcn ger\u00e7ekle\u015ftirmeyi planlad\u0131\u011f\u0131 ve ger\u00e7ekle\u015ftirdi\u011fi eylemler, suikast planlar\u0131 ve el konulan silahlar anlat\u0131l\u0131yor.<\/p>\n<p style=\"text-align: justify;\">\u0130ddianamenin ikinci b\u00f6l\u00fcm\u00fcnde \u015f\u00fcphelilerin bireysel durumlar\u0131 ele al\u0131n\u0131yor, isnat edilen su\u00e7lar ve uygulanmas\u0131 talep edilen yasa maddelerine yer veriliyor.<\/p>\n<p style=\"text-align: justify;\">Her \u015f\u00fcpheli i\u00e7in arama ve el koyma i\u015flemlerinde bulunan delillerin anlat\u0131m\u0131, el konulan delillerin incelenmesi, tan\u0131k ifadeleri, \u015f\u00fcphelilerin emniyet ve savc\u0131l\u0131k ifadeleri ile hakimlik sorgusu, hukuki durumun anlat\u0131m\u0131, netice ve talep konular\u0131 ele al\u0131n\u0131yor.<\/p>\n<p style=\"text-align: justify;\">Operasyon kapsam\u0131nda 12 Haziran 2007 tarihinden itibaren el konulan, bulunan silah ve m\u00fchimmat\u0131n da d\u00f6k\u00fcm\u00fc yap\u0131l\u0131yor.<\/p>\n<p style=\"text-align: justify;\">San\u0131klar hakk\u0131nda &#8220;silahl\u0131 ter\u00f6r \u00f6rg\u00fct\u00fc kurma veya y\u00f6netme&#8221;, &#8220;T\u00fcrkiye B\u00fcy\u00fck Millet Meclisi&#8217;ni ortadan kald\u0131rmaya veya g\u00f6revini yapmas\u0131n\u0131 engellemeye te\u015febb\u00fcs etme&#8221;, &#8220;T\u00fcrkiye Cumhuriyeti H\u00fck\u00fcmetini ortadan kald\u0131rmaya veya g\u00f6revini engellemeye te\u015febb\u00fcs etme&#8217;, &#8220;hukuka ayk\u0131r\u0131 olarak ki\u015fisel verileri kaydetmek&#8221;, &#8220;devletin g\u00fcvenli\u011fine ili\u015fkin gizli belgeleri temin etme&#8221;, &#8220;A\u00e7\u0131klanmas\u0131 yasaklanan gizli bilgileri temin etme&#8221;, &#8220;say\u0131 ve nitelik bak\u0131m\u0131ndan vahim olan silah veya mermilerin sat\u0131n al\u0131nmas\u0131, ta\u015f\u0131nmas\u0131, bulundurulmas\u0131&#8221;, &#8220;tehlikeli maddeleri izinsiz olarak bulundurma&#8221;, &#8220;\u00f6zel hayata ili\u015fkin g\u00f6r\u00fcnt\u00fc ve sesleri if\u015fa etmek&#8221;, &#8220;devletin g\u00fcvenli\u011fine ili\u015fkin gizli belgeleri temin etme, amac\u0131 d\u0131\u015f\u0131nda kullanma, hile ile \u00e7alma&#8221; su\u00e7lamalar\u0131 yer al\u0131yor.<\/p>\n<p style=\"text-align: justify;\"><strong><span style=\"color: #993300;\">SANIKLARA Y\u00d6NELT\u0130LEN SU\u00c7LAMALAR <\/span><\/strong>:<\/p>\n<p style=\"text-align: justify;\">3. Ergenekon iddianamesinde, eski MGK Genel Sekreteri emekli Org. Tuncer K\u0131l\u0131n\u00e7&#8217;\u0131n 25 ile 49 y\u0131l, eski Y\u00d6K Ba\u015fkan\u0131 Prof. Dr. Kemal G\u00fcr\u00fcz&#8217;\u00fcn 18.5 ile 35.5 y\u0131l, emekli Org. M\u00fcn\u00fcr Kemal Yavuz&#8217;un da 12 ile 27 y\u0131l aras\u0131nda hapisle cezaland\u0131r\u0131lmalar\u0131 istendi. \u0130ddianamede ayr\u0131ca eski \u00d6zel Harekat Dairesi Ba\u015fkanvekili \u0130brahim \u015eahin&#8217;in 2 kez a\u011f\u0131rla\u015ft\u0131r\u0131lm\u0131\u015f m\u00fcebbet ve 30.5 ile 61 y\u0131l aras\u0131nda hapisle cezaland\u0131r\u0131lmas\u0131 talep edildi.<\/p>\n<p style=\"text-align: justify;\"><em><strong>Tutuksuz san\u0131k eski Y\u00d6K Ba\u015fkan\u0131 Prof. Dr. Kemal G\u00fcr\u00fcz:<\/strong><\/em><\/p>\n<p style=\"text-align: justify;\">\u0130ddianamede, tutuksuz san\u0131k eski Y\u00d6K Ba\u015fkan\u0131 Prof. Dr. Kemal G\u00fcr\u00fcz&#8217;\u00fcn &#8220;silahl\u0131 ter\u00f6r \u00f6rg\u00fct\u00fc kurma veya y\u00f6netme&#8221; ile &#8220;devletin g\u00fcvenli\u011fine ili\u015fkin gizli belgeleri temin etme&#8221; su\u00e7lar\u0131ndan 18,5 ile 35,5 y\u0131l aras\u0131nda hapis cezas\u0131na \u00e7arpt\u0131r\u0131lmas\u0131 talep edildi.<\/p>\n<p style=\"text-align: justify;\"><strong><em>Tutuksuz san\u0131k eski MGK Genel Sekreteri emekli Orgeneral Tuncer K\u0131l\u0131n\u00e7:<\/em><\/strong><\/p>\n<p style=\"text-align: justify;\">Tutuksuz san\u0131k eski MGK Genel Sekreteri emekli Orgeneral Tuncer K\u0131l\u0131n\u00e7&#8217;\u0131n &#8220;silahl\u0131 ter\u00f6r \u00f6rg\u00fct\u00fcne \u00fcye olma&#8221;, &#8220;devletin g\u00fcvenli\u011fine ili\u015fkin gizli belgeleri temin etme&#8221;, &#8220;a\u00e7\u0131klanmas\u0131 yasaklanan gizli bilgileri temin etme&#8221;, &#8220;devletin g\u00fcvenli\u011fine ili\u015fkin belgeleri tahrip etme, amac\u0131 d\u0131\u015f\u0131nda kullanma, hile ile alma, \u00e7alma&#8221; su\u00e7lar\u0131ndan 25 ile 49 y\u0131l aras\u0131nda hapisle cezaland\u0131r\u0131lmas\u0131 istenen iddianamede, tutuksuz san\u0131k emekli Orgeneral M\u00fcn\u00fcr Kemal Yavuz&#8217;un &#8220;silahl\u0131 ter\u00f6r \u00f6rg\u00fct\u00fcne \u00fcye olma&#8221; ve &#8220;devletin g\u00fcvenli\u011fine ili\u015fkin gizli belgeleri temin etme&#8221; su\u00e7lar\u0131ndan 12 y\u0131ldan 27 y\u0131la kadar hapisle cezaland\u0131r\u0131lmas\u0131 talebinde bulunuldu.<\/p>\n<p style=\"text-align: justify;\"><em><strong>Eski \u00d6zel Harekat Dairesi Ba\u015fkanvekili \u0130brahim \u015eahin:<\/strong><\/em><\/p>\n<p style=\"text-align: justify;\">\u0130ddianamede, eski \u00d6zel Harekat Dairesi Ba\u015fkanvekili \u0130brahim \u015eahin&#8217;in &#8220;T\u00fcrkiye B\u00fcy\u00fck Millet Meclisi&#8217;ni ortadan kald\u0131rmaya veya g\u00f6revini yapmas\u0131n\u0131 engellemeye te\u015febb\u00fcs etme&#8221; ve &#8220;T\u00fcrkiye Cumhuriyeti H\u00fck\u00fcmetini ortadan kald\u0131rmaya veya g\u00f6revini yapmas\u0131n\u0131 engellemeye te\u015febb\u00fcs etme&#8221; su\u00e7lar\u0131ndan 2 kez a\u011f\u0131rla\u015ft\u0131r\u0131lm\u0131\u015f m\u00fcebbetle cezaland\u0131r\u0131lmas\u0131 talep edilirken, ayr\u0131ca &#8220;silahl\u0131 ter\u00f6r \u00f6rg\u00fct\u00fc kurma veya y\u00f6netme&#8221;, &#8220;say\u0131 ve nitelik bak\u0131m\u0131ndan vahim olan silah veya mermileri sat\u0131n al\u0131nmas\u0131, ta\u015f\u0131nmas\u0131, bulundurulmas\u0131&#8221;, &#8220;tehlikeli maddeleri izinsiz olarak bulundurma veya el de\u011fi\u015ftirme&#8221;, &#8220;devletin g\u00fcvenli\u011fine ili\u015fkin gizli belgeleri temin etme&#8221;, &#8220;a\u00e7\u0131klanmas\u0131 yasaklanan gizli bilgileri temin etme&#8221;, &#8220;hukuka ayk\u0131r\u0131 olarak ki\u015fisel verileri kaydetmek&#8221; su\u00e7lar\u0131ndan 30,5 ile 61 y\u0131l aras\u0131nda hapisle cezaland\u0131r\u0131lmas\u0131 istendi.<\/p>\n<p style=\"text-align: justify;\"><strong><em>Tutuklu san\u0131k Ba\u015fkent \u00dcniversitesi Rekt\u00f6r\u00fc Prof. Dr. Mehmet Haberal:<\/em><\/strong><\/p>\n<p style=\"text-align: justify;\">Tutuklu san\u0131k Ba\u015fkent \u00dcniversitesi Rekt\u00f6r\u00fc Prof. Dr. Mehmet Haberal&#8217;\u0131n &#8220;T\u00fcrkiye B\u00fcy\u00fck Millet Meclisi&#8217;ni ortadan kald\u0131rmaya veya g\u00f6revini yapmas\u0131n\u0131 engellemeye te\u015febb\u00fcs etme&#8221; ve &#8220;T\u00fcrkiye Cumhuriyeti H\u00fck\u00fcmetini ortadan kald\u0131rmaya veya g\u00f6revini yapmas\u0131n\u0131 engellemeye te\u015febb\u00fcs etme&#8221; su\u00e7lar\u0131ndan 2 kez a\u011f\u0131rla\u015ft\u0131r\u0131lm\u0131\u015f m\u00fcebbet hapis cezas\u0131na \u00e7arpt\u0131r\u0131lmas\u0131 talep edilen iddianamede, Haberal&#8217;\u0131n ayr\u0131ca &#8220;silahl\u0131 ter\u00f6r \u00f6rg\u00fct\u00fc kurma veya y\u00f6netme&#8221; su\u00e7lar\u0131ndan da 15 y\u0131ldan 22,5 y\u0131la kadar hapisle cezaland\u0131r\u0131lmas\u0131 talebinde bulunuldu.<\/p>\n<p style=\"text-align: justify;\"><strong><em>Tutuksuz san\u0131k Yal\u00e7\u0131n K\u00fc\u00e7\u00fck:<\/em><\/strong><\/p>\n<p style=\"text-align: justify;\">\u0130ddianamede, tutuksuz san\u0131k Yal\u00e7\u0131n K\u00fc\u00e7\u00fck&#8217;\u00fcn &#8220;T\u00fcrkiye B\u00fcy\u00fck Millet Meclisi&#8217;ni ortadan kald\u0131rmaya veya g\u00f6revini yapmas\u0131n\u0131 engellemeye te\u015febb\u00fcs etme&#8221; ve &#8220;T\u00fcrkiye Cumhuriyeti H\u00fck\u00fcmetini ortadan kald\u0131rmaya veya g\u00f6revini yapmas\u0131n\u0131 engellemeye te\u015febb\u00fcs etme&#8221; su\u00e7lar\u0131ndan 2 kez a\u011f\u0131rla\u015ft\u0131r\u0131lm\u0131\u015f m\u00fcebbet hapisle &#8220;silahl\u0131 ter\u00f6r \u00f6rg\u00fct\u00fc kurma veya y\u00f6netme&#8221; ve &#8220;adil yarg\u0131lamay\u0131 etkilemeye te\u015febb\u00fcs&#8221; su\u00e7lar\u0131ndan da 15,5 y\u0131ldan 27 y\u0131la kadar hapisle cezaland\u0131r\u0131lmas\u0131 istenildi.<\/p>\n<p style=\"text-align: justify;\"><strong><em>Tutuksuz san\u0131k \u0130stanbul \u00dcniversitesi emekli \u00f6\u011fretim \u00fcyesi Prof. Dr. Erol Manisal\u0131:<\/em><\/strong><\/p>\n<p style=\"text-align: justify;\">Tutuksuz san\u0131k \u0130stanbul \u00dcniversitesi emekli \u00f6\u011fretim \u00fcyesi Prof. Dr. Erol Manisal\u0131&#8217;n\u0131n &#8220;T\u00fcrkiye B\u00fcy\u00fck Millet Meclisini ortadan kald\u0131rmaya veya g\u00f6revini yapmas\u0131n\u0131 engellemeye te\u015febb\u00fcs etme&#8221; ve &#8220;T\u00fcrkiye Cumhuriyeti H\u00fck\u00fcmetini ortadan kald\u0131rmaya veya g\u00f6revini yapmas\u0131n\u0131 engellemeye te\u015febb\u00fcs etme&#8221; su\u00e7lar\u0131ndan 2 kez a\u011f\u0131rla\u015ft\u0131r\u0131lm\u0131\u015f m\u00fcebbet hapis ile &#8220;silahl\u0131 ter\u00f6r \u00f6rg\u00fct\u00fcne \u00fcye olma&#8221; ve &#8220;hukuka ayk\u0131r\u0131 olarak ki\u015fisel verileri kaydetmek&#8221; su\u00e7lar\u0131ndan da 8 y\u0131ldan 20 y\u0131la kadar hapisle cezaland\u0131r\u0131lmas\u0131 talep edildi.<\/p>\n<p style=\"text-align: justify;\"><em><strong>Tutuklu san\u0131k Yarbay Mustafa D\u00f6nmez:<\/strong><\/em><\/p>\n<p style=\"text-align: justify;\">\u0130ddianamede, tutuklu san\u0131k Yarbay Mustafa D\u00f6nmez&#8217;in, &#8220;T\u00fcrkiye B\u00fcy\u00fck Millet Meclisini ortadan kald\u0131rmaya veya g\u00f6revini yapmas\u0131n\u0131 engellemeye te\u015febb\u00fcs etme&#8221; ve &#8220;T\u00fcrkiye Cumhuriyeti H\u00fck\u00fcmetini ortadan kald\u0131rmaya veya g\u00f6revini yapmas\u0131n\u0131 engellemeye te\u015febb\u00fcs etme&#8221; su\u00e7lar\u0131ndan 2 kez a\u011f\u0131rla\u015ft\u0131r\u0131lm\u0131\u015f m\u00fcebbet hapis cezas\u0131na \u00e7arpt\u0131r\u0131lmas\u0131 talep edilen iddianamede, D\u00f6nmez&#8217;in ayr\u0131ca &#8220;silahl\u0131 ter\u00f6r \u00f6rg\u00fct\u00fcne \u00fcye olma&#8221;, &#8220;say\u0131 ve nitelik bak\u0131m\u0131ndan vahim olan silah veya mermileri sat\u0131n al\u0131nmas\u0131, ta\u015f\u0131nmas\u0131, bulundurulmas\u0131&#8221;, &#8220;b\u0131\u00e7ak veya di\u011fer aletleri izinsiz olarak satma, sat\u0131n alma, ta\u015f\u0131ma veya bulundurma&#8221;, &#8220;tehlikeli maddeleri izinsiz olarak bulundurma veya el de\u011fi\u015ftirme&#8221;, &#8220;a\u00e7\u0131klanmas\u0131 yasaklanan gizli bilgileri temin etme&#8221; ve &#8220;hukuka ayk\u0131r\u0131 olarak ki\u015fisel verileri kaydetmek&#8221; su\u00e7lar\u0131ndan ise 46,5 y\u0131ldan 91 y\u0131la kadar hapse mahkum edilmesi talebinde bulunuldu.<\/p>\n<p style=\"text-align: justify;\"><em><strong>Eski T\u00fcrk Metal Sendikas\u0131 Genel Ba\u015fkan\u0131 Mustafa \u00d6zbek:<\/strong><\/em><\/p>\n<p style=\"text-align: justify;\">\u0130ddianamede, eski T\u00fcrk Metal Sendikas\u0131 Genel Ba\u015fkan\u0131 Mustafa \u00d6zbek&#8217;in de &#8220;silahl\u0131 ter\u00f6r \u00f6rg\u00fct\u00fcne \u00fcye olma&#8221;, &#8220;a\u00e7\u0131klanmas\u0131 yasaklanan gizli bilgileri temin etme&#8221;, &#8220;hukuka ayk\u0131r\u0131 olarak ki\u015fisel verileri kaydetmek&#8221; ve &#8220;hukuka ayk\u0131r\u0131 olarak ki\u015fisel verileri kaydetmek&#8221; su\u00e7lar\u0131ndan 11,5 y\u0131ldan 31,5 y\u0131la kadar hapse mahkum edilmesi istenildi.<\/p>\n<p style=\"text-align: justify;\"><strong>\u0130DD\u0130ANAMEYE \u0130L\u0130\u015eK\u0130N TENS\u0130P ZABTI<\/strong><\/p>\n<p style=\"text-align: justify;\">&#8220;Ergenekon&#8221; soru\u015fturmas\u0131 kapsam\u0131nda haz\u0131rlanan \u00fc\u00e7\u00fcnc\u00fc iddianameyi kabul eden \u0130stanbul 13. A\u011f\u0131r Ceza Mahkemesi&#8217;nce avukatlara da\u011f\u0131t\u0131lan tensip zabt\u0131nda, tutuklu san\u0131klardan Ba\u015fkent \u00dcniversitesi Rekt\u00f6r\u00fc Prof. Dr. Mehmet Haberal, Albay Cengiz K\u00f6yl\u00fc, Albay Mustafa Levent G\u00f6kta\u015f ve eski \u00d6zel Harekat Dairesi Ba\u015fkanvekili \u0130brahim \u015eahin&#8217;in, &#8220;silahl\u0131 ter\u00f6r \u00f6rg\u00fct\u00fc kurma veya y\u00f6netme&#8221; su\u00e7undan yarg\u0131lanacaklar\u0131 bildirildi.<\/p>\n<p style=\"text-align: justify;\">Tensip zabt\u0131nda, san\u0131klar Haberal, K\u00f6yl\u00fc, G\u00f6kta\u015f ve \u015eahin&#8217;in, i\u015fledikleri iddia edilen di\u011fer su\u00e7lar ise \u015f\u00f6yle s\u0131raland\u0131:<\/p>\n<p style=\"text-align: justify;\">&#8220;San\u0131k Mehmet Haberal; TBMM&#8217;yi ortadan kald\u0131rmaya veya g\u00f6revini yapmas\u0131n\u0131 engellemeye te\u015febb\u00fcs etme, T\u00fcrkiye Cumhuriyeti H\u00fck\u00fcmetini ortadan kald\u0131rmaya veya g\u00f6revini yapmas\u0131n\u0131 engellemeye te\u015febb\u00fcs etme,<\/p>\n<p style=\"text-align: justify;\">San\u0131k Mustafa Levent G\u00f6kta\u015f; Silahl\u0131 ter\u00f6r \u00f6rg\u00fct\u00fc kurma veya y\u00f6netme, \u00f6zel hayata ili\u015fkin g\u00f6r\u00fcnt\u00fc veya sesleri if\u015fa etme, devletin g\u00fcvenli\u011fine ili\u015fkin gizli belgeleri temin etme, a\u00e7\u0131klanmas\u0131 yasaklanan gizli bilgileri temin etme, \u00f6zel hayat\u0131n gizlili\u011fini ihlal etme, devletin g\u00fcvenli\u011fine ili\u015fkin belgeleri tahrip etme amac\u0131 d\u0131\u015f\u0131nda kullanma, hile ile alma, \u00e7alma ve hukuka ayk\u0131r\u0131 olarak ki\u015fisel verileri kaydetme,<\/p>\n<p style=\"text-align: justify;\">San\u0131k \u0130brahim \u015eahin; Silahl\u0131 ter\u00f6r \u00f6rg\u00fct\u00fc kurma veya y\u00f6netme, say\u0131 ve nitelik olarak vahim olan silah veya mermilerin sat\u0131n al\u0131nmas\u0131, ta\u015f\u0131nmas\u0131, bulundurulmas\u0131, tehlikeli maddeleri izinsiz olarak bulundurma veya el de\u011fi\u015ftirme, devletin g\u00fcvenli\u011fine ili\u015fkin gizli belgeleri temin etme, hukuka ayk\u0131r\u0131 olarak ki\u015fisel verileri kaydetme, TBMM&#8217;yi ortadan kald\u0131rmaya veya g\u00f6revini yapmas\u0131n\u0131 engellemeye te\u015febb\u00fcs etme ve T\u00fcrkiye Cumhuriyeti H\u00fck\u00fcmetini ortadan kald\u0131rmaya veya g\u00f6revini yapmas\u0131n\u0131 engellemeye te\u015febb\u00fcs etme,<\/p>\n<p style=\"text-align: justify;\">San\u0131k eski \u0130n\u00f6n\u00fc \u00dcniversitesi Rekt\u00f6r\u00fc Prof. Dr. Fatih Hilmio\u011flu; Silahl\u0131 ter\u00f6r \u00f6rg\u00fct\u00fcne \u00fcye olma, TBMM&#8217;yi ortadan kald\u0131rmaya veya g\u00f6revini yapmas\u0131n\u0131 engellemeye te\u015febb\u00fcs etme, hukuka ayk\u0131r\u0131 olarak ki\u015fisel verileri kaydetme ve T\u00fcrkiye Cumhuriyeti h\u00fck\u00fcmetini ortadan kald\u0131rmaya veya g\u00f6revini yapmas\u0131n\u0131 engellemeye te\u015febb\u00fcs etme,<\/p>\n<p style=\"text-align: justify;\">San\u0131k T\u00fcrk Metal-\u0130\u015f Sendikas\u0131 Ba\u015fkan\u0131 Mustafa \u00d6zbek; Silahl\u0131 ter\u00f6r \u00f6rg\u00fct\u00fcne \u00fcye olma, a\u00e7\u0131klanmas\u0131 yasaklanan gizli bilgileri temin etme ve hukuka ayk\u0131r\u0131 olarak ki\u015fisel verileri kaydetme.&#8221; Tensip zabt\u0131na g\u00f6re, bir k\u0131s\u0131m tutuklu san\u0131klar\u0131n ve m\u00fcdafilerinin &#8220;tahliye ve adli kontrol\u00fcn kald\u0131r\u0131lmas\u0131&#8221; konusundaki taleplerini reddine karar veren mahkeme heyeti, hastanede tedavi g\u00f6ren Mehmet Haberal da dahil t\u00fcm tutuklu san\u0131klara iddianamenin tebli\u011f edilmesi ve duru\u015fmada kendilerini savunmak i\u00e7in bir istemde bulunup bulunmayacaklar\u0131n\u0131n, bulunacaklarsa da &#8220;neden ibaret oldu\u011funun&#8221; sorulmas\u0131na h\u00fckmetti.<\/p>\n<p style=\"text-align: justify;\"><strong><em>Duru\u015fmaya gelmeyeceklere &#8216;zorla getirilme&#8217; yaz\u0131s\u0131<\/em><\/strong><\/p>\n<p style=\"text-align: justify;\">Tutuklu san\u0131klardan eski 19 May\u0131s \u00dcniversitesi Rekt\u00f6r\u00fc Prof. Dr. R\u0131za Ferit Bernay ve Muhterem Ba\u011fc\u0131&#8217;n\u0131n, mevcut delil durumu, at\u0131l\u0131 su\u00e7un vas\u0131f ve mahiyeti, su\u00e7 vasf\u0131n\u0131n de\u011fi\u015fme ihtimali ve tutuklulukta ge\u00e7en s\u00fcreleri dikkate al\u0131narak tahliye edilmelerine karar veren mahkeme heyeti, aralar\u0131nda Yal\u00e7\u0131n K\u00fc\u00e7\u00fck, Prof. Dr. Erol Manisal\u0131, eski Uluda\u011f \u00dcniversitesi Rekt\u00f6r\u00fc Mustafa Yurtkuran, eski Y\u00d6K Ba\u015fkan\u0131 Kemal G\u00fcr\u00fcz, R\u0131za Ferit Bernay ve eski MGK Genel Sekreteri Tuncer K\u0131l\u0131n\u00e7&#8217;\u0131n da bulundu\u011fu 17 tutuksuz san\u0131\u011fa savunmalar\u0131 al\u0131nmak \u00fczere iddianame ve duru\u015fma g\u00fcn\u00fcn\u00fcn tebli\u011f edilmesi, duru\u015fmaya gelmedikleri takdirde de &#8220;zorla getirilecekleri&#8221; hususunun yaz\u0131lmas\u0131n\u0131 kararla\u015ft\u0131rd\u0131.<\/p>\n<p style=\"text-align: justify;\">Heyet, davan\u0131n m\u00fc\u015ftekileri Ali Balk\u0131z ve Kaz\u0131m Gen\u00e7 ile ma\u011fdurlar Minas Durmazg\u00fcler ve Mesrob Mutafyan&#8217;\u0131n san\u0131k say\u0131s\u0131n\u0131n \u00e7oklu\u011fu nedeniyle daha sonra duru\u015fmaya \u00e7a\u011fr\u0131lmalar\u0131na ve dava tan\u0131klar\u0131n\u0131n dinlenilmesinin de yine san\u0131k say\u0131s\u0131n\u0131n \u00e7oklu\u011fu nedeniyle daha sonra d\u00fc\u015f\u00fcn\u00fclmesine h\u00fckmetti.<\/p>\n<p style=\"text-align: justify;\">Tutuklu san\u0131klar\u0131n tutukluluk durumlar\u0131n\u0131n 30&#8217;ar g\u00fcnl\u00fck s\u00fcreler halinde resen incelenmesine karar veren mahkeme heyeti, bu dava dosyas\u0131n\u0131n birinci &#8220;Ergenekon&#8221; dava dosyas\u0131 ile birle\u015ftirilmesi talebi bulundu\u011funu belirterek, bu hususun ileriki a\u015famalarda d\u00fc\u015f\u00fcn\u00fclmesi karar\u0131 ald\u0131. San\u0131k say\u0131s\u0131n\u0131n \u00e7oklu\u011funu dikkate alan ve duru\u015fman\u0131n 7 Eyl\u00fcl 2009&#8217;da yap\u0131lmas\u0131na karar veren mahkeme heyeti, duru\u015fma uzad\u0131\u011f\u0131 taktirde devam eden g\u00fcnlerde duru\u015fman\u0131n saat 09.00&#8217;dan itibaren devam\u0131na tensiben h\u00fckmetti.<\/p>\n<p style=\"text-align: justify;\"><span style=\"color: #808080;\">CNN T\u00dcRK<\/span><\/p>\n","protected":false},"excerpt":{"rendered":"<p style=\"text-align: center;\">\n<p style=\"text-align: justify;\">\u0130stanbul 13. A\u011f\u0131r Ceza Mahkemesi, 3. Ergenekon iddianamesini kabul etti, b\u00f6ylece 3. dava a\u00e7\u0131lm\u0131\u015f oldu. \u0130lk duru\u015fma 7 Eyl\u00fcl 2009&#8217;de yap\u0131lacak.<\/p>\n<p style=\"text-align: justify;\">37&#8217;si tutuklu 52 \u015f\u00fcpheli hakk\u0131ndaki 1454 sayfal\u0131k iddianame, 21 Temmuz&#8217;da \u0130stanbul 13. A\u011f\u0131r Ceza Mahkemesi&#8217;ne g\u00f6nderilmi\u015fti.<\/p>\n<p style=\"text-align: justify;\">Mahkeme, 12 Haziran 2007 tarihinde \u00dcmraniye il\u00e7esinde patlay\u0131c\u0131 maddelerin <\/p>\n","protected":false},"author":1,"featured_media":0,"comment_status":"open","ping_status":"closed","sticky":false,"template":"","format":"standard","meta":{"footnotes":""},"categories":[105],"tags":[],"class_list":["post-12841","post","type-post","status-publish","format-standard","hentry","category-gundem","odd"],"_links":{"self":[{"href":"http:\/\/www.korhanyilmaz.com\/index.php?rest_route=\/wp\/v2\/posts\/12841","targetHints":{"allow":["GET"]}}],"collection":[{"href":"http:\/\/www.korhanyilmaz.com\/index.php?rest_route=\/wp\/v2\/posts"}],"about":[{"href":"http:\/\/www.korhanyilmaz.com\/index.php?rest_route=\/wp\/v2\/types\/post"}],"author":[{"embeddable":true,"href":"http:\/\/www.korhanyilmaz.com\/index.php?rest_route=\/wp\/v2\/users\/1"}],"replies":[{"embeddable":true,"href":"http:\/\/www.korhanyilmaz.com\/index.php?rest_route=%2Fwp%2Fv2%2Fcomments&post=12841"}],"version-history":[{"count":0,"href":"http:\/\/www.korhanyilmaz.com\/index.php?rest_route=\/wp\/v2\/posts\/12841\/revisions"}],"wp:attachment":[{"href":"http:\/\/www.korhanyilmaz.com\/index.php?rest_route=%2Fwp%2Fv2%2Fmedia&parent=12841"}],"wp:term":[{"taxonomy":"category","embeddable":true,"href":"http:\/\/www.korhanyilmaz.com\/index.php?rest_route=%2Fwp%2Fv2%2Fcategories&post=12841"},{"taxonomy":"post_tag","embeddable":true,"href":"http:\/\/www.korhanyilmaz.com\/index.php?rest_route=%2Fwp%2Fv2%2Ftags&post=12841"}],"curies":[{"name":"wp","href":"https:\/\/api.w.org\/{rel}","templated":true}]}}