{"id":12836,"date":"2009-08-05T19:22:45","date_gmt":"2009-08-05T16:22:45","guid":{"rendered":"http:\/\/www.korhanyilmaz.com\/?p=12836"},"modified":"2009-08-05T19:22:45","modified_gmt":"2009-08-05T16:22:45","slug":"tbmmnin-yeni-baskani-mehmet-ali-sahin","status":"publish","type":"post","link":"http:\/\/www.korhanyilmaz.com\/?p=12836","title":{"rendered":"TBMM&#039;nin yeni ba\u015fkan\u0131 Mehmet Ali \u015eahin"},"content":{"rendered":"<p style=\"text-align: center;\"><a href=\"http:\/\/www.korhanyilmaz.com\/wp-content\/uploads\/2009\/08\/malisahin.jpg\"  class=\"lightview\"><img loading=\"lazy\" decoding=\"async\" class=\"aligncenter size-full wp-image-12837\" src=\"http:\/\/www.korhanyilmaz.com\/wp-content\/uploads\/2009\/08\/malisahin.jpg\" alt=\"\" width=\"269\" height=\"207\" \/><\/a><\/p>\n<p style=\"text-align: justify;\">TBMM Genel Kurulu&#8217;nda, Meclis Ba\u015fkan\u0131 se\u00e7imi i\u00e7in \u00fc\u00e7\u00fcnc\u00fc tur oylama yap\u0131ld\u0131. AK Parti Antalya Milletvekili Mehmet Ali \u015eahin, 338 oy alarak TBMM&#8217;nin 24. ba\u015fkan\u0131 oldu.<\/p>\n<p style=\"text-align: justify;\">\u015eahin, TBMM Genel Kurulu&#8217;nda, milletvekillerine te\u015fekk\u00fcr konu\u015fmas\u0131 yapt\u0131.<\/p>\n<p style=\"text-align: justify;\">Konu\u015fmas\u0131na, &#8220;Y\u00fcce Meclise Ba\u015fkan se\u00e7erek, \u015fahs\u0131ma y\u00fckledi\u011fimiz g\u00f6rev, sorumluluk ve onur nedeniyle hepinize te\u015fekk\u00fcr ediyorum&#8221; diye ba\u015flayan \u015eahin, TBMM&#8217;nin, d\u00fcnyada \u00f6rne\u011fi olmayan b\u00fcy\u00fck bir Meclis oldu\u011funu s\u00f6yledi.<\/p>\n<p style=\"text-align: justify;\">\u015eahin, millet egemenli\u011fine dayal\u0131 bu Meclisin, daha kurulur kurulmaz d\u00fczenli bir ordu olu\u015fturdu\u011funu, Kurtulu\u015f Sava\u015f\u0131&#8217;n\u0131 y\u00f6netti\u011fini, dolay\u0131s\u0131yla &#8220;Gazi bir Meclis&#8221; oldu\u011funu vurgulayarak, &#8220;(TBMM) \u00c7a\u011fda\u015f Cumhuriyetimizin, demokrasinin, ulusal egemenli\u011fin en b\u00fcy\u00fck yap\u0131t\u0131, en b\u00fcy\u00fck organ\u0131d\u0131r. B\u00f6yle bir Meclisin sade bir \u00fcyesi olabilmek, esasen \u015fereflerin en b\u00fcy\u00fc\u011f\u00fcd\u00fcr. Hal b\u00f6yleyken, biraz \u00f6nceki k\u0131ymetli oylar\u0131n\u0131zla omuzlar\u0131ma b\u00fcy\u00fck bir sorumluluk y\u00fcklediniz. Bunun a\u011f\u0131rl\u0131\u011f\u0131n\u0131 t\u00fcm benli\u011fimde hissediyorum&#8221; dedi. <!--more--><\/p>\n<p style=\"text-align: justify;\">&#8220;Siz de\u011ferli milletvekili arkada\u015flar\u0131m\u0131n \u00f6ncelikle \u015funu bilmelerini istirham ederim; g\u00f6revde kald\u0131\u011f\u0131m s\u00fcre i\u00e7inde Meclis Ba\u015fkan\u0131n\u0131z olarak, Anayasam\u0131z, \u0130\u00e7t\u00fcz\u00fc\u011f\u00fcm\u00fcz ve hukuk kurallar\u0131 i\u00e7inde hi\u00e7bir pe\u015fin h\u00fckme kap\u0131lmaks\u0131z\u0131n tam bir tarafs\u0131zl\u0131kla Y\u00fcce Meclise hizmet etmeye \u00e7al\u0131\u015faca\u011f\u0131m\u0131 huzurlar\u0131n\u0131zda ifade etmek istiyorum&#8221; diyen \u015eahin, &#8220;Her alandaki yard\u0131m ve destekleriniz, hatta uyar\u0131lar\u0131n\u0131z benim i\u00e7in \u00e7ok de\u011ferli olacakt\u0131r. 1 Ekim&#8217;de ba\u015flayacak yeni yasama y\u0131l\u0131nda, Meclisimizin g\u00fcndemi \u00e7ok yo\u011fun olacak. Bu yeni yasama y\u0131l\u0131nda demokrasimizi daha da g\u00fc\u00e7lendirecek, halk\u0131m\u0131z\u0131n hizmet bekledi\u011fi alanlarda yeni d\u00fczenlemeler yapacak ad\u0131mlar\u0131n at\u0131lmas\u0131nda Y\u00fcce Meclisimizin \u00e7ok \u00f6nemli bir \u00e7al\u0131\u015fma yapaca\u011f\u0131na inan\u0131yorum&#8221; ifadelerini kulland\u0131.<\/p>\n<p style=\"text-align: justify;\">Bug\u00fcn yap\u0131lan se\u00e7imle TBMM&#8217;nin 30. kez ba\u015fkan se\u00e7ti\u011fine dikkati \u00e7eken \u015eahin, daha \u00f6nce bu g\u00f6revi yerine getirmi\u015f ba\u015fkanlar\u0131 \u015f\u00fckran ve hay\u0131rla yad etti\u011fini bildirdi.<\/p>\n<p style=\"text-align: justify;\">\u015eahin, &#8220;\u00d6zellikle birinden bahsetmezsem konu\u015fmam\u0131 eksik yapm\u0131\u015f olurum. O da TBMM&#8217;nin ilk Ba\u015fkan\u0131, Kurtulu\u015f Sava\u015f\u0131m\u0131z\u0131n Ba\u015fkomutan\u0131, Cumhuriyetimizin kurucusu, ilk Cumhurba\u015fkan\u0131m\u0131z Gazi Mustafa Kemal Atat\u00fcrk&#8217;t\u00fcr. O&#8217;nun ecdad\u0131m\u0131zla, milletimizle birlikte kurdu\u011fu Cumhuriyeti daha da y\u00fcceltmek, temel ilkeleriyle birlikte daha da geli\u015ftirmek, Cumhuriyet kurulurken ortaya konan hedefi, yani \u00e7a\u011fda\u015f uygarl\u0131\u011f\u0131 yakalamak hepimizin, \u00f6zellikle bu Meclisin en asli g\u00f6revidir. Bu zamana kadar bu Meclis ve bu Meclis&#8217;te g\u00f6rev yapanlar, bu u\u011furda elinden gelen \u00e7aba ve gayreti g\u00f6sterdiler. Bundan sonra da bu hedefi yakalamak ve dolay\u0131s\u0131yla \u00fclkemizi \u00e7a\u011fda\u015f uygarl\u0131\u011f\u0131n \u00f6n\u00fcne ge\u00e7irmek i\u00e7in elimizden gelen ne gayret varsa, onu bundan sonra da ortaya koyaca\u011f\u0131m\u0131z\u0131 ifade etmek istiyorum&#8221; diye konu\u015ftu.<\/p>\n<p style=\"text-align: justify;\">Milletvekillerine de te\u015fekk\u00fcr eden \u015eahin, s\u00f6zlerini, &#8220;Art\u0131k bu se\u00e7im bitmi\u015ftir. Bana oy veren, vermeyen t\u00fcm milletvekili arkada\u015flar\u0131m bana art\u0131k e\u015fit yak\u0131nl\u0131kta ve uzakl\u0131ktad\u0131r. Dolay\u0131s\u0131yla b\u00fcy\u00fck bir tarafs\u0131zl\u0131kla Y\u00fcce Meclise hizmet edece\u011fimi bir kez daha ifade ediyorum&#8221; diyerek bitirdi.<\/p>\n<p style=\"text-align: justify;\">Mehmet Ali \u015eahin, bu ak\u015fam Berat Kandili oldu\u011funu hat\u0131rlatt\u0131 ve milletvekillerinin kandilini kutlad\u0131.<\/p>\n<p style=\"text-align: justify;\"><strong><em><a href=\"http:\/\/www.korhanyilmaz.com\/wp-content\/uploads\/2009\/08\/DEV\u0130RTESL\u0130M.jpg\"  class=\"lightview\"><img loading=\"lazy\" decoding=\"async\" class=\"alignleft size-full wp-image-12838\" style=\"margin: 0px 10px;\" title=\"DEV\u0130RTESL\u0130M\" src=\"http:\/\/www.korhanyilmaz.com\/wp-content\/uploads\/2009\/08\/DEV\u0130RTESL\u0130M.jpg\" alt=\"DEV\u0130RTESL\u0130M\" width=\"234\" height=\"161\" \/><\/a>\u015eahin 338 oy ald\u0131<\/em><\/strong><\/p>\n<p style=\"text-align: justify;\">TBMM Genel Kurulu&#8217;nda yap\u0131lan \u00fc\u00e7\u00fcnc\u00fc tur oylamaya 518 milletvekili kat\u0131ld\u0131. 338 oy alan AK Parti Antalya Milletvekili \u015eahin, b\u00f6ylece Meclis Ba\u015fkan\u0131 se\u00e7ildi.<\/p>\n<p style=\"text-align: justify;\">Adaylardan CHP \u0130stanbul Milletvekili \u0130lhan Kesici 103, MHP Sakarya Milletvekili M\u00fcnir Kutluata 66, Ba\u011f\u0131ms\u0131z Tunceli Milletvekili Kamer Gen\u00e7 ise 1 oy ald\u0131.<\/p>\n<p style=\"text-align: justify;\">9 oy bo\u015f \u00e7\u0131kt\u0131, 1 oy da ge\u00e7ersiz say\u0131ld\u0131. \u015eahin, Meclis&#8217;in yeni ba\u015fkan\u0131 olarak 2 y\u0131l g\u00f6rev yapacak.<\/p>\n<p style=\"text-align: justify;\"><strong><em>\u015eahin&#8217;in \u00f6zge\u00e7mi\u015fi<\/em><\/strong><\/p>\n<p style=\"text-align: justify;\">\u015eahin, 16 Eyl\u00fcl 1950&#8217;de Karab\u00fck&#8217;\u00fcn Ovac\u0131k \u0130l\u00e7esi Ekincik k\u00f6y\u00fcnde do\u011fdu. \u0130stanbul \u00dcniversitesi Hukuk Fak\u00fcltesini bitiren \u015eahin, bir s\u00fcre serbest avukatl\u0131k yapt\u0131.<\/p>\n<p style=\"text-align: justify;\">\u0130stanbul Fatih Belediye Ba\u015fkan\u0131 olarak da g\u00f6rev yapan \u015eahin, AK Parti&#8217;nin kurucu \u00fcyeleri aras\u0131nda yer ald\u0131. \u015eahin, 20, 21 ve 22. d\u00f6nemlerde \u0130stanbul&#8217;dan, 23. D\u00f6nemde ise Antalya&#8217;dan milletvekili se\u00e7ildi.<\/p>\n<p style=\"text-align: justify;\"><strong><em>Mehmet Ali \u015eahin<\/em><\/strong>, 58. ve 59. H\u00fck\u00fcmetlerde Devlet Bakan\u0131 ve Ba\u015fbakan Yard\u0131mc\u0131s\u0131, 60. H\u00fck\u00fcmette ise Adalet Bakanl\u0131\u011f\u0131 g\u00f6revinde bulundu. \u015eahin, evli ve 4 \u00e7ocuk babas\u0131.<\/p>\n<p style=\"text-align: justify;\"><strong><em>Cumhurba\u015fkan\u0131 Abdullah G\u00fcl<\/em><\/strong>, TBMM Ba\u015fkanl\u0131\u011f\u0131&#8217;na se\u00e7ilen Mehmet Ali \u015eahin&#8217;i kutlad\u0131. Cumhurba\u015fkanl\u0131\u011f\u0131 Bas\u0131n Merkezinden yap\u0131lan yaz\u0131l\u0131 a\u00e7\u0131klamada, G\u00fcl&#8217;\u00fcn, &#8220;TBMM Ba\u015fkanl\u0131\u011f\u0131na se\u00e7ilen AK Parti Antalya Milletvekili \u015eahin&#8217;i telefonla arayarak tebrik etti\u011fi ve g\u00f6revinde ba\u015far\u0131lar diledi\u011fi&#8221; bildirildi.<\/p>\n<p style=\"text-align: justify;\"><strong>Ba\u015fbakan Recep Tayyip Erdo\u011fan<\/strong>, Antalya Milletvekili Mehmet Ali \u015eahin&#8217;in TBMM Ba\u015fkanl\u0131\u011f\u0131&#8217;na se\u00e7ilmesiyle ilgili, &#8220;Parlamentomuz i\u00e7in, T\u00fcrk demokrasisi i\u00e7in hay\u0131rl\u0131 olsun&#8221; dedi.<\/p>\n<p style=\"text-align: justify;\">Erdo\u011fan, TBMM Genel Kurulu&#8217;ndan \u00e7\u0131k\u0131\u015f\u0131nda se\u00e7imin bekledikleri gibi sonu\u00e7land\u0131\u011f\u0131n\u0131 belirtti ve &#8220;Tahminlerimiz 3. turda se\u00e7imin neticeyi verebilece\u011fi istikametindeydi. Ben, Mehmet Ali Bey&#8217;in, TBMM&#8217;de gerek deneyimi, gerek tecr\u00fcbesi ile faydal\u0131 olaca\u011f\u0131na inan\u0131yorum. \u00d6n\u00fcm\u00fczde yo\u011fun olan Meclis \u00e7al\u0131\u015fmalar\u0131n\u0131 da ba\u015far\u0131yla y\u00f6netece\u011fi inanc\u0131nday\u0131m. Herhangi bir teredd\u00fct\u00fcm yok. G\u00fczel bir s\u00fcre\u00e7 oldu. \u0130ki g\u00fcn i\u00e7erisinde bu i\u015fin b\u00f6yle neticelenmesi bizleri de memnun etti. Parlamentomuz i\u00e7in T\u00fcrk demokrasisi i\u00e7in hay\u0131rl\u0131 olsun&#8221; dedi.<\/p>\n<p style=\"text-align: justify;\"><strong><em>Muhalefet partilerinin Meclis Ba\u015fkanl\u0131k Divan\u0131 \u00fcyeleri belirlendi <\/em><\/strong><\/p>\n<p style=\"text-align: justify;\">TBMM Genel Kurulu&#8217;nda aran\u0131n ard\u0131ndan TBMM Ba\u015fkanvekili Meral Ak\u015fener ba\u015fkanl\u0131\u011f\u0131nda toplanan Genel Kurul&#8217;da, TBMM ba\u015fkanvekilleri, katip \u00fcyeler ile idare amirlerinin se\u00e7imine ge\u00e7ildi.<\/p>\n<p style=\"text-align: justify;\">Ak\u015fener, CHP, MHP ve DTP gruplar\u0131nca bildirilen adaylar\u0131 g\u00f6steren listenin \u00e7o\u011falt\u0131l\u0131p milletvekillerine da\u011f\u0131t\u0131ld\u0131\u011f\u0131n\u0131 ifade ederek, listeyi okutup oylatt\u0131.<\/p>\n<p style=\"text-align: justify;\">Oylama sonucunda, CHP \u0130zmir Milletvekili G\u00fcldal Mumcu ve MHP \u0130stanbul Milletvekili Meral Ak\u015fener yeniden TBMM ba\u015fkanvekilliklerine se\u00e7ildi.<\/p>\n<p style=\"text-align: justify;\">CHP Bilecik Milletvekili Ya\u015far T\u00fcz\u00fcn ile MHP Giresun Milletvekili Murat \u00d6zkan, yeniden Katip \u00dcye oldu. CHP \u00c7anakkale Milletvekili Ahmet K\u00fc\u00e7\u00fck ve DTP Mu\u015f Milletvekili S\u0131rr\u0131 Sak\u0131k ise yeniden \u0130dare Amirli\u011fi g\u00f6revine getirildi.<\/p>\n<p style=\"text-align: justify;\">Meral Ak\u015fener, AK Parti Grubunun, Ba\u015fkanl\u0131k Divan\u0131 \u00fcyelikleri i\u00e7in adaylar\u0131n\u0131 hen\u00fcz bildirmedi\u011fini belirterek, birle\u015fime bir saat ara verdi. <\/p>\n<hr \/>\n<p style=\"text-align: justify;\">Genel Kurul&#8217;da, TBMM Ba\u015fkanvekili Meral Ak\u015fener, DTP \u015e\u0131rnak Milletvekili Hasip Kaplan&#8217;\u0131n Meclis Ba\u015fkanl\u0131\u011f\u0131 adayl\u0131\u011f\u0131ndan \u00e7ekildi\u011fine ili\u015fkin dilek\u00e7esini okuttu.<\/p>\n<p style=\"text-align: justify;\">Genel Kurul&#8217;un d\u00fcnk\u00fc birle\u015fiminde yap\u0131lan birinci ve ikinci tur oylamalarda, adaylardan hi\u00e7 birinin yeterli \u00e7o\u011funluk olan \u00fc\u00e7te iki oyu (367) sa\u011flayamad\u0131\u011f\u0131n\u0131 belirten Ak\u015fener, \u00fc\u00e7\u00fcnc\u00fc tur oylaman\u0131n yap\u0131laca\u011f\u0131n\u0131 s\u00f6yledi.<\/p>\n<p style=\"text-align: justify;\">Ak\u015fener daha sonra \u00fc\u00e7\u00fcnc\u00fc tur oylamay\u0131 ba\u015flatt\u0131. \u00dc\u00e7\u00fcnc\u00fc turda salt \u00e7o\u011funluk (276) arand\u0131.<\/p>\n<p style=\"text-align: justify;\">AK Parti Antalya Milletvekili Mehmet Ali \u015eahin, CHP \u0130stanbul Milletvekili \u0130lhan Kesici, MHP Sakarya Milletvekili M\u00fcnir Kutluata ve Ba\u011f\u0131ms\u0131z Tunceli Milletvekili Kamer Gen\u00e7 aday olarak yar\u0131\u015ft\u0131.<\/p>\n<p style=\"text-align: justify;\"><span style=\"color: #888888;\">CNN T\u00dcRK<\/span><\/p>\n","protected":false},"excerpt":{"rendered":"<p style=\"text-align: center;\">\n<p style=\"text-align: justify;\">TBMM Genel Kurulu&#8217;nda, Meclis Ba\u015fkan\u0131 se\u00e7imi i\u00e7in \u00fc\u00e7\u00fcnc\u00fc tur oylama yap\u0131ld\u0131. AK Parti Antalya Milletvekili Mehmet Ali \u015eahin, 338 oy alarak TBMM&#8217;nin 24. ba\u015fkan\u0131 oldu.<\/p>\n<p style=\"text-align: justify;\">\u015eahin, TBMM Genel Kurulu&#8217;nda, milletvekillerine te\u015fekk\u00fcr konu\u015fmas\u0131 yapt\u0131.<\/p>\n<p style=\"text-align: justify;\">Konu\u015fmas\u0131na, &#8220;Y\u00fcce Meclise Ba\u015fkan se\u00e7erek, \u015fahs\u0131ma y\u00fckledi\u011fimiz g\u00f6rev, sorumluluk ve onur nedeniyle hepinize <\/p>\n","protected":false},"author":1,"featured_media":0,"comment_status":"open","ping_status":"closed","sticky":false,"template":"","format":"standard","meta":{"footnotes":""},"categories":[105],"tags":[],"class_list":["post-12836","post","type-post","status-publish","format-standard","hentry","category-gundem","odd"],"_links":{"self":[{"href":"http:\/\/www.korhanyilmaz.com\/index.php?rest_route=\/wp\/v2\/posts\/12836","targetHints":{"allow":["GET"]}}],"collection":[{"href":"http:\/\/www.korhanyilmaz.com\/index.php?rest_route=\/wp\/v2\/posts"}],"about":[{"href":"http:\/\/www.korhanyilmaz.com\/index.php?rest_route=\/wp\/v2\/types\/post"}],"author":[{"embeddable":true,"href":"http:\/\/www.korhanyilmaz.com\/index.php?rest_route=\/wp\/v2\/users\/1"}],"replies":[{"embeddable":true,"href":"http:\/\/www.korhanyilmaz.com\/index.php?rest_route=%2Fwp%2Fv2%2Fcomments&post=12836"}],"version-history":[{"count":0,"href":"http:\/\/www.korhanyilmaz.com\/index.php?rest_route=\/wp\/v2\/posts\/12836\/revisions"}],"wp:attachment":[{"href":"http:\/\/www.korhanyilmaz.com\/index.php?rest_route=%2Fwp%2Fv2%2Fmedia&parent=12836"}],"wp:term":[{"taxonomy":"category","embeddable":true,"href":"http:\/\/www.korhanyilmaz.com\/index.php?rest_route=%2Fwp%2Fv2%2Fcategories&post=12836"},{"taxonomy":"post_tag","embeddable":true,"href":"http:\/\/www.korhanyilmaz.com\/index.php?rest_route=%2Fwp%2Fv2%2Ftags&post=12836"}],"curies":[{"name":"wp","href":"https:\/\/api.w.org\/{rel}","templated":true}]}}