{"id":12824,"date":"2009-08-04T16:42:03","date_gmt":"2009-08-04T13:42:03","guid":{"rendered":"http:\/\/www.korhanyilmaz.com\/?p=12824"},"modified":"2009-08-04T16:42:03","modified_gmt":"2009-08-04T13:42:03","slug":"baykal-niyet-ayristirma","status":"publish","type":"post","link":"http:\/\/www.korhanyilmaz.com\/?p=12824","title":{"rendered":"Baykal: &quot;Niyet ayr\u0131\u015ft\u0131rma!&quot;"},"content":{"rendered":"<p style=\"text-align: center;\"><a href=\"http:\/\/www.korhanyilmaz.com\/wp-content\/uploads\/2009\/08\/baykal.jpg\"  class=\"lightview\"><img loading=\"lazy\" decoding=\"async\" class=\"aligncenter size-full wp-image-12825\" src=\"http:\/\/www.korhanyilmaz.com\/wp-content\/uploads\/2009\/08\/baykal.jpg\" alt=\"\" width=\"269\" height=\"207\" \/><\/a><\/p>\n<p style=\"text-align: justify;\">CHP Genel Ba\u015fkan\u0131 Deniz Baykal, h\u00fck\u00fcmetin K\u00fcrt meselesi konusunda bir\u015feyler yapma sorumlulu\u011funu y\u00fcklendini, ancak bunun \u0130mral\u0131&#8217;ya kar\u015f\u0131 oldu\u011funu s\u00f6yledi. Baykal, &#8216;Niyet kayna\u015ft\u0131rma de\u011fil ayr\u0131\u015ft\u0131rma&#8221; dedi. Baykal, asker-sivil ili\u015fkilerindeki gerilim i\u00e7in de, &#8220;T\u00fcrkiye yeni bir Dolmabah\u00e7e mutabakat\u0131n\u0131 m\u0131 bekleyecek?&#8221; diye sordu.<\/p>\n<p style=\"text-align: justify;\">Partisinin grup toplant\u0131s\u0131nda konu\u015fan Baykal, irtica eylem plan\u0131 iddias\u0131 ve askere sivil yarg\u0131 yolunu a\u00e7an yasa ile ilgili yorumlarda da bulundu.<\/p>\n<p style=\"text-align: justify;\"><strong>\u0130RT\u0130CA EYLEM PLANI<\/strong><\/p>\n<p style=\"text-align: justify;\">Baykal, &#8220;Silahl\u0131 Kuvvetler ile ilgili tart\u0131\u015fmalar\u0131n \u00fcst\u00fc \u00f6rt\u00fclm\u00fc\u015f gibi g\u00f6r\u00fcn\u00fcyor. Ortaya at\u0131lan iddialar hangi noktadad\u0131r, ne olmu\u015ftur, bunu hepimizin \u00f6\u011frenmesi gerekir&#8221; diye konu\u015ftu. <!--more--><\/p>\n<p style=\"text-align: justify;\">Yaz ba\u015flar\u0131nda Ba\u015fbakan Recep Tayyip Erdo\u011fan&#8217;\u0131n \u00e7ok b\u00fcy\u00fck iddialarla TSK&#8217;da kendisine kar\u015f\u0131 bir komplonun, bir darbe haz\u0131rl\u0131\u011f\u0131n\u0131n yap\u0131lmakta oldu\u011funu, bunun belgesinin ele ge\u00e7irildi\u011fini, o belgeden yola \u00e7\u0131karak konuyu sonuna kadar takip edeceklerini ve bunun hesab\u0131n\u0131 soracaklar\u0131n\u0131 s\u00f6yledi\u011fini anlatan Baykal, ortaya da bir belgenin yans\u0131d\u0131\u011f\u0131n\u0131 hat\u0131rlatt\u0131.<\/p>\n<p style=\"text-align: justify;\">Belgenin, TSK&#8217;da \u00f6nemli noktalarda g\u00f6rev yapan bir albay\u0131n (Dursun \u00c7i\u00e7ek) imzas\u0131n\u0131 yans\u0131tt\u0131\u011f\u0131n\u0131, belgede, &#8220;AKP&#8217;ye kar\u015f\u0131 bir ciddi tertibin yap\u0131lmakta oldu\u011funu ifadeler yer ald\u0131\u011f\u0131n\u0131&#8221; anlatan Baykal, &#8220;Tabii Ba\u015fbakan&#8217;\u0131n birden bire bu konuyu b\u00f6ylesine ciddiye alarak, \u00f6nemseyerek ortaya \u00e7\u0131kmas\u0131, parti kongrelerinde ciddi itham ve iddialar ifade etmesi, su\u00e7lamalar yapmas\u0131, b\u00fct\u00fcn T\u00fcrkiye&#8217;yi derinden etkiledi, ilgilendirdi. Hepimiz konuya yak\u0131n ilgi g\u00f6sterdik ve &#8216;derhal el koyun&#8217; dedik. &#8216;E\u011fer TSK i\u00e7inde darbe haz\u0131rl\u0131\u011f\u0131 yapan organizasyon varsa, bunu ortaya \u00e7\u0131kar\u0131n&#8221; dedi.<\/p>\n<p style=\"text-align: justify;\">&#8220;Biz demokratik bir \u00fclke i\u00e7inde ya\u015famak istiyoruz&#8221; diyen Baykal, &#8220;Ama e\u011fer ortaya att\u0131\u011f\u0131n\u0131z, ciddiye ald\u0131\u011f\u0131n\u0131z, varm\u0131\u015f gibi yapt\u0131\u011f\u0131n\u0131z, ge\u00e7erli diye s\u00f6yledi\u011finiz, Ba\u015fbakan d\u00fczeyinde dile getirdi\u011finiz ve en a\u011f\u0131r ithamlar\u0131 i\u00e7eren konu\u015fmalarla kamuoyunu aya\u011fa kald\u0131rmaya \u00e7al\u0131\u015ft\u0131\u011f\u0131n\u0131z bu kampanyan\u0131n sonucunda e\u011fer ger\u00e7ekten bir darbe haz\u0131rl\u0131\u011f\u0131 ortaya konulamazsa, e\u011fer ger\u00e7ekten Silahl\u0131 Kuvvetler resmen ya da bir grup olay\u0131n i\u00e7inde yer almam\u0131\u015fsa, o zaman bu belgeyi, bu iddiay\u0131 kimler, ni\u00e7in, hangi ama\u00e7la, hangi bekleyi\u015fle ortaya atm\u0131\u015flard\u0131r? Bu iddian\u0131n dayanaklar\u0131 nerede \u00fcretilmi\u015ftir, bu belge nerede haz\u0131rlanm\u0131\u015ft\u0131r, belgeye ciddiyet veren resmi kurulu\u015flar nerelerdir? Hangi resmi kurulu\u015flar bu b\u00f6lgeyi ciddiye alm\u0131\u015f, gere\u011fini yapmaya kalkm\u0131\u015ft\u0131r, bas\u0131na kimler bu b\u00f6lgeyi duyurmu\u015ftur? Bunun derhal ortaya \u00e7\u0131kar\u0131lmas\u0131 laz\u0131m. \u00c7\u00fcnk\u00fc bu, TSK gibi fevkalade \u00f6nemli bur kuruma kar\u015f\u0131, T\u00fcrkiye&#8217;nin istikrar ve demokrasisine kar\u015f\u0131 bir b\u00fcy\u00fck gizli tertibin i\u015fletilmekte oldu\u011funu ortaya koymaktad\u0131r. Bunun ortaya \u00e7\u0131kar\u0131lmas\u0131 laz\u0131md\u0131r&#8221; diye konu\u015ftu.<\/p>\n<p style=\"text-align: justify;\"><strong><em>&#8220;D\u00fcn mutlu mutlu yemek yediler&#8230;&#8221; <\/em><\/strong><\/p>\n<p style=\"text-align: justify;\">Baykal, derhal gere\u011finin yap\u0131lmas\u0131n\u0131 istediklerini, &#8220;evet yap\u0131lacak&#8221; dendi\u011fini, Genelkurmay Ba\u015fkan\u0131n\u0131n da &#8220;TSK i\u00e7inde b\u00f6yle bir anlay\u0131\u015f\u0131 hi\u00e7bir \u015fekilde bar\u0131nd\u0131rmay\u0131z. B\u00f6yle bir olay varsa derhal ortaya \u00e7\u0131kar\u0131lmal\u0131d\u0131r. Yoksa da i\u015fte o zaman T\u00fcrkiye, ne yapaca\u011f\u0131m\u0131z\u0131 g\u00f6r\u00fcr&#8221; dedi\u011fini hat\u0131rlatt\u0131.<\/p>\n<p style=\"text-align: justify;\">Bu s\u00f6zleri teminat olarak ald\u0131klar\u0131n\u0131 belirten Baykal, &#8220;O g\u00fcnden bug\u00fcne ne geli\u015fti, ne oldu? Yani, &#8216;e\u011fer TSK b\u00f6yle bir darbenin par\u00e7as\u0131ysa bu ortaya konulsun&#8217; dedik, konuldu mu? D\u00fcn mutlu mutlu yemek yediler \u015eura&#8217;da. Ne oldu? &#8216;E\u011fer TSK i\u00e7inde bu faaliyetlerin i\u00e7inde yer alan bir cunta varsa o derhal ortaya \u00e7\u0131kar\u0131ls\u0131n ve tasfiye edilsin&#8217; dedik. Genelkurmay Ba\u015fkan\u0131 da &#8216;bar\u0131nd\u0131rmam, gere\u011fini yapar\u0131m&#8217; dedi. \u015eimdi hakk\u0131nda o ithamlar yap\u0131lan albay, ayn\u0131 g\u00f6revini s\u00fcrd\u00fcr\u00fcyor ve bir y\u0131l daha g\u00f6revine devam etmesi gerekti\u011fini \u015eura karara ba\u011flad\u0131. G\u00f6revinin ba\u015f\u0131nda&#8230; Ne oldu arkada\u015flar? Ba\u015fbakan, T\u00fcrkiye&#8217;yi neye dayanarak aya\u011fa kald\u0131rmak istedi? Ba\u015fbakan bu komplonun neresinde duruyordu? Bilmeden mi alet oldu? Birileri de Ba\u015fbakan\u0131 m\u0131 kulland\u0131, komplo i\u00e7in. E\u011fer komploysa&#8230; Komployu kimler yapt\u0131?&#8221; ifadesini kulland\u0131.<\/p>\n<p style=\"text-align: justify;\">T\u00fcrkiye&#8217;de son zamanlarda Silahl\u0131 Kuvvetlerin konumunu yeniden \u015fekillendirmeye d\u00f6n\u00fck pek \u00e7ok d\u00fczenleme yap\u0131ld\u0131\u011f\u0131n\u0131, bunun \u00e7ok do\u011fal oldu\u011funu s\u00f6yleyen Baykal, &#8220;B\u00f6yle bir d\u00fczenlemeye Silahl\u0131 Kuvvetlerin kendisinin ciddi katk\u0131 yapt\u0131\u011f\u0131na tan\u0131k oluyoruz. TSK da kendi konumunun demokratik bir anlay\u0131\u015f i\u00e7inde yeniden \u015fekillenmesi gerekti\u011fine inanmakta ve bu do\u011frultudaki ad\u0131mlar\u0131 anlay\u0131\u015fla kar\u015f\u0131lamaktad\u0131r, hatta desteklemektedir&#8221; dedi.<\/p>\n<p style=\"text-align: justify;\"><em><strong>&#8220;Ba\u015fka nitelik ta\u015f\u0131yor&#8221; <\/strong><\/em><\/p>\n<p style=\"text-align: justify;\">Ya\u015fanan olaylar\u0131n &#8220;ba\u015fka nitelik ta\u015f\u0131d\u0131\u011f\u0131n\u0131&#8221; ifade eden Baykal, &#8220;Ya\u015fanan olaylar, bir \u00e7at\u0131\u015fma, s\u00fcrt\u00fc\u015fme, y\u0131ld\u0131rma, hesapla\u015fma, intikam alma, bir had bildirme ihtiyac\u0131 ve anlay\u0131\u015f\u0131 \u00e7er\u00e7evesi i\u00e7inde y\u00fcr\u00fct\u00fcl\u00fcyor izlenimi al\u0131yoruz. Bu, fevkalade tehlikeli ve yanl\u0131\u015f bir yakla\u015f\u0131md\u0131r&#8221; dedi.<\/p>\n<p style=\"text-align: justify;\">T\u00fcrkiye&#8217;de asker-sivil ili\u015fkilerinin ray\u0131na oturtulmas\u0131 gere\u011finin a\u00e7\u0131k oldu\u011funu, bu konuda Silahl\u0131 Kuvvetler ile H\u00fck\u00fcmet yetkililerinin bir araya gelip, neyi, nas\u0131l yapacaklar\u0131n\u0131 kararla\u015ft\u0131rmalar\u0131 gerekti\u011fini kaydeden Baykal, &#8221; T\u00fcrkiye&#8217;de ya\u015fanan olay, bu de\u011fildir. T\u00fcrkiye&#8217;de ya\u015fanan bir \u00e7at\u0131\u015fma, kavga, bir hegemonya iddiala\u015fmas\u0131, bir vesayet alt\u0131na alma gayreti dikkati \u00e7ekmektedir ve yanl\u0131\u015f olan budur&#8221; g\u00f6r\u00fc\u015f\u00fcn\u00fc savundu.<\/p>\n<p style=\"text-align: justify;\"><em><strong>&#8220;Darbe uydurmas\u0131&#8230;&#8221; <\/strong><\/em><\/p>\n<p style=\"text-align: justify;\">D\u00fcnyan\u0131n her yerinde Silahl\u0131 Kuvvetlerin \u00f6nemli ve sayg\u0131n kurumlar oldu\u011funu, kendi ve \u00fclkenin kurallar\u0131 i\u00e7inde g\u00f6revini yerine getirdi\u011fini anlatan Baykal, &#8220;Oraya y\u00f6nelik bir hegemonya alt\u0131na alma gayreti, bir tasallut \u00e7abas\u0131, oray\u0131 vesayet alt\u0131na alma gayreti, hi\u00e7bir yerde kabul edilebilir de\u011fildir. T\u00fcrkiye&#8217;de \u015fimdi b\u00f6yle bir \u00e7abaya tan\u0131k oldu\u011fumuza herkesin dikkatini \u00e7ekmek istiyorum. Bu kendisini, i\u00e7i bo\u015f \u00e7\u0131kan darbe uydurmas\u0131 dolay\u0131s\u0131yla kendisini ortaya koymu\u015ftur. Ondan sonraki gece yar\u0131s\u0131 yasa bask\u0131n\u0131; hem haz\u0131rlan\u0131\u015f bi\u00e7imi, hem i\u00e7eri\u011fiyle, hem gizli kotar\u0131l\u0131\u015f\u0131yla bu gerginli\u011fin bir par\u00e7as\u0131 olarak ortaya \u00e7\u0131km\u0131\u015ft\u0131r. \u015eimdi bu tablonun d\u00fczelmesi gerekiyor. Yani, \u00f6yle &#8216;gerginlik, yok 100 metre \u00f6nden y\u00fcr\u00fcyor, 100 metre arkadan y\u00fcr\u00fcyor, birbirlerine surat as\u0131yorlar&#8217; laflar\u0131yla idare edilmez. Buras\u0131 demokratik bir \u00fclke. Herkes ne oldu\u011funu bilecek ve birbirine de g\u00fcvenecek, herkes haddini de s\u0131n\u0131r\u0131n\u0131 da bilecek. Bunlar\u0131n netle\u015fmesi laz\u0131m&#8221; diye konu\u015ftu.<\/p>\n<p style=\"text-align: justify;\"><strong><em>&#8220;Yeni bir Dolmabah\u00e7e mutabat\u0131 m\u0131 bekleyece\u011fiz&#8221; <\/em><\/strong><\/p>\n<p style=\"text-align: justify;\">Baykal, Erdo\u011fan ve eski Genelkurmay Ba\u015fkan\u0131 Ya\u015far B\u00fcy\u00fckan\u0131t aras\u0131ndaki g\u00f6r\u00fc\u015fmeyi hat\u0131rlatarak, &#8220;Bu bulu\u015fma neyi \u00e7\u00f6zmek \u00fczere yap\u0131lm\u0131\u015ft\u0131? \u00d6zel bir bulu\u015fma m\u0131yd\u0131, herhalde de\u011fildi. \u00dcniformayla yap\u0131ld\u0131. Neyi \u00e7\u00f6zd\u00fc bu? Yani asker-sivil ili\u015fkilerinin bundan sonra nas\u0131l geli\u015fece\u011fiyle ilgili temel mutabakat m\u0131 orada arand\u0131? En iyi niyetli bir yakla\u015f\u0131m i\u00e7inde bir de\u011ferlendirme yapmaya \u00e7al\u0131\u015f\u0131yorum. E\u011fer b\u00f6yleyse, daha sonraki olaylar\u0131n geli\u015fmesi o mutabakat\u0131n i\u015flemedi\u011fini bize g\u00f6sterdi. Orada bir mutabakat sa\u011fland\u0131ysa, bu ne tablo? Orada ne sa\u011fland\u0131? Ni\u00e7in o yap\u0131ld\u0131 ve ni\u00e7in o gizli tutuluyor? Kimden gizli tutuluyor? Kamuoyundan, toplumdan gizli tutuyorsunuz anlad\u0131m ama kendi kurumlar\u0131n\u0131zdan da niye gizli tutuyorsunuz? Ba\u015fbakan, niye onu H\u00fck\u00fcmetten gizli tutuyor, niye devletten gizli tutuyor. Niye T\u00fcrkiye Cumhuriyeti tarihinden, ar\u015fivinden gizli tutuyor? O zamanki Genelkurmay Ba\u015fkan\u0131 niye onu TSK&#8217;dan gizli tutuyor, niye daha sonra gelen Genelkurmay Ba\u015fkan\u0131&#8217;ndan gizli tutuyor&#8221; diye sordu.<\/p>\n<p style=\"text-align: justify;\">&#8220;&#8216;\u00d6l\u00fcnceye kadar, mezara kadar ikimizin aras\u0131nda s\u0131r&#8217; b\u00f6yle bir \u015fey olabilir mi? Yap\u0131lan i\u015f iyi bir i\u015ftiyse ya i\u015flemedi, yani asker-sivil ili\u015fkilerini bir mutabakatla, askeri bir demokratik denetim alt\u0131na alacak bir yol haritas\u0131n\u0131 orada biz kararla\u015ft\u0131rd\u0131k, kimseyi tela\u015fland\u0131rmayal\u0131m, sorumlulu\u011fumuzun bilincindeyiz, b\u00f6yle bir anla\u015fma yapt\u0131k&#8217; diyorlarsa, iyi niyetle bakarak bunu okumak istiyorum&#8221; diyen Baykal, &#8220;Gelen tablo bu de\u011fil. Ee ne olacak, ne yapaca\u011f\u0131z? T\u00fcrkiye yeni bir Dolmabah\u00e7e mutabakat\u0131n\u0131 m\u0131 bekleyecek? Bu sorun, s\u0131k\u0131nt\u0131 nas\u0131l, neyle a\u015f\u0131lacak? Tekrar gizlice veya a\u00e7\u0131k\u00e7a bir araya gelecekler, ama milleten gizleyecekler. Orada eteklerindeki ta\u015flar\u0131 d\u00f6kecekler, anla\u015facaklar, falan. Bunu mu bekleyece\u011fiz? Kimin s\u0131rt\u0131ndan anla\u015f\u0131l\u0131yor? Ne i\u00e7in anla\u015f\u0131l\u0131yor? Kim ne veriyor, kime veriyor, ni\u00e7in veriyor? Bu \u00e7ok temel bir konu olarak ya\u015fand\u0131 ve o gece yar\u0131s\u0131 kanun giri\u015fimiyle de doru\u011fa \u00e7\u0131kt\u0131. \u0130lgili kurumun, ilk kez Cumhuriyet tarihinde kendisiyle ilgili \u00e7\u0131kar\u0131lan bir kanundan haberi yok. Meclis Ba\u015fkan\u0131&#8217;n\u0131n da haberi yok. Meclis Ba\u015fkan\u0131 da haberinin olmad\u0131\u011f\u0131n\u0131 s\u00f6yledi\u011fi i\u00e7in bunun bedelini \u00f6demek zorunda kald\u0131&#8221; dedi.<\/p>\n<p style=\"text-align: justify;\"><span style=\"color: #888888;\">CNN T\u00dcRK<\/span><\/p>\n","protected":false},"excerpt":{"rendered":"<p style=\"text-align: center;\">\n<p style=\"text-align: justify;\">CHP Genel Ba\u015fkan\u0131 Deniz Baykal, h\u00fck\u00fcmetin K\u00fcrt meselesi konusunda bir\u015feyler yapma sorumlulu\u011funu y\u00fcklendini, ancak bunun \u0130mral\u0131&#8217;ya kar\u015f\u0131 oldu\u011funu s\u00f6yledi. Baykal, &#8216;Niyet kayna\u015ft\u0131rma de\u011fil ayr\u0131\u015ft\u0131rma&#8221; dedi. Baykal, asker-sivil ili\u015fkilerindeki gerilim i\u00e7in de, &#8220;T\u00fcrkiye yeni bir Dolmabah\u00e7e mutabakat\u0131n\u0131 m\u0131 bekleyecek?&#8221; diye sordu.<\/p>\n<p style=\"text-align: justify;\">Partisinin grup toplant\u0131s\u0131nda konu\u015fan Baykal, irtica eylem plan\u0131 <\/p>\n","protected":false},"author":1,"featured_media":0,"comment_status":"open","ping_status":"closed","sticky":false,"template":"","format":"standard","meta":{"footnotes":""},"categories":[105],"tags":[],"class_list":["post-12824","post","type-post","status-publish","format-standard","hentry","category-gundem","odd"],"_links":{"self":[{"href":"http:\/\/www.korhanyilmaz.com\/index.php?rest_route=\/wp\/v2\/posts\/12824","targetHints":{"allow":["GET"]}}],"collection":[{"href":"http:\/\/www.korhanyilmaz.com\/index.php?rest_route=\/wp\/v2\/posts"}],"about":[{"href":"http:\/\/www.korhanyilmaz.com\/index.php?rest_route=\/wp\/v2\/types\/post"}],"author":[{"embeddable":true,"href":"http:\/\/www.korhanyilmaz.com\/index.php?rest_route=\/wp\/v2\/users\/1"}],"replies":[{"embeddable":true,"href":"http:\/\/www.korhanyilmaz.com\/index.php?rest_route=%2Fwp%2Fv2%2Fcomments&post=12824"}],"version-history":[{"count":0,"href":"http:\/\/www.korhanyilmaz.com\/index.php?rest_route=\/wp\/v2\/posts\/12824\/revisions"}],"wp:attachment":[{"href":"http:\/\/www.korhanyilmaz.com\/index.php?rest_route=%2Fwp%2Fv2%2Fmedia&parent=12824"}],"wp:term":[{"taxonomy":"category","embeddable":true,"href":"http:\/\/www.korhanyilmaz.com\/index.php?rest_route=%2Fwp%2Fv2%2Fcategories&post=12824"},{"taxonomy":"post_tag","embeddable":true,"href":"http:\/\/www.korhanyilmaz.com\/index.php?rest_route=%2Fwp%2Fv2%2Ftags&post=12824"}],"curies":[{"name":"wp","href":"https:\/\/api.w.org\/{rel}","templated":true}]}}