{"id":12820,"date":"2009-08-04T09:45:34","date_gmt":"2009-08-04T06:45:34","guid":{"rendered":"http:\/\/www.korhanyilmaz.com\/?p=12820"},"modified":"2009-08-04T09:45:34","modified_gmt":"2009-08-04T06:45:34","slug":"bu-da-rum-itirafi-turkleri-ucuruma-attik","status":"publish","type":"post","link":"http:\/\/www.korhanyilmaz.com\/?p=12820","title":{"rendered":"Bu da Rum itiraf\u0131: &quot;T\u00fcrkleri u\u00e7uruma att\u0131k&quot;"},"content":{"rendered":"<p style=\"text-align: center;\"><a href=\"http:\/\/www.korhanyilmaz.com\/wp-content\/uploads\/2009\/08\/RUM\u0130T\u0130RAFI.jpg\"  class=\"lightview\"><img loading=\"lazy\" decoding=\"async\" class=\"aligncenter size-full wp-image-12821\" src=\"http:\/\/www.korhanyilmaz.com\/wp-content\/uploads\/2009\/08\/RUM\u0130T\u0130RAFI.jpg\" alt=\"\" width=\"269\" height=\"207\" \/><\/a><\/p>\n<p style=\"text-align: justify;\">Tiyatrocu Atilla Olga\u00e7&#8217;\u0131n, &#8220;Rum esir \u00f6ld\u00fcrd\u00fcm&#8221; s\u00f6zleri ortal\u0131\u011f\u0131 kar\u0131\u015ft\u0131rm\u0131\u015ft\u0131. H\u00fcrriye Gazetesinin haberine g\u00f6re, \u015fimdi de bir grup Rum komando, 1974&#8217;te 20 K\u0131br\u0131sl\u0131 T\u00fcrk m\u00fccahidin esir d\u00fc\u015fmelerine ra\u011fmen canl\u0131 canl\u0131 u\u00e7uruma at\u0131ld\u0131\u011f\u0131 bask\u0131na kat\u0131ld\u0131klar\u0131n\u0131 itiraf etti.<\/p>\n<p style=\"text-align: justify;\"><strong><em>H\u00dcRR\u0130YET Gazetesi&#8217;nde yer alan haber: <\/em><\/strong><\/p>\n<p style=\"text-align: justify;\"><strong><em>Rum komandolardan T\u00fcrk katliam\u0131 itiraf\u0131<\/em><\/strong><\/p>\n<p style=\"text-align: justify;\">Rum yazar Panikos Neokleus\u2019un K\u0131br\u0131s Bar\u0131\u015f Harek\u00e1t\u0131 s\u0131ras\u0131nda askerlik yapan Rumlar\u0131n an\u0131lar\u0131n\u0131 derledi\u011fi &#8220;K\u0131br\u0131s\u2019ta 1974\u2019te g\u00f6z ard\u0131 edilenler&#8221; adl\u0131 kitap, sava\u015fta ya\u015fanan korkun\u00e7 bir katliam\u0131n itiraf\u0131na da sahne oldu. Tiyatrocu Atilla Olga\u00e7\u2019\u0131n &#8220;Rum esir \u00f6ld\u00fcrd\u00fcm&#8221; s\u00f6zleri \u00fczerine T\u00fcrkiye\u2019yi AB\u2019ye \u015fik\u00e1yet eden Rumlar\u0131n o vah\u015feti ya\u015fayan komandolar\u0131, 20 Temmuz 1974 gecesi Do\u011fruyol mevzilerinde esir al\u0131nan 20 kadar T\u00fcrk m\u00fccahidin canl\u0131 canl\u0131 u\u00e7urumdan at\u0131ld\u0131\u011f\u0131 bask\u0131na kat\u0131ld\u0131klar\u0131n\u0131 s\u00f6yledi. <!--more--><\/p>\n<p style=\"text-align: justify;\">T\u0130YATROCU Atilla Olga\u00e7\u2019\u0131n &#8220;Rum esir \u00f6ld\u00fcrd\u00fcm&#8221; s\u00f6z\u00fc \u00fczerine T\u00fcrkiye\u2019yi AB\u2019ye ve BM\u2019ye \u015fik\u00e1yet eden K\u0131br\u0131s Rum y\u00f6netiminde, K\u0131br\u0131s Bar\u0131\u015f Harek\u00e1t\u0131\u2019n\u0131n yap\u0131ld\u0131\u011f\u0131 20 Temmuz 1974\u2019te asker olan bir grup Rum komando, K\u0131br\u0131sl\u0131 T\u00fcrk m\u00fccahitlerin, esir d\u00fc\u015fmelerine ra\u011fmen canl\u0131 canl\u0131 u\u00e7uruma at\u0131ld\u0131\u011f\u0131 Do\u011fruyol bask\u0131n\u0131na kat\u0131ld\u0131klar\u0131n\u0131 itiraf etti.<\/p>\n<p style=\"text-align: justify;\"><strong><em>Hedefteki tepeye s\u0131zma operasyonu<\/em><\/strong><\/p>\n<p style=\"text-align: justify;\">K\u0131br\u0131s Bar\u0131\u015f Harek\u00e1t\u0131\u2019n\u0131n kader an\u0131 olarak adland\u0131r\u0131lan Do\u011fruyol muharebeleri, T\u00fcrk Ordusu\u2019nun Girne\u2019den \u00e7\u0131karma yapt\u0131\u011f\u0131 ve ayn\u0131 anda Be\u015fparmak Da\u011flar\u0131\u2019n\u0131n ard\u0131na para\u015f\u00fct\u00e7\u00fc komandolar\u0131 indirdi\u011fi 20 Temmuz 1974 gecesi ya\u015fand\u0131.<\/p>\n<p style=\"text-align: justify;\">K\u0131br\u0131sl\u0131 T\u00fcrklerin uzun y\u0131llard\u0131r elinde bulunan Do\u011fruyol tepesindeki mevziler, 20 Temmuz gecesi, Rumlar\u0131n Girne\u2019nin Bellapais (Beylerbeyi) b\u00f6lgesindeki komando taburuna ba\u011fl\u0131 birliklerin bask\u0131n\u0131na u\u011frad\u0131.<\/p>\n<p style=\"text-align: justify;\">Mevzilere s\u0131zma operasyonu d\u00fczenleyen Rum komandolar, k\u0131sa bir s\u00fcre de olsa Bar\u0131\u015f Harek\u00e1t\u0131 planlar\u0131n\u0131 tehlikeye d\u00fc\u015f\u00fcrd\u00fc. Tepe ve mevziler \u015fiddetli \u00e7at\u0131\u015fmalar\u0131n ard\u0131ndan geri al\u0131nd\u0131 ancak Rum komandolar, bask\u0131n s\u0131ras\u0131nda esir ald\u0131klar\u0131 20\u2019ye yak\u0131n m\u00fccahidi canl\u0131 canl\u0131 u\u00e7uruma atarak katletti.<\/p>\n<p style=\"text-align: justify;\"><strong><em>50 Rum askerin itiraflar\u0131 kitapla\u015ft\u0131<\/em><\/strong><\/p>\n<p style=\"text-align: justify;\">T\u00fcrklerin Do\u011fruyol, Rumlar\u0131n ise Kocakaya ad\u0131 verdikleri tepedeki katliama kat\u0131lan askerlerin isimleri, Rum yazar Panikos Neokleus\u2019un 20 Temmuz g\u00fcn\u00fc askerlik yapan Rumlar\u0131n an\u0131lar\u0131n\u0131 derledi\u011fi &#8220;K\u0131br\u0131s\u2019ta 1974\u2019te g\u00f6z ard\u0131 edilenler&#8221; adl\u0131 kitapta yay\u0131nland\u0131.<\/p>\n<p style=\"text-align: justify;\">50 Rum askerin sava\u015f\u0131n ba\u015flad\u0131\u011f\u0131 g\u00fcn ya\u015fad\u0131klar\u0131n\u0131n anlat\u0131ld\u0131\u011f\u0131 kitapta, 3 asker Do\u011fruyol bask\u0131n\u0131na bizzat kat\u0131ld\u0131klar\u0131n\u0131 ve T\u00fcrkleri esir ald\u0131klar\u0131n\u0131 itiraf etti. Rum askerler, esirleri \u00f6ld\u00fcrd\u00fcklerini gizledi ancak katliam\u0131n yap\u0131ld\u0131\u011f\u0131 sald\u0131r\u0131ya kat\u0131ld\u0131klar\u0131n\u0131 vurgulad\u0131.<\/p>\n<p style=\"text-align: justify;\"><strong><em>Bask\u0131n kader an\u0131 oldu<\/em><\/strong><\/p>\n<p style=\"text-align: justify;\">BARI\u015e Harek\u00e1t\u0131\u2019n\u0131n ba\u015flad\u0131\u011f\u0131 20 Temmuz g\u00fcn\u00fc, para\u015f\u00fct\u00e7\u00fc komandolar\u0131n indi\u011fi Bo\u011faz K\u00f6y\u00fc\u2019ne harek\u00e1t\u0131n \u00fcnl\u00fc komutan\u0131 Nurettin Ersin Pa\u015fa \u00fcs kurdu. Nurettin Ersin\u2019in irtibat subayl\u0131\u011f\u0131n\u0131 yapan K\u0131br\u0131sl\u0131 T\u00fcrk Emekli Binba\u015f\u0131 Hasan Kutay, Do\u011fruyol mevzilerinin d\u00fc\u015ft\u00fc\u011f\u00fc g\u00fcn ya\u015fananlar\u0131 \u015f\u00f6yle anlatt\u0131:<\/p>\n<p style=\"text-align: justify;\"><strong><em>Komutan ate\u015f alt\u0131nda<\/em><\/strong><\/p>\n<p style=\"text-align: justify;\">&#8220;Nurettin Ersin Pa\u015fa, kurmaylar\u0131yla birlikte Bo\u011faz\u2019da kararg\u00e1h\u0131n\u0131 kurdu. Do\u011fruyol mevzileri, \u00e7\u0131karma yapan birlikler ile para\u015f\u00fctle inen birliklerin tam ortas\u0131ndayd\u0131. Rumlar\u0131n sald\u0131r\u0131s\u0131yla Do\u011fruyol d\u00fc\u015f\u00fcnce, do\u011frudan komutanl\u0131\u011f\u0131m\u0131z da ate\u015f alt\u0131nda kald\u0131. Bir anda harek\u00e1t planlar\u0131 aksad\u0131.<\/p>\n<p style=\"text-align: justify;\"><strong><em>Gece boyu \u00e7at\u0131\u015fma <\/em><\/strong><\/p>\n<p style=\"text-align: justify;\">Gece boyunca ya\u015fanan \u015fiddetli \u00e7at\u0131\u015fmalar sonucunda tepe geri al\u0131nd\u0131. Al\u0131nmasayd\u0131, \u00e7\u0131karma yapan birliklerimiz ile ikiye b\u00f6l\u00fcnm\u00fc\u015f olacakt\u0131k. Do\u011fruyol\u2019u tutan m\u00fccahitlerimiz u\u00e7uruma at\u0131l\u0131p \u015fehit edilmi\u015fti. Derin u\u00e7urumdan \u015fehitlerimizin bedenlerini bir hafta sonra \u00e7\u0131kartabildik.&#8221;<\/p>\n<p style=\"text-align: justify;\"><em><strong>Rumlar: T\u00fcrkleri \u00e7ok gafil avlad\u0131k<\/strong><\/em><\/p>\n<p style=\"text-align: justify;\">O korkun\u00e7 gecede bask\u0131na kat\u0131lan Rum askerleri, ya\u015fananlar\u0131 \u015f\u00f6yle anlatt\u0131:<\/p>\n<p style=\"text-align: justify;\">D\u0130MOS Dimitriu: 1954 Limasol do\u011fumlu. Lefko\u015fa Rum Kesimi 3\u2019\u00fcnc\u00fc Teknik Lisesi\u2019nde halen \u00f6\u011fretmenlik yap\u0131yor. Evli 2 k\u0131z \u00e7ocu\u011fu babas\u0131: &#8220;20 Temmuz g\u00fcn\u00fc askerdim. 31. Komando Taburu\u2019nun g\u00f6revi, Kocakaya (Do\u011fruyol) tepesinin ele ge\u00e7irmekti. Di\u011fer tepeler de T\u00fcrklerin elindeydi, aralar\u0131ndan s\u0131zd\u0131k. Tepe, gerek Lefko\u015fa gerekse Girne taraf\u0131ndan g\u00f6r\u00fcl\u00fcyordu. Gece saat 20.00\u2019de hedefe do\u011fru yola \u00e7\u0131kt\u0131k. 120 kadar komandoyduk. B\u00f6l\u00fc\u011f\u00fcn komutan\u0131 \u00dcste\u011fmen Karahalios\u2019tu. T\u00fcrkleri gafil avlad\u0131k. Ka\u00e7may\u0131 ba\u015faramayanlar ya \u00f6ld\u00fcr\u00fcld\u00fcler ya da esir d\u00fc\u015ft\u00fcler. Esirler yakla\u015f\u0131k 30 ki\u015fiydi. Ak\u0131betlerinin ne oldu\u011funu bilmiyorum.&#8221;<\/p>\n<p style=\"text-align: justify;\"><strong><em>Komutan \u2019\u00d6ld\u00fcr\u2019 dedi<\/em><\/strong><\/p>\n<p style=\"text-align: justify;\">Mihalikis Kiprianu: 1955 Kaminarya do\u011fumlu. Hellenic Bank\u2019\u0131n Limasol \u015fube m\u00fcd\u00fcrl\u00fc\u011f\u00fcn\u00fc yap\u0131yor. Evli 3 k\u0131z \u00e7ocu\u011fu babas\u0131: &#8220;20 Temmuz gecesi Do\u011fruyol\u2019a sald\u0131rd\u0131k. \u00d6nce destek i\u00e7in havan topu ate\u015fi a\u00e7\u0131ld\u0131. Bizi beklemiyorlard\u0131. Bask\u0131n\u0131m\u0131z tam anlam\u0131yla ba\u015far\u0131l\u0131 olmu\u015ftu. Ertesi g\u00fcn ba\u015fka bir noktada elleri arkadan ba\u011flanm\u0131\u015f bir T\u00fcrk bulduk. Komutan\u0131m\u0131z Karahalios \u00f6ld\u00fcr\u00fcn emri verdi ama ben \u00f6ld\u00fcrmedim.&#8221;<\/p>\n<p style=\"text-align: justify;\">Pieris Hacikulas: 1953 Karava do\u011fumlu. \u0130ngiltere\u2019de in\u015faat e\u011fitimi ald\u0131 ve 1983\u2019ten bu yana K\u0131br\u0131s Rum Kesimi\u2019nde m\u00fcteahhitlik yap\u0131yor. Evli ve 2 \u00e7ocuk babas\u0131. &#8220;Bellapais\u2019teki (Beylerbeyi) 33. Komando Taburu\u2019nda askerlik yapt\u0131m. Taburum St.Hillarion kar\u015f\u0131s\u0131ndaki Kocakaya\u2019ya (Do\u011fruyol tepesi) sald\u0131r\u0131 emri ald\u0131. Gece ilerlerken, Girne-Lefko\u015fa anayolunda BM\u2019nin Finlandiya askerlerini ta\u015f\u0131yan arac\u0131na rastlad\u0131k. S\u0131radaki son askerlerimiz g\u00f6revimizi ihbar etmemeleri i\u00e7in BM askerlerini al\u0131koydu.&#8221;<\/p>\n<p style=\"text-align: justify;\"><em><strong>\u015eehitleri u\u00e7urumdan ellerimle \u00e7\u0131kard\u0131m <\/strong><\/em><\/p>\n<p style=\"text-align: justify;\">20 Temmuz gecesi kurtulanlardan biri de, silah arkada\u015flar\u0131n\u0131 korkun\u00e7 bir katliama \u015fehit veren m\u00fccahit Vedat Toksoy\u2019du. Toksoy, &#8220;Ben de \u00f6l\u00fcrsem onlar\u0131 kimse tan\u0131maz diye ayaklar\u0131na ta\u015f ba\u011flay\u0131p isimlerini yazd\u0131m. \u00c7o\u011funun \u00fczerinde kur\u015fun yaras\u0131 yoktu. Esir d\u00fc\u015ft\u00fckten sonra canl\u0131 canl\u0131 at\u0131lm\u0131\u015flard\u0131&#8221; dedi.<\/p>\n<p style=\"text-align: justify;\">VAH\u015eET\u0130N ya\u015fand\u0131\u011f\u0131 20 Temmuz gecesi Do\u011fruyol tepesine yap\u0131lan Rum bask\u0131n\u0131ndan sa\u011f kurtulan Vedat Toksoy, silah arkada\u015flar\u0131n\u0131n cesetlerini g\u00fcnler sonra u\u00e7urumunun dibine inerek buldu\u011funu anlatt\u0131. Buldu\u011funda silah arkada\u015flar\u0131n\u0131n cesetlerinin s\u0131caktan \u015fi\u015fmeye ba\u015flad\u0131\u011f\u0131n\u0131 s\u00f6yleyen Toksoy, &#8220;Ben de \u00f6l\u00fcrsem onlar\u0131 kimse tan\u0131maz d\u00fc\u015f\u00fcncesiyle, ayaklar\u0131na ta\u015f ba\u011flay\u0131p \u00fczerlerine tan\u0131yabildiklerimin isimlerini yazd\u0131m. \u00c7o\u011funun \u00fczerinde kur\u015fun yaras\u0131 yoktu. Esir d\u00fc\u015ft\u00fckten sonra canl\u0131 canl\u0131 at\u0131lm\u0131\u015flard\u0131&#8221; dedi.<\/p>\n<p style=\"text-align: justify;\"><strong><em>Gelenler T\u00fcrk\u00e7e seslenince kand\u0131k <\/em><\/strong><\/p>\n<p style=\"text-align: justify;\">Vedat Toksoy, bask\u0131n\u0131 \u015f\u00f6yle anlatt\u0131: &#8220;Be\u015fparmak Da\u011flar\u0131\u2019na hakim bu mevziler, 1964 y\u0131l\u0131ndan bu yana K\u0131br\u0131sl\u0131 T\u00fcrklerin elindeydi. Bask\u0131n gecesi Rum askerlerin arkam\u0131zdan s\u0131zacaklar\u0131n\u0131 beklemiyorduk. \u00c7evremizdeki St.Hillarion Kalesi, Ada Tepe ve \u015fahin Tepe yine bizim elimizdeydi; bu nedenle gerimizi g\u00fcvenli kabul ediyorduk. Mevzilerimiz de tam aksi y\u00f6ne bak\u0131yordu.<\/p>\n<p style=\"text-align: justify;\">Rumlar, geride tuttu\u011fumuz tepelerdeki askerlere g\u00f6r\u00fcnmeden geldiler. Gelenleri \u00e7\u0131kartma yapan T\u00fcrk askeri zannettik. \u00c7\u00fcnk\u00fc Rumlar T\u00fcrk\u00e7e sesleniyordu. \u0130lk \u00f6nce geride yer alan ATAK kod adl\u0131 K\u0131br\u0131s\u2019taki T\u00fcrk alay\u0131na mensup 4 askerin bulundu\u011fu telsiz istasyonu d\u00fc\u015ft\u00fc. Bask\u0131n g\u00fcn\u00fc, \u00e7evremizdeki ormanl\u0131k alan da alev alev yan\u0131yordu. Mevzilerimizin biraz ilerisindeydim. Yo\u011fun ate\u015f alt\u0131nda Rumlar \u00f6nce sar\u0131 ard\u0131ndan da ye\u015fil i\u015faret fi\u015fe\u011fi att\u0131. Ye\u015fil fi\u015fek at\u0131l\u0131nca, mevzilerimizin d\u00fc\u015ft\u00fc\u011f\u00fcn\u00fc anlad\u0131m komutan\u0131m\u0131z\u0131n emriyle hemen \u00fcst taraftaki St.Hillarion\u2019daki at\u0131\u015f poligonunda \u00fcslenen T\u00fcrk komandolar\u0131 komutan\u0131 Cemal Oru\u00e7 Yarbay\u2019a giderek, Do\u011fruyol\u2019un d\u00fc\u015ft\u00fc\u011f\u00fcn\u00fc anlatt\u0131m. Derhal kar\u015f\u0131 taaruz emri verdi. B\u00f6lgeyi iyi biliyordum. Askerlere \u00f6nc\u00fcl\u00fck yaparak yol g\u00f6sterdim.<\/p>\n<p style=\"text-align: justify;\"><strong><em>Ta\u015f ba\u011flay\u0131p tek tek isim yazd\u0131m<\/em><\/strong><\/p>\n<p style=\"text-align: justify;\">G\u00fcnler sonra, silah arkada\u015flar\u0131m\u0131n cesetlerini u\u00e7urumun dibinde g\u00f6rd\u00fck. B\u00fcy\u00fck g\u00fc\u00e7l\u00fckle indim. \u00dcst \u00fcste y\u0131\u011f\u0131lm\u0131\u015f \u015fehitlerimizin cesetleri s\u0131caktan \u015fi\u015fmeye ba\u015flam\u0131\u015ft\u0131. \u00c7o\u011funun bedeninde kur\u015fun yaras\u0131 da yoktu. \u2019Ben de \u00f6l\u00fcrsem kim tan\u0131yacak bu \u015fehitlerimizi\u2019 d\u00fc\u015f\u00fcncesiyle tan\u0131yabildiklerimin ayaklar\u0131na ta\u015f ba\u011flayarak isimlerini yazd\u0131m; Osman Benli, \u0130smet Mustafa, Alpay Raif, Fevzi Mehmet, Mustafa Behi\u00e7, Mustafa Abdullah, Erol \u0130smail&#8230;&#8221;<\/p>\n<p style=\"text-align: justify;\"><strong><em>\u015eehit komutan\u0131n soyad\u0131n\u0131 ald\u0131<\/em><\/strong><\/p>\n<p style=\"text-align: justify;\">Vedat Toksoy, sava\u015f sonras\u0131, T\u00fcrk komandolar\u0131n tepeyi geri almak i\u00e7in ba\u015flatt\u0131\u011f\u0131 sald\u0131r\u0131da yan\u0131nda \u015fehit olan Aste\u011fmen S\u0131tk\u0131 Toksoy\u2019un soyad\u0131n\u0131 ald\u0131.<\/p>\n<p style=\"text-align: justify;\"><span style=\"color: #888888;\">CNN T\u00dcRK<\/span><\/p>\n","protected":false},"excerpt":{"rendered":"<p style=\"text-align: center;\">\n<p style=\"text-align: justify;\">Tiyatrocu Atilla Olga\u00e7&#8217;\u0131n, &#8220;Rum esir \u00f6ld\u00fcrd\u00fcm&#8221; s\u00f6zleri ortal\u0131\u011f\u0131 kar\u0131\u015ft\u0131rm\u0131\u015ft\u0131. H\u00fcrriye Gazetesinin haberine g\u00f6re, \u015fimdi de bir grup Rum komando, 1974&#8217;te 20 K\u0131br\u0131sl\u0131 T\u00fcrk m\u00fccahidin esir d\u00fc\u015fmelerine ra\u011fmen canl\u0131 canl\u0131 u\u00e7uruma at\u0131ld\u0131\u011f\u0131 bask\u0131na kat\u0131ld\u0131klar\u0131n\u0131 itiraf etti.<\/p>\n<p style=\"text-align: justify;\">H\u00dcRR\u0130YET Gazetesi&#8217;nde yer alan haber: <\/p>\n<p style=\"text-align: justify;\">Rum komandolardan T\u00fcrk katliam\u0131 itiraf\u0131<\/p>\n","protected":false},"author":1,"featured_media":0,"comment_status":"open","ping_status":"closed","sticky":false,"template":"","format":"standard","meta":{"footnotes":""},"categories":[105],"tags":[],"class_list":["post-12820","post","type-post","status-publish","format-standard","hentry","category-gundem","odd"],"_links":{"self":[{"href":"http:\/\/www.korhanyilmaz.com\/index.php?rest_route=\/wp\/v2\/posts\/12820","targetHints":{"allow":["GET"]}}],"collection":[{"href":"http:\/\/www.korhanyilmaz.com\/index.php?rest_route=\/wp\/v2\/posts"}],"about":[{"href":"http:\/\/www.korhanyilmaz.com\/index.php?rest_route=\/wp\/v2\/types\/post"}],"author":[{"embeddable":true,"href":"http:\/\/www.korhanyilmaz.com\/index.php?rest_route=\/wp\/v2\/users\/1"}],"replies":[{"embeddable":true,"href":"http:\/\/www.korhanyilmaz.com\/index.php?rest_route=%2Fwp%2Fv2%2Fcomments&post=12820"}],"version-history":[{"count":0,"href":"http:\/\/www.korhanyilmaz.com\/index.php?rest_route=\/wp\/v2\/posts\/12820\/revisions"}],"wp:attachment":[{"href":"http:\/\/www.korhanyilmaz.com\/index.php?rest_route=%2Fwp%2Fv2%2Fmedia&parent=12820"}],"wp:term":[{"taxonomy":"category","embeddable":true,"href":"http:\/\/www.korhanyilmaz.com\/index.php?rest_route=%2Fwp%2Fv2%2Fcategories&post=12820"},{"taxonomy":"post_tag","embeddable":true,"href":"http:\/\/www.korhanyilmaz.com\/index.php?rest_route=%2Fwp%2Fv2%2Ftags&post=12820"}],"curies":[{"name":"wp","href":"https:\/\/api.w.org\/{rel}","templated":true}]}}