{"id":12816,"date":"2009-08-04T13:57:34","date_gmt":"2009-08-04T10:57:34","guid":{"rendered":"http:\/\/www.korhanyilmaz.com\/?p=12816"},"modified":"2009-08-04T13:57:34","modified_gmt":"2009-08-04T10:57:34","slug":"yas-kararlari-aciklandi-dursun-ciceke-terfi-yok","status":"publish","type":"post","link":"http:\/\/www.korhanyilmaz.com\/?p=12816","title":{"rendered":"YA\u015e kararlar\u0131 a\u00e7\u0131kland\u0131: Dursun \u00c7i\u00e7ek&#039;e terfi yok"},"content":{"rendered":"<p style=\"text-align: center;\"><a href=\"http:\/\/www.korhanyilmaz.com\/wp-content\/uploads\/2009\/08\/YA\u015e.jpg\"  class=\"lightview\"><img loading=\"lazy\" decoding=\"async\" class=\"aligncenter size-full wp-image-12817\" src=\"http:\/\/www.korhanyilmaz.com\/wp-content\/uploads\/2009\/08\/YA\u015e.jpg\" alt=\"\" width=\"307\" height=\"236\" \/><\/a><\/p>\n<p style=\"text-align: justify;\">Y\u00fcksek Askeri \u015eura (YA\u015e) kararlar\u0131 a\u00e7\u0131kland\u0131; irticayla m\u00fccadele eylem plan\u0131n\u0131n alt\u0131nda imzas\u0131 oldu\u011fu iddia edilen Albay Dursun \u00c7i\u00e7ek, &#8220;kadrosuzluk&#8221; nedeniyle terfi ettirilmedi. Deniz Kuvvetleri Komutanl\u0131\u011f\u0131&#8217;na Donanma Komutan\u0131 Oramiral E\u015fref U\u011fur Yi\u011fit, Hava Kuvvetleri Komutanl\u0131\u011f\u0131&#8217;na Harp Akademileri Komutan\u0131 Orgeneral Hasan Aksay, 1. Ordu Komutanl\u0131\u011f\u0131&#8217;na Genelkurmay \u0130kinci Ba\u015fkan\u0131 Orgeneral Hasan I\u011fs\u0131z getirildi.<\/p>\n<p style=\"text-align: justify;\">Poyrazk\u00f6y&#8217;de bulunan m\u00fchimmatla ilgili olarak Ergenekon savc\u0131lar\u0131na 10 saat ifade veren Levent G\u00f6rge\u00e7 ise, Tu\u011famiralli\u011fe terfi ettirildi. G\u00f6rge\u00e7&#8217;in Be\u015fikta\u015f&#8217;taki lojman\u0131 ile g\u00f6revli oldu\u011fu Deniz Kuvvetleri Komutanl\u0131\u011f\u0131 Deniz E\u011fitim ve \u00d6\u011fretim Komutanl\u0131\u011f\u0131&#8217;ndaki odas\u0131nda da arama yap\u0131lm\u0131\u015ft\u0131. <!--more--><\/p>\n<p style=\"text-align: justify;\">YA\u015e kararlar\u0131n\u0131n a\u00e7\u0131klanmas\u0131n\u0131n ard\u0131ndan T\u00fcrk Silahl\u0131 Kuvvetleri (TSK) Albay Dursun \u00c7i\u00e7ek&#8217;in durumu ile ilgili bir a\u00e7\u0131klama yap\u0131ld\u0131.<\/p>\n<p style=\"text-align: justify;\">A\u00e7\u0131klamada, &#8220;Deniz Piyade Kurmay Albay Dursun \u00c7i\u00e7ek\u2019in terfiine ili\u015fkin bas\u0131nda muhtelif haberler \u00e7\u0131km\u0131\u015f ve Y\u00fcksek Asker\u00ee \u015e\u00fbra \u00e7al\u0131\u015fmas\u0131 sonu\u00e7lar\u0131 a\u00e7\u0131kland\u0131ktan sonra da \u00e7e\u015fitli sorular tevcih edilmi\u015ftir. Deniz Kuvvetleri Komutanl\u0131\u011f\u0131\u2019nda sadece bir adet deniz piyade amiral kadrosu mevcut olup, bu kadroya 2008 y\u0131l\u0131nda bir terfi yap\u0131larak atama yap\u0131lm\u0131\u015ft\u0131r. Bu nedenle, bo\u015f kadro olmad\u0131\u011f\u0131ndan bu y\u0131l deniz piyade i\u00e7in kontenjan ayr\u0131lmam\u0131\u015f; dolay\u0131s\u0131yla bu s\u0131n\u0131f mensuplar\u0131 Y\u00fcksek Asker\u00ee \u015e\u00fbra\u2019da de\u011ferlendirilmemi\u015ftir&#8221; denildi.<\/p>\n<p style=\"text-align: justify;\"><strong>YA\u015e KARARLARI <\/strong><\/p>\n<p style=\"text-align: justify;\">Y\u00fcksek Askeri \u015eura&#8217;n\u0131n A\u011fustos ay\u0131 ola\u011fan toplant\u0131s\u0131nda al\u0131nan kararlar a\u00e7\u0131kland\u0131.<\/p>\n<p style=\"text-align: justify;\">\u015eura&#8217;da, 30 A\u011fustos 2009 itibar\u0131yla emekliye ayr\u0131lacak Deniz Kuvvetleri Komutan\u0131 Oramiral Metin Ata\u00e7&#8217;\u0131n yerine Donanma Komutan\u0131 Oramiral E\u015fref U\u011fur Yi\u011fit, Hava Kuvvetleri Komutan\u0131 Orgeneral Aydo\u011fan Babao\u011flu&#8217;nun yerine Harp Akademileri Komutan\u0131 Orgeneral Hasan Aksay atand\u0131.<\/p>\n<p style=\"text-align: justify;\">Genelkurmay Ba\u015fkan\u0131 Orgeneral \u0130lker Ba\u015fbu\u011f, Kara Kuvvetleri Komutan\u0131 Orgeneral I\u015f\u0131k Ko\u015faner ve Jandarma Genel Komutan\u0131 Orgeneral Atila I\u015f\u0131k ise bulunduklar\u0131 g\u00f6revleri bir y\u0131l daha s\u00fcrd\u00fcrecek.<\/p>\n<p style=\"text-align: justify;\">Kara Kuvvetleri&#8217;nde, 30 A\u011fustos itibar\u0131yla emekli olacak Birinci Ordu Komutan\u0131 Orgeneral Ergin Saygun&#8217;un yerine Genelkurmay \u0130kinci Ba\u015fkan\u0131 Orgeneral Hasan I\u011fs\u0131z getirildi.<\/p>\n<p style=\"text-align: justify;\">Orgeneral I\u011fs\u0131z&#8217;dan bo\u015falan Genelkurmay \u0130kinci Ba\u015fkanl\u0131\u011f\u0131&#8217;na Kara Kuvvetleri Komutanl\u0131\u011f\u0131 Kurmay Ba\u015fkan\u0131 Orgeneral Aslan G\u00fcner atand\u0131.<\/p>\n<p style=\"text-align: justify;\">\u015eura&#8217;da bir \u00fcst r\u00fctbeye terfi eden ve orgeneral olan 7. Kolordu Komutan\u0131 Bekir Kalyoncu Kara Kuvvetleri Komutanl\u0131\u011f\u0131 Kurmay Ba\u015fkanl\u0131\u011f\u0131&#8217;na, Genelkurmay Ba\u015fkanl\u0131\u011f\u0131 Genel Plan ve Prensipler Ba\u015fkan\u0131 Korgeneral H\u00fcseyin Nusret Ta\u015fdeler Harp Akademileri Komutanl\u0131\u011f\u0131&#8217;na, Oramiral olan Deniz Kuvvetleri Komutanl\u0131\u011f\u0131 Kurmay Ba\u015fkan\u0131 Koramiral Emin Murat Bilgel Donanma Komutanl\u0131\u011f\u0131&#8217;na, Orgeneral olan 1. Hava Kuvveti ve 6. Birle\u015ftirilmi\u015f Hava Hareket Merkezi Komutan\u0131 Korgeneral Bilgin Balanl\u0131 da Genelkurmay 2. Ba\u015fkan Yard\u0131mc\u0131l\u0131\u011f\u0131&#8217;na atand\u0131.<\/p>\n<p style=\"text-align: justify;\">Genelkurmay Ba\u015fkan\u0131, kuvvet komutanlar\u0131 ile di\u011fer general ve amiral atama i\u015flemleri, Y\u00fcksek Askeri \u015eura faaliyetleri d\u0131\u015f\u0131nda \u00f6zel kanunlarla belirlenen esas ve usullere g\u00f6re yap\u0131l\u0131yor.<\/p>\n<p style=\"text-align: justify;\"><strong><em>3 personele ihra\u00e7 karar\u0131<\/em><\/strong><\/p>\n<p style=\"text-align: justify;\">\u015eura kararlar\u0131na g\u00f6re, 30 A\u011fustos 2009 tarihinden ge\u00e7erli olmak \u00fczere T\u00fcrk Silahl\u0131 Kuvvetleri&#8217;nde (TSK) 34 general ve amiral bir \u00fcst r\u00fctbeye, 46 albay ise general ve amiralli\u011fe y\u00fckseldi. <a href=\"http:\/\/cdn.dogantv.com.tr\/dokumanlar\/cnnturk\/general_amiral_albay.doc\">TAM L\u0130STE \u0130\u00c7\u0130N TIKLAYIN<\/a><\/p>\n<p style=\"text-align: justify;\">54 general ve amiralin g\u00f6rev s\u00fcreleri bir y\u0131l uzat\u0131ld\u0131. <a href=\"http:\/\/cdn.dogantv.com.tr\/dokumanlar\/cnnturk\/uzatilan_general.doc\">TAM L\u0130STE \u0130\u00c7\u0130N TIKLAYIN<\/a><\/p>\n<p style=\"text-align: justify;\">\u015eura&#8217;da, ayr\u0131ca &#8220;tutum ve davran\u0131\u015flar\u0131 ile irticai g\u00f6r\u00fc\u015fleri benimsedi\u011fi, bu gibi faaliyetlerde bulundu\u011fu anla\u015f\u0131lan&#8221; 3 personelin T\u00fcrk Silahl\u0131 Kuvvetlerinden ayr\u0131lmas\u0131na oy \u00e7oklu\u011fuyla karar verildi.<\/p>\n<p style=\"text-align: justify;\"><strong>KOMUTANLARIN \u00d6ZGE\u00c7M\u0130\u015eLER\u0130:<\/strong><\/p>\n<p style=\"text-align: justify;\"><strong><em>Deniz Kuvvetleri Komutanl\u0131\u011f\u0131&#8217;na atanan Donanma Komutan\u0131 Oramiral Yi\u011fit: <\/em><\/strong>1945 y\u0131l\u0131nda \u00c7orum&#8217;da do\u011fdu. 1964 y\u0131l\u0131nda Deniz Harp Okulundan mezun olan Yi\u011fit, ilave iki y\u0131l \u00f6\u011frenim g\u00f6rerek 1966 y\u0131l\u0131nda donanmaya kat\u0131ld\u0131. 1975 y\u0131l\u0131na kadar Deniz Kuvvetleri&#8217;ne ba\u011fl\u0131 \u00e7e\u015fitli birliklerde gemi seyir harekat subayl\u0131\u011f\u0131, gemi 2. komutanl\u0131\u011f\u0131 ve gemi ba\u015f\u00e7ark\u00e7\u0131l\u0131\u011f\u0131 yapan Yi\u011fit, 1977 y\u0131l\u0131nda Deniz Harp Akademisi&#8217;nden mezun oldu.<\/p>\n<p style=\"text-align: justify;\">Yi\u011fit, ard\u0131ndan kurmay subay olarak, Deniz Kuvvetleri Harekat Ba\u015fkanl\u0131\u011f\u0131nda K\u0131s\u0131m Amirli\u011fi, May\u0131n Filosu Harekat \u015eube M\u00fcd\u00fcrl\u00fc\u011f\u00fc, TCG Muavenet 2. Komutanl\u0131\u011f\u0131, Deniz Kuvvetleri Komutanl\u0131\u011f\u0131 Harekat Ba\u015fkanl\u0131\u011f\u0131 Plan Te\u015fkilat Dairede Plan Subayl\u0131\u011f\u0131, Napoli&#8217;de G\u00fcney B\u00f6lge M\u00fcttefik Deniz Kuvvetleri Komutanl\u0131\u011f\u0131 (NAVSOUTH) Plan Dairede Plan Subayl\u0131\u011f\u0131, TCG Y\u00fccetepe Komutanl\u0131\u011f\u0131, Deniz Kuvvetleri Komutanl\u0131\u011f\u0131 Harekat Ba\u015fkanl\u0131\u011f\u0131 Plan Te\u015fkilat Dairede Te\u015fkilat \u015eube M\u00fcd\u00fcrl\u00fc\u011f\u00fc, Harp Filosu Komutanl\u0131\u011f\u0131 Kurmay Ba\u015fkanl\u0131\u011f\u0131 ve 2. Muhrip Filotila Komodorlu\u011fu, Donanma Komutanl\u0131\u011f\u0131 Harekat Grup Ba\u015fkanl\u0131\u011f\u0131 ve Donanma Komutanl\u0131\u011f\u0131 Harekat Ba\u015fkanl\u0131\u011f\u0131 g\u00f6revlerini y\u00fcr\u00fctt\u00fc.<\/p>\n<p style=\"text-align: justify;\">1992 y\u0131l\u0131nda tu\u011famiralli\u011fe terfi eden Yi\u011fit, Deniz Harp Okulu Komutanl\u0131\u011f\u0131, Napoli&#8217;de G\u00fcney B\u00f6lge M\u00fcttefik Deniz Kuvvetleri Komutanl\u0131\u011f\u0131 (NAVSOUTH) Plan Daire Ba\u015fkanl\u0131\u011f\u0131 ve \u00c7anakkale Bo\u011faz Komutanl\u0131\u011f\u0131 g\u00f6revlerinde bulundu.<\/p>\n<p style=\"text-align: justify;\">1997 y\u0131l\u0131nda t\u00fcmamiralli\u011fe terfi eden Yi\u011fit, Deniz Kuvvetleri Komutanl\u0131\u011f\u0131 Lojistik Ba\u015fkanl\u0131\u011f\u0131, May\u0131n Filosu Komutanl\u0131\u011f\u0131 ve Deniz Kuvvetleri Denetleme ve De\u011ferlendirme Ba\u015fkanl\u0131\u011f\u0131 g\u00f6revlerini y\u00fcr\u00fctt\u00fc.<\/p>\n<p style=\"text-align: justify;\">2002 y\u0131l\u0131nda koramiralli\u011fe terfi eden Yi\u011fit, Deniz Kuvvetleri Denetleme ve De\u011ferlendirme Ba\u015fkanl\u0131\u011f\u0131, Deniz Kuvvetleri Komutanl\u0131\u011f\u0131 Kurmay Ba\u015fkanl\u0131\u011f\u0131 ve Kuzey Deniz Saha Komutanl\u0131\u011f\u0131 g\u00f6revlerinde bulundu.<\/p>\n<p style=\"text-align: justify;\">2007 y\u0131l\u0131nda oramiralli\u011fe terfi eden Yi\u011fit, Donanma Komutanl\u0131\u011f\u0131 g\u00f6revine atand\u0131. Oramiral Yi\u011fit, 30 A\u011fustos 2009 tarihinden ge\u00e7erli olarak Deniz Kuvvetleri Komutanl\u0131\u011f\u0131&#8217;na getirildi.<\/p>\n<p style=\"text-align: justify;\">Nazire P\u0131nar Yi\u011fit ile evli ve iki \u00e7ocuk babas\u0131 olan Oramiral Yi\u011fit, \u0130ngilizce biliyor.<\/p>\n<p style=\"text-align: justify;\"><strong><em>Hava Kuvvetleri Komutanl\u0131\u011f\u0131&#8217;na atanan Harp Akademileri Komutan\u0131 Orgeneral Aksay:<\/em><\/strong> 1947 y\u0131l\u0131nda \u0130zmir-\u00d6demi\u015f&#8217;te do\u011fdu. 1967 y\u0131l\u0131nda Hava Harp Okulundan, 1968 y\u0131l\u0131nda ise U\u00e7u\u015f Okulundan mezun oldu.<\/p>\n<p style=\"text-align: justify;\">1979 y\u0131l\u0131na kadar Hava Kuvvetlerine ba\u011fl\u0131 \u00e7e\u015fitli birliklerde taktik av ve ke\u015fif pilotlu\u011fu yapan Aksay, 1981 y\u0131l\u0131nda Hava Harp Akademisinden mezun oldu, ard\u0131ndan kurmay subay olarak 4. Ana Jet \u00dcs 141. filoda e\u011fitim subayl\u0131\u011f\u0131, harekat subayl\u0131\u011f\u0131 ve filo komutanl\u0131\u011f\u0131, Hava Kuvvetleri Komutanl\u0131\u011f\u0131 Genel Sekreterli\u011finde Koordinasyon \u015eube Harekat Subayl\u0131\u011f\u0131 ve Koordinasyon \u015eube M\u00fcd\u00fcrl\u00fc\u011f\u00fc, Ottowa Askeri Ata\u015feli\u011fi, 6. Ana Jet \u00dcs Komutanl\u0131\u011f\u0131nda Kontrol Heyet Ba\u015fkanl\u0131\u011f\u0131 ile Harekat Komutanl\u0131\u011f\u0131 ve 2. Taktik Hava Kuvvet Harekat Ba\u015fkanl\u0131\u011f\u0131 g\u00f6revlerini y\u00fcr\u00fctt\u00fc.<\/p>\n<p style=\"text-align: justify;\">1994 y\u0131l\u0131nda tu\u011fgeneralli\u011fe terfi eden Aksay, tu\u011fgeneral r\u00fctbesi ile 8. Ana Jet \u00dcs Komutanl\u0131\u011f\u0131 ve Hava Kuvvetleri Komutanl\u0131\u011f\u0131 Plan Harekat Daire Ba\u015fkanl\u0131\u011f\u0131 g\u00f6revlerinde bulundu. Aksay, 1998 y\u0131l\u0131nda t\u00fcmgeneralli\u011fe terfi ederek, bu r\u00fctbe ile 1. Taktik Hava Kuvvet Komutan Yard\u0131mc\u0131l\u0131\u011f\u0131 ve Hava Kuvvetleri Komutanl\u0131\u011f\u0131 Harekat Ba\u015fkanl\u0131\u011f\u0131 g\u00f6revlerini y\u00fcr\u00fctt\u00fc.<\/p>\n<p style=\"text-align: justify;\">Aksay, 2002 y\u0131l\u0131nda korgeneralli\u011fe terfi ederek Hava E\u011fitim Komutanl\u0131\u011f\u0131, 1. Taktik Hava Kuvvet ve 6. Birle\u015fik Hava Harekat Merkezi (CAOC) Komutanl\u0131\u011f\u0131, Hava Kuvvetleri Komutanl\u0131\u011f\u0131 De\u011ferlendirme ve Denetleme Ba\u015fkanl\u0131\u011f\u0131 ve Hava Kuvvetleri Komutanl\u0131\u011f\u0131 Kurmay Ba\u015fkanl\u0131\u011f\u0131 g\u00f6revlerinde bulundu.<\/p>\n<p style=\"text-align: justify;\">2007 y\u0131l\u0131nda orgeneralli\u011fe terfi eden Aksay, Harp Akademileri Komutanl\u0131\u011f\u0131 g\u00f6revine atand\u0131. Orgeneral Aksay, 30 A\u011fustos 2009 tarihinden ge\u00e7erli olarak Hava Kuvvetleri Komutanl\u0131\u011f\u0131&#8217;na getirildi. Fatma \u0130clal Aksay ile evli ve iki \u00e7ocuk babas\u0131 olan Orgeneral Aksay, \u0130ngilizce biliyor.<\/p>\n<p style=\"text-align: justify;\"><strong><em>1. Ordu Komutanl\u0131\u011f\u0131&#8217;na atanan Genelkurmay \u0130kinci Ba\u015fkan\u0131 Orgeneral Hasan I\u011fs\u0131z:<\/em><\/strong> 1946 y\u0131l\u0131nda \u0130stanbul&#8217;da do\u011fdu. 1966 y\u0131l\u0131nda Kara Harp Okulu&#8217;ndan, 1967 y\u0131l\u0131nda ise \u0130stihkam Okulu&#8217;ndan mezun oldu. 1974 y\u0131l\u0131na kadar Kara Kuvvetleri Komutanl\u0131\u011f\u0131&#8217;na ba\u011fl\u0131 \u00e7e\u015fitli birliklerde tak\u0131m komutanl\u0131\u011f\u0131 yapan I\u011fs\u0131z, 1976 y\u0131l\u0131nda Kara Harp Akademisi&#8217;nden mezun oldu.<\/p>\n<p style=\"text-align: justify;\">I\u011fs\u0131z, ard\u0131ndan kurmay subay olarak Kara Harp Akademisi \u00d6\u011fretim \u00dcyeli\u011fi, Bel\u00e7ika\/Br\u00fcksel&#8217;de Uluslararas\u0131 Askeri Karargah Plan Prensipler Dairesi&#8217;nde plan subayl\u0131\u011f\u0131, Genelkurmay Personel Dairesi&#8217;nde general-amiral \u015fube proje subayl\u0131\u011f\u0131 ve \u015fube m\u00fcd\u00fcrl\u00fc\u011f\u00fc ile Cumhurba\u015fkanl\u0131\u011f\u0131 Muhaf\u0131z Alay Komutanl\u0131\u011f\u0131 g\u00f6revlerini y\u00fcr\u00fctt\u00fc.<\/p>\n<p style=\"text-align: justify;\">1993 y\u0131l\u0131nda Tu\u011fgeneralli\u011fe terfi eden ve bu r\u00fctbede Kara Kuvvetleri Tayin Daire Ba\u015fkanl\u0131\u011f\u0131 ve 16. Z\u0131rhl\u0131 Tugay Komutanl\u0131\u011f\u0131 g\u00f6revlerinde bulunan I\u011fs\u0131z, 1997 y\u0131l\u0131nda T\u00fcmgeneralli\u011fe terfi etti.<\/p>\n<p style=\"text-align: justify;\">I\u011fs\u0131z, T\u00fcmgeneral r\u00fctbesiyle Jandarma Asayi\u015f Komutan Yard\u0131mc\u0131l\u0131\u011f\u0131, Kara Kuvvetleri Personel Ba\u015fkanl\u0131\u011f\u0131 ve Bel\u00e7ika-Mons&#8217;da Milli Askeri Temsil Heyeti Ba\u015fkanl\u0131\u011f\u0131 g\u00f6revlerini y\u00fcr\u00fctt\u00fc.<\/p>\n<p style=\"text-align: justify;\">2001 y\u0131l\u0131nda Korgeneralli\u011fe terfi eden I\u011fs\u0131z, bu r\u00fctbede Genelkurmay Personel Ba\u015fkanl\u0131\u011f\u0131, 5. Kolordu Komutanl\u0131\u011f\u0131 ve Kara Kuvvetleri Lojistik Komutanl\u0131\u011f\u0131 g\u00f6revlerinde bulundu. 2006 y\u0131l\u0131nda Orgeneralli\u011fe terfi ederek 2. Ordu Komutanl\u0131\u011f\u0131 g\u00f6revine getirilen I\u011fs\u0131z, 2008 y\u0131l\u0131nda Genelkurmay 2. Ba\u015fkan\u0131 oldu.<\/p>\n<p style=\"text-align: justify;\">Orgeneral I\u011fs\u0131z, 30 A\u011fustos 2009 tarihinden ge\u00e7erli olarak Birinci Ordu Komutanl\u0131\u011f\u0131&#8217;na getirildi. Ay\u015fe I\u011fs\u0131z ile evli ve iki \u00e7ocuk babas\u0131 olan Orgeneral I\u011fs\u0131z, \u0130ngilizce biliyor.<\/p>\n<p style=\"text-align: justify;\"><em><strong>Genelkurmay \u0130kinci Ba\u015fkanl\u0131\u011f\u0131&#8217;na atanan Kara Kuvvetleri Komutanl\u0131\u011f\u0131 Kurmay Ba\u015fkan\u0131 Orgeneral Aslan G\u00fcner:<\/strong><\/em> 1948 y\u0131l\u0131nda Ak\u00e7aabat\/Trabzon&#8217;da do\u011fdu. 1967 y\u0131l\u0131nda Kara Harp Okulundan, 1968 y\u0131l\u0131nda Top\u00e7u ve F\u00fcze Okulundan mezun oldu.<\/p>\n<p style=\"text-align: justify;\">1976 y\u0131l\u0131na kadar Kara Kuvvetlerine ba\u011fl\u0131 \u00e7e\u015fitli birliklerde Batarya Subayl\u0131\u011f\u0131, Tak\u0131m ve Batarya Komutanl\u0131\u011f\u0131 yapan G\u00fcner, 1978 y\u0131l\u0131nda Kara Harp Akademisinden mezun oldu, ard\u0131ndan Kurmay Subay olarak; 4&#8217;\u00fcnc\u00fc Kolordu Komutanl\u0131\u011f\u0131nda Karargah Subayl\u0131\u011f\u0131, 28&#8217;inci Motorlu Piyade T\u00fcmen Lojistik \u015eube M\u00fcd\u00fcrl\u00fc\u011f\u00fc, Kara Harp Akademisinde \u00f6\u011fretim \u00fcyeli\u011fi, Napoli\/\u0130talya&#8217;da G\u00fcney Avrupa M\u00fcttefik Kuvvetleri Komutanl\u0131\u011f\u0131 (AFSOUTH) Plan Prensipler Ba\u015fkanl\u0131\u011f\u0131nda Karargah Subayl\u0131\u011f\u0131, Kara Kuvvetleri Komutanl\u0131\u011f\u0131 Tayin Daire Kurmay \u015eube M\u00fcd\u00fcrl\u00fc\u011f\u00fc, Cumhurba\u015fkan\u0131 Ba\u015fyaverli\u011fi ve Cumhurba\u015fkanl\u0131\u011f\u0131 Muhaf\u0131z Alay Komutanl\u0131\u011f\u0131 g\u00f6revlerini y\u00fcr\u00fctt\u00fc.<\/p>\n<p style=\"text-align: justify;\">G\u00fcner, 1994&#8217;te Tu\u011fgeneralli\u011fe terfi etti. Tu\u011fgeneral r\u00fctbesi ile 51&#8217;inci Piyade Tugay Komutanl\u0131\u011f\u0131, Genelkurmay Silahlanma ve Savunma Ara\u015ft\u0131rma Daire Ba\u015fkanl\u0131\u011f\u0131 ve Genelkurmay E\u011fitim ve Te\u015fkilat Daire Ba\u015fkanl\u0131\u011f\u0131 g\u00f6revlerinde bulunan G\u00fcner, 2000 y\u0131l\u0131nda T\u00fcmgeneralli\u011fe terfi etti.<\/p>\n<p style=\"text-align: justify;\">T\u00fcmgeneral r\u00fctbesi ile Genelkurmay Genel Sekreterli\u011fi ve Z\u0131rhl\u0131 Birlikler Okulu ve E\u011fitim T\u00fcmen Komutanl\u0131\u011f\u0131 g\u00f6revlerini y\u00fcr\u00fcten G\u00fcner, 2004 y\u0131l\u0131nda Korgeneralli\u011fe terfi etti.<\/p>\n<p style=\"text-align: justify;\">Korgeneral r\u00fctbesi ile Genelkurmay \u0130stihbarat Ba\u015fkanl\u0131\u011f\u0131 ve 4&#8217;\u00fcnc\u00fc Kolordu Komutanl\u0131\u011f\u0131 g\u00f6revlerinde bulunan G\u00fcner, 2008 y\u0131l\u0131nda Orgeneralli\u011fe terfi etti ve Kara Kuvvetleri Komutanl\u0131\u011f\u0131 Kurmay Ba\u015fkanl\u0131\u011f\u0131 g\u00f6revine atand\u0131.<\/p>\n<p style=\"text-align: justify;\">Orgeneral G\u00fcner, 30 A\u011fustos 2009 tarihinden ge\u00e7erli olarak Genelkurmay \u0130kinci Ba\u015fkanl\u0131\u011f\u0131&#8217;na getirildi. \u0130nci G\u00fcner ile evli ve iki \u00e7ocuk babas\u0131 olan Orgeneral G\u00fcner, \u0130ngilizce biliyor.<\/p>\n<p style=\"text-align: justify;\"><span style=\"color: #888888;\">CNN T\u00dcRK<\/span><\/p>\n","protected":false},"excerpt":{"rendered":"<p style=\"text-align: center;\">\n<p style=\"text-align: justify;\">Y\u00fcksek Askeri \u015eura (YA\u015e) kararlar\u0131 a\u00e7\u0131kland\u0131; irticayla m\u00fccadele eylem plan\u0131n\u0131n alt\u0131nda imzas\u0131 oldu\u011fu iddia edilen Albay Dursun \u00c7i\u00e7ek, &#8220;kadrosuzluk&#8221; nedeniyle terfi ettirilmedi. Deniz Kuvvetleri Komutanl\u0131\u011f\u0131&#8217;na Donanma Komutan\u0131 Oramiral E\u015fref U\u011fur Yi\u011fit, Hava Kuvvetleri Komutanl\u0131\u011f\u0131&#8217;na Harp Akademileri Komutan\u0131 Orgeneral Hasan Aksay, 1. Ordu Komutanl\u0131\u011f\u0131&#8217;na Genelkurmay \u0130kinci Ba\u015fkan\u0131 Orgeneral Hasan I\u011fs\u0131z getirildi.<\/p>\n","protected":false},"author":1,"featured_media":0,"comment_status":"open","ping_status":"closed","sticky":false,"template":"","format":"standard","meta":{"footnotes":""},"categories":[105],"tags":[],"class_list":["post-12816","post","type-post","status-publish","format-standard","hentry","category-gundem","odd"],"_links":{"self":[{"href":"http:\/\/www.korhanyilmaz.com\/index.php?rest_route=\/wp\/v2\/posts\/12816","targetHints":{"allow":["GET"]}}],"collection":[{"href":"http:\/\/www.korhanyilmaz.com\/index.php?rest_route=\/wp\/v2\/posts"}],"about":[{"href":"http:\/\/www.korhanyilmaz.com\/index.php?rest_route=\/wp\/v2\/types\/post"}],"author":[{"embeddable":true,"href":"http:\/\/www.korhanyilmaz.com\/index.php?rest_route=\/wp\/v2\/users\/1"}],"replies":[{"embeddable":true,"href":"http:\/\/www.korhanyilmaz.com\/index.php?rest_route=%2Fwp%2Fv2%2Fcomments&post=12816"}],"version-history":[{"count":0,"href":"http:\/\/www.korhanyilmaz.com\/index.php?rest_route=\/wp\/v2\/posts\/12816\/revisions"}],"wp:attachment":[{"href":"http:\/\/www.korhanyilmaz.com\/index.php?rest_route=%2Fwp%2Fv2%2Fmedia&parent=12816"}],"wp:term":[{"taxonomy":"category","embeddable":true,"href":"http:\/\/www.korhanyilmaz.com\/index.php?rest_route=%2Fwp%2Fv2%2Fcategories&post=12816"},{"taxonomy":"post_tag","embeddable":true,"href":"http:\/\/www.korhanyilmaz.com\/index.php?rest_route=%2Fwp%2Fv2%2Ftags&post=12816"}],"curies":[{"name":"wp","href":"https:\/\/api.w.org\/{rel}","templated":true}]}}