{"id":12812,"date":"2009-08-03T23:30:22","date_gmt":"2009-08-03T20:30:22","guid":{"rendered":"http:\/\/www.korhanyilmaz.com\/?p=12812"},"modified":"2009-08-03T23:30:22","modified_gmt":"2009-08-03T20:30:22","slug":"erdogan-dtp-ile-de-gorusecegim","status":"publish","type":"post","link":"http:\/\/www.korhanyilmaz.com\/?p=12812","title":{"rendered":"Erdo\u011fan: &#039;DTP ile de g\u00f6r\u00fc\u015fece\u011fim&#039;"},"content":{"rendered":"<p style=\"text-align: center;\"><a href=\"http:\/\/www.korhanyilmaz.com\/wp-content\/uploads\/2009\/08\/DTP.jpg\"  class=\"lightview\"><img loading=\"lazy\" decoding=\"async\" class=\"aligncenter size-full wp-image-12813\" src=\"http:\/\/www.korhanyilmaz.com\/wp-content\/uploads\/2009\/08\/DTP.jpg\" alt=\"\" width=\"230\" height=\"177\" \/><\/a><\/p>\n<p style=\"text-align: justify;\">H\u00fck\u00fcmetin K\u00fcrt a\u00e7\u0131l\u0131m\u0131 \u00e7er\u00e7evesinde, Ba\u015fbakan Recep Tayyip Erdo\u011fan vekillere, DTP ile de g\u00f6r\u00fc\u015fece\u011fini s\u00f6yledi. DTP ise, Ba\u015fbakan Erdo\u011fan&#8217;\u0131n, K\u00fcrt a\u00e7\u0131l\u0131m\u0131yla ilgili kendileriyle de g\u00f6r\u00fc\u015fecek olmas\u0131ndan memnun.<\/p>\n<p style=\"text-align: justify;\">H\u00fck\u00fcmet K\u00fcrt a\u00e7\u0131l\u0131m\u0131 ad\u0131 alt\u0131nda ba\u015flatt\u0131\u011f\u0131 \u00e7al\u0131\u015fman\u0131n i\u00e7ini doldurmaya \u00e7al\u0131\u015f\u0131rken di\u011fer taraftan K\u00fcrt sorunun \u00e7\u00f6z\u00fcm\u00fcnde  muhatap kim olacak sorusunun da yan\u0131t\u0131 arand\u0131. AKP&#8217;den gelen sinyaller DTP&#8217;nin muhatap al\u0131naca\u011f\u0131 y\u00f6n\u00fcnde. Ba\u015fbakan Recep Tayyip Erdo\u011fan, daha \u00f6nce randevu vermedi\u011fi DTP ile g\u00f6r\u00fc\u015fme karar\u0131 ald\u0131. Erdo\u011fan, meclis ba\u015fkanl\u0131\u011f\u0131 se\u00e7imi nedeniyle toplad\u0131\u011f\u0131 Meclis Grubu&#8217;nda AKP&#8217;li milletvekillerine K\u00fcrt a\u00e7\u0131l\u0131m\u0131yla ilgili \u00e7al\u0131\u015fmalar\u0131 anlatt\u0131. <!--more--><\/p>\n<p style=\"text-align: justify;\">CNN T\u00dcRK&#8217;\u00fcn edindi\u011fi bilgilere g\u00f6re, toplant\u0131da Ba\u015fbakan Erdo\u011fan, K\u00fcrt a\u00e7\u0131l\u0131m\u0131 konusunda Abdullah \u00d6calan&#8217;\u0131n muhatap al\u0131nmas\u0131n\u0131n s\u00f6z konusu olamayaca\u011f\u0131n\u0131 belirtti. B\u00f6yle bir g\u00f6r\u00fcnt\u00fc yans\u0131t\u0131lmas\u0131ndan rahats\u0131z oldu\u011funu dile getirdi.<\/p>\n<p style=\"text-align: justify;\">Erdo\u011fan, &#8220;Bu s\u00fcre\u00e7te muhatap alaca\u011f\u0131m\u0131z se\u00e7ilmi\u015f me\u015fru bir parti DTP&#8217;dir&#8221; dedi. Erdo\u011fan daha \u00f6nce DTP&#8217;ye randevu vermemesinin nedeni olarak o d\u00f6nemde gelen \u015fehit haberlerini g\u00f6sterdi.<\/p>\n<p style=\"text-align: justify;\">Ba\u015fbakan Erdo\u011fan, \u00e7al\u0131\u015fman\u0131n ad\u0131yla ilgili tart\u0131\u015fmalar i\u00e7inse &#8220;\u0130ster K\u00fcrt sorunu, ister K\u00fcrt a\u00e7\u0131l\u0131m\u0131, ister demokratik a\u00e7\u0131l\u0131m diyelim farketmez. T\u00fcrkiye&#8217;nin demokrasiye ihtiyac\u0131 var. Buna kar\u015f\u0131l\u0131k veriyoruz&#8221; dedi. Bu konuda kamuoyu ve medyadan olumlu tepkiler ald\u0131klar\u0131n\u0131 s\u00f6yledi.<\/p>\n<p style=\"text-align: justify;\">Erdo\u011fan, &#8220;T\u00fcrkiye&#8217;nin birli\u011fini berberli\u011fini hedefleyen politikalar \u00fcretiyoruz. Buna muhaletfet de sonuna kadar sahip \u00e7\u0131kmal\u0131&#8221; diye konu\u015ftu.<\/p>\n<p style=\"text-align: justify;\">Ba\u015fbakan Erdo\u011fan, AKP&#8217;li vekilleri de bir kez daha s\u00fcrece zarar verecek a\u00e7\u0131klamalar yapmamalar\u0131 konusunda uyard\u0131. AKP&#8217;li milletvekillerine K\u00fcrt a\u00e7\u0131l\u0131m\u0131yla ilgili \u00e7al\u0131\u015fmalar\u0131 anlatt\u0131.<\/p>\n<p style=\"text-align: justify;\"><strong><em>DTP&#8217;li Demirta\u015f: &#8220;\u00d6nko\u015fulumuz yok&#8221;<\/em><\/strong><\/p>\n<p style=\"text-align: justify;\">CNN T\u00dcRK&#8217;e konu\u015fan DTP Grup Ba\u015fkanvekili Selahattin Demirta\u015f, &#8220;Siyaset \u00f6\u00e7 alma alan\u0131 de\u011fildir, toplumun refah\u0131 i\u00e7in \u00e7al\u0131\u015fmak zorunday\u0131z&#8221; dedi. Demirta\u015f, partisinin \u00f6nko\u015fulu olmad\u0131\u011f\u0131n\u0131n alt\u0131n\u0131 \u00e7izdi.<\/p>\n<p style=\"text-align: justify;\"><span style=\"color: #888888;\">CNN T\u00dcRK<\/span><\/p>\n","protected":false},"excerpt":{"rendered":"<p style=\"text-align: center;\">\n<p style=\"text-align: justify;\">H\u00fck\u00fcmetin K\u00fcrt a\u00e7\u0131l\u0131m\u0131 \u00e7er\u00e7evesinde, Ba\u015fbakan Recep Tayyip Erdo\u011fan vekillere, DTP ile de g\u00f6r\u00fc\u015fece\u011fini s\u00f6yledi. DTP ise, Ba\u015fbakan Erdo\u011fan&#8217;\u0131n, K\u00fcrt a\u00e7\u0131l\u0131m\u0131yla ilgili kendileriyle de g\u00f6r\u00fc\u015fecek olmas\u0131ndan memnun.<\/p>\n<p style=\"text-align: justify;\">H\u00fck\u00fcmet K\u00fcrt a\u00e7\u0131l\u0131m\u0131 ad\u0131 alt\u0131nda ba\u015flatt\u0131\u011f\u0131 \u00e7al\u0131\u015fman\u0131n i\u00e7ini doldurmaya \u00e7al\u0131\u015f\u0131rken di\u011fer taraftan K\u00fcrt sorunun \u00e7\u00f6z\u00fcm\u00fcnde muhatap kim olacak sorusunun da yan\u0131t\u0131 arand\u0131. <\/p>\n","protected":false},"author":1,"featured_media":0,"comment_status":"open","ping_status":"closed","sticky":false,"template":"","format":"standard","meta":{"footnotes":""},"categories":[105],"tags":[],"class_list":["post-12812","post","type-post","status-publish","format-standard","hentry","category-gundem","odd"],"_links":{"self":[{"href":"http:\/\/www.korhanyilmaz.com\/index.php?rest_route=\/wp\/v2\/posts\/12812","targetHints":{"allow":["GET"]}}],"collection":[{"href":"http:\/\/www.korhanyilmaz.com\/index.php?rest_route=\/wp\/v2\/posts"}],"about":[{"href":"http:\/\/www.korhanyilmaz.com\/index.php?rest_route=\/wp\/v2\/types\/post"}],"author":[{"embeddable":true,"href":"http:\/\/www.korhanyilmaz.com\/index.php?rest_route=\/wp\/v2\/users\/1"}],"replies":[{"embeddable":true,"href":"http:\/\/www.korhanyilmaz.com\/index.php?rest_route=%2Fwp%2Fv2%2Fcomments&post=12812"}],"version-history":[{"count":0,"href":"http:\/\/www.korhanyilmaz.com\/index.php?rest_route=\/wp\/v2\/posts\/12812\/revisions"}],"wp:attachment":[{"href":"http:\/\/www.korhanyilmaz.com\/index.php?rest_route=%2Fwp%2Fv2%2Fmedia&parent=12812"}],"wp:term":[{"taxonomy":"category","embeddable":true,"href":"http:\/\/www.korhanyilmaz.com\/index.php?rest_route=%2Fwp%2Fv2%2Fcategories&post=12812"},{"taxonomy":"post_tag","embeddable":true,"href":"http:\/\/www.korhanyilmaz.com\/index.php?rest_route=%2Fwp%2Fv2%2Ftags&post=12812"}],"curies":[{"name":"wp","href":"https:\/\/api.w.org\/{rel}","templated":true}]}}