{"id":12808,"date":"2009-08-04T09:37:32","date_gmt":"2009-08-04T06:37:32","guid":{"rendered":"http:\/\/www.korhanyilmaz.com\/?p=12808"},"modified":"2009-08-04T09:37:32","modified_gmt":"2009-08-04T06:37:32","slug":"yas-kararlari-bugun-aciklaniyor","status":"publish","type":"post","link":"http:\/\/www.korhanyilmaz.com\/?p=12808","title":{"rendered":"YA\u015e kararlar\u0131 bug\u00fcn a\u00e7\u0131klan\u0131yor"},"content":{"rendered":"<p style=\"text-align: center;\"><a href=\"http:\/\/www.korhanyilmaz.com\/wp-content\/uploads\/2009\/08\/yaskaralari.jpg\"  class=\"lightview\"><img loading=\"lazy\" decoding=\"async\" class=\"size-full wp-image-12809 aligncenter\" src=\"http:\/\/www.korhanyilmaz.com\/wp-content\/uploads\/2009\/08\/yaskaralari.jpg\" alt=\"\" width=\"292\" height=\"194\" \/><\/a><\/p>\n<p style=\"text-align: justify;\">Tutuklanan askerler, irtica ile m\u00fccadele raporu iddias\u0131 ve askere sivil yarg\u0131 yolunu a\u00e7an yasal d\u00fczenleme&#8230; T\u00fcm bu tart\u0131\u015fmalar\u0131n ortas\u0131nda toplanan Y\u00fcksek Askeri \u015eura&#8217;da (YA\u015e) art\u0131k sona gelindi. T\u00fcrk Silahl\u0131 Kuvvetleri&#8217;nin yeni komuta kademesi bug\u00fcn a\u00e7\u0131klanacak. Hava ve Deniz kuvvetleriyle, 1. Ordu Komutanl\u0131klar\u0131&#8217;n\u0131 yeni isimler devralacak. Ancak g\u00f6zler en \u00e7ok bir albayda olacak. \u0130rticayla m\u00fccadele eylem plan\u0131n\u0131n alt\u0131nda imzas\u0131 oldu\u011fu iddia edilen Albay Dursun \u00c7i\u00e7ek&#8217;te.<\/p>\n<p style=\"text-align: justify;\">Ordunun komutanlar\u0131 ve devletin zirvesi D\u0131\u015fi\u015fleri Konutu&#8217;ndaki \u00f6\u011fle yeme\u011finde bir araya geldi. Y\u00fcksek Askeri \u015eura \u00fcyeleri Cumhurba\u015fkan\u0131 Abdullah G\u00fcl&#8217;\u00fcn konu\u011fuydu. Yemek 1.5 saat s\u00fcrd\u00fc. G\u00f6r\u00fcnt\u00fc al\u0131n\u0131rken, Cumhurba\u015fkan\u0131 ve Ba\u015fbakan Recep Tayyip Erdo\u011fan&#8217;\u0131n ne\u015feli, komutanlar\u0131n ise gergin oldu\u011fu dikkat \u00e7ekti. <!--more--><\/p>\n<p style=\"text-align: justify;\">G\u00fcl,Erdo\u011fan ve Ba\u015fbu\u011f Milli G\u00fcvenlik Kurulu&#8217;ndan sonra ilk kez bir araya geldiler. Ergenekon davas\u0131, irtica raporu iddias\u0131, askere sivil yarg\u0131 yolunu a\u00e7an yasa&#8230; \u0130\u015fte bu \u00fc\u00e7 ba\u015fl\u0131k askerle h\u00fck\u00fcmet ve K\u00f6\u015fk aras\u0131ndaki ipleri germi\u015fti.<\/p>\n<p style=\"text-align: justify;\"><strong><em>O gerginlik masadayd\u0131. <\/em><\/strong><\/p>\n<p style=\"text-align: justify;\">Asl\u0131nda Y\u00fcksek Askeri \u015eura Ba\u015fbakan ba\u015fkanl\u0131\u011f\u0131nda toplan\u0131yor ama Ba\u015fbakan Erdo\u011fan sadece ilk g\u00fcn \u00e7al\u0131\u015fmalar\u0131na kat\u0131ld\u0131. \u015eura&#8217;da g\u00f6rev s\u00fcreleri dolmas\u0131 nedeniyle emekliye ayr\u0131lan Hava Kuvvetleri, Deniz Kuvvetleri ve 1. Ordu komutanl\u0131klar\u0131n\u0131n yerine ge\u00e7ecek isimler belirlendi.<\/p>\n<p style=\"text-align: justify;\">Toplant\u0131da, terfi s\u0131ras\u0131nda bulunan general, amiral ve albaylar\u0131n bir \u00fcst r\u00fctbeye y\u00fckseltilmesi, g\u00f6rev s\u00fcrelerinin uzat\u0131lmas\u0131 ve emeklilik i\u015flemleri ele al\u0131nd\u0131. Ayr\u0131ca disiplinsizlik ve irticai faaliyetlerinden dolay\u0131 T\u00fcrk Silahl\u0131 Kuvvetleri&#8217;nden ayr\u0131lacak personelin durumlar\u0131 da de\u011ferlendirildi.<\/p>\n<p style=\"text-align: justify;\">\u0130rtica ile m\u00fccadele eylem plan\u0131nda imzas\u0131 oldu\u011fu iddia edilen Albay Dursun \u00c7i\u00e7ek&#8217;in tu\u011famiralli\u011fe y\u00fckseltilip y\u00fckseltilmeyece\u011fi de merak edilenler aras\u0131nda.<\/p>\n<p style=\"text-align: justify;\">Y\u00fcksek Askeri \u015eura kararlar\u0131n\u0131n Cumhurba\u015fkan\u0131 Abdullah G\u00fcl&#8217;\u00fcn onay\u0131na sunulmas\u0131n\u0131n ard\u0131ndan \u00f6\u011fle saatlerinde a\u00e7\u0131klanmas\u0131 bekleniyor.<\/p>\n<p style=\"text-align: justify;\"><span style=\"color: #888888;\">CNN T\u00dcRK<\/span><\/p>\n","protected":false},"excerpt":{"rendered":"<p style=\"text-align: center;\">\n<p style=\"text-align: justify;\">Tutuklanan askerler, irtica ile m\u00fccadele raporu iddias\u0131 ve askere sivil yarg\u0131 yolunu a\u00e7an yasal d\u00fczenleme&#8230; T\u00fcm bu tart\u0131\u015fmalar\u0131n ortas\u0131nda toplanan Y\u00fcksek Askeri \u015eura&#8217;da (YA\u015e) art\u0131k sona gelindi. T\u00fcrk Silahl\u0131 Kuvvetleri&#8217;nin yeni komuta kademesi bug\u00fcn a\u00e7\u0131klanacak. Hava ve Deniz kuvvetleriyle, 1. Ordu Komutanl\u0131klar\u0131&#8217;n\u0131 yeni isimler devralacak. Ancak g\u00f6zler en \u00e7ok bir <\/p>\n","protected":false},"author":1,"featured_media":0,"comment_status":"open","ping_status":"closed","sticky":false,"template":"","format":"standard","meta":{"footnotes":""},"categories":[105],"tags":[],"class_list":["post-12808","post","type-post","status-publish","format-standard","hentry","category-gundem","odd"],"_links":{"self":[{"href":"http:\/\/www.korhanyilmaz.com\/index.php?rest_route=\/wp\/v2\/posts\/12808","targetHints":{"allow":["GET"]}}],"collection":[{"href":"http:\/\/www.korhanyilmaz.com\/index.php?rest_route=\/wp\/v2\/posts"}],"about":[{"href":"http:\/\/www.korhanyilmaz.com\/index.php?rest_route=\/wp\/v2\/types\/post"}],"author":[{"embeddable":true,"href":"http:\/\/www.korhanyilmaz.com\/index.php?rest_route=\/wp\/v2\/users\/1"}],"replies":[{"embeddable":true,"href":"http:\/\/www.korhanyilmaz.com\/index.php?rest_route=%2Fwp%2Fv2%2Fcomments&post=12808"}],"version-history":[{"count":0,"href":"http:\/\/www.korhanyilmaz.com\/index.php?rest_route=\/wp\/v2\/posts\/12808\/revisions"}],"wp:attachment":[{"href":"http:\/\/www.korhanyilmaz.com\/index.php?rest_route=%2Fwp%2Fv2%2Fmedia&parent=12808"}],"wp:term":[{"taxonomy":"category","embeddable":true,"href":"http:\/\/www.korhanyilmaz.com\/index.php?rest_route=%2Fwp%2Fv2%2Fcategories&post=12808"},{"taxonomy":"post_tag","embeddable":true,"href":"http:\/\/www.korhanyilmaz.com\/index.php?rest_route=%2Fwp%2Fv2%2Ftags&post=12808"}],"curies":[{"name":"wp","href":"https:\/\/api.w.org\/{rel}","templated":true}]}}