{"id":12793,"date":"2009-08-04T08:40:23","date_gmt":"2009-08-04T05:40:23","guid":{"rendered":"http:\/\/www.korhanyilmaz.com\/?p=12793"},"modified":"2009-08-04T08:40:23","modified_gmt":"2009-08-04T05:40:23","slug":"meclis-baskanligi-icin-5-aday-yarisacak","status":"publish","type":"post","link":"http:\/\/www.korhanyilmaz.com\/?p=12793","title":{"rendered":"Meclis Ba\u015fkanl\u0131\u011f\u0131 i\u00e7in 5 aday yar\u0131\u015facak"},"content":{"rendered":"<p style=\"text-align: center;\"><a href=\"http:\/\/www.korhanyilmaz.com\/wp-content\/uploads\/2009\/08\/meclis.jpg\"  class=\"lightview\"><img loading=\"lazy\" decoding=\"async\" class=\"size-full wp-image-12795 aligncenter\" src=\"http:\/\/www.korhanyilmaz.com\/wp-content\/uploads\/2009\/08\/meclis.jpg\" alt=\"\" width=\"384\" height=\"166\" \/><\/a><\/p>\n<p style=\"text-align: justify;\">Uzla\u015fma yok&#8230; Partiler Meclis Ba\u015fkanl\u0131\u011f\u0131 i\u00e7in kendi adaylar\u0131n\u0131 \u00e7\u0131kard\u0131. AKP aday\u0131n\u0131 belirledi: Antalya Milletvekili Mehmet Ali \u015eahin. MHP&#8217;nin aday\u0131 M\u00fcnir Kutluata, CHP&#8217;ninki ise \u0130lhan Kesici. Ba\u015fkanl\u0131k se\u00e7iminde ilk iki tur oylama bug\u00fcn&#8230;<\/p>\n<p style=\"text-align: justify;\">TBMM Ba\u015fkanl\u0131\u011f\u0131 i\u00e7in adayl\u0131k ba\u015fvurular\u0131 sona erdi, ancak partilerin \u00fczerinde uzla\u015ft\u0131\u011f\u0131 ortak bir isim \u00e7\u0131kmad\u0131.<\/p>\n<p style=\"text-align: justify;\">AKP toplant\u0131 \u00fcst\u00fcne toplant\u0131 yapt\u0131 ve Mehmet Ali \u015eahin&#8217;i TBMM Ba\u015fkanl\u0131\u011f\u0131&#8217;na aday g\u00f6sterdi. MHP ve CHP ise kendi adaylar\u0131n\u0131 \u00e7\u0131kard\u0131.<\/p>\n<p style=\"text-align: justify;\">Meclis Ba\u015fkanl\u0131\u011f\u0131 i\u00e7in 5 isim yar\u0131\u015facak. AKP, CHP ve MHP&#8217;nin g\u00f6sterdikleri d\u0131\u015f\u0131nda 2 aday daha var. Bu isimler Tunceli Ba\u011f\u0131ms\u0131z Milletvekili Kamer Gen\u00e7 ile DTP&#8217;li Hasip Kaplan. <!--more--><\/p>\n<p style=\"text-align: justify;\">Meclis ba\u015fkanl\u0131\u011f\u0131 i\u00e7in bug\u00fcn ilk iki tur oylama yap\u0131lacak. Gizli oyla yap\u0131lacak ilk ve ikinci turda ba\u015fkan se\u00e7ebilmek i\u00e7in gereken oy say\u0131s\u0131 367. AKP&#8217;nin tek ba\u015f\u0131na oylar\u0131 367&#8217;yi bulmak i\u00e7in yetersiz.<\/p>\n<p style=\"text-align: justify;\">Bu durumda g\u00f6zler 3 ve 4. tur oylamada olacak. \u00dc\u00e7\u00fcnc\u00fc turda salt \u00e7o\u011funluk olan 276 say\u0131s\u0131 aranacak.<\/p>\n<p style=\"text-align: justify;\">E\u011fer bu oy say\u0131s\u0131na da ula\u015f\u0131lamazsa en \u00e7ok oyu alan iki aday 4. turda yar\u0131\u015facak. 4. turda da en \u00e7ok oyu alan isim ba\u015fkan se\u00e7ilecek.<\/p>\n<p style=\"text-align: justify;\"><strong>AKP:<\/strong><\/p>\n<p style=\"text-align: justify;\">Ba\u015fbakan Recep Tayyip Erdo\u011fan&#8217;\u0131n ba\u015fkanl\u0131\u011f\u0131nda parti genel merkezinde milletvekilleriyle yap\u0131lan isti\u015fare toplant\u0131s\u0131nda TBMM Ba\u015fkanl\u0131\u011f\u0131 se\u00e7imine ili\u015fkin de\u011ferlendirmelerde bulunuldu ve AK Parti Antalya Milletvekili Mehmet Ali \u015eahin&#8217;in TBMM Ba\u015fkanl\u0131\u011f\u0131 i\u00e7in aday olaca\u011f\u0131 bildirildi.<\/p>\n<p style=\"text-align: justify;\">Mehmet Ali \u015eahin, TBMM Ba\u015fkan\u0131 adayl\u0131\u011f\u0131na ili\u015fkin dilek\u00e7eyi TBMM Genel Sekreterli\u011fi&#8217;ne sundu ve K\u00f6ksal Toptan&#8217;la bir araya geldi. \u015eahin, Toptan&#8217;\u0131n kendisine destek verece\u011fini belirtti.<\/p>\n<p style=\"text-align: justify;\">\u015eahin resmi ba\u015fvuruyu yapmas\u0131n\u0131n ard\u0131ndan kameralar\u0131n kar\u015f\u0131s\u0131na ge\u00e7ti ve &#8220;Bu sorumluluk benim omuzlar\u0131mda kal\u0131rsa, Anayasa ve \u0130\u00e7t\u00fcz\u00fck \u00e7er\u00e7evesinde tarafs\u0131zl\u0131kla g\u00f6rev yapaca\u011f\u0131m&#8221; dedi; di\u011fer aday milletvekillerine ba\u015far\u0131lar diledi.<\/p>\n<p style=\"text-align: justify;\">Bu g\u00f6revin, bir hizmet yar\u0131\u015f\u0131 oldu\u011funu vurgulayan \u015eahin, &#8220;TBMM, milletimizin iradesinin tecelli etti\u011fi yerdir. \u00c7ok onurlu bir g\u00f6revdir. \u00c7\u00fcnk\u00fc bu makam, Cumhuriyetimizi kuran, Kurtulu\u015f Sava\u015f\u0131m\u0131z\u0131n Ba\u015fkomutan\u0131 Mustafa Kemal Atat\u00fcrk&#8217;\u00fcn de makam\u0131d\u0131r; dolay\u0131s\u0131yla \u015fu andan itibaren omuzlar\u0131mda \u00e7ok a\u011f\u0131r bir sorumluluk ve y\u00fck\u00fcn oldu\u011funu hissediyorum. Tabii ki \u015fu anda 4 aday arkada\u015f\u0131z. Kimin Meclis Ba\u015fkan\u0131 olaca\u011f\u0131na TBMM Genel Kurulu karar verecektir&#8221; diye konu\u015ftu.<\/p>\n<p style=\"text-align: justify;\">Di\u011fer parti gruplar\u0131n\u0131 ziyaret edip etmeyece\u011fine ili\u015fkin soru \u00fczerine \u015eahin, &#8220;Ziyaret etmeyi d\u00fc\u015f\u00fcnd\u00fc\u011f\u00fcm iki muhalefet partimiz de aday g\u00f6sterdi. O nedenle bu \u00e7er\u00e7evede de\u011ferlendirip karar verece\u011fim&#8221; dedi.<\/p>\n<p style=\"text-align: justify;\">\u015eahin, &#8220;AK Parti&#8217;den Meclis Ba\u015fkan\u0131 olmak i\u00e7in ba\u015fka adaylar da vard\u0131, sizin adayl\u0131\u011f\u0131n\u0131z k\u00fcsk\u00fcnl\u00fck yarat\u0131r m\u0131?&#8221; sorusuna, &#8220;Arkada\u015flar\u0131m\u0131z, benim adayl\u0131k i\u00e7in ba\u015fvurmam ger\u00e7e\u011fi ortaya \u00e7\u0131kt\u0131\u011f\u0131nda geldiler, beni tebrik ettiler, ba\u015far\u0131lar dilediler. Arkada\u015flar\u0131ma da bu jestleri sebebiyle \u015f\u00fckranlar\u0131m\u0131 sunuyorum&#8221; kar\u015f\u0131l\u0131\u011f\u0131n\u0131 verdi.<\/p>\n<p style=\"text-align: justify;\"><em><strong>\u015eahin&#8217;in \u00f6zge\u00e7mi\u015fi<\/strong><\/em><\/p>\n<p style=\"text-align: justify;\">\u015eahin, 16 Eyl\u00fcl 1950&#8217;de Karab\u00fck&#8217;\u00fcn Ovac\u0131k \u0130l\u00e7esi Ekincik k\u00f6y\u00fcnde do\u011fdu. \u0130stanbul \u00dcniversitesi Hukuk Fak\u00fcltesini bitiren \u015eahin, bir s\u00fcre serbest avukatl\u0131k yapt\u0131. \u0130stanbul Fatih Belediye Ba\u015fkan\u0131 olarak da g\u00f6rev yapan \u015eahin, AK Parti&#8217;nin kurucu \u00fcyeleri aras\u0131nda yer ald\u0131.<\/p>\n<p style=\"text-align: justify;\">\u015eahin, 20, 21 ve 22. d\u00f6nemlerde \u0130stanbul&#8217;dan, 23. D\u00f6nemde ise Antalya&#8217;dan milletvekili se\u00e7ildi. Mehmet Ali \u015eahin, 58. ve 59. H\u00fck\u00fcmetlerde Devlet Bakan\u0131 ve Ba\u015fbakan Yard\u0131mc\u0131s\u0131, 60. H\u00fck\u00fcmette ise Adalet Bakanl\u0131\u011f\u0131 g\u00f6revinde bulundu. \u015eahin, 4 \u00e7ocuk babas\u0131.<\/p>\n<p style=\"text-align: justify;\"><strong><em>AKP&#8217;li Kapusuz: &#8220;K\u00fcsmek gibi bir l\u00fcks\u00fcm yok&#8221; <\/em><br \/>\n<\/strong>\n<\/p>\n<p style=\"text-align: justify;\">Bu arada, AK Parti Ankara Milletvekili Salih Kapusuz, &#8220;Aday\u0131m\u0131z Mehmet Ali \u015eahin Bey, Meclisimize, demokrasimize ve \u00fclkemize hay\u0131rl\u0131 olsun&#8221; dedi.<\/p>\n<p style=\"text-align: justify;\">&#8220;Aday m\u0131s\u0131n\u0131z?&#8221; sorusuna Kapusuz, &#8220;De\u011filim tek adayla gidilmesi konusunda bir ortak mutabakat olunca, \u00fclkesini, partisini, milletini seven bir insan olarak elbette birlik ve beraberlik konusunda katk\u0131 vermek, bu konudaki mutabakat\u0131 devam ettirmek konusunda ben de arkada\u015flar\u0131ma kat\u0131l\u0131yorum. Arkada\u015f\u0131m\u0131za ba\u015far\u0131lar diliyorum, hay\u0131rl\u0131 olmas\u0131n\u0131 temenni ediyorum&#8221; yan\u0131t\u0131n\u0131 verdi. &#8220;K\u0131rg\u0131nl\u0131\u011f\u0131n\u0131z var m\u0131?&#8221; \u015feklindeki soru \u00fczerine Kapusuz, &#8220;\u0130nsan\u0131n kendi kendine k\u0131rg\u0131nl\u0131\u011f\u0131 olmayaca\u011f\u0131 gibi, AK Parti&#8217;nin kurucular\u0131 aras\u0131nda yer alan birisi olarak da kendime k\u00fcsmek gibi bir l\u00fcks\u00fcm yok&#8221; dedi.<\/p>\n<p style=\"text-align: justify;\">CNN T\u00dcRK yay\u0131n\u0131na kat\u0131lan MHP Grup Ba\u015fkanvekili Oktay Vural ve CHP Grup Ba\u015fkanvekili Hakk\u0131 Suha Okay da, AKP&#8217;nin parti i\u00e7i dengeleri g\u00f6zeterek \u015eahin&#8217;i aday g\u00f6sterdi\u011fini belirtti.<\/p>\n<p style=\"text-align: justify;\"><strong><em>AKP toplant\u0131 \u00fcst\u00fcne toplant\u0131 yapt\u0131<\/em><\/strong><\/p>\n<p style=\"text-align: justify;\">AKP adayl\u0131k konusunu, bug\u00fcn Genel Merkez&#8217;de yapt\u0131\u011f\u0131 MYK ve milletvekillerinin kat\u0131laca\u011f\u0131 isti\u015fare toplant\u0131s\u0131nda ele ald\u0131.<\/p>\n<p style=\"text-align: justify;\">3 saatlik MYK&#8217;n\u0131n ard\u0131ndan, milletvekilleriyle isti\u015fare toplant\u0131s\u0131 Ba\u015fbakan Erdo\u011fan ba\u015fkanl\u0131\u011f\u0131nda topland\u0131. Bu toplant\u0131 da yakla\u015f\u0131k 1 saat s\u00fcrd\u00fc.<\/p>\n<p style=\"text-align: justify;\">Toplant\u0131n\u0131n ard\u0131ndan AKP Merkez Y\u00fcr\u00fctme Kurulu tekrar topland\u0131.<\/p>\n<p style=\"text-align: justify;\">AK Parti Ankara Milletvekili Salih Kapusuz, toplant\u0131s\u0131 i\u00e7in genel merkeze geli\u015finde, TBMM Ba\u015fkan\u0131 se\u00e7imine ili\u015fkin soruya &#8220;Hay\u0131rl\u0131s\u0131 olsun in\u015fallah. Toplant\u0131ya kat\u0131laca\u011f\u0131z. Toplant\u0131dan sonra a\u00e7\u0131klama yapar\u0131z&#8221; kar\u015f\u0131l\u0131\u011f\u0131n\u0131 verdi.<\/p>\n<p style=\"text-align: justify;\">Devlet Bakan\u0131 Zafer \u00c7a\u011flayan&#8217;\u0131n AK Parti genel merkezine geli\u015finde, gazeteciler &#8220;neden b\u0131y\u0131\u011f\u0131n\u0131 kesti\u011fini&#8221; sordular. \u00c7a\u011flayan ise &#8220;B\u0131y\u0131klar\u0131m siyaht\u0131. &#8216;Bakan Bey acaba b\u0131y\u0131klar\u0131n\u0131 m\u0131 boyuyor?&#8217; diye soruyorlarm\u0131\u015f. Ben de hi\u00e7 boya kullanmam, boyasam sa\u00e7lar\u0131m\u0131 boyar\u0131m. Niye b\u0131y\u0131klar\u0131m\u0131 boyayay\u0131m? Bakt\u0131m b\u00f6yle bir renk, ton fark\u0131 var, onun i\u00e7in b\u0131y\u0131klar\u0131m\u0131 kesmeye karar verdim. Ondan dolay\u0131 kestim. Bilmiyorum, be\u011fendiniz mi? Ama ben \u015fimdilik memnunum&#8221; kar\u015f\u0131l\u0131\u011f\u0131n\u0131 verdi.<\/p>\n<p style=\"text-align: justify;\"><strong>CHP:<\/strong><\/p>\n<p style=\"text-align: justify;\">CHP Genel Sayman\u0131 ve Bas\u0131n S\u00f6zc\u00fcs\u00fc Mustafa \u00d6zy\u00fcrek, K\u00f6ksal Toptan&#8217;\u0131n adayl\u0131k i\u00e7in ba\u015fvurmamas\u0131 durumunda \u0130stanbul Milletvekili \u0130lhan Kesici&#8217;nin aday olaca\u011f\u0131n\u0131 bildirdi. AKP&#8217;den a\u00e7\u0131klama gelmeyince Kesici adayl\u0131k ba\u015fvurusunu yapt\u0131. Kesici&#8217;nin adayl\u0131\u011f\u0131na ili\u015fkin dilek\u00e7e, CHP Grup Ba\u015fkanvekili Hakk\u0131 Suha Okay ile CHP Genel Sayman\u0131 ve \u0130stanbul Milletvekili Mustafa \u00d6zy\u00fcrek&#8217;in imzas\u0131yla TBMM Genel ve Evrak Ar\u015fiv M\u00fcd\u00fcrl\u00fc\u011f\u00fc&#8217;ne sunuldu.<\/p>\n<p style=\"text-align: justify;\"><strong>MHP:<\/strong><\/p>\n<p style=\"text-align: justify;\">MHP&#8217;de ise Sakarya Milletvekili M\u00fcnir Kutluata, TBMM Ba\u015fkanl\u0131\u011f\u0131&#8217;na aday oldu. Kutluata&#8217;n\u0131n adayl\u0131\u011f\u0131na ili\u015fkin dilek\u00e7e, MHP Gaziantep Milletvekili Hasan \u00d6zdemir, Adana Milletvekili Y\u0131lmaz Tankut ve Mersin Milletvekili Akif Akku\u015f&#8217;un imzas\u0131yla TBMM Genel ve Evrak Ar\u015fiv M\u00fcd\u00fcrl\u00fc\u011f\u00fcne sunuldu. Kutluata&#8217;n\u0131n kendisinin de ba\u015fvuru dilek\u00e7esi bulunuyor.<\/p>\n<p style=\"text-align: justify;\">TBMM Ba\u015fkan\u0131 se\u00e7iminin siyasi partiler ve milletvekilleri aras\u0131nda diyalog ve genel tercihle yap\u0131lmas\u0131 gerekti\u011fini belirten MHP Grupba\u015fkanvekili Oktay Vural, AK Parti&#8217;nin bu konuda, &#8220;kendi grup ba\u015fkanvekilini se\u00e7iyormu\u015f&#8221; gibi davrand\u0131\u011f\u0131n\u0131 kaydetti.<\/p>\n<p style=\"text-align: justify;\">Vural, &#8220;Bu zaman kadar AKP&#8217;den, TBMM Ba\u015fkan\u0131 se\u00e7imi konusunda bir yakla\u015f\u0131m, bak\u0131\u015f a\u00e7\u0131s\u0131, irtibat\u0131 olmad\u0131. Ba\u015fbakan, \u00e7ok partili hayat\u0131n dinami\u011fi olan yasama organ\u0131na, kapal\u0131 kap\u0131lar ard\u0131ndan atama yapmaya \u00e7al\u0131\u015f\u0131yor. Sonra, &#8216;Biz diyalog taraf\u0131y\u0131z&#8217; diyorlar. Bu iki y\u00fczl\u00fc siyasettir&#8221; diye konu\u015ftu.<\/p>\n<p style=\"text-align: justify;\">Bu durumu, &#8220;uzla\u015fmadan uzak bir siyasi zemin&#8221; olarak niteleyen Vural, &#8220;MHP, TBMM Ba\u015fkan\u0131 se\u00e7imi i\u00e7in kendi aday\u0131n\u0131 g\u00f6sterecektir&#8221; dedi.<\/p>\n<p style=\"text-align: justify;\">MHP ve CHP daha \u00f6nce de mevcut Meclis Ba\u015fkan\u0131 K\u00f6ksal Toptan isminde uzla\u015f\u0131lmas\u0131 halinde aday \u00e7\u0131karmayaca\u011f\u0131n\u0131 a\u00e7\u0131klam\u0131\u015ft\u0131.<\/p>\n<p style=\"text-align: justify;\"><strong>DTP:<\/strong><\/p>\n<p style=\"text-align: justify;\">DTP \u015e\u0131rnak Milletvekili Hasip Kaplan, TBMM Ba\u015fkanl\u0131\u011f\u0131&#8217;na aday oldu.<\/p>\n<p style=\"text-align: justify;\">Kaplan, adayl\u0131\u011f\u0131na ili\u015fkin dilek\u00e7eyi kendi imzas\u0131yla TBMM Genel ve Evrak Ar\u015fiv M\u00fcd\u00fcrl\u00fc\u011f\u00fcne sundu. DTP&#8217;li baz\u0131 milletvekilleriyle birlikte dilek\u00e7esini veren Kaplan, b\u00fct\u00fcn partilere e\u015fit mesafede, hepsinin kat\u0131l\u0131m\u0131n\u0131 sa\u011flayan bir anlay\u0131\u015fla Meclis Ba\u015fkanl\u0131\u011f\u0131&#8217;na talip oldu\u011funu s\u00f6yledi.<\/p>\n<p style=\"text-align: justify;\">Kaplan, &#8220;\u00d6zellikle diyalog kurulmas\u0131, tarafs\u0131zl\u0131\u011f\u0131n sa\u011flanmas\u0131, T\u00fcrkiye&#8217;nin demokratikle\u015fmesi konusunda, Meclis Ba\u015fkan\u0131n\u0131n, bu d\u00f6nem \u00e7ok \u00f6nemli bir rol\u00fc vard\u0131r. Bu rol\u00fcn \u00f6nemine binaen TBMM Ba\u015fkanl\u0131\u011f\u0131na aday\u0131m. T\u00fcm adaylara ba\u015far\u0131lar diliyorum&#8221; diye konu\u015ftu.<\/p>\n<p style=\"text-align: justify;\"><strong><em>Gen\u00e7: &#8220;Bundan sonrakiler Anayasa&#8217;ya ayk\u0131r\u0131&#8221;<\/em><\/strong><\/p>\n<p style=\"text-align: justify;\">TBMM Ba\u015fkanl\u0131\u011f\u0131 i\u00e7in Ba\u011f\u0131ms\u0131z Tunceli Milletvekili Kamer Gen\u00e7 de ba\u015fvurdu.<\/p>\n<p style=\"text-align: justify;\">Parlamentoda bas\u0131n toplant\u0131s\u0131 d\u00fczenleyen Kamer Gen\u00e7, TBMM Ba\u015fkan\u0131 adaylar\u0131n\u0131n kamuoyu \u00f6n\u00fcnde tart\u0131\u015f\u0131lmas\u0131 i\u00e7in \u015fimdiye kadar a\u00e7\u0131klanm\u0131\u015f olmas\u0131 gerekti\u011fini savunarak, bundan sonra yap\u0131lacak aday ba\u015fvurular\u0131n\u0131n Anayasa ve Meclis \u0130\u00e7t\u00fcz\u00fc\u011f\u00fcne ayk\u0131r\u0131 olaca\u011f\u0131n\u0131 iddia etti.<\/p>\n<p style=\"text-align: justify;\">Gen\u00e7, gruplar\u0131n TBMM Ba\u015fkan\u0131 aday\u0131 belirlemesinin de Anayasan\u0131n 94. maddesine ayk\u0131r\u0131 oldu\u011funu s\u00f6yledi.<\/p>\n<p style=\"text-align: justify;\">Milletvekillerinin, TBMM Ba\u015fkan\u0131 se\u00e7imi s\u0131ras\u0131nda vicdanlar\u0131n\u0131n sesini dinleyerek oy kullanmalar\u0131n\u0131 isteyen Gen\u00e7, destek i\u00e7in di\u011fer partilerle g\u00f6r\u00fc\u015fmeyece\u011fini, herhangi bir vaatte bulunmayaca\u011f\u0131n\u0131 ifade etti.<\/p>\n<p style=\"text-align: justify;\"><span style=\"color: #888888;\">CNN T\u00dcRK<\/span><\/p>\n","protected":false},"excerpt":{"rendered":"<p style=\"text-align: center;\">\n<p style=\"text-align: justify;\">Uzla\u015fma yok&#8230; Partiler Meclis Ba\u015fkanl\u0131\u011f\u0131 i\u00e7in kendi adaylar\u0131n\u0131 \u00e7\u0131kard\u0131. AKP aday\u0131n\u0131 belirledi: Antalya Milletvekili Mehmet Ali \u015eahin. MHP&#8217;nin aday\u0131 M\u00fcnir Kutluata, CHP&#8217;ninki ise \u0130lhan Kesici. Ba\u015fkanl\u0131k se\u00e7iminde ilk iki tur oylama bug\u00fcn&#8230;<\/p>\n<p style=\"text-align: justify;\">TBMM Ba\u015fkanl\u0131\u011f\u0131 i\u00e7in adayl\u0131k ba\u015fvurular\u0131 sona erdi, ancak partilerin \u00fczerinde uzla\u015ft\u0131\u011f\u0131 ortak bir isim \u00e7\u0131kmad\u0131.<\/p>\n<p  \n\n","protected":false},"author":1,"featured_media":0,"comment_status":"open","ping_status":"closed","sticky":false,"template":"","format":"standard","meta":{"footnotes":""},"categories":[105],"tags":[],"class_list":["post-12793","post","type-post","status-publish","format-standard","hentry","category-gundem","odd"],"_links":{"self":[{"href":"http:\/\/www.korhanyilmaz.com\/index.php?rest_route=\/wp\/v2\/posts\/12793","targetHints":{"allow":["GET"]}}],"collection":[{"href":"http:\/\/www.korhanyilmaz.com\/index.php?rest_route=\/wp\/v2\/posts"}],"about":[{"href":"http:\/\/www.korhanyilmaz.com\/index.php?rest_route=\/wp\/v2\/types\/post"}],"author":[{"embeddable":true,"href":"http:\/\/www.korhanyilmaz.com\/index.php?rest_route=\/wp\/v2\/users\/1"}],"replies":[{"embeddable":true,"href":"http:\/\/www.korhanyilmaz.com\/index.php?rest_route=%2Fwp%2Fv2%2Fcomments&post=12793"}],"version-history":[{"count":0,"href":"http:\/\/www.korhanyilmaz.com\/index.php?rest_route=\/wp\/v2\/posts\/12793\/revisions"}],"wp:attachment":[{"href":"http:\/\/www.korhanyilmaz.com\/index.php?rest_route=%2Fwp%2Fv2%2Fmedia&parent=12793"}],"wp:term":[{"taxonomy":"category","embeddable":true,"href":"http:\/\/www.korhanyilmaz.com\/index.php?rest_route=%2Fwp%2Fv2%2Fcategories&post=12793"},{"taxonomy":"post_tag","embeddable":true,"href":"http:\/\/www.korhanyilmaz.com\/index.php?rest_route=%2Fwp%2Fv2%2Ftags&post=12793"}],"curies":[{"name":"wp","href":"https:\/\/api.w.org\/{rel}","templated":true}]}}