{"id":12790,"date":"2009-08-04T09:15:58","date_gmt":"2009-08-04T06:15:58","guid":{"rendered":"http:\/\/www.korhanyilmaz.com\/?p=12790"},"modified":"2009-08-04T09:15:58","modified_gmt":"2009-08-04T06:15:58","slug":"kenan-evren-yogun-bakimda","status":"publish","type":"post","link":"http:\/\/www.korhanyilmaz.com\/?p=12790","title":{"rendered":"Kenan Evren yo\u011fun bak\u0131mda"},"content":{"rendered":"<p style=\"text-align: center;\"><a href=\"http:\/\/www.korhanyilmaz.com\/wp-content\/uploads\/2009\/08\/kenanevren.jpg\"  class=\"lightview\"><img loading=\"lazy\" decoding=\"async\" class=\"size-full wp-image-12791 aligncenter\" title=\"7. Cumhurba\u015fkan\u0131 Kenan Evren\" src=\"http:\/\/www.korhanyilmaz.com\/wp-content\/uploads\/2009\/08\/kenanevren.jpg\" alt=\"7. Cumhurba\u015fkan\u0131 Kenan Evren\" width=\"307\" height=\"236\" \/><\/a><\/p>\n<p style=\"text-align: justify;\">7. Cumhurba\u015fkan\u0131 Kenan Evren, d\u00fcn ak\u015fam Bodrum Yal\u0131kavak&#8217;taki yazl\u0131\u011f\u0131nda rahats\u0131zland\u0131. Ge\u00e7ici kalp pili tak\u0131lan Evren, ambulans u\u00e7akla Bodrum&#8217;dan Ankara&#8217;ya sevk edildi.<\/p>\n<p style=\"text-align: justify;\">Nab\u0131z ve tansiyonu d\u00fc\u015fen, solunumu durma noktas\u0131na gelen, sindirim sisteminde de kanama ba\u015flayan 92 ya\u015f\u0131ndaki Evren&#8217;e ilk m\u00fcdahale, Universal Hospital Bodrum&#8217;da yap\u0131ld\u0131.<\/p>\n<p style=\"text-align: justify;\">Kan takviyesi yap\u0131lan Evren&#8217;e ge\u00e7ici kalp pili de tak\u0131ld\u0131.<\/p>\n<p style=\"text-align: justify;\">Evren&#8217;in hastaneye kald\u0131r\u0131lmas\u0131 sonras\u0131 Ankara G\u00fclhane Askeri T\u0131p Akademisi&#8217;nden (GATA) 2 profes\u00f6r\u00fcn de aralar\u0131nda bulundu\u011fu bir heyet ambulans u\u00e7akla Bodrum&#8217;a geldi. <!--more--><\/p>\n<p style=\"text-align: justify;\">Heyet, hastane Ba\u015fhekimi Yusuf Babayi\u011fit ile g\u00f6r\u00fc\u015ft\u00fckten sonra Evren&#8217;in nakline karar verdi. Yar\u0131m saat sonra da Evren hastaneden \u00e7\u0131kar\u0131ld\u0131.<\/p>\n<p style=\"text-align: justify;\">Sedyede g\u00f6r\u00fcnt\u00fclenen 7. Cumhurba\u015fkan\u0131 ambulansla, Bodrum havaalan\u0131na g\u00f6t\u00fcr\u00fcld\u00fc.<\/p>\n<p style=\"text-align: justify;\">Burada tam donan\u0131ml\u0131 ambulans u\u00e7a\u011fa al\u0131nan Evren, 1 saat s\u00fcren yolculu\u011fun ard\u0131ndan Ankara&#8217;ya ula\u015ft\u0131.<\/p>\n<p style=\"text-align: justify;\">Evren&#8217;in tedavisine GATA&#8217;da devam edilecek.<\/p>\n<p style=\"text-align: justify;\"><em><strong>Ulusu&#8217;dan ziyaret <\/strong><\/em><\/p>\n<p style=\"text-align: justify;\">Eski ba\u015fbakanlardan B\u00fclent Ulusu, 7. Cumhurba\u015fkan\u0131 Kenan Evren&#8217;i tedavi g\u00f6rd\u00fc\u011f\u00fc hastanede ziyaret etti.<\/p>\n<p style=\"text-align: justify;\">Ulusu, Evren&#8217;in sa\u011fl\u0131k durumu hakk\u0131nda bilgi ald\u0131. Ulusu, ziyaret \u00e7\u0131k\u0131\u015f\u0131nda gazetecilerin Evren&#8217;in sa\u011fl\u0131k durumu hakk\u0131ndaki sorusuna, &#8220;\u0130yi g\u00f6rd\u00fcm&#8221; yan\u0131t\u0131n\u0131 verdi.<\/p>\n<p style=\"text-align: justify;\">\u00d6te yandan Evren&#8217;i Bodrum&#8217;dan alarak Ankara&#8217;ya g\u00f6t\u00fcrecek sa\u011fl\u0131k ekibinin ve ambulans u\u00e7a\u011f\u0131n Milas-Bodrum Havaliman\u0131&#8217;na gelmek \u00fczere yola \u00e7\u0131kt\u0131\u011f\u0131 \u00f6\u011frenildi.<\/p>\n<p style=\"text-align: justify;\">Fenerbah\u00e7e eski ba\u015fkanlar\u0131ndan Ali \u015een de, Evren&#8217;i ziyaret etti. \u015een, &#8220;Morali ve konu\u015fmas\u0131 \u00e7ok g\u00fczel&#8221; dedi. Evren&#8217;in kendisine Fenerbah\u00e7e-Be\u015fikta\u015f ma\u00e7\u0131n\u0131 sordu\u011funu anlatan \u015een, &#8220;Evren Pa\u015fa, d\u00fcn ak\u015famki ma\u00e7\u0131 be\u011fendi\u011fini s\u00f6yledi. Olduk\u00e7a iyi g\u00f6r\u00fcn\u00fcyor&#8221; diye konu\u015ftu.<\/p>\n<p style=\"text-align: justify;\"><span style=\"color: #888888;\">CNN T\u00dcRK<\/span><\/p>\n","protected":false},"excerpt":{"rendered":"<p style=\"text-align: center;\">\n<p style=\"text-align: justify;\">7. Cumhurba\u015fkan\u0131 Kenan Evren, d\u00fcn ak\u015fam Bodrum Yal\u0131kavak&#8217;taki yazl\u0131\u011f\u0131nda rahats\u0131zland\u0131. Ge\u00e7ici kalp pili tak\u0131lan Evren, ambulans u\u00e7akla Bodrum&#8217;dan Ankara&#8217;ya sevk edildi.<\/p>\n<p style=\"text-align: justify;\">Nab\u0131z ve tansiyonu d\u00fc\u015fen, solunumu durma noktas\u0131na gelen, sindirim sisteminde de kanama ba\u015flayan 92 ya\u015f\u0131ndaki Evren&#8217;e ilk m\u00fcdahale, Universal Hospital Bodrum&#8217;da yap\u0131ld\u0131.<\/p>\n<p style=\"text-align: justify;\">Kan takviyesi yap\u0131lan <\/p>\n","protected":false},"author":1,"featured_media":0,"comment_status":"open","ping_status":"closed","sticky":false,"template":"","format":"standard","meta":{"footnotes":""},"categories":[105],"tags":[],"class_list":["post-12790","post","type-post","status-publish","format-standard","hentry","category-gundem","odd"],"_links":{"self":[{"href":"http:\/\/www.korhanyilmaz.com\/index.php?rest_route=\/wp\/v2\/posts\/12790","targetHints":{"allow":["GET"]}}],"collection":[{"href":"http:\/\/www.korhanyilmaz.com\/index.php?rest_route=\/wp\/v2\/posts"}],"about":[{"href":"http:\/\/www.korhanyilmaz.com\/index.php?rest_route=\/wp\/v2\/types\/post"}],"author":[{"embeddable":true,"href":"http:\/\/www.korhanyilmaz.com\/index.php?rest_route=\/wp\/v2\/users\/1"}],"replies":[{"embeddable":true,"href":"http:\/\/www.korhanyilmaz.com\/index.php?rest_route=%2Fwp%2Fv2%2Fcomments&post=12790"}],"version-history":[{"count":0,"href":"http:\/\/www.korhanyilmaz.com\/index.php?rest_route=\/wp\/v2\/posts\/12790\/revisions"}],"wp:attachment":[{"href":"http:\/\/www.korhanyilmaz.com\/index.php?rest_route=%2Fwp%2Fv2%2Fmedia&parent=12790"}],"wp:term":[{"taxonomy":"category","embeddable":true,"href":"http:\/\/www.korhanyilmaz.com\/index.php?rest_route=%2Fwp%2Fv2%2Fcategories&post=12790"},{"taxonomy":"post_tag","embeddable":true,"href":"http:\/\/www.korhanyilmaz.com\/index.php?rest_route=%2Fwp%2Fv2%2Ftags&post=12790"}],"curies":[{"name":"wp","href":"https:\/\/api.w.org\/{rel}","templated":true}]}}