{"id":12781,"date":"2009-08-02T09:07:50","date_gmt":"2009-08-02T06:07:50","guid":{"rendered":"http:\/\/www.korhanyilmaz.com\/?p=12781"},"modified":"2009-08-02T09:07:50","modified_gmt":"2009-08-02T06:07:50","slug":"anne-karabulutun-isyani","status":"publish","type":"post","link":"http:\/\/www.korhanyilmaz.com\/?p=12781","title":{"rendered":"Anne Karabulut&#039;un isyan\u0131"},"content":{"rendered":"<p style=\"text-align: justify;\"><a href=\"http:\/\/www.korhanyilmaz.com\/wp-content\/uploads\/2009\/08\/fft5_mf220524.Jpeg\"  class=\"lightview\"><img loading=\"lazy\" decoding=\"async\" class=\"alignleft size-full wp-image-12782\" style=\"margin: 0px 10px;\" src=\"http:\/\/www.korhanyilmaz.com\/wp-content\/uploads\/2009\/08\/fft5_mf220524.Jpeg\" alt=\"\" width=\"194\" height=\"216\" \/><\/a>Ba\u015f\u0131 kesilerek \u00f6ld\u00fcr\u00fclen M\u00fcnevver Karabulut&#8217;un annesi ilk kez konu\u015ftu: Bu cinayette milyon dolarlar havada u\u00e7u\u015fuyor.<\/p>\n<p style=\"text-align: justify;\">\u0130STANBUL &#8211; K\u0131z\u0131 M\u00fcnevver Karabulut\u2019un katil veya katilleri aylard\u0131r kay\u0131p. \u0130hmaller zinciri i\u015fi iyice i\u00e7inden \u00e7\u0131kamaz hale getirdi. Anne Nagihan Karabulut: \u201cOlay ba\u015f\u0131ndan beri skandallarla dolu. O kadar \u00e7ok ihmal var ki, o kadar \u00e7ok vurdumduymazl\u0131k var ki&#8230; Kurumlarda \u00e7al\u0131\u015fan baz\u0131 ki\u015filer g\u00f6revlerini do\u011fru yapm\u0131yor, para kar\u015f\u0131l\u0131\u011f\u0131nda g\u00f6revlerini suistimal ediyorlar\u201d<\/p>\n<p style=\"text-align: justify;\">Milliyat gazetesinden Elif  Berk\u00f6z \u00dcnyay M\u00fcnevver Karabulut cinayetinde \u015fu ana kadar suskun kalan anne Nagihan Karabulut&#8217;la konu\u015ftu. S\u00f6yle\u015fi \u015f\u00f6yle:<\/p>\n<p style=\"text-align: justify;\">Bundan d\u00f6rt ay \u00f6nce, 26 Nisan\u2019da M\u00fcnevver Karabulut\u2019un babas\u0131 S\u00fcreyya Karabulut ile konu\u015fmu\u015ftum. Bug\u00fcnlerde TBMM\u2019ye \u00e7\u0131k\u0131p milletvekilleriyle g\u00f6r\u00fc\u015fmeye \u00e7al\u0131\u015fan S\u00fcreyya Karabulut\u2019u tekrar ar\u0131yor, bu kez e\u015fiyle r\u00f6portaj yapmak istedi\u011fimi s\u00f6yl\u00fcyorum. \u201cBu benim kadar kar\u0131m\u0131n da davas\u0131. Tabii ki konu\u015fur\u201d diyerek beni Ankara\u2019ya davet ediyor.<!--more--><\/p>\n<p style=\"text-align: justify;\">Ankara\u2019da bir akrabalar\u0131n\u0131n evinde kalan, 43 ya\u015f\u0131ndaki Nagihan Karabulut kahvalt\u0131dan \u00f6nce sakinle\u015ftirici alarak g\u00fcne ba\u015flad\u0131\u011f\u0131n\u0131 s\u00f6yl\u00fcyor. \u201cEvde k\u0131z\u0131m\u0131n foto\u011fraflar\u0131yla konu\u015fuyorum. Cinayetin ard\u0131ndan lise arkada\u015flar\u0131mla tekrar g\u00f6r\u00fc\u015fmeye ba\u015flad\u0131m. Beni hi\u00e7 yaln\u0131z b\u0131rakm\u0131yorlar.\u201d<\/p>\n<p style=\"text-align: justify;\">Nagihan Karabulut r\u00f6portaj s\u0131ras\u0131nda baz\u0131 sorularda duraks\u0131yor, g\u00f6zleri doluyor. A\u011flamad\u0131\u011f\u0131na seviniyorum, o ba\u015flasa ben de ba\u015flayaca\u011f\u0131m \u00e7\u00fcnk\u00fc. Arada dal\u0131p gidiyor birka\u00e7 saniye. Ama beni zor durumda b\u0131rakmamak i\u00e7in her soruya cevap vermeye \u00e7abal\u0131yor, hemen toparlan\u0131yor. Sonra bana diyor ki \u201cBen gen\u00e7lerin istediklerini yap\u0131nca, onlara yard\u0131mc\u0131 olunca M\u00fcnevver\u2019imi sevindirmi\u015f gibi oluyorum.\u201d<\/p>\n<p style=\"text-align: justify;\">S\u00fcreyya Karabulut r\u00f6portaj\u0131nda giri\u015f yaz\u0131m\u0131 \u201cBelki de yak\u0131nda katil veya katiller yakalanacak\u201d diye bitirmi\u015ftim. Katil zanl\u0131s\u0131 Cem Garipo\u011flu h\u00e2l\u00e2 kay\u0131p. Dava iyice \u00e7etrefili hale geldi. Cem\u2019in babas\u0131 tutukland\u0131, polis annesini tekrar sorgulamak istiyor. \u201cCem burada\u201d ihbarlar\u0131n\u0131n ard\u0131 arkas\u0131 kesilmiyor. Olay mahallinde birden fazla ki\u015finin doku \u00f6rne\u011fine rastland\u0131. M\u00fcnevver\u2019in boxer\u2019\u0131na sperm bula\u015fmas\u0131na neden olan Adli T\u0131p skandal\u0131 patlad\u0131. Eski \u0130stanbul Emniyet M\u00fcd\u00fcr\u00fc Celalettin Cerrah\u2019\u0131n \u201cK\u0131zlar\u0131na sahip \u00e7\u0131ksalard\u0131\u201d a\u00e7\u0131klamas\u0131ndan sonra Ba\u015fbakan Tayyip Erdo\u011fan \u201cKendi ba\u015f\u0131na b\u0131rak\u0131lan ya davulcuya ya zurnac\u0131ya\u201d dedi\u011finde Karabulut ailesini mi kastediyor sorusu ortaya \u00e7\u0131kt\u0131.<\/p>\n<p style=\"text-align: justify;\"><strong><em>\u0130\u015fte be\u015f ayd\u0131r T\u00fcrkiye\u2019nin g\u00fcndeminden d\u00fc\u015fmeyen hikayenin belki de en \u00e7ok ac\u0131 \u00e7eken ama en az konu\u015fan kahraman\u0131&#8230; <\/em><\/strong><\/p>\n<p style=\"text-align: justify;\">U\u00e7akta sorular\u0131m\u0131 haz\u0131rlarken konuyla ilgili en yeni haberi bug\u00fcnk\u00fc (29 Temmuz \u00c7ar\u015famba) g\u00f6rd\u00fcm. \u015e\u00fckran Pakkan imzal\u0131 haberde Cem\u2019in M\u00fcnevver\u2019e iki kez tokat att\u0131\u011f\u0131 yaz\u0131yor. Sizin bundan haberiniz var m\u0131yd\u0131?<\/p>\n<p style=\"text-align: justify;\">M\u00fcnevver bana Cem\u2019in tokat att\u0131\u011f\u0131n\u0131 anlatmad\u0131. Beni \u00fczmek istemedi herhalde. Bizim ailede b\u0131rak\u0131n daya\u011f\u0131, ba\u011f\u0131r\u0131\u015f \u00e7a\u011f\u0131r\u0131\u015f bile olmazd\u0131. S\u00fcreyya bey ile tart\u0131\u015facaksak \u00e7ocuklar\u0131n yan\u0131nda de\u011fil, odam\u0131za ge\u00e7ip tart\u0131\u015f\u0131rd\u0131k. M\u00fcnevver tokat yedi\u011fini bana anlatsayd\u0131 ayr\u0131lmas\u0131n\u0131 isterdim. \u00c7ocuklar\u0131ma \u015funu tembih ederdim: \u201cBirinin \u00f6nce \u00f6n y\u00fcz\u00fcn\u00fc g\u00f6r\u00fcyorsunuz. Aynan\u0131n arka y\u00fcz\u00fcnde neler oluyor? \u00d6nemli olan bunu g\u00f6rmek.\u201d Ama tabii ki bunu hemen g\u00f6remezdi M\u00fcnevver. Ya\u015fad\u0131k\u00e7a g\u00f6recekti. Cem\u2019i yeterince tan\u0131yamad\u0131. M\u00fcnevver ya\u015fasayd\u0131 ve h\u00e2l\u00e2 Cem\u2019le arkada\u015fl\u0131k etseydi \u00fcniversite s\u0131nav\u0131 bitmi\u015f olacakt\u0131. Yaz tatili ba\u015flayacakt\u0131. Kesin Cem\u2019le tan\u0131\u015facakt\u0131m. Karakteri hakk\u0131nda fikir sahibi olur olmaz da uzakla\u015ft\u0131r\u0131rd\u0131m k\u0131z\u0131m\u0131.<\/p>\n<p style=\"text-align: justify;\"><span style=\"color: #993300;\"><strong><em>\u201cKocamla fl\u00f6rt ederek evlendik\u201d<\/em><\/strong><\/span><\/p>\n<p style=\"text-align: justify;\">Siz kocan\u0131zla nas\u0131l tan\u0131\u015ft\u0131n\u0131z? Fl\u00f6rt ettiniz mi, yoksa g\u00f6r\u00fcc\u00fc usul\u00fc m\u00fcyd\u00fc?<\/p>\n<p style=\"text-align: justify;\">Bolu, Mengen\u2019den \u00e7ocukluk arkada\u015f\u0131y\u0131z. Seksek oynard\u0131k birlikte. Sonra \u0130stanbul\u2019a ta\u015f\u0131nd\u0131 ailelerimiz. Orada da ayn\u0131 mahallede oturduk. Ard\u0131ndan fl\u00f6rt ettik. 23\u2019\u00fcmde evlendik.<\/p>\n<p style=\"text-align: justify;\">M\u00fcnevver ilk \u00e7ocu\u011funuz. Planl\u0131 m\u0131 geldi d\u00fcnyaya yoksa bir s\u00fcrpriz mi oldu sizin i\u00e7in?<\/p>\n<p style=\"text-align: justify;\">Evlili\u011fimizin \u00fc\u00e7\u00fcnc\u00fc y\u0131l\u0131nda, isteyerek hamile kald\u0131m M\u00fcnevver\u2019e. Ama o bize bir s\u00fcrpriz yapt\u0131. Normal do\u011fum yapaca\u011f\u0131m\u0131 san\u0131rken sezaryenle d\u00fcnyaya geldi. \u00c7\u00fcnk\u00fc i\u00e7eride su kaybetmi\u015f. Acilen beni sezaryene alm\u0131\u015flard\u0131. E\u011fer normal do\u011fum yapsayd\u0131m k\u0131z\u0131m\u0131 kaybetme tehlikesi vard\u0131. Ya da ben \u00f6lecektim&#8230; <a href=\"http:\/\/www.korhanyilmaz.com\/wp-content\/uploads\/2009\/08\/fft16_mf332991.Jpeg\"  class=\"lightview\"><img loading=\"lazy\" decoding=\"async\" class=\"alignleft size-full wp-image-12783\" style=\"margin: 0px 10px;\" title=\"fft16_mf332991\" src=\"http:\/\/www.korhanyilmaz.com\/wp-content\/uploads\/2009\/08\/fft16_mf332991.Jpeg\" alt=\"fft16_mf332991\" width=\"225\" height=\"300\" \/><\/a><\/p>\n<p style=\"text-align: justify;\"><em><strong>Ad\u0131n\u0131 siz koymu\u015fsunuz.<\/strong><\/em><\/p>\n<p style=\"text-align: justify;\">Hem\u015fire do\u011fumdan sonra k\u0131z\u0131m\u0131 yan\u0131ma getirdi\u011finde \u201cAd\u0131n\u0131 ne koyacaks\u0131n\u0131z?\u201d dedi. Daha karar vermedi\u011fimizi s\u00f6yledik. O da anlatt\u0131: \u201cHastanedeki t\u00fcm bebekler a\u011fz\u0131na emzik verdi\u011fimizde, \u015fekerli su i\u00e7irdi\u011fimizde a\u011flamay\u0131 kesiyor. K\u0131z\u0131n\u0131z yana\u011f\u0131n\u0131 ok\u015famadan, kuca\u011f\u0131m\u0131za almadan susmuyor. Ad\u0131n\u0131 Nazl\u0131 koysan\u0131za.\u201d Asl\u0131nda ben Merve\u2019yi d\u00fc\u015f\u00fcn\u00fcyordum ama r\u00fcyamda k\u0131z\u0131ma M\u00fcnevver ad\u0131na koydu\u011fumu g\u00f6rd\u00fcm. Ben de ayd\u0131n kimse anlam\u0131na gelen M\u00fcnevver\u2019i se\u00e7tim.<\/p>\n<p style=\"text-align: justify;\"><strong><em>Nas\u0131l bir bebekti? Hep a\u011flar m\u0131yd\u0131, sakin bir \u00e7ocuk muydu?<\/em><\/strong><\/p>\n<p style=\"text-align: justify;\">\u00c7ok a\u011flard\u0131. Emzik kullanmad\u0131. Biberon da \u00f6yle. 9 ayl\u0131\u011fa kadar s\u00fct emdi. S\u00fct\u00fcn\u00fc, suyunu bardakla i\u00e7erdi. Gece a\u011flamaya ba\u015flad\u0131\u011f\u0131 an barda\u011f\u0131 verirdik. Yoksa k\u0131yameti kopar\u0131rd\u0131. M\u00fcnevver bize bereket getirdi. G\u00f6nl\u00fcn\u00fc yap\u0131nca i\u015fimiz rast giderdi, yapmazsak terslik \u00e7\u0131kard\u0131.<\/p>\n<p style=\"text-align: justify;\"><strong><em>M\u00fcnevver b\u00fcy\u00fcy\u00fcnce anne-k\u0131z gibi mi yoksa arkada\u015f gibi mi oldunuz?<\/em><\/strong><\/p>\n<p style=\"text-align: justify;\">Daha \u00e7ok arkada\u015f gibi. En koyu muhabbetimizi gece yatmadan o\u011flum ve k\u0131z\u0131m\u0131n odas\u0131nda yapard\u0131k. Okulda neler oldu, arkada\u015flar\u0131yla ne yapt\u0131lar anlat\u0131rlard\u0131 ikisi de. M\u00fcnevver\u2019im can\u0131m benim&#8230; G\u00fcn\u00fcn muhasebesini yapard\u0131k yata\u011f\u0131nda.<\/p>\n<p style=\"text-align: justify;\"><strong><span style=\"color: #993300;\">\u201cK\u0131z\u0131m \u00f6ld\u00fcn m\u00fc, kald\u0131n m\u0131?\u201d<\/span><\/strong><\/p>\n<p style=\"text-align: justify;\"><strong><em>En \u00e7ok hangi konuda didi\u015firdiniz?<\/em><\/strong><\/p>\n<p style=\"text-align: justify;\">K\u0131yafetlerimi be\u011fenmezdi. \u201cHer gitti\u011fin yere farkl\u0131 \u015fey giysene\u201d diyordu. Bana sata\u015f\u0131rd\u0131 bu konuda. \u201cSen g\u00fczel giyiniyorsun, o bana yeter\u201d desem de&#8230; Baz\u0131 g\u00fcnler beni o giydirirdi. Dolab\u0131m\u0131 a\u00e7ar k\u0131yafet se\u00e7erdi. Karde\u015fi Enver ile kavga ettiklerinde araya girdi\u011fimde tepki g\u00f6sterirdi bir de. \u201cBiz karde\u015fiz, didi\u015firiz bar\u0131\u015f\u0131r\u0131z, sen kar\u0131\u015fma\u201d derdi.<\/p>\n<p style=\"text-align: justify;\"><strong><em>Enver \u015fu an ne durumda?<\/em><\/strong><\/p>\n<p style=\"text-align: justify;\">Enver hepimizden k\u00f6t\u00fc durumda ama belli etmemeye \u00e7al\u0131\u015f\u0131yor. M\u00fcnevver\u2019i kaybettikten sonra d\u00fcnyada en \u00e7ok o\u011flumla, seccade ba\u015f\u0131nda Rabb\u2019imle dertle\u015ftim. Dayanma g\u00fcc\u00fcm\u00fc Rabb\u2019imden al\u0131yorum, ila\u00e7lar bahane.<\/p>\n<p style=\"text-align: justify;\"><strong><em>Onu son kez g\u00f6rd\u00fc\u011f\u00fcn\u00fcz g\u00fcn olan 3 Mart\u2019ta k\u0131z\u0131n\u0131z\u0131 kap\u0131dan ge\u00e7irirken nas\u0131l vedala\u015ft\u0131n\u0131z?<\/em><\/strong><\/p>\n<p style=\"text-align: justify;\">Kahvalt\u0131y\u0131 sevmezdi. \u00c7ay haz\u0131rlad\u0131m ona. Ceviz, badem yedirdim. Zihni a\u00e7\u0131ls\u0131n diye. \u00d6pt\u00fcm, kucaklad\u0131m. Arkas\u0131ndan balkona \u00e7\u0131kt\u0131m. Servise binerken el sallad\u0131m. Bana son mesaj\u0131 \u201cBe\u015fikta\u015f\u2019tay\u0131m, merak etme anne\u201dydi. Dershaneye gitti\u011fini d\u00fc\u015f\u00fcnd\u00fcm. K\u0131z\u0131m\u0131 birka\u00e7 saat sonra arad\u0131m, a\u00e7mad\u0131. \u201cNe oldu k\u0131z\u0131m, \u00f6ld\u00fcn m\u00fc kald\u0131n m\u0131?\u201d diye mesaj att\u0131m. Cevap yok.<\/p>\n<p style=\"text-align: justify;\"><em><strong>M\u00fcnevver\u2019den gelen son mesaj\u0131 saat ka\u00e7ta ald\u0131n\u0131z?<\/strong><\/em><\/p>\n<p style=\"text-align: justify;\">Savc\u0131 14.58\u2019de ald\u0131\u011f\u0131m\u0131 s\u00f6yledi. Akl\u0131ma son mesaj\u0131 Cem\u2019in \u00e7ekmi\u015f olabilece\u011fi de geliyor.<\/p>\n<p style=\"text-align: justify;\">Kamera kay\u0131tlar\u0131na g\u00f6re 14.00 civar\u0131nda M\u00fcnevver Bah\u00e7e\u015fehir\u2019deymi\u015f. Cem\u2019in evine gidece\u011fini s\u00f6ylemi\u015f miydi size?<\/p>\n<p style=\"text-align: justify;\">Hay\u0131r. Belki son dakikada belli oldu. Mutlaka ak\u015fam anlat\u0131rd\u0131. Gizlemezdi benden. Be\u015f ayl\u0131k bir arkada\u015fl\u0131kt\u0131 Cem\u2019le k\u0131z\u0131m\u0131nki. \u0130kisi \u00e7\u0131kt\u0131klar\u0131nda yan\u0131nda ya arkada\u015flar\u0131 ya da Enver olurdu. K\u0131z\u0131m nas\u0131l oldu da tek ba\u015f\u0131na evine gitti ak\u0131l s\u0131r ermiyor.<\/p>\n<p style=\"text-align: justify;\">M\u00fcnevver Cem\u2019le evlenme hayali kurmuyordu. Uluslararas\u0131 ili\u015fkiler okuyacakt\u0131. D\u00fcnyay\u0131 gezecekti. Yeni bir dil \u00f6\u011frenecekti.<\/p>\n<p style=\"text-align: justify;\"><strong>M\u00fcnevver\u2019i saat ka\u00e7a kadar beklemeye devam ettiniz?<\/strong><\/p>\n<p style=\"text-align: justify;\">19.00-20.00 civar\u0131na kadar. Sonra polis geldi. Bana \u201cK\u0131z\u0131n\u0131z nerede?\u201d diye sordu. \u201cNerede oldu\u011funu bilmiyorum. K\u0131z\u0131m \u00f6ld\u00fc m\u00fc yoksa?\u201d dedim. Polis \u201cNereden biliyorsun \u00f6ld\u00fc\u011f\u00fcn\u00fc?\u201d dedi\u011finde bir anlam veremedim. Olay\u0131 anlatmaya ba\u015flad\u0131lar: Bir kafede M\u00fcnevver arkada\u015flar\u0131yla otururken, i\u00e7lerinden bir k\u0131za yan masadan laf at\u0131lm\u0131\u015f. K\u0131z\u0131n erkek arkada\u015f\u0131 da laf atan \u00e7ocu\u011fu b\u0131\u00e7aklam\u0131\u015f. M\u00fcnevver ve yan\u0131ndaki arkada\u015f\u0131 ka\u00e7m\u0131\u015f. G\u00f6rg\u00fc tan\u0131\u011f\u0131 olarak ar\u0131yorlar k\u0131z\u0131m\u0131. K\u0131z\u0131m\u0131n bilgisayar\u0131ndan arkada\u015flar\u0131n\u0131n foto\u011fraflar\u0131na bakmak istediler. Cem\u2019i g\u00f6r\u00fcnce de \u201c\u0130\u015fte bu \u00e7ocukla ka\u00e7m\u0131\u015f\u201d dediler. O\u011flum Enver, Cem\u2019in evini g\u00f6stermek \u00fczere babas\u0131 ve polisle evden \u00e7\u0131kt\u0131.<\/p>\n<p style=\"text-align: justify;\">\u201cE\u015fim ba\u011f\u0131rarak, ben i\u00e7ime atarak de\u015farj oluyoruz\u201d<\/p>\n<p style=\"text-align: justify;\"><strong><em>K\u0131z\u0131n\u0131z\u0131n \u00f6ld\u00fc\u011f\u00fcn\u00fc nas\u0131l \u00f6\u011frendiniz?<\/em><\/strong><\/p>\n<p style=\"text-align: justify;\">Gece 03.00\u2019t\u00fc, t\u00fcm akrabalar bizim evdeydi. Herkes ger\u00e7e\u011fi biliyor ama benden sakl\u0131yor. Bana sakinle\u015ftirici ila\u00e7 verdiler. MS hastas\u0131y\u0131m ya, doktorum \u201cNagihan han\u0131m bu ilac\u0131 i\u00e7sin\u201d demi\u015f. Kap\u0131da ambulans bekliyor. Mahallede kim hasta?\u201d diye merak ediyorum. Me\u011fer benim i\u00e7inmi\u015f. Doktor ve hem\u015fire giriyor i\u00e7eri. \u201cOlaylar\u0131 duyduk, sa\u011fl\u0131k kontrol\u00fcne geldik\u201d diyorlar. \u201cBen k\u0131z\u0131m\u0131 bekliyorum, gelecek\u201d dedi\u011fimde \u201c\u00d6lm\u00fc\u015f olsa ne yapard\u0131n\u0131z?\u201d diye sordular. \u201cO Allah\u2019\u0131n bana emanetiydi. Ald\u0131ysa yapacak bir \u015fey yok. K\u0131z\u0131m \u00f6b\u00fcr tarafta m\u0131?\u201d diyorum. Doktor kafas\u0131n\u0131 sallay\u0131nca bay\u0131l\u0131yorum.<\/p>\n<p style=\"text-align: justify;\"><strong><em>\u00d6l\u00fcm \u015feklini kim s\u00f6yledi size?<\/em><\/strong><\/p>\n<p style=\"text-align: justify;\">\u0130lk ba\u015fta \u201cK\u0131z\u0131n b\u0131\u00e7aklama olay\u0131 s\u0131ras\u0131nda korkudan kalp krizi ge\u00e7irip \u00f6ld\u00fc\u201d dediler. G\u00f6m\u00fclece\u011fi Mengen\u2019deki k\u00f6y\u00fcm\u00fcze kefenli geldi. \u201cKefenlenmi\u015f, a\u00e7mayay\u0131m\u201d dedim. Aradan bir hafta ge\u00e7ti h\u00e2l\u00e2 k\u00f6ydeyim, annemlerin evinde kal\u0131yorum. TV izlenmiyor, gazete al\u0131nm\u0131yor eve. Kimseyle g\u00f6r\u00fc\u015ft\u00fcr\u00fclm\u00fcyorum. Bir g\u00fcn eve psikiyatrist ve k\u00f6y\u00fcn imam\u0131 geldi. \u0130mam \u201c\u0130nsan \u00f6ld\u00fckten sonra i\u015fkenceye u\u011frasa da hissetmez\u201d dedi. K\u0131z\u0131m\u0131n kalbinden b\u0131\u00e7akland\u0131\u011f\u0131n\u0131 o g\u00fcn \u00f6\u011frendim. Aradan bir hafta daha ge\u00e7ti. Psikiyatr kontrol\u00fcndeyiz. Doktor cinayeti anlat\u0131yor. \u201cSiz olsan\u0131z cinayet i\u015fledikten sonra cesedi nas\u0131l ta\u015f\u0131rs\u0131n\u0131z?\u201d diye soruyor. \u201cKeserdiniz de\u011fil mi?\u201d dedi\u011finde yine bay\u0131ld\u0131m.<\/p>\n<p style=\"text-align: justify;\"><strong><em>Cinayet nedeni hakk\u0131nda tahmininiz var m\u0131?<\/em><\/strong><\/p>\n<p style=\"text-align: justify;\">Bu planl\u0131 bir cinayet. Evde b\u0131\u00e7aklar var, testere al\u0131n\u0131yor. Cem her \u015feyi kolay elde etmi\u015f. Aile ona vermi\u015f de vermi\u015f. Farkl\u0131 bir heyecan ar\u0131yordu. K\u0131z arkada\u015f\u0131na i\u015fkence ederek \u00f6ld\u00fcrmekten zevk ald\u0131. Tatmin oldu&#8230; Hayvanca, vah\u015fice&#8230; Tek ba\u015f\u0131na de\u011fildi. \u00d6yle olsa M\u00fcnevver ka\u00e7abilirdi. K\u0131z\u0131m\u0131n t\u0131rnaklar\u0131nda birka\u00e7 ki\u015finin doku \u00f6rne\u011fi bulundu.<\/p>\n<p style=\"text-align: justify;\"><strong><em>Kocan\u0131z bu cinayet davas\u0131nda ailenizin s\u00f6zc\u00fcs\u00fc. Neden siz de\u011fil de hep o konu\u015fuyor?<\/em><\/strong><\/p>\n<p style=\"text-align: justify;\">MS hastal\u0131\u011f\u0131mdan \u00f6t\u00fcr\u00fc zor konu\u015fuyorum. S\u00fcrekli \u00f6ks\u00fcr\u00fcyorum. Bu halde beni televizyonlar ne yaps\u0131nlar! S\u00fcreyya bey ba\u011f\u0131rarak de\u015farj oluyor, ben i\u00e7ime atarak. Ben konu\u015furken \u00fc\u00e7 kere d\u00fc\u015f\u00fcn\u00fcr\u00fcm. \u00c7\u00fcnk\u00fc hastal\u0131\u011f\u0131mdan \u00f6t\u00fcr\u00fc bazen tam anlatmak istedi\u011fimi ifade edemiyorum. Kekeleyebiliyorum.<\/p>\n<p style=\"text-align: justify;\">S\u00fcreyya bey k\u0131z\u0131n\u0131 canice bir cinayete kurban veren bir baba olarak tepki g\u00f6steriyor. Onu anl\u0131yorum, ele\u015ftirmiyorum hi\u00e7.<\/p>\n<p style=\"text-align: justify;\"><strong><em>\u201cAcaba Cem eski bir sevgilisinin h\u0131nc\u0131n\u0131 k\u0131z\u0131mdan m\u0131 ald\u0131?\u201d<\/em><\/strong><\/p>\n<p style=\"text-align: justify;\">K\u0131z\u0131n\u0131z\u0131n Cem\u2019le ili\u015fkisi oldu\u011funu biliyordunuz. Cinayetin ard\u0131ndan nas\u0131l bir i\u00e7 hesapla\u015fmaya girdiniz? \u201cBen nas\u0131l fark edemedim, uzakla\u015ft\u0131ramad\u0131m k\u0131z\u0131m\u0131 bu \u00e7ocuktan\u201d dediniz mi? Ya da k\u0131z\u0131n\u0131z\u0131 yeti\u015ftirme tarz\u0131n\u0131z\u0131 sorgulad\u0131n\u0131z m\u0131? \u201cBir hata yapm\u0131\u015f olabilir miyim?\u201d diye sordunuz mu kendinize?<\/p>\n<p style=\"text-align: justify;\">Vicdan\u0131m \u00e7ok rahat. \u00c7ocuklar\u0131ma zenginli\u011fin ve fakirli\u011fin \u00f6nemsiz oldu\u011funu, se\u00e7imlerini yaparken bunlar\u0131 \u00f6nemsememeleri gerekti\u011fini s\u00f6yledim hep. Bug\u00fcn zengin olan yar\u0131n fakir olabilir. Cem zengindi k\u0131z\u0131m\u0131 \u00f6ld\u00fcrd\u00fc, k\u0131z\u0131m\u0131n cesedini bulansa bir \u00e7\u00f6p\u00e7\u00fcyd\u00fc. O cesedi bulmasayd\u0131 belki h\u00e2l\u00e2 kay\u0131p sanacakt\u0131k k\u0131z\u0131m\u0131. Arkada\u015flar\u0131n\u0131n karakterlerine bakmalar\u0131n\u0131 anlatt\u0131m. S\u00fcreyya bey de ben de \u00e7ocuklar\u0131m\u0131z\u0131 yeti\u015ftirme tarz\u0131m\u0131z\u0131 sorgulamad\u0131k. M\u00fcnevver\u2019in anlatt\u0131\u011f\u0131 kadar\u0131yla Cem\u2019le ili\u015fkisine benim kar\u015f\u0131 \u00e7\u0131kaca\u011f\u0131m bir \u015fey de ya\u015fanmad\u0131.<\/p>\n<p style=\"text-align: justify;\"><strong><em>M\u00fcnevver Cem\u2019i anlat\u0131rken onun karakterini nas\u0131l tarif ediyordu?<\/em><\/strong><\/p>\n<p style=\"text-align: justify;\">Sakin ve yaln\u0131z biri diye anlatm\u0131\u015ft\u0131. Ailede \u00e7arp\u0131k ili\u015fkiler ya\u015fand\u0131\u011f\u0131n\u0131, babas\u0131n\u0131n ba\u015fka bir kad\u0131nla beraber oldu\u011funu s\u00f6ylemi\u015fti. Annesi Cem\u2019le fazla ilgilenmiyormu\u015f.<\/p>\n<p style=\"text-align: justify;\"><em><strong>Cem ve M\u00fcnevver nas\u0131l tan\u0131\u015fm\u0131\u015f?<\/strong><\/em><\/p>\n<p style=\"text-align: justify;\">M\u00fcnevver\u2019in bir okul arkada\u015f\u0131 Y\u0131ld\u0131z Koleji\u2019nde Cem\u2019le birlikte okumu\u015f. Arkada\u015f grubu i\u00e7inde tan\u0131\u015fm\u0131\u015flar M\u00fcnevver ve Cem.<\/p>\n<p style=\"text-align: justify;\"><strong><em>K\u0131z\u0131n\u0131z yeni ortaya \u00e7\u0131kan msn kay\u0131tlar\u0131nda Cem\u2019e \u201cBana tokat atmana bir daha m\u00fcsaade etmem\u201d diyor. \u201cSeninle ayr\u0131l\u0131r\u0131m\u201d demiyor. \u00c7ok mu seviyordu Cem\u2019i acaba?<\/em><\/strong><\/p>\n<p style=\"text-align: justify;\">Sevdi\u011fi i\u00e7in olabilir. \u0130lk erkek arkada\u015f\u0131yd\u0131. M\u00fcnevver Cem\u2019i yaln\u0131z buluyordu. Sevgisiz yeti\u015fti\u011fini d\u00fc\u015f\u00fcn\u00fcyordu. Ya da b\u00f6yle bir \u015fiddeti daha \u00f6nce g\u00f6rmedi\u011fi i\u00e7in \u015fa\u015f\u0131r\u0131p ne yapaca\u011f\u0131n\u0131 bilememi\u015ftir.<\/p>\n<p style=\"text-align: justify;\">M\u00fcnevver aileyi anlatt\u0131k\u00e7a ben ona \u201cBak ne aileler var, \u00e7ocuklar\u0131 nas\u0131l sevgisiz yeti\u015ftiriyorlar\u201d diyordum. O da beni \u00f6p\u00fcyor, \u201cBiliyorum anne\u201d diyordu. K\u0131ymetimizi bilirdi yavrum.<\/p>\n<p style=\"text-align: justify;\">Cem, bilgisayar\u0131nda M\u00fcnevver ile msn konu\u015fmalar\u0131n\u0131 \u201cZeytinburnu s\u00fcrt\u00fc\u011f\u00fc\u201d adl\u0131 bir klas\u00f6rde toplam\u0131\u015f. Neden bu ad\u0131 vermi\u015f olabilir? M\u00fcnevver Zeytinburnu\u2019nda de\u011fil, Be\u015fikta\u015f\u2019ta oturuyordu Cem\u2019le \u00e7\u0131karken.<\/p>\n<p style=\"text-align: justify;\">Anlam\u0131\u015f de\u011filim bu klas\u00f6r ad\u0131n\u0131. Zeytinburnu ile alakam\u0131z yok. M\u00fcnevver \u00e7ok gezen, dola\u015fan bir k\u0131z de\u011fildi ki, s\u00fcrt\u00fck diyebilsin Cem. Bu haberi sizden duyunca \u015foke oldum.<\/p>\n<p style=\"text-align: justify;\">Akl\u0131ma t\u00fcrl\u00fc t\u00fcrl\u00fc fikirler geliyor. M\u00fcnevver\u2019i, eski bir k\u0131z arkada\u015f\u0131ndan h\u0131n\u00e7 almak i\u00e7in mi kurban etti? Acaba Cem\u2019in M\u00fcnevver\u2019den \u00f6nce k\u0131z\u0131ma benzeyen bir sevgilisi mi vard\u0131? Belki de Zeytinburnu\u2019nda oturuyordu o k\u0131z. K\u0131z belki Cem\u2019den ayr\u0131ld\u0131. Cem de h\u0131nc\u0131n\u0131 alamad\u0131. M\u00fcnevver\u2019den \u00e7\u0131kard\u0131. \u00c7\u00fcnk\u00fc bir kere b\u0131\u00e7aklamam\u0131\u015f. Defalarca b\u0131\u00e7aklam\u0131\u015f k\u0131z\u0131m\u0131.<\/p>\n<p style=\"text-align: justify;\">Art\u0131k polis katili bulsun. \u00c7\u0131ld\u0131raca\u011f\u0131m yoksa \u201cNeden, neden\u201d diye diye.<\/p>\n<p style=\"text-align: justify;\">\u201cGazetedeki testere foto\u011fraf\u0131 beni tekrar tekrar kahretti\u201d<\/p>\n<p style=\"text-align: justify;\"><strong><em>M\u00fcnevver\u2019i b\u00f6yle vah\u015fice kaybettikten sonra insanlara bak\u0131\u015f a\u00e7\u0131n\u0131z nas\u0131l de\u011fi\u015fti? G\u00fcveninizi kaybettiniz mi?<\/em><\/strong><\/p>\n<p style=\"text-align: justify;\">\u00d6yle k\u00f6t\u00fc bir psikoloji i\u00e7indeyim ki. Can\u0131mdan can gitmi\u015f. \u0130nsanlara g\u00fcvenimi kaybettim belki ama her insan bir de\u011fildir ki&#8230; Mecbur g\u00fcvenmeye devam edece\u011fim. Ama bunlar\u0131 d\u00fc\u015f\u00fcnm\u00fcyorum ben, k\u0131z\u0131m\u0131 d\u00fc\u015f\u00fcn\u00fcyorum. Katilinin bulunmas\u0131n\u0131 istiyorum. Kafamdaki tek \u015fey Cem Garipo\u011flu\u2019nun bulunmas\u0131 ve cinayeti anlatmas\u0131. Neden? \u00d6\u011frenmek istiyorum.<\/p>\n<p style=\"text-align: justify;\">\u201cCinayeti \u00e7\u00f6zecek tek ki\u015fi Ba\u015fbakan, tek umudumuz o\u201d<\/p>\n<p style=\"text-align: justify;\">Allah\u2019a isyan ediyor musunuz? \u201cNeden benim k\u0131z\u0131m\u0131n ba\u015f\u0131na geldi bu cinayet?\u201d diye?<\/p>\n<p style=\"text-align: justify;\">Asla. Olmas\u0131n\u0131 istemi\u015f, olmu\u015f. Benim hazmedemedi\u011fim Allah\u2019\u0131n verdi\u011fi can\u0131 Allah\u2019\u0131n almas\u0131 gerekirken Cem\u2019in k\u0131z\u0131m\u0131 \u00f6ld\u00fcrmesi. Nas\u0131l can\u0131na k\u0131yd\u0131 k\u0131z\u0131m\u0131n? K\u0131z\u0131ma o can\u0131 sen mi verdin ki? \u015eah m\u0131s\u0131n, padi\u015fah m\u0131s\u0131n? Allah m\u0131s\u0131n, t\u00f6vbe esta\u011ffurullah.<\/p>\n<p style=\"text-align: justify;\">Habert\u00fcrk\u2019\u00fcn birinci sayfas\u0131nda cinayet aleti olan testere yay\u0131mlanm\u0131\u015ft\u0131. Siz g\u00f6rd\u00fcn\u00fcz m\u00fc? Yoksa sizden saklad\u0131lar m\u0131?<\/p>\n<p style=\"text-align: justify;\">\u201cK\u0131z\u0131m nas\u0131l can verdi, can\u0131 yand\u0131 m\u0131?\u201d diye d\u00fc\u015f\u00fcnerek kahroluyorum zaten. Bu foto\u011fraf beni tekrar tekrar kahretti. \u00c7\u00fcnk\u00fc ben kendimi \u201cK\u0131z\u0131m Allah\u2019\u0131n yan\u0131nda mutludur\u201d diye teselli ederken yine can\u0131n\u0131n yand\u0131\u011f\u0131n\u0131 akl\u0131ma getirdi o kare.<\/p>\n<p style=\"text-align: justify;\">Cinayetten bu yana be\u015f ay ge\u00e7ti neredeyse. Katilin bulunaca\u011f\u0131na dair umudunuzu kaybediyor musunuz giderek?<\/p>\n<p style=\"text-align: justify;\">\u0130\u015f y\u0131lan hikayesine d\u00f6nd\u00fc. M\u00fcnevver\u2019in cinayetinin arka bah\u00e7esi karanl\u0131k. Milyon dolarlar havada u\u00e7u\u015fuyor. Cem cinayet g\u00fcn\u00fc tutukland\u0131 ancak serbest b\u0131rak\u0131ld\u0131. Devletin kurumunda \u00e7al\u0131\u015fan baz\u0131 ki\u015filer katile yol verdi. Devletin kurumlar\u0131nda d\u00f6nen dolaplar\u0131 ortaya \u00e7\u0131kars\u0131nlar.<\/p>\n<p style=\"text-align: justify;\">Cinayeti \u00e7\u00f6zecek tek ki\u015fi Ba\u015fbakan. Ondan yard\u0131m bekliyoruz. Ba\u015fbakan ve e\u015fi \u00e7ocuklara kar\u015f\u0131 \u00e7ok duyarl\u0131. Tek umudumuz onlar.<\/p>\n<p style=\"text-align: justify;\">Kocan\u0131z Ankara\u2019da TBMM\u2019ye \u00e7\u0131kt\u0131. Ancak Ba\u015fbakan\u2019la g\u00f6r\u00fc\u015femeden d\u00f6nm\u00fc\u015f.<\/p>\n<p style=\"text-align: justify;\">Evet. Meclis tatildeymi\u015f. Birka\u00e7 milletvekili ile g\u00f6r\u00fc\u015ft\u00fc. Meclis\u2019in tatili bittikten sonra tekrar gidecek. Ba\u015fbakan\u2019la mutlaka g\u00f6r\u00fc\u015fmek istiyor. E\u011fer sorunumuzu mecliste \u00e7\u00f6zemezsek Avrupa \u0130nsan Haklar\u0131 Mahkemesi&#8217;ne gidece\u011fiz.<\/p>\n<p style=\"text-align: justify;\"><strong>\u201cM\u00fcnevver ad\u0131na vak\u0131f kurarlarsa filme evet deriz\u201d<\/strong><\/p>\n<p style=\"text-align: justify;\">Eski \u0130stanbul Emniyet M\u00fcd\u00fcr\u00fc Celalettin Cerrah, M\u00fcnevver cinayeti hakk\u0131nda konu\u015furken \u201cK\u0131zlar\u0131na sahip \u00e7\u0131ksalard\u0131\u201d dedi. Ba\u015fbakan Tayyip Erdo\u011fan ise son d\u00f6nemdeki cinayetlerden bahsederken \u201cKendi ba\u015f\u0131na b\u0131rak\u0131lan ya davulcuya ya zurnac\u0131ya\u201d s\u00f6zleri tepki \u00e7ekti. Siz bunlar\u0131 duydu\u011funuzda ne hissettiniz?<\/p>\n<p style=\"text-align: justify;\">Olay ba\u015f\u0131ndan beri skandallarla dolu. O kadar \u00e7ok ihmal  var ki, o kadar \u00e7ok vurdumduymazl\u0131k var ki&#8230; Kurumlarda \u00e7al\u0131\u015fan baz\u0131 ki\u015filer g\u00f6revlerini do\u011fru yapm\u0131yor, para kar\u015f\u0131l\u0131\u011f\u0131nda g\u00f6revlerini suistimal ediyorlar. Sen su\u00e7luyu yakalamay\u0131nca su\u00e7suzu su\u00e7lu haline getir. \u00dcstesinden gelemeyince su\u00e7u bize at\u0131yorlar. Ba\u015fbakan bence asl\u0131nda kar\u015f\u0131 taraf\u0131n ailesine hitap etti. \u00c7\u00fcnk\u00fc ger\u00e7ekten kar\u015f\u0131 taraf \u00e7ocu\u011funa sahip \u00e7\u0131ksayd\u0131 bu olay ya\u015fanmazd\u0131. Sahipsizlik bizde de\u011fil Garipo\u011flu ailesinde.<\/p>\n<p style=\"text-align: justify;\">Cerrah\u2019\u0131n \u0130zmir\u2019de bir medyumdan cinayetin ayd\u0131nlat\u0131lmas\u0131 konusunda yard\u0131m istedi\u011fi konu\u015fuldu. Medyuma, hocaya gittiniz mi? \u201cK\u0131z\u0131m\u0131 neden \u00f6ld\u00fcrd\u00fcler\u201din cevab\u0131n\u0131 bulmak i\u00e7in.<\/p>\n<p style=\"text-align: justify;\">Hay\u0131r, hi\u00e7. Benim medyumda i\u015fim ne! Cerrah katili bulamad\u0131, cinayeti \u00e7\u00f6zemedi. \u00c7areyi medyumda ar\u0131yor!<\/p>\n<p style=\"text-align: justify;\">Adli T\u0131p skandal\u0131 hakk\u0131nda ne diyeceksiniz? K\u0131z\u0131n\u0131z\u0131n cesedine bir ba\u015fka cesedin spermi bula\u015ft\u0131r\u0131ld\u0131.<\/p>\n<p style=\"text-align: justify;\">Olay mahallinde birden fazla ki\u015fi vard\u0131 karar\u0131 \u00e7\u0131kt\u0131 Adli T\u0131p\u2019tan. Di\u011fer ki\u015fileri saf d\u0131\u015f\u0131 b\u0131rakmak i\u00e7in spermin bula\u015ft\u0131r\u0131lm\u0131\u015f olmad\u0131\u011f\u0131 ne malum? Belki baz\u0131 izler \u00f6rtbas ettirilmeye \u00e7al\u0131\u015f\u0131l\u0131yor? Katillerin biri belli. Di\u011ferlerini korumak i\u00e7in b\u00f6yle bir bula\u015ft\u0131rma ile yanl\u0131\u015f y\u00f6nlendirme yap\u0131lmaya \u00e7al\u0131\u015f\u0131ld\u0131 belki de.<\/p>\n<p style=\"text-align: justify;\">Kocan\u0131z Adli T\u0131p skandal\u0131ndan sonra \u201cK\u0131z\u0131m\u0131n namusu lekelendi\u201d dedi\u011finde medya ona da tepki g\u00f6sterdi. As\u0131l meselenin M\u00fcnevver\u2019in bekareti de\u011fil, cinayeti oldu\u011fu s\u00f6ylendi.<\/p>\n<p style=\"text-align: justify;\">E\u015fim orada \u201cK\u0131z\u0131m\u0131 lekelediler\u201d dedi ama Adli T\u0131p k\u0131z\u0131m\u0131 de\u011fil, kendini lekeledi. E\u015fim \u00f6yle bir a\u00e7\u0131klama yapt\u0131 \u00e7\u00fcnk\u00fc etraftan ona hep \u201cK\u0131z\u0131n niye o eve gitsin? Cem ile birlikte olmak i\u00e7in tabii ki\u201d denmi\u015fti. O yorumlara kar\u015f\u0131 bu c\u00fcmleyi s\u00f6yledi. M\u00fcnevver o eve Cem\u2019le birlikte olmak i\u00e7in gitseydi k\u0131z\u0131m belki de \u015fu an hayattayd\u0131. Kar\u015f\u0131 koydu\u011fu i\u00e7in \u00f6ld\u00fcr\u00fcld\u00fc\u011f\u00fcn\u00fc d\u00fc\u015f\u00fcn\u00fcyorum.<\/p>\n<p style=\"text-align: justify;\"><strong><em>Avukatlar\u0131n\u0131zdan Faruk Zorba davadan \u00e7ekildi. Neden?<\/em><\/strong><\/p>\n<p style=\"text-align: justify;\">Avukat da yoruldu. Kendi iste\u011fiyle ayr\u0131ld\u0131. Herkes aray\u0131p davay\u0131 soruyordu, r\u00f6portaj istiyordu. O da s\u0131k\u0131ld\u0131. Sayg\u0131 duyduk. \u0130\u015fini yapmak istemiyorsa kendi bilir.<\/p>\n<p style=\"text-align: justify;\"><em><strong>M\u00fcnevver cinayetini anlatan bir film haz\u0131rl\u0131\u011f\u0131 var. Siz bu projeye onay veriyor musunuz?<\/strong><\/em><\/p>\n<p style=\"text-align: justify;\">Telefonda g\u00f6r\u00fc\u015ft\u00fck. Biz daha projeyi onaylayan imzay\u0131 atmad\u0131k. Oturup kar\u015f\u0131l\u0131kl\u0131 konu\u015fmam\u0131z laz\u0131m. K\u0131z\u0131m\u0131n ad\u0131n\u0131 ya\u015fatacak bir vak\u0131f veya okul kurulursa onay verebiliriz. Ancak ama\u00e7 k\u0131z\u0131m\u0131n s\u0131rt\u0131ndan para kazanmaksa m\u00fcsaade etmeyiz.<\/p>\n<p style=\"text-align: justify;\"><span style=\"color: #888888;\">Kaynak : Radikal<\/span><\/p>\n","protected":false},"excerpt":{"rendered":"<p style=\"text-align: justify;\">Ba\u015f\u0131 kesilerek \u00f6ld\u00fcr\u00fclen M\u00fcnevver Karabulut&#8217;un annesi ilk kez konu\u015ftu: Bu cinayette milyon dolarlar havada u\u00e7u\u015fuyor.<\/p>\n<p style=\"text-align: justify;\">\u0130STANBUL &#8211; K\u0131z\u0131 M\u00fcnevver Karabulut\u2019un katil veya katilleri aylard\u0131r kay\u0131p. \u0130hmaller zinciri i\u015fi iyice i\u00e7inden \u00e7\u0131kamaz hale getirdi. Anne Nagihan Karabulut: \u201cOlay ba\u015f\u0131ndan beri skandallarla dolu. O kadar \u00e7ok ihmal var ki, o kadar \u00e7ok vurdumduymazl\u0131k <\/p>\n","protected":false},"author":1,"featured_media":0,"comment_status":"open","ping_status":"closed","sticky":false,"template":"","format":"standard","meta":{"footnotes":""},"categories":[7],"tags":[],"class_list":["post-12781","post","type-post","status-publish","format-standard","hentry","category-ekonomi","odd"],"_links":{"self":[{"href":"http:\/\/www.korhanyilmaz.com\/index.php?rest_route=\/wp\/v2\/posts\/12781","targetHints":{"allow":["GET"]}}],"collection":[{"href":"http:\/\/www.korhanyilmaz.com\/index.php?rest_route=\/wp\/v2\/posts"}],"about":[{"href":"http:\/\/www.korhanyilmaz.com\/index.php?rest_route=\/wp\/v2\/types\/post"}],"author":[{"embeddable":true,"href":"http:\/\/www.korhanyilmaz.com\/index.php?rest_route=\/wp\/v2\/users\/1"}],"replies":[{"embeddable":true,"href":"http:\/\/www.korhanyilmaz.com\/index.php?rest_route=%2Fwp%2Fv2%2Fcomments&post=12781"}],"version-history":[{"count":0,"href":"http:\/\/www.korhanyilmaz.com\/index.php?rest_route=\/wp\/v2\/posts\/12781\/revisions"}],"wp:attachment":[{"href":"http:\/\/www.korhanyilmaz.com\/index.php?rest_route=%2Fwp%2Fv2%2Fmedia&parent=12781"}],"wp:term":[{"taxonomy":"category","embeddable":true,"href":"http:\/\/www.korhanyilmaz.com\/index.php?rest_route=%2Fwp%2Fv2%2Fcategories&post=12781"},{"taxonomy":"post_tag","embeddable":true,"href":"http:\/\/www.korhanyilmaz.com\/index.php?rest_route=%2Fwp%2Fv2%2Ftags&post=12781"}],"curies":[{"name":"wp","href":"https:\/\/api.w.org\/{rel}","templated":true}]}}