{"id":12770,"date":"2009-08-03T09:54:33","date_gmt":"2009-08-03T06:54:33","guid":{"rendered":"http:\/\/www.korhanyilmaz.com\/?p=12770"},"modified":"2009-08-03T09:54:33","modified_gmt":"2009-08-03T06:54:33","slug":"kanadoglu-bu-dinci-bir-diktadir","status":"publish","type":"post","link":"http:\/\/www.korhanyilmaz.com\/?p=12770","title":{"rendered":"Kanado\u011flu: Bu dinci bir diktad\u0131r"},"content":{"rendered":"<p style=\"text-align: center;\"><a href=\"http:\/\/www.korhanyilmaz.com\/wp-content\/uploads\/2009\/08\/kanadoglu.jpg\"  class=\"lightview\"><img loading=\"lazy\" decoding=\"async\" class=\"aligncenter size-full wp-image-12771\" title=\"Sabih Kanado\u011flu\" src=\"http:\/\/www.korhanyilmaz.com\/wp-content\/uploads\/2009\/08\/kanadoglu.jpg\" alt=\"Sabih Kanado\u011flu\" width=\"274\" height=\"206\" \/><\/a><\/p>\n<p style=\"text-align: justify;\">Yarg\u0131tay Onursal Ba\u015fsavc\u0131s\u0131 Sabih Kanado\u011flu, AKP h\u00fck\u00fcmetinin yarg\u0131ya yakla\u015f\u0131m\u0131n\u0131 de\u011ferlendirirken &#8216;fa\u015fizm&#8217; ve &#8216;dinci dikta&#8217; ifadelerini kulland\u0131.<\/p>\n<p style=\"text-align: justify;\">Bal\u0131kesir\u2019in Edremit il\u00e7esine ba\u011fl\u0131 Alt\u0131noluk Beldesi Belediyesi\u2019nce d\u00fczenlenen \u201815\u2019inci Alt\u0131noluk-Antandros Ya\u015fama Sayg\u0131 K\u00fclt\u00fcr ve Sanat Festivali\u2019 kapsam\u0131nda Cumhuriyet Meydan\u0131\u2019nda panel ger\u00e7ekle\u015ftirildi. Kanado\u011flu panelde h\u00fck\u00fcmetin kuvvetler ayr\u0131l\u0131\u011f\u0131 ilkesini bir tarafa b\u0131rak\u0131p, her \u015feyi kendi yetkisine almaya \u00e7al\u0131\u015ft\u0131\u011f\u0131n\u0131 savundu. Kanado\u011flu \u201cDemokrasi bir kurallar rejimidir. <!--more--><\/p>\n<p style=\"text-align: justify;\">Demokrasi ancak o kurallara uymak kayd\u0131yla y\u00fcr\u00fcyebilen bir rejimdir. Peki nedir bu? \u0130\u015fte, e\u011fer siz \u015fimdi yap\u0131lmak istenen yarg\u0131y\u0131 da kendine benzetmek istiyorum d\u00fc\u015f\u00fcncesini ger\u00e7ekle\u015ftirebilirseniz, o zaman yasama, zaten y\u00fcr\u00fctme olarak sizin emrinizdedir. Bir de buna, do\u011frudan do\u011fruya yarg\u0131y\u0131 da ba\u011flamay\u0131 sa\u011flarsan\u0131z; koyaca\u011f\u0131n\u0131z rejimin ad\u0131 diktad\u0131r, fa\u015fist bir diktad\u0131r. Hele dinsel bir kimli\u011finiz de varsa, o zaman \u00e7ok net bir \u015fekilde s\u00f6yleyeyim bu dinci bir diktad\u0131r\u201d dedi.<\/p>\n<p style=\"text-align: justify;\"><span style=\"color: #888888;\">Kaynak : Radikal &#8211; ( DHA )<\/span><\/p>\n","protected":false},"excerpt":{"rendered":"<p style=\"text-align: center;\">\n<p style=\"text-align: justify;\">Yarg\u0131tay Onursal Ba\u015fsavc\u0131s\u0131 Sabih Kanado\u011flu, AKP h\u00fck\u00fcmetinin yarg\u0131ya yakla\u015f\u0131m\u0131n\u0131 de\u011ferlendirirken &#8216;fa\u015fizm&#8217; ve &#8216;dinci dikta&#8217; ifadelerini kulland\u0131.<\/p>\n<p style=\"text-align: justify;\">Bal\u0131kesir\u2019in Edremit il\u00e7esine ba\u011fl\u0131 Alt\u0131noluk Beldesi Belediyesi\u2019nce d\u00fczenlenen \u201815\u2019inci Alt\u0131noluk-Antandros Ya\u015fama Sayg\u0131 K\u00fclt\u00fcr ve Sanat Festivali\u2019 kapsam\u0131nda Cumhuriyet Meydan\u0131\u2019nda panel ger\u00e7ekle\u015ftirildi. Kanado\u011flu panelde h\u00fck\u00fcmetin kuvvetler ayr\u0131l\u0131\u011f\u0131 ilkesini bir tarafa b\u0131rak\u0131p, her \u015feyi <\/p>\n","protected":false},"author":1,"featured_media":0,"comment_status":"open","ping_status":"closed","sticky":false,"template":"","format":"standard","meta":{"footnotes":""},"categories":[105],"tags":[],"class_list":["post-12770","post","type-post","status-publish","format-standard","hentry","category-gundem","odd"],"_links":{"self":[{"href":"http:\/\/www.korhanyilmaz.com\/index.php?rest_route=\/wp\/v2\/posts\/12770","targetHints":{"allow":["GET"]}}],"collection":[{"href":"http:\/\/www.korhanyilmaz.com\/index.php?rest_route=\/wp\/v2\/posts"}],"about":[{"href":"http:\/\/www.korhanyilmaz.com\/index.php?rest_route=\/wp\/v2\/types\/post"}],"author":[{"embeddable":true,"href":"http:\/\/www.korhanyilmaz.com\/index.php?rest_route=\/wp\/v2\/users\/1"}],"replies":[{"embeddable":true,"href":"http:\/\/www.korhanyilmaz.com\/index.php?rest_route=%2Fwp%2Fv2%2Fcomments&post=12770"}],"version-history":[{"count":0,"href":"http:\/\/www.korhanyilmaz.com\/index.php?rest_route=\/wp\/v2\/posts\/12770\/revisions"}],"wp:attachment":[{"href":"http:\/\/www.korhanyilmaz.com\/index.php?rest_route=%2Fwp%2Fv2%2Fmedia&parent=12770"}],"wp:term":[{"taxonomy":"category","embeddable":true,"href":"http:\/\/www.korhanyilmaz.com\/index.php?rest_route=%2Fwp%2Fv2%2Fcategories&post=12770"},{"taxonomy":"post_tag","embeddable":true,"href":"http:\/\/www.korhanyilmaz.com\/index.php?rest_route=%2Fwp%2Fv2%2Ftags&post=12770"}],"curies":[{"name":"wp","href":"https:\/\/api.w.org\/{rel}","templated":true}]}}