{"id":12766,"date":"2009-07-26T11:39:43","date_gmt":"2009-07-26T08:39:43","guid":{"rendered":"http:\/\/www.korhanyilmaz.com\/?p=12766"},"modified":"2009-07-26T11:39:43","modified_gmt":"2009-07-26T08:39:43","slug":"erdoganin-adil-dunya-inanci","status":"publish","type":"post","link":"http:\/\/www.korhanyilmaz.com\/?p=12766","title":{"rendered":"Erdo\u011fan&#039;\u0131n adil d\u00fcnya inanc\u0131"},"content":{"rendered":"<p style=\"text-align: justify;\"><a href=\"http:\/\/www.korhanyilmaz.com\/wp-content\/uploads\/2009\/08\/fft5_mf216853.Jpeg\"  class=\"lightview\"><img loading=\"lazy\" decoding=\"async\" class=\"size-full wp-image-12767 alignleft\" style=\"margin: 0px 10px;\" src=\"http:\/\/www.korhanyilmaz.com\/wp-content\/uploads\/2009\/08\/fft5_mf216853.Jpeg\" alt=\"\" width=\"178\" height=\"210\" \/><\/a>Ba\u015fbakan Tayyip Erdo\u011fan insanlar\u0131 g\u00fcvenli bir \u00fclkede ya\u015fad\u0131klar\u0131na inand\u0131rmaya \u00e7al\u0131\u015f\u0131yor. Sorumluluk almaktan ka\u00e7\u0131yor, ya\u015fanan korkun\u00e7 olaylar\u0131n su\u00e7lusu olarak ma\u011fdurlar\u0131 ve ailelerini g\u00f6steriyor.<\/p>\n<p style=\"text-align: justify;\">Ba\u015fbakan Recep Tayyip Erdo\u011fan\u2019\u0131n partisinin Ankara \u0130l Kongresi\u2019nde binlerce insana seslenirken s\u00f6ylediklerini duydu\u011fumda akl\u0131ma ister istemez sosyal psikologlar\u0131n kulland\u0131klar\u0131 bir psikolojik kavram olan \u201cadil d\u00fcnya inanc\u0131\u201d kavram\u0131 geldi. Recep Tayyip Erdo\u011fan kendisi gibi d\u00fc\u015f\u00fcnd\u00fc\u011f\u00fcne inand\u0131\u011f\u0131 bir kitleye sesleniyor belki o an, ancak T\u00fcrkiye\u2019de ya\u015fayanlar onu televizyonlar\u0131ndan izliyor ve toplumsal olaylara y\u00f6nelik fikirlerini \u00f6\u011frenmi\u015f oluyor. Yapt\u0131\u011f\u0131 konu\u015fmada say\u0131s\u0131 son d\u00f6nemlerde artan cinayet ve katliamlardan bahsediyor. Bunlar\u0131n hangileri oldu\u011funu hepimiz biliyoruz ve akl\u0131m\u0131za en trajik birka\u00e7 tanesi hemen geliveriyor. Daha sonra ise Ba\u015fbakan\u0131m\u0131z bu olduk\u00e7a karma\u015f\u0131k ve bir\u00e7ok sosyo-psikolojik fakt\u00f6r taraf\u0131ndan \u015fekillendirilmi\u015f olan toplumsal olaylar\u0131 bir hamlede tek bir kayna\u011fa y\u00fckleyerek \u015fu s\u00f6zleri s\u00f6yl\u00fcyor: \u201cAcaba biz nerede hatalar yapt\u0131k diye \u00fczerinde durmal\u0131y\u0131z. S\u0131n\u0131rs\u0131z, kontrols\u00fcz bir ahlaki erozyonun oldu\u011fu yap\u0131lanma ger\u00e7ekten bizi dertlendiriyor. Onun i\u00e7in aileye sahip \u00e7\u0131kaca\u011f\u0131z\u201d. O trajik olaylar\u0131n ya\u015fanma sebebi neymi\u015f?<!--more--><\/p>\n<p style=\"text-align: justify;\">Aile&#8230; Ba\u015fka su\u00e7lu aramaya gerek kalm\u0131yor. \u00d6zellikle de ailedeki disiplin eksikli\u011finden yak\u0131n\u0131yor: \u201cKendi ba\u015f\u0131na b\u0131rak\u0131lan ya davulcuya ya zurnac\u0131ya&#8230;\u201d diyor ve ard\u0131ndan davulcu ve zurnac\u0131lar\u0131n da g\u00f6nl\u00fcn\u00fc almay\u0131 ihmal etmiyor&#8230;<\/p>\n<p style=\"text-align: justify;\">Ya\u015famda iyi \u015feylerin iyi insanlar\u0131n, k\u00f6t\u00fc \u015feylerin ise k\u00f6t\u00fc insanlar\u0131n ba\u015f\u0131na gelece\u011fine duyulan inanca ve bu do\u011frultuda geli\u015ftirilen d\u00fc\u015f\u00fcnce sistemine \u201cadil d\u00fcnya inanc\u0131\u201d deniyor. Di\u011fer bir ifadeyle, kurban\u0131 de\u011fil de o \u015fiddet eylemini yapan\u0131 koruyan ve destekleyen bir d\u00fc\u015f\u00fcnce bi\u00e7imidir. Adil d\u00fcnya inanc\u0131na g\u00f6re d\u00fc\u015f\u00fcnen bir insan i\u00e7in, ba\u015f\u0131na k\u00f6t\u00fc \u015feyler gelen insanlar bir \u015fekilde bu ya\u015fad\u0131klar\u0131 \u015feyi hak etmi\u015ftir. \u00d6rne\u011fin tecav\u00fcze u\u011fram\u0131\u015f bir kad\u0131n bunu hak etmi\u015fti \u00e7\u00fcnk\u00fc a\u00e7\u0131k sa\u00e7\u0131k giyinmi\u015ftir, \u00f6\u011fretmeni taraf\u0131ndan tekme tokat d\u00f6v\u00fclm\u00fc\u015f bir \u00e7ocu\u011fun su\u00e7u terbiyesiz davranm\u0131\u015f olmas\u0131d\u0131r, ac\u0131mazca \u00f6ld\u00fcr\u00fclm\u00fc\u015f bir e\u015fcinselin ise zaten o kadar ya\u015fam\u0131\u015f olmas\u0131 bile k\u00e2r say\u0131lmal\u0131d\u0131r&#8230;<\/p>\n<p style=\"text-align: justify;\">Peki neden baz\u0131 insanlar toplumsal birtak\u0131m olaylar\u0131 de\u011ferlendirirken \u201cadil d\u00fcnya inanc\u0131n\u0131\u201d esas al\u0131r? Bu sorunun tek bir yan\u0131t\u0131 yok tabii ki ama en \u00f6nemli sebep, adil d\u00fcnya inanc\u0131n\u0131n ki\u015fiye, i\u00e7inde ya\u015fad\u0131\u011f\u0131 fiziksel ve sosyal \u00e7evreyi g\u00fcvenli, dura\u011fan bir yer olarak alg\u0131lamas\u0131 ill\u00fczyonu sa\u011flamas\u0131d\u0131r. Adil d\u00fcnya inanc\u0131na sahip olan bir ki\u015fi bu t\u00fcr olumsuz olaylar\u0131n kendi ba\u015f\u0131na gelebilece\u011fi ihtimalini son derece d\u00fc\u015f\u00fck g\u00f6r\u00fcr. \u00c7\u00fcnk\u00fc, kendisi kendi do\u011frular\u0131 do\u011frultusunda davrand\u0131\u011f\u0131 s\u00fcrece ba\u015f\u0131na k\u00f6t\u00fc bir \u015fey gelmeyecektir. Oysa ya\u015fanan \u00fclkede cinayet, soygun, tecav\u00fcz, i\u015fkence, cinsel istismar, fiziksel sald\u0131rganl\u0131k, ayr\u0131mc\u0131l\u0131k gibi su\u00e7lar art\u0131k\u00e7a bunlara maruz kalma olas\u0131l\u0131\u011f\u0131 da toplumdaki her bir birey i\u00e7in art\u0131yor. Recep Tayyip Erdo\u011fan bunu bildi\u011fi halde g\u00fcvenli bir \u00fclkede ya\u015fad\u0131klar\u0131na insanlar\u0131 inand\u0131rmaya \u00e7al\u0131\u015f\u0131yor. Sorumluluk almaktan ka\u00e7\u0131yor ve ya\u015fanan korkun\u00e7 olaylar\u0131n su\u00e7lusu olarak olay\u0131n ma\u011fdurlar\u0131n\u0131 ve ailelerini g\u00f6steriyor. Kar\u015f\u0131s\u0131nda da zaten adil d\u00fcnya inanc\u0131 y\u00fcksek bir dinleyici kitlesi buldu\u011fu i\u00e7in, bunda hi\u00e7 de zorluk \u00e7ekmiyor.<\/p>\n<p style=\"text-align: justify;\"><strong><em>Yetkeci ki\u015filik<\/em><\/strong><\/p>\n<p style=\"text-align: justify;\">Recep Tayyip Erdo\u011fan ayn\u0131 zamanda sosyal psikolojideki yetkeci (otoriteryan) ki\u015filik \u00f6zelli\u011fi \u00e7er\u00e7evesinde de ele al\u0131n\u0131p de\u011ferlendirilebilir. Yetkeci ki\u015fili\u011fe sahip insanlar otoriteyi, toplumsal normlar\u0131 a\u015f\u0131r\u0131 derecede \u00f6nemseyen, \u00f6nyarg\u0131l\u0131 davranan bireylerdir. Horg\u00f6rme e\u011filimi fazla olan bu bireyler, din, \u0131rk ve cinsiyet gibi konularda ayr\u0131mc\u0131l\u0131k yapmaya olduk\u00e7a yatk\u0131nlard\u0131r. Bunun temelinde de asl\u0131nda erken \u00e7ocukluk d\u00f6neminde yeterince sevilmeme, a\u015fa\u011f\u0131lanma ve horg\u00f6r\u00fclme yat\u0131yor. \u00c7ocukluk d\u00f6nemine damgas\u0131n\u0131 vuran bu ya\u015fant\u0131lar\u0131n bast\u0131r\u0131lmaya \u00e7al\u0131\u015f\u0131lmas\u0131n\u0131n yaratt\u0131\u011f\u0131 kayg\u0131 ile ba\u015fa \u00e7\u0131kmak i\u00e7in ise \u201csavunma mekanizmalar\u0131\u201d kullan\u0131l\u0131r. Bunlardan en yayg\u0131n olarak g\u00f6r\u00fclenlerinden birisi de \u201cyans\u0131tma\u201dd\u0131r. Birey kendisiyle ilgili sahip oldu\u011fu olumsuz d\u00fc\u015f\u00fcnceleri, \u00e7evresindeki di\u011fer insanlara kin, nefret, horg\u00f6rme ve sald\u0131rganl\u0131k olarak yans\u0131t\u0131r. Dolay\u0131s\u0131yla, Ba\u015fbakan\u0131m\u0131z ma\u011fdurlar\u0131n ailelerini su\u00e7lu bulma e\u011filimi ve cinsiyet\u00e7i yakla\u015f\u0131m\u0131yla sahip oldu\u011fu yetkeci ki\u015fili\u011fi de g\u00f6zler \u00f6n\u00fcne seriyor. Cinsiyet\u00e7i yakla\u015f\u0131m denilmesinin sebebi ise Ba\u015fbakan\u2019\u0131n Ankara \u0130l kongresinde kulland\u0131\u011f\u0131 atas\u00f6z\u00fcn\u00fcn\u00fcn asl\u0131n\u0131n \u201ck\u0131z\u0131n\u0131 g\u00f6nl\u00fcne b\u0131rak\u0131rsan ya davulcuya ka\u00e7ar ya zurnac\u0131ya\u201d olu\u015fudur. Bu atas\u00f6z\u00fcn\u00fc kullan\u0131rken hangi vah\u015fi cinayeti kastetti\u011fini hepimiz anl\u0131yoruz&#8230;<\/p>\n<p style=\"text-align: justify;\"><strong><em>Medya gen\u00e7lerin ahlak\u0131n\u0131 bozuyor!<\/em><\/strong><\/p>\n<p style=\"text-align: justify;\">Ayr\u0131ca, Recep Tayyip Erdo\u011fan ayn\u0131 zamanda medyaya da y\u00fckleniyor ve medyan\u0131n gen\u00e7lerin ahlak\u0131n\u0131 bozdu\u011funu d\u00fc\u015f\u00fcn\u00fcyor. Oysa ki ba\u015fta kendisi, gerek konu\u015fma \u00fcslubu, gerekse toplumsal yaralar\u0131 basite indirgeyici, bilimsellikten ve insanl\u0131ktan uzak yakla\u015f\u0131m\u0131yla gen\u00e7ler i\u00e7in \u00e7ok olumsuz bir model olu\u015fturuyor. Sadece o de\u011fil \u0130stanbul Eski Emniyet M\u00fcd\u00fcr\u00fc Celalettin Cerrah\u2019\u0131n \u201ck\u0131zlar\u0131n\u0131 neden takip etmemi\u015fler\u201d s\u00f6zleri de emniyet mensuplar\u0131na olan g\u00fcveni bir o kadar zedeleyici oldu. Bu \u00fclkede sadece k\u0131z \u00e7ocuklar\u0131 de\u011fil erkek \u00e7ocuklar\u0131 da risk alt\u0131nda ve ailelerinin yan\u0131 s\u0131ra toplumun di\u011fer kurumlar\u0131n\u0131n da deste\u011fine ve korumas\u0131na ihtiya\u00e7 duyuyorlar. Ama g\u00f6r\u00fclen o ki \u00f6zellikle baz\u0131 kesimlerce benimsenen bu yakla\u015f\u0131m, ba\u015fta kad\u0131nlar ve \u00e7ocuklar\u0131n ma\u011fdur oldu\u011fu durumlar\u0131 g\u00f6rmezden gelen bir d\u00fc\u015f\u00fcnce sistemini yerle\u015ftirmeye \u00e7al\u0131\u015f\u0131yor.<\/p>\n<p style=\"text-align: justify;\">Son olarak bu yaz\u0131lanlar \u00e7er\u00e7evesinde \u015fu sonu\u00e7lara var\u0131labilir:<\/p>\n<p style=\"text-align: justify;\">* Adil d\u00fcnya inanc\u0131, kar\u015f\u0131la\u015ft\u0131\u011f\u0131m\u0131z ya\u015fad\u0131\u011f\u0131m\u0131z \u00e7evreyi daha g\u00fcvenilir olarak alg\u0131lamam\u0131z\u0131 sa\u011flasa da, olaylar\u0131 de\u011ferlendirirken yanl\u0131 ve ma\u011fdur olan\u0131 anlamaktan uzak bir bak\u0131\u015f a\u00e7\u0131s\u0131 geli\u015ftirmemize neden oluyor.<\/p>\n<p style=\"text-align: justify;\">* Bu d\u00fc\u015f\u00fcnce sistemi \u00f6zellikle de toplum liderlerinde g\u00f6r\u00fcld\u00fc\u011f\u00fcnde, toplumun t\u00fcm bireylerini de olumsuz y\u00f6nde etkileyecek k\u00f6t\u00fc bir \u00f6rnek olu\u015fturuyor.<\/p>\n<p style=\"text-align: justify;\">* Ahlak geli\u015fimi a\u00e7\u0131s\u0131ndan daha \u00fcst d\u00fczeylerde yer alabilmek, ancak tutuculuktan uzak ve \u00e7ok y\u00f6nl\u00fc d\u00fc\u015f\u00fcnebilmekle ger\u00e7ekle\u015febilir.<\/p>\n<p style=\"text-align: justify;\">* \u00d6zellikle de bu konudaki toplumsal bilincin geli\u015fmesi konusunda, sosyal bilimler alan\u0131nda \u00e7al\u0131\u015fan insanlara \u00f6nemli roller d\u00fc\u015f\u00fcyor.<\/p>\n<p style=\"text-align: justify;\"><span style=\"color: #888888;\">Psk.Dr.G\u00d6ZDE \u00d6ZD\u0130KMENL\u0130 DEM\u0130R &#8211; Radikal<\/span><\/p>\n","protected":false},"excerpt":{"rendered":"<p style=\"text-align: justify;\">Ba\u015fbakan Tayyip Erdo\u011fan insanlar\u0131 g\u00fcvenli bir \u00fclkede ya\u015fad\u0131klar\u0131na inand\u0131rmaya \u00e7al\u0131\u015f\u0131yor. Sorumluluk almaktan ka\u00e7\u0131yor, ya\u015fanan korkun\u00e7 olaylar\u0131n su\u00e7lusu olarak ma\u011fdurlar\u0131 ve ailelerini g\u00f6steriyor.<\/p>\n<p style=\"text-align: justify;\">Ba\u015fbakan Recep Tayyip Erdo\u011fan\u2019\u0131n partisinin Ankara \u0130l Kongresi\u2019nde binlerce insana seslenirken s\u00f6ylediklerini duydu\u011fumda akl\u0131ma ister istemez sosyal psikologlar\u0131n kulland\u0131klar\u0131 bir psikolojik kavram olan \u201cadil d\u00fcnya inanc\u0131\u201d kavram\u0131 geldi. Recep <\/p>\n","protected":false},"author":1,"featured_media":0,"comment_status":"open","ping_status":"closed","sticky":false,"template":"","format":"standard","meta":{"footnotes":""},"categories":[7],"tags":[],"class_list":["post-12766","post","type-post","status-publish","format-standard","hentry","category-ekonomi","odd"],"_links":{"self":[{"href":"http:\/\/www.korhanyilmaz.com\/index.php?rest_route=\/wp\/v2\/posts\/12766","targetHints":{"allow":["GET"]}}],"collection":[{"href":"http:\/\/www.korhanyilmaz.com\/index.php?rest_route=\/wp\/v2\/posts"}],"about":[{"href":"http:\/\/www.korhanyilmaz.com\/index.php?rest_route=\/wp\/v2\/types\/post"}],"author":[{"embeddable":true,"href":"http:\/\/www.korhanyilmaz.com\/index.php?rest_route=\/wp\/v2\/users\/1"}],"replies":[{"embeddable":true,"href":"http:\/\/www.korhanyilmaz.com\/index.php?rest_route=%2Fwp%2Fv2%2Fcomments&post=12766"}],"version-history":[{"count":0,"href":"http:\/\/www.korhanyilmaz.com\/index.php?rest_route=\/wp\/v2\/posts\/12766\/revisions"}],"wp:attachment":[{"href":"http:\/\/www.korhanyilmaz.com\/index.php?rest_route=%2Fwp%2Fv2%2Fmedia&parent=12766"}],"wp:term":[{"taxonomy":"category","embeddable":true,"href":"http:\/\/www.korhanyilmaz.com\/index.php?rest_route=%2Fwp%2Fv2%2Fcategories&post=12766"},{"taxonomy":"post_tag","embeddable":true,"href":"http:\/\/www.korhanyilmaz.com\/index.php?rest_route=%2Fwp%2Fv2%2Ftags&post=12766"}],"curies":[{"name":"wp","href":"https:\/\/api.w.org\/{rel}","templated":true}]}}