{"id":12759,"date":"2009-08-02T23:46:16","date_gmt":"2009-08-02T20:46:16","guid":{"rendered":"http:\/\/www.korhanyilmaz.com\/?p=12759"},"modified":"2009-08-02T23:46:16","modified_gmt":"2009-08-02T20:46:16","slug":"erdogan-donerciye-gitti-4-kisi-gozaltinda","status":"publish","type":"post","link":"http:\/\/www.korhanyilmaz.com\/?p=12759","title":{"rendered":"Erdo\u011fan d\u00f6nerciye gitti: 4 ki\u015fi g\u00f6zalt\u0131nda"},"content":{"rendered":"<p style=\"text-align: center;\"><a href=\"http:\/\/www.korhanyilmaz.com\/wp-content\/uploads\/2009\/08\/basbakan.jpg\"  class=\"lightview\"><img loading=\"lazy\" decoding=\"async\" class=\"aligncenter size-full wp-image-12760\" src=\"http:\/\/www.korhanyilmaz.com\/wp-content\/uploads\/2009\/08\/basbakan.jpg\" alt=\"\" width=\"269\" height=\"207\" \/><\/a><\/p>\n<p style=\"text-align: justify;\">Ba\u015fbakan Recep Tayyip Erdo\u011fan, Sakarya Caddesi&#8217;nde bulunan ve AK Parti Ankara Milletvekili Faruk Koca&#8217;ya ait \u00d6zler D\u00f6ner Lokantas\u0131&#8217;nda ak\u015fam yeme\u011fi yedi. Ba\u015fbakan\u0131 protesto eden 4 ki\u015fi g\u00f6zalt\u0131na al\u0131nd\u0131.<\/p>\n<p style=\"text-align: justify;\">Recep Tayyip Erdo\u011fan&#8217;a, yemekte milletvekili Faruk Koca da e\u015flik etti. Erdo\u011fan&#8217;\u0131n, d\u00f6ner ve mevsim salata yedi\u011fi ve ayran i\u00e7ti\u011fi \u00f6\u011frenildi.<\/p>\n<p style=\"text-align: justify;\">Yemek s\u0131ras\u0131nda Erdo\u011fan, korumalar\u0131 arac\u0131l\u0131\u011f\u0131yla caddeden ge\u00e7en vatanda\u015flar\u0131 da yeme\u011fe \u00e7a\u011f\u0131rd\u0131.<!--more--><\/p>\n<div id=\"attachment_12761\" style=\"width: 302px\" class=\"wp-caption alignleft\"><a href=\"http:\/\/www.korhanyilmaz.com\/wp-content\/uploads\/2009\/08\/D\u00d6NER.jpg\"  class=\"lightview\"><img loading=\"lazy\" decoding=\"async\" aria-describedby=\"caption-attachment-12761\" class=\"size-full wp-image-12761\" src=\"http:\/\/www.korhanyilmaz.com\/wp-content\/uploads\/2009\/08\/D\u00d6NER.jpg\" alt=\"Ba\u015fbakan AKP milletvekilinin d\u00f6nercisinde karn\u0131n\u0131 doyururken Ankara milletvekili Faruk Koca'n\u0131n d\u00f6nercisi de bedava reklam yapm\u0131\u015f oldu.\" width=\"292\" height=\"194\" \/><\/a><p id=\"caption-attachment-12761\" class=\"wp-caption-text\">Ba\u015fbakan AKP milletvekilinin d\u00f6nercisinde karn\u0131n\u0131 doyururken Ankara milletvekili Faruk Koca&#39;n\u0131n d\u00f6nercisi de bedava reklam yapm\u0131\u015f oldu.<\/p><\/div>\n<p style=\"text-align: justify;\">Davet \u00fczerine lokantaya giren kimi vatanda\u015flar, Erdo\u011fan&#8217;a sorunlar\u0131n\u0131 aktard\u0131.<\/p>\n<p style=\"text-align: justify;\">Bir kad\u0131n, Sakarya Caddesi&#8217;nde m\u00fczisyen olarak \u00e7al\u0131\u015ft\u0131\u011f\u0131n\u0131 ve sigara yasa\u011f\u0131ndan dolay\u0131 i\u015flerinde azalma oldu\u011funu \u00f6ne s\u00fcrerek, yasan\u0131n yeniden d\u00fczenlenmesini istedi.<\/p>\n<p style=\"text-align: justify;\">Ad\u0131n\u0131n Selenay Korkmaz oldu\u011funu belirten bir \u00e7ocuk da Erdo\u011fan ile bir s\u00fcre sohbet etti.<\/p>\n<p style=\"text-align: justify;\">Erdo\u011fan, Selenay Korkmaz ve karde\u015fine oyuncak hediye etti.<\/p>\n<p style=\"text-align: justify;\"><strong><em>Ba\u015fbakana d\u00f6ner, \u00f6\u011frenciye&#8230; <\/em><\/strong><\/p>\n<p style=\"text-align: justify;\">Erdo\u011fan, yemek yedi\u011fi s\u0131rada, d\u0131\u015farda slogan atan 4 ki\u015fi g\u00fcvenlik g\u00fc\u00e7lerince g\u00f6zalt\u0131na al\u0131nd\u0131. Bu s\u0131rada, slogan atan ki\u015filere, caddede bulunan baz\u0131 vatanda\u015flar tepki g\u00f6sterdi. G\u00f6zalt\u0131na al\u0131nan ki\u015filerin har\u00e7 zamm\u0131n\u0131 protesto eden \u00fcniversite \u00f6\u011frencileri olduklar\u0131 anla\u015f\u0131ld\u0131.<\/p>\n<p style=\"text-align: justify;\">Erdo\u011fan, bir gazetecinin, bug\u00fcn Ba\u015fbakanl\u0131k Resmi Konutu&#8217;ndaki yo\u011fun ziyaret\u00e7i trafi\u011fini hat\u0131rlatarak, bu konudaki bir a\u00e7\u0131klamas\u0131 olup olmayaca\u011f\u0131 sorusuna &#8220;Hay\u0131r. Hepsi yar\u0131n&#8221; kar\u015f\u0131l\u0131\u011f\u0131n\u0131 verdi.<\/p>\n<p style=\"text-align: justify;\"><span style=\"color: #888888;\">CNN T\u00dcRK<\/span><\/p>\n","protected":false},"excerpt":{"rendered":"<p style=\"text-align: center;\">\n<p style=\"text-align: justify;\">Ba\u015fbakan Recep Tayyip Erdo\u011fan, Sakarya Caddesi&#8217;nde bulunan ve AK Parti Ankara Milletvekili Faruk Koca&#8217;ya ait \u00d6zler D\u00f6ner Lokantas\u0131&#8217;nda ak\u015fam yeme\u011fi yedi. Ba\u015fbakan\u0131 protesto eden 4 ki\u015fi g\u00f6zalt\u0131na al\u0131nd\u0131.<\/p>\n<p style=\"text-align: justify;\">Recep Tayyip Erdo\u011fan&#8217;a, yemekte milletvekili Faruk Koca da e\u015flik etti. Erdo\u011fan&#8217;\u0131n, d\u00f6ner ve mevsim salata yedi\u011fi ve ayran i\u00e7ti\u011fi \u00f6\u011frenildi.<\/p>\n","protected":false},"author":1,"featured_media":0,"comment_status":"open","ping_status":"closed","sticky":false,"template":"","format":"standard","meta":{"footnotes":""},"categories":[105],"tags":[],"class_list":["post-12759","post","type-post","status-publish","format-standard","hentry","category-gundem","odd"],"_links":{"self":[{"href":"http:\/\/www.korhanyilmaz.com\/index.php?rest_route=\/wp\/v2\/posts\/12759","targetHints":{"allow":["GET"]}}],"collection":[{"href":"http:\/\/www.korhanyilmaz.com\/index.php?rest_route=\/wp\/v2\/posts"}],"about":[{"href":"http:\/\/www.korhanyilmaz.com\/index.php?rest_route=\/wp\/v2\/types\/post"}],"author":[{"embeddable":true,"href":"http:\/\/www.korhanyilmaz.com\/index.php?rest_route=\/wp\/v2\/users\/1"}],"replies":[{"embeddable":true,"href":"http:\/\/www.korhanyilmaz.com\/index.php?rest_route=%2Fwp%2Fv2%2Fcomments&post=12759"}],"version-history":[{"count":0,"href":"http:\/\/www.korhanyilmaz.com\/index.php?rest_route=\/wp\/v2\/posts\/12759\/revisions"}],"wp:attachment":[{"href":"http:\/\/www.korhanyilmaz.com\/index.php?rest_route=%2Fwp%2Fv2%2Fmedia&parent=12759"}],"wp:term":[{"taxonomy":"category","embeddable":true,"href":"http:\/\/www.korhanyilmaz.com\/index.php?rest_route=%2Fwp%2Fv2%2Fcategories&post=12759"},{"taxonomy":"post_tag","embeddable":true,"href":"http:\/\/www.korhanyilmaz.com\/index.php?rest_route=%2Fwp%2Fv2%2Ftags&post=12759"}],"curies":[{"name":"wp","href":"https:\/\/api.w.org\/{rel}","templated":true}]}}