{"id":12754,"date":"2009-08-03T10:06:49","date_gmt":"2009-08-03T07:06:49","guid":{"rendered":"http:\/\/www.korhanyilmaz.com\/?p=12754"},"modified":"2009-08-03T10:06:49","modified_gmt":"2009-08-03T07:06:49","slug":"kurt-aciliminda-5-kirmizi-cizgi","status":"publish","type":"post","link":"http:\/\/www.korhanyilmaz.com\/?p=12754","title":{"rendered":"K\u00fcrt a\u00e7\u0131l\u0131m\u0131nda 5 k\u0131rm\u0131z\u0131 \u00e7izgi"},"content":{"rendered":"<p style=\"text-align: center;\"><a href=\"http:\/\/www.korhanyilmaz.com\/wp-content\/uploads\/2009\/08\/KURT.jpg\"  class=\"lightview\"><img loading=\"lazy\" decoding=\"async\" class=\"aligncenter size-full wp-image-12755\" src=\"http:\/\/www.korhanyilmaz.com\/wp-content\/uploads\/2009\/08\/KURT.jpg\" alt=\"\" width=\"307\" height=\"236\" \/><\/a><\/p>\n<div id=\"attachment_12756\" style=\"width: 100px\" class=\"wp-caption alignleft\"><img loading=\"lazy\" decoding=\"async\" aria-describedby=\"caption-attachment-12756\" class=\"size-full wp-image-12756\" style=\"margin: 0px 5px;\" title=\"Yavuz O\u011fhan - CNN T\u00dcRK\" src=\"http:\/\/www.korhanyilmaz.com\/wp-content\/uploads\/2009\/08\/File.ashx.jpg\" alt=\"File.ashx\" width=\"90\" height=\"96\" \/><p id=\"caption-attachment-12756\" class=\"wp-caption-text\">Yavuz O\u011fhan<\/p><\/div>\n<p style=\"text-align: justify;\">Cumhurba\u015fkan\u0131\u2019n\u0131n \u201ciyi \u015feyler olacak\u201d s\u00f6zleri tam unutulmaya y\u00fcz tutmu\u015ftu ki h\u00fck\u00fcmet harekete ge\u00e7ti ve \u0130\u00e7i\u015fleri Bakan\u0131\u2019n\u0131n koordinasyonunda \u201ca\u00e7\u0131l\u0131m\u201d i\u00e7in kollar\u0131 s\u0131vad\u0131.<\/p>\n<p style=\"text-align: justify;\">Devlet bu s\u00fcre\u00e7te soruna \u00e7\u00f6z\u00fcm bulabilmek i\u00e7in her \u015feyi konu\u015fmaya haz\u0131r. Ama bu  k\u0131rm\u0131z\u0131 \u00e7izgilerin olmad\u0131\u011f\u0131 anlam\u0131na da gelmiyor. \u0130\u015fte o k\u0131rm\u0131z\u0131 \u00e7izgiler\u2026<\/p>\n<p style=\"text-align: justify;\">Tek devlet\u2026 PKK ile birlikte T\u00fcrkiye y\u0131llard\u0131r bir b\u00f6l\u00fcnme korkusu ya\u015f\u0131yor. Bu korku nedeniyle tek devlet prensibi k\u0131rm\u0131z\u0131 \u00e7izgilerin ba\u015f\u0131nda geliyor&#8230; A\u00e7\u0131l\u0131m i\u00e7in \u00e7al\u0131\u015fanlar \u201cher \u015fey konu\u015fulabilir ama b\u00f6l\u00fcnme asla\u201d diyor. \u015eunu da hat\u0131rlamakta fayda var. Bug\u00fcn art\u0131k PKK dahil kimse b\u00f6l\u00fcnmeden bahsetmiyor, herkes b\u00fct\u00fcnl\u00fck i\u00e7inde bir \u00e7\u00f6z\u00fcm aray\u0131\u015f\u0131nda\u2026 En az\u0131ndan s\u00f6ylemde \u00f6yle g\u00f6r\u00fcn\u00fcyor.<\/p>\n<p style=\"text-align: justify;\">Anayasal \u00f6zerklik\u2026 Bu kavram\u0131 da kimse bug\u00fcnlerde pek dile getirmiyor. Ama ba\u015flayan a\u00e7\u0131l\u0131m s\u00fcrecinde kimileri bu i\u015f \u201canayasal \u00f6zerkli\u011fe\u201d kadar gider mi endi\u015fesi ta\u015f\u0131yor. S\u00fcreci ba\u015flatanlar bu endi\u015feleri ortadan kald\u0131rmak i\u00e7in anayasal \u00f6zerkli\u011fi k\u0131rm\u0131z\u0131 \u00e7izgi olarak tarif ediyor. <!--more--><\/p>\n<p style=\"text-align: justify;\">Devlet tek olsun, \u00f6zerk y\u00f6netim olmas\u0131n, b\u00f6l\u00fcnme akla bile gelmesin ama Anayasa\u2019ya T\u00fcrkiye\u2019de ya\u015fayan etnik gruplar\u0131n ismi yaz\u0131ls\u0131n. B\u00f6ylece bir etnik grup di\u011ferinden \u00fcst\u00fcn olmas\u0131n. Yada Anayasa\u2019dan etnik \u00e7a\u011fr\u0131\u015f\u0131m yapan ifadeler \u00e7\u0131kar\u0131ls\u0131n. \u0130\u015fte bu konu da k\u0131rm\u0131z\u0131 \u00e7izgilerin aras\u0131nda. AKP Anayasa\u2019da etnik tart\u0131\u015fma yaratacak d\u00fczenlemelerden \u201cen az\u0131ndan \u015fimdilik\u201d uzak durma kararl\u0131l\u0131\u011f\u0131nda.<\/p>\n<p style=\"text-align: justify;\">Bir ba\u015fka k\u0131rm\u0131z\u0131 \u00e7izgi de etnik gruplar\u0131 temsil edecek siyasi parti kurulmas\u0131. Bu a\u00e7\u0131l\u0131m\u0131n T\u00fcrkiye\u2019deki parlamenter yap\u0131y\u0131 de\u011fi\u015ftirmesine izin verilmeyecek. K\u00fcrt yada \u00c7erkez gruplar\u0131 temsil eden siyasi yap\u0131lanmalar Anayasa\u2019ya g\u00f6re m\u00fcmk\u00fcn de\u011fil, bu prensipten vazge\u00e7ilmeyecek. \u015eu anki uygulamada milletvekilleri nereden se\u00e7ilirse se\u00e7ilsin Meclis\u2019te T\u00fcrkiye\u2019yi temsil ediyor. DTP ile bu biraz a\u015f\u0131nsa da sistemin t\u00fcmden de\u011fi\u015fmesine izin verilmeyecek.<\/p>\n<p style=\"text-align: justify;\">Resmi dil T\u00fcrk\u00e7e. Son d\u00f6nemde  K\u00fcrt\u00e7e\u2019nin resmi yaz\u0131\u015fmalarda da kullan\u0131lmas\u0131na ili\u015fkin baz\u0131 talepler duyuluyor. Bu taleplerin kabul\u00fc de k\u0131rm\u0131z\u0131 \u00e7izgilerin ihlali olarak g\u00f6r\u00fcn\u00fcyor. Yani konu\u015fulamaz bulunuyor.<\/p>\n<p style=\"text-align: justify;\">\u201cNe mutlu T\u00fcrk\u00fcm diyene\u201d yerine \u201c\u00fclkemi seviyorum\u201d<\/p>\n<p style=\"text-align: justify;\">Belki en \u00e7ok tart\u0131\u015fma yaratacak husus da\u011fa ta\u015fa yaz\u0131lan \u201cNe Mutlu T\u00fcrk\u00fcm Diyene\u201d c\u00fcmlesinin kald\u0131r\u0131lmas\u0131 olacak.  O yaz\u0131 kald\u0131r\u0131l\u0131rsa yerine ne konacak sorusuna da yan\u0131t  aran\u0131yor.\u201cT\u00fcrkiye\u2019yi seviyorum, \u00fclkeme ba\u011fl\u0131y\u0131m\u201d gibi ifadeler \u00fczerinde duruluyor. Bununla birlikte her sabah milyonlarca \u00f6\u011frencinin tekrar etti\u011fi \u201cNe Mutlu T\u00fcrk\u00fcm Diyene\u201d ile biten \u201c\u00f6\u011frenci and\u0131\u201dn\u0131n kald\u0131r\u0131lmas\u0131 da tart\u0131\u015f\u0131labilir bulunuyor.<\/p>\n<p style=\"text-align: justify;\">T\u00fcm bunlar toplumun b\u00fct\u00fcn kesimlerine nas\u0131l anlat\u0131lacak, at\u0131lacak ad\u0131mlarla nas\u0131l bir T\u00fcrkiye hedefleniyor, PKK\u2019n\u0131n ve DTP\u2019nin \u00e7\u00f6z\u00fcmdeki rol\u00fc nas\u0131l olmal\u0131, CHP\u2019den beklentiler neler sorular\u0131na yan\u0131t bir sonraki yaz\u0131da\u2026<\/p>\n<p style=\"text-align: justify;\"><span style=\"color: #888888;\">Yavuz O\u011fhan &#8211; CNN T\u00dcRK<\/span><\/p>\n<p style=\"text-align: justify;\"><span style=\"color: #888888;\">Yazara Ula\u015fmak \u0130\u00e7in : <a href=\"mailto:yavuzo@cnnturk.com.tr\">yavuzo@cnnturk.com.tr<\/a><\/span><\/p>\n","protected":false},"excerpt":{"rendered":"<p style=\"text-align: center;\">\n<p id=\"caption-attachment-12756\" class=\"wp-caption-text\">Yavuz O\u011fhan<\/p>\n<p style=\"text-align: justify;\">Cumhurba\u015fkan\u0131\u2019n\u0131n \u201ciyi \u015feyler olacak\u201d s\u00f6zleri tam unutulmaya y\u00fcz tutmu\u015ftu ki h\u00fck\u00fcmet harekete ge\u00e7ti ve \u0130\u00e7i\u015fleri Bakan\u0131\u2019n\u0131n koordinasyonunda \u201ca\u00e7\u0131l\u0131m\u201d i\u00e7in kollar\u0131 s\u0131vad\u0131.<\/p>\n<p style=\"text-align: justify;\">Devlet bu s\u00fcre\u00e7te soruna \u00e7\u00f6z\u00fcm bulabilmek i\u00e7in her \u015feyi konu\u015fmaya haz\u0131r. Ama bu k\u0131rm\u0131z\u0131 \u00e7izgilerin olmad\u0131\u011f\u0131 anlam\u0131na da gelmiyor. \u0130\u015fte o k\u0131rm\u0131z\u0131 \u00e7izgiler\u2026<\/p>\n","protected":false},"author":1,"featured_media":0,"comment_status":"open","ping_status":"closed","sticky":false,"template":"","format":"standard","meta":{"footnotes":""},"categories":[16],"tags":[],"class_list":["post-12754","post","type-post","status-publish","format-standard","hentry","category-kose-yazilari","odd"],"_links":{"self":[{"href":"http:\/\/www.korhanyilmaz.com\/index.php?rest_route=\/wp\/v2\/posts\/12754","targetHints":{"allow":["GET"]}}],"collection":[{"href":"http:\/\/www.korhanyilmaz.com\/index.php?rest_route=\/wp\/v2\/posts"}],"about":[{"href":"http:\/\/www.korhanyilmaz.com\/index.php?rest_route=\/wp\/v2\/types\/post"}],"author":[{"embeddable":true,"href":"http:\/\/www.korhanyilmaz.com\/index.php?rest_route=\/wp\/v2\/users\/1"}],"replies":[{"embeddable":true,"href":"http:\/\/www.korhanyilmaz.com\/index.php?rest_route=%2Fwp%2Fv2%2Fcomments&post=12754"}],"version-history":[{"count":0,"href":"http:\/\/www.korhanyilmaz.com\/index.php?rest_route=\/wp\/v2\/posts\/12754\/revisions"}],"wp:attachment":[{"href":"http:\/\/www.korhanyilmaz.com\/index.php?rest_route=%2Fwp%2Fv2%2Fmedia&parent=12754"}],"wp:term":[{"taxonomy":"category","embeddable":true,"href":"http:\/\/www.korhanyilmaz.com\/index.php?rest_route=%2Fwp%2Fv2%2Fcategories&post=12754"},{"taxonomy":"post_tag","embeddable":true,"href":"http:\/\/www.korhanyilmaz.com\/index.php?rest_route=%2Fwp%2Fv2%2Ftags&post=12754"}],"curies":[{"name":"wp","href":"https:\/\/api.w.org\/{rel}","templated":true}]}}