{"id":12751,"date":"2009-08-03T09:50:00","date_gmt":"2009-08-03T06:50:00","guid":{"rendered":"http:\/\/www.korhanyilmaz.com\/?p=12751"},"modified":"2009-08-03T09:50:00","modified_gmt":"2009-08-03T06:50:00","slug":"ergenekon-ve-danistay-davalari-birlesti","status":"publish","type":"post","link":"http:\/\/www.korhanyilmaz.com\/?p=12751","title":{"rendered":"&#039;Ergenekon&#039; ve &#039;Dan\u0131\u015ftay&#039; davalar\u0131 birle\u015fti"},"content":{"rendered":"<p><a href=\"http:\/\/www.korhanyilmaz.com\/wp-content\/uploads\/2009\/08\/ergenekon.jpg\"  class=\"lightview\"><img loading=\"lazy\" decoding=\"async\" class=\"aligncenter size-full wp-image-12752\" src=\"http:\/\/www.korhanyilmaz.com\/wp-content\/uploads\/2009\/08\/ergenekon.jpg\" alt=\"\" width=\"292\" height=\"224\" \/><\/a><\/p>\n<p style=\"text-align: justify;\">\u0130stanbul 13. A\u011f\u0131r Ceza Mahkemesi, Dan\u0131\u015ftay sald\u0131r\u0131s\u0131 davas\u0131n\u0131n 1. Ergenekon davas\u0131yla birle\u015ftirilmesine karar verdi. Dan\u0131\u015ftay sald\u0131r\u0131s\u0131 faili Alparslan Arslan&#8217;\u0131n da aralar\u0131nda bulundu\u011fu 3 sald\u0131r\u0131 san\u0131\u011f\u0131 da duru\u015fma salonunda bulunuyor.<\/p>\n<p style=\"text-align: justify;\">Emekli Tu\u011fgeneral Veli K\u00fc\u00e7\u00fck, \u0130\u015f\u00e7i Partisi (\u0130P) Genel Ba\u015fkan\u0131 Do\u011fu Perin\u00e7ek ve eski \u0130stanbul \u00dcniversitesi (\u0130\u00dc) Rekt\u00f6r\u00fc Prof. Dr. Kemal Alemdaro\u011flu&#8217;nun da aralar\u0131nda bulunu\u011fu 27&#8217;si tutuklu 86 san\u0131kl\u0131 birinci &#8220;Ergenekon&#8221; davas\u0131n\u0131n g\u00f6r\u00fclmesine, 52 g\u00fcnl\u00fck aran\u0131n ard\u0131ndan 102&#8217;nci duru\u015fmayla devam edililyor.<\/p>\n<p style=\"text-align: justify;\">&#8220;Ergenekon&#8221; davas\u0131 ile Dan\u0131\u015ftay \u00fcyelerine sald\u0131r\u0131 davas\u0131na ili\u015fkin birle\u015ftirilmesi karar\u0131 bug\u00fcnk\u00fc duru\u015fmada a\u00e7\u0131kland\u0131. <!--more--><\/p>\n<p style=\"text-align: justify;\">Mahkeme heyeti, bu kapsamda Dan\u0131\u015ftay 2&#8217;nci Dairesi \u00fcyelerine ve Cumhuriyet Gazetesi&#8217;ne yap\u0131lan sald\u0131r\u0131lara ili\u015fkin davan\u0131n tutuklu san\u0131klar\u0131 Alparslan Arslan, Erhan Timuro\u011flu, S\u00fcleyman Esen, Osman Y\u0131ld\u0131r\u0131m, \u0130smail Sa\u011f\u0131r ve Tekin Ir\u015fi ile tutuksuz san\u0131klar Aykut Metin \u015e\u00fckre ile Salih Kurter&#8217;e duru\u015fmaya kat\u0131lmalar\u0131 i\u00e7in davetiye g\u00f6ndermi\u015fti.<\/p>\n<p style=\"text-align: justify;\">7,5 ayda 101 duru\u015fma<\/p>\n<p style=\"text-align: justify;\">\u0130stanbul 13&#8217;\u00fcnc\u00fc A\u011f\u0131r Ceza Mahkemesi, &#8220;Ergenekon&#8221; davas\u0131n\u0131n ilk duru\u015fmas\u0131n\u0131 20 Ekim 2008 tarihinde ger\u00e7ekle\u015ftirdi. Mahkeme, yakla\u015f\u0131k 7,5 ayda yap\u0131lan 101 duru\u015fmada, iddianamedeki s\u0131ralamaya g\u00f6re \u00f6nce tutuklu san\u0131klar\u0131n savunmalar\u0131n\u0131 ald\u0131.<\/p>\n<p style=\"text-align: justify;\">Yarg\u0131lama s\u00fcrecinde en uzun savunmay\u0131 12 duru\u015fma boyunca yakla\u015f\u0131k 60 saatte avukat Kemal Kerin\u00e7siz yapt\u0131.<\/p>\n<p style=\"text-align: justify;\">Tutuklu san\u0131klarla birlikte ifadeleri al\u0131nan Ali Yi\u011fit ve Semih Tufan G\u00fclaltay d\u0131\u015f\u0131ndaki tutuksuz san\u0131klardan aralar\u0131nda Sedat Peker ve Prof. Dr. Kemal Alemdaro\u011flu&#8217;nun da bulundu\u011fu 33&#8217;\u00fcn\u00fcn savunmas\u0131 ise davan\u0131n 94&#8217;\u00fcnc\u00fc duru\u015fmas\u0131nda tamamland\u0131.<\/p>\n<p style=\"text-align: justify;\">Prof. Dr. Alemdaro\u011flu&#8217;nun ard\u0131ndan avukat\u0131 Metin \u00c7etinba\u015f&#8217;\u0131n yaz\u0131l\u0131 olarak haz\u0131rlad\u0131\u011f\u0131 savunmas\u0131n\u0131 okumas\u0131 101&#8217;inci duru\u015fmaya kadar devam etti.<\/p>\n<p style=\"text-align: justify;\">Duru\u015fmalar\u0131n yeniden ba\u015flamas\u0131 ve avukat \u00c7etinba\u015f&#8217;\u0131n savunmas\u0131n\u0131 tamamlamas\u0131n\u0131n ard\u0131ndan davan\u0131n tutuksuz san\u0131klar\u0131 \u0130lhan Sel\u00e7uk, Ferit \u0130lsever ve avukat Fuat Turgut ile haklar\u0131nda yakalama karar\u0131 bulunan 2 san\u0131\u011f\u0131n yakalanmalar\u0131 halinde ifadelerinin al\u0131nmas\u0131na ge\u00e7ilecek.<\/p>\n<p style=\"text-align: justify;\">Mahkeme heyeti, &#8220;Ergenekon&#8221; davas\u0131nda ilk tahliye karar\u0131n\u0131, 15. celsenin yap\u0131ld\u0131\u011f\u0131 18 Kas\u0131m 2008 tarihinde verdi.<\/p>\n<p style=\"text-align: justify;\">Mahkeme heyeti, bu tarihte Mahmut \u00d6zt\u00fcrk&#8217;\u00fcn serbest b\u0131rak\u0131lmas\u0131n\u0131 kararla\u015ft\u0131rd\u0131. Tutuklu san\u0131klardan Gazi G\u00fcder 25&#8217;inci celsede, Muammer Karabulut, Vedat Yenerer ve Orhan Tun\u00e7 41&#8217;inci celsede, Sami Ho\u015ftan, Serhan Bolluk ve Abdulmuttalip Ton\u00e7er 53&#8217;\u00fcnc\u00fc celsede, Vatan B\u00f6l\u00fckba\u015fo\u011flu ve H\u00fcseyin Gazi O\u011fuz 65&#8217;inci celsede, Bekir \u00d6zt\u00fcrk, Abdullah Arapo\u011fullar\u0131, Rasim G\u00f6r\u00fcm, O\u011fuz Alparslan Abd\u00fclkadir ve Halil Behi\u00e7 G\u00fcrcihan ise 83&#8217;\u00fcnc\u00fc celsede tahliye edildi.<\/p>\n<p style=\"text-align: justify;\">Mahkeme heyeti, 101&#8217;inci duru\u015fmada da Mete Yalazangil, Mehmet Adnan Akf\u0131rat, Ali Kutlu ve Murat \u00c7a\u011flar&#8217;\u0131n tahliyelerini kararla\u015ft\u0131rarak, tutuklu 46 san\u0131ktan 19&#8217;unu serbest b\u0131rakm\u0131\u015f oldu. Mahkeme heyeti, en son 12 Haziran 2009 tarihinde g\u00f6rd\u00fc\u011f\u00fc davan\u0131n duru\u015fmas\u0131n\u0131, heyetin y\u0131ll\u0131k izne ayr\u0131lmas\u0131, ikinci &#8220;Ergenekon&#8221; dava dosyas\u0131n\u0131n incelenecek olmas\u0131 nedeniyle 3 A\u011fustos Pazartesi g\u00fcn\u00fc saat 09.30&#8217;a b\u0131rakt\u0131.<\/p>\n<p style=\"text-align: justify;\"><span style=\"color: #993300;\"><strong><em>Ceza istemleri <\/em><\/strong><\/span><\/p>\n<p style=\"text-align: justify;\">Davan\u0131n, \u0130stanbul Cumhuriyet Savc\u0131lar\u0131 Zekeriya \u00d6z, Nihat Ta\u015fk\u0131n ve Mehmet Ali Pekg\u00fczel taraf\u0131ndan haz\u0131rlanan, 450 klas\u00f6rden olu\u015fan 2 bin 455 sayfal\u0131k iddianamesinde, emekli Tu\u011fgeneral Veli K\u00fc\u00e7\u00fck&#8217;\u00fcn, &#8220;ki\u015fiyi yerine getirdi\u011fi kamu g\u00f6revinden dolay\u0131 tasarlayarak \u00f6ld\u00fcrmeye azmettirmek&#8221; ve &#8220;cebir ve \u015fiddet kullanarak T\u00fcrkiye Cumhuriyeti h\u00fck\u00fcmetini ortadan kald\u0131rmaya veya g\u00f6revlerini yapmas\u0131n\u0131 k\u0131smen veya tamamen engellemeye te\u015febb\u00fcs etmek&#8221; su\u00e7lar\u0131ndan 2 kez a\u011f\u0131rla\u015ft\u0131r\u0131lm\u0131\u015f m\u00fcebbet hapsi isteniyor.<\/p>\n<p style=\"text-align: justify;\">&#8220;Ki\u015fiyi yerine getirdi\u011fi kamu g\u00f6revinden dolay\u0131 tasarlayarak \u00f6ld\u00fcrmeye te\u015febb\u00fcse azmettirmek&#8221; su\u00e7undan 4 ma\u011fdur i\u00e7in ayr\u0131 ayr\u0131 cezaland\u0131r\u0131lmas\u0131 istenen K\u00fc\u00e7\u00fck&#8217;\u00fcn, bu su\u00e7a ili\u015fkin de toplam 52 ile 80 y\u0131l aras\u0131nda hapsi \u00f6ng\u00f6r\u00fcl\u00fcyor.<\/p>\n<p style=\"text-align: justify;\">K\u00fc\u00e7\u00fck&#8217;\u00fcn di\u011fer su\u00e7lamalarla ilgili olarak da 194 ile 435 y\u0131l aras\u0131nda hapsi talep edilen iddianamede, Do\u011fu Perin\u00e7ek&#8217;in de &#8220;cebir ve \u015fiddet kullanarak T\u00fcrkiye Cumhuriyeti h\u00fck\u00fcmetini ortadan kald\u0131rmaya veya g\u00f6revlerini yapmas\u0131n\u0131 k\u0131smen veya tamamen engellemeye te\u015febb\u00fcs etmek&#8221; su\u00e7undan a\u011f\u0131rla\u015ft\u0131r\u0131lm\u0131\u015f m\u00fcebbet hapsi isteniyor.<\/p>\n<p style=\"text-align: justify;\">Perin\u00e7ek&#8217;in TCK&#8217;n\u0131n 220. maddesinde yer alan &#8220;\u00f6rg\u00fct y\u00f6neticileri, \u00f6rg\u00fct\u00fcn faaliyeti \u00e7er\u00e7evesinde i\u015flenen b\u00fct\u00fcn su\u00e7lardan dolay\u0131 ayr\u0131ca fail olarak cezaland\u0131r\u0131l\u0131r&#8221; h\u00fckm\u00fc uyar\u0131nca &#8220;ki\u015fiyi yerine getirdi\u011fi kamu g\u00f6revinden dolay\u0131 tasarlayarak \u00f6ld\u00fcrmek&#8221; su\u00e7undan da a\u011f\u0131rla\u015ft\u0131r\u0131lm\u0131\u015f m\u00fcebbet hapsi istenen iddianamede, Perin\u00e7ek&#8217;in di\u011fer su\u00e7lamalara ili\u015fkin de 192 ile 417 y\u0131l aras\u0131nda hapse \u00e7arpt\u0131r\u0131lmas\u0131 talep ediliyor.<\/p>\n<p style=\"text-align: justify;\">\u0130ddianamede, K\u00fc\u00e7\u00fck ile Perin\u00e7ek&#8217;e ili\u015fkin sevk maddeleri aras\u0131nda K\u00fclt\u00fcr ve Tabiat Varl\u0131klar\u0131 Koruma Kanunu&#8217;nun 73&#8217;\u00fcnc\u00fc maddesi ile Telsiz Kanunu&#8217;nun 32&#8217;nci maddesinin de bulunmas\u0131 dikkat \u00e7ekiyor.<\/p>\n<p style=\"text-align: justify;\">Di\u011fer san\u0131klardan Cumhuriyet Gazetesi \u0130mtiyaz Sahibi ve ba\u015fyazar\u0131 \u0130lhan Sel\u00e7uk ile Kuvay\u0131 Milliye Derne\u011fi Ba\u015fkan\u0131 emekli Kurmay Albay Mehmet Fikri Karada\u011f&#8217;\u0131n da &#8220;cebir ve \u015fiddet kullanarak T\u00fcrkiye Cumhuriyeti h\u00fck\u00fcmetini ortadan kald\u0131rmaya veya g\u00f6revlerini yapmas\u0131n\u0131 k\u0131smen veya tamamen engellemeye te\u015febb\u00fcs etmek&#8221; su\u00e7undan a\u011f\u0131rla\u015ft\u0131r\u0131lm\u0131\u015f m\u00fcebbet hapsi talep ediliyor.<\/p>\n<p style=\"text-align: justify;\">\u0130ddianamede, Sel\u00e7uk ve Karada\u011f ile eski \u0130\u00dc Rekt\u00f6r\u00fc Kemal Yal\u00e7\u0131n Alemdaro\u011flu ve T\u00fcrk Ortodoks Patrikhanesi Bas\u0131n S\u00f6zc\u00fcs\u00fc Sevgi Erenerol&#8217;un da TCK&#8217;n\u0131n 220&#8217;nci maddesinde yer alan &#8220;\u00f6rg\u00fct y\u00f6neticileri, \u00f6rg\u00fct\u00fcn faaliyeti \u00e7er\u00e7evesinde i\u015flenen b\u00fct\u00fcn su\u00e7lardan dolay\u0131 ayr\u0131ca fail olarak cezaland\u0131r\u0131l\u0131r&#8221; h\u00fckm\u00fc uyar\u0131nca &#8220;ki\u015fiyi yerine getirdi\u011fi kamu g\u00f6revinden dolay\u0131 tasarlayarak \u00f6ld\u00fcrmek&#8221; su\u00e7undan a\u011f\u0131rla\u015ft\u0131r\u0131lm\u0131\u015f m\u00fcebbet hapsi isteniyor.<\/p>\n<p style=\"text-align: justify;\">Emekli Y\u00fczba\u015f\u0131 Muzaffer Tekin&#8217;in &#8220;ki\u015fiyi yerine getirdi\u011fi kamu g\u00f6revinden dolay\u0131 tasarlayarak \u00f6ld\u00fcrmeye azmettirmek&#8221; ve &#8220;cebir ve \u015fiddet kullanarak T\u00fcrkiye Cumhuriyeti h\u00fck\u00fcmetini ortadan kald\u0131rmaya veya g\u00f6revlerini yapmas\u0131n\u0131 k\u0131smen veya tamamen engellemeye te\u015febb\u00fcs etmek&#8221; su\u00e7lar\u0131ndan 2 kez a\u011f\u0131rla\u015ft\u0131r\u0131lm\u0131\u015f m\u00fcebbet hapsi istenen iddianamede, bu san\u0131klar\u0131n di\u011fer su\u00e7lamalara ili\u015fkin olarak da 217 ile 500 y\u0131l aras\u0131nda de\u011fi\u015fen hapis cezalar\u0131na \u00e7arpt\u0131r\u0131lmalar\u0131 talebinde bulunuluyor.<\/p>\n<p style=\"text-align: justify;\">\u0130ddianamede, avukat Kemal Kerin\u00e7siz&#8217;in de aralar\u0131nda bulundu\u011fu di\u011fer 79 san\u0131\u011f\u0131n ise de\u011fi\u015fik su\u00e7lamalardan 1 ile 74 y\u0131l aras\u0131nda de\u011fi\u015fen hapsi isteniyor.<\/p>\n<p style=\"text-align: justify;\"><strong><em>Dan\u0131\u015ftay&#8217;a sald\u0131r\u0131 davas\u0131nda karar ve bozma <\/em><\/strong><\/p>\n<p style=\"text-align: justify;\">&#8220;Ergenekon&#8221; davas\u0131yla birle\u015ftirilmesi beklenen Dan\u0131\u015ftay&#8217;a y\u00f6nelik sald\u0131r\u0131ya ili\u015fkin davaya bakan Ankara 11&#8217;inci A\u011f\u0131r Ceza Mahkemesi, yap\u0131lan yarg\u0131lama sonucu san\u0131k Alparslan Arslan&#8217;\u0131, &#8220;cebir ve \u015fiddet kullanarak T\u00fcrkiye Cumhuriyeti Anayasas\u0131&#8217;n\u0131n \u00f6ng\u00f6rd\u00fc\u011f\u00fc d\u00fczeni ortadan kald\u0131rmaya, yerine yeni bir d\u00fczen getirmeye, fiilen uygulanmas\u0131n\u0131 \u00f6nlemeye te\u015febb\u00fcs etmek&#8221;, &#8220;Dan\u0131\u015ftay 2&#8217;nci Dairesi Ba\u015fkan\u0131 Mustafa Y\u00fccel \u00d6zbilgin&#8217;i, tasarlayarak ve yerine getirdi\u011fi kamu g\u00f6revi nedeniyle kasten \u00f6ld\u00fcrmek&#8221; su\u00e7lar\u0131ndan 2 kez a\u011f\u0131rla\u015ft\u0131r\u0131lm\u0131\u015f m\u00fcebbet hapisle cezaland\u0131rm\u0131\u015ft\u0131.<\/p>\n<p style=\"text-align: justify;\">Mahkeme heyeti, Osman Y\u0131ld\u0131r\u0131m, Erhan Timuro\u011flu ve \u0130smail Sa\u011f\u0131r hakk\u0131nda da &#8220;cebir ve \u015fiddet kullanarak T\u00fcrkiye Cumhuriyeti Anayasas\u0131&#8217;n\u0131n \u00f6ng\u00f6rd\u00fc\u011f\u00fc d\u00fczeni ortadan kald\u0131rmaya, yerine yeni bir d\u00fczen getirmeye, fiilen uygulanmas\u0131n\u0131 \u00f6nlemeye te\u015febb\u00fcs etmek&#8221; su\u00e7undan a\u011f\u0131rla\u015ft\u0131r\u0131lm\u0131\u015f m\u00fcebbet hapis cezas\u0131 vermi\u015f, cezalar TCK&#8217;n\u0131n 62&#8217;nci maddesi uyar\u0131nca m\u00fcebbet hapis cezas\u0131na \u00e7evrilmi\u015fti.<\/p>\n<p style=\"text-align: justify;\">San\u0131k S\u00fcleyman Esen de &#8220;cebir ve \u015fiddet kullanarak T\u00fcrkiye Cumhuriyeti Anayasas\u0131&#8217;n\u0131n \u00f6ng\u00f6rd\u00fc\u011f\u00fc d\u00fczeni ortadan kald\u0131rmaya ve yerine ba\u015fka bir d\u00fczen getirmeye te\u015febb\u00fcs etmek amac\u0131yla kurulan silahl\u0131 su\u00e7 \u00f6rg\u00fct\u00fcn\u00fcn \u00fcyesi olmak&#8221; su\u00e7undan duru\u015fmalardaki olumlu hal ve tav\u0131rlar\u0131 da g\u00f6z\u00f6n\u00fcne al\u0131narak 6 y\u0131l 3 ay hapisle cezaland\u0131r\u0131lm\u0131\u015ft\u0131.<\/p>\n<p style=\"text-align: justify;\">Esen&#8217;e ayr\u0131ca &#8220;patlay\u0131c\u0131 madde bulundurmak ve ta\u015f\u0131mak&#8221; su\u00e7undan 3 y\u0131l 11 ay 15 g\u00fcn hapis cezas\u0131 verilmi\u015fti. San\u0131klar hakk\u0131nda &#8220;patlay\u0131c\u0131 madde bulundurmak ve ta\u015f\u0131mak&#8221;, &#8220;ki\u015filer aras\u0131nda korku, kayg\u0131 ve panik yaratacak \u015fekilde patlay\u0131c\u0131 madde kullanmak&#8221;, &#8220;tasarlayarak ve yerine getirdi\u011fi kamu g\u00f6revi nedeniyle kasten \u00f6ld\u00fcrmeye te\u015febb\u00fcse yard\u0131m etmek&#8221; su\u00e7lar\u0131ndan \u00e7e\u015fitli hapis cezalar\u0131 da veren mahkeme heyeti, san\u0131klardan Aykut Metin \u015e\u00fckre, Ayhan Parlak ve Salih Kurter&#8217;in de \u00fczerlerine at\u0131l\u0131 su\u00e7lardan ayr\u0131 ayr\u0131 beraatlar\u0131n\u0131 kararla\u015ft\u0131rm\u0131\u015ft\u0131.<\/p>\n<p style=\"text-align: justify;\">Yarg\u0131tay 9&#8217;uncu Ceza Dairesi ise Dan\u0131\u015ftay 2&#8217;nci Dairesi \u00fcyelerine ve Cumhuriyet Gazetesine y\u00f6nelik sald\u0131r\u0131larla ilgili Alparslan Arslan&#8217;\u0131n da aralar\u0131nda bulundu\u011fu 8 san\u0131k hakk\u0131nda Ankara 11&#8217;inci A\u011f\u0131r Ceza Mahkemesi&#8217;nce verilen karar\u0131 oy birli\u011fiyle bozmu\u015ftu.<\/p>\n<p style=\"text-align: justify;\">Dairenin karar\u0131nda, &#8220;t\u00fcm dosya kapsam\u0131na g\u00f6re san\u0131klar\u0131n mensubu bulunduklar\u0131 iddia edilen \u00f6rg\u00fct\u00fcn niteli\u011fi, at\u0131l\u0131 su\u00e7lar\u0131n vasf\u0131n\u0131n belirlenmesi ve delillerin birlikte de\u011ferlendirilmesi y\u00f6n\u00fcnden \u0130stanbul 13&#8217;\u00fcnc\u00fc A\u011f\u0131r Ceza Mahkemesi&#8217;ne a\u00e7\u0131lan &#8220;Ergenekon&#8221; davas\u0131 ile bu dava aras\u0131nda hukuki ve fiili irtibat bulundu\u011funun iddia edilmi\u015f olmas\u0131 kar\u015f\u0131s\u0131nda, \u00f6ncelikle davalar\u0131n birle\u015ftirilmesinde zorunluluk bulundu\u011funa&#8221; i\u015faret edilmi\u015fti.<\/p>\n<p style=\"text-align: justify;\"><span style=\"color: #888888;\">CNN T\u00dcRK<\/span><\/p>\n","protected":false},"excerpt":{"rendered":"<\/p>\n<p style=\"text-align: justify;\">\u0130stanbul 13. A\u011f\u0131r Ceza Mahkemesi, Dan\u0131\u015ftay sald\u0131r\u0131s\u0131 davas\u0131n\u0131n 1. Ergenekon davas\u0131yla birle\u015ftirilmesine karar verdi. Dan\u0131\u015ftay sald\u0131r\u0131s\u0131 faili Alparslan Arslan&#8217;\u0131n da aralar\u0131nda bulundu\u011fu 3 sald\u0131r\u0131 san\u0131\u011f\u0131 da duru\u015fma salonunda bulunuyor.<\/p>\n<p style=\"text-align: justify;\">Emekli Tu\u011fgeneral Veli K\u00fc\u00e7\u00fck, \u0130\u015f\u00e7i Partisi (\u0130P) Genel Ba\u015fkan\u0131 Do\u011fu Perin\u00e7ek ve eski \u0130stanbul \u00dcniversitesi (\u0130\u00dc) Rekt\u00f6r\u00fc Prof. Dr. Kemal Alemdaro\u011flu&#8217;nun <\/p>\n","protected":false},"author":1,"featured_media":0,"comment_status":"open","ping_status":"closed","sticky":false,"template":"","format":"standard","meta":{"footnotes":""},"categories":[105],"tags":[],"class_list":["post-12751","post","type-post","status-publish","format-standard","hentry","category-gundem","odd"],"_links":{"self":[{"href":"http:\/\/www.korhanyilmaz.com\/index.php?rest_route=\/wp\/v2\/posts\/12751","targetHints":{"allow":["GET"]}}],"collection":[{"href":"http:\/\/www.korhanyilmaz.com\/index.php?rest_route=\/wp\/v2\/posts"}],"about":[{"href":"http:\/\/www.korhanyilmaz.com\/index.php?rest_route=\/wp\/v2\/types\/post"}],"author":[{"embeddable":true,"href":"http:\/\/www.korhanyilmaz.com\/index.php?rest_route=\/wp\/v2\/users\/1"}],"replies":[{"embeddable":true,"href":"http:\/\/www.korhanyilmaz.com\/index.php?rest_route=%2Fwp%2Fv2%2Fcomments&post=12751"}],"version-history":[{"count":0,"href":"http:\/\/www.korhanyilmaz.com\/index.php?rest_route=\/wp\/v2\/posts\/12751\/revisions"}],"wp:attachment":[{"href":"http:\/\/www.korhanyilmaz.com\/index.php?rest_route=%2Fwp%2Fv2%2Fmedia&parent=12751"}],"wp:term":[{"taxonomy":"category","embeddable":true,"href":"http:\/\/www.korhanyilmaz.com\/index.php?rest_route=%2Fwp%2Fv2%2Fcategories&post=12751"},{"taxonomy":"post_tag","embeddable":true,"href":"http:\/\/www.korhanyilmaz.com\/index.php?rest_route=%2Fwp%2Fv2%2Ftags&post=12751"}],"curies":[{"name":"wp","href":"https:\/\/api.w.org\/{rel}","templated":true}]}}