{"id":12746,"date":"2009-08-02T14:01:43","date_gmt":"2009-08-02T11:01:43","guid":{"rendered":"http:\/\/www.korhanyilmaz.com\/?p=12746"},"modified":"2009-08-02T14:01:43","modified_gmt":"2009-08-02T11:01:43","slug":"konya-halinde-yangin","status":"publish","type":"post","link":"http:\/\/www.korhanyilmaz.com\/?p=12746","title":{"rendered":"Konya halinde yang\u0131n"},"content":{"rendered":"<p style=\"text-align: center;\"><a href=\"http:\/\/www.korhanyilmaz.com\/wp-content\/uploads\/2009\/08\/HAL.jpg\"  class=\"lightview\"><img loading=\"lazy\" decoding=\"async\" class=\"aligncenter size-full wp-image-12747\" src=\"http:\/\/www.korhanyilmaz.com\/wp-content\/uploads\/2009\/08\/HAL.jpg\" alt=\"\" width=\"263\" height=\"202\" \/><\/a><\/p>\n<p style=\"text-align: justify;\">Konya&#8217;n\u0131n merkez Sel\u00e7uklu il\u00e7esinde sebze halinde yang\u0131n \u00e7\u0131kt\u0131. Alevler ilk belirlemelere g\u00f6re 10 i\u015fyerini sard\u0131.<\/p>\n<p style=\"text-align: justify;\">Ayd\u0131n Menderes Sebze Hali&#8217;nde sabah saatlerinde hen\u00fcz belirlenemeyen bir nedenle yang\u0131n \u00e7\u0131kt\u0131. Yang\u0131n\u0131n birden fazla d\u00fckkanda ba\u015flay\u0131p di\u011ferlerine de s\u0131\u00e7rad\u0131\u011f\u0131 belirtiliyor. Bu da sabotaj ihtimalini akla getirdi. Zira, 1 ki\u015finin de inceleme alt\u0131na al\u0131nd\u0131\u011f\u0131 belirtiliyor.<\/p>\n<p style=\"text-align: justify;\">Sebze Hali esnaf\u0131n\u0131n ihbar\u0131 \u00fczerine olay yerine gelen Konya B\u00fcy\u00fck\u015fehir Belediyesi ve Konya Organize Sanayi B\u00f6lge M\u00fcd\u00fcrl\u00fc\u011f\u00fc itfaiye ekipleri yang\u0131n\u0131 kontrol alt\u0131na almaya \u00e7al\u0131\u015f\u0131yor. <!--more--><\/p>\n<p style=\"text-align: justify;\">Yang\u0131nda, dumandan zehirlenen 1 ki\u015fi ambulansla Konya Numune Hastanesi&#8217;ne kald\u0131r\u0131ld\u0131.<\/p>\n<p style=\"text-align: justify;\">\u0130lk belirlemelere g\u00f6re bir \u00e7ok d\u00fckkan\u0131 saran yang\u0131n nedeniyle sebze hali bo\u015falt\u0131l\u0131rken, polis \u00e7evrede g\u00fcvenlik \u00f6nlemi ald\u0131.<\/p>\n<p style=\"text-align: justify;\">Konya B\u00fcy\u00fck\u015fehir Belediye Ba\u015fkan\u0131 Tahir Aky\u00fcrek ile merkez Sel\u00e7uklu il\u00e7e Belediye Ba\u015fkan\u0131 U\u011fur \u0130brahim Altay da yang\u0131n s\u00f6nd\u00fcrme \u00e7al\u0131\u015fmalar\u0131n\u0131 yerinde takip ediyor.<\/p>\n<p style=\"text-align: justify;\">Yang\u0131n s\u00f6nd\u00fcrme \u00e7al\u0131\u015fmalar\u0131n\u0131 koordine etmek i\u00e7in olay yerine gelen Konya B\u00fcy\u00fck\u015fehir Belediyesi \u0130tfaiye Daire Ba\u015fkan\u0131 Cevdet \u0130\u015fbitirici&#8217;ye sebze halinin esnaf\u0131, yang\u0131na ge\u00e7 m\u00fcdahale edildi\u011fi gerek\u00e7esiyle tepki g\u00f6sterdi.<\/p>\n<p style=\"text-align: justify;\">Halen devam eden yang\u0131n\u0131n daha da b\u00fcy\u00fcmesinin \u00f6nlenmesi i\u00e7in sebze hali i\u00e7indeki d\u00fckkanlar\u0131n \u00e7evresindeki kasalar i\u015f makineleriyle kald\u0131r\u0131l\u0131yor.<\/p>\n<p style=\"text-align: justify;\"><span style=\"color: #888888;\">CNN T\u00dcRK<\/span><\/p>\n","protected":false},"excerpt":{"rendered":"<p style=\"text-align: center;\">\n<p style=\"text-align: justify;\">Konya&#8217;n\u0131n merkez Sel\u00e7uklu il\u00e7esinde sebze halinde yang\u0131n \u00e7\u0131kt\u0131. Alevler ilk belirlemelere g\u00f6re 10 i\u015fyerini sard\u0131.<\/p>\n<p style=\"text-align: justify;\">Ayd\u0131n Menderes Sebze Hali&#8217;nde sabah saatlerinde hen\u00fcz belirlenemeyen bir nedenle yang\u0131n \u00e7\u0131kt\u0131. Yang\u0131n\u0131n birden fazla d\u00fckkanda ba\u015flay\u0131p di\u011ferlerine de s\u0131\u00e7rad\u0131\u011f\u0131 belirtiliyor. Bu da sabotaj ihtimalini akla getirdi. Zira, 1 ki\u015finin de inceleme alt\u0131na <\/p>\n","protected":false},"author":1,"featured_media":0,"comment_status":"open","ping_status":"closed","sticky":false,"template":"","format":"standard","meta":{"footnotes":""},"categories":[105],"tags":[],"class_list":["post-12746","post","type-post","status-publish","format-standard","hentry","category-gundem","odd"],"_links":{"self":[{"href":"http:\/\/www.korhanyilmaz.com\/index.php?rest_route=\/wp\/v2\/posts\/12746","targetHints":{"allow":["GET"]}}],"collection":[{"href":"http:\/\/www.korhanyilmaz.com\/index.php?rest_route=\/wp\/v2\/posts"}],"about":[{"href":"http:\/\/www.korhanyilmaz.com\/index.php?rest_route=\/wp\/v2\/types\/post"}],"author":[{"embeddable":true,"href":"http:\/\/www.korhanyilmaz.com\/index.php?rest_route=\/wp\/v2\/users\/1"}],"replies":[{"embeddable":true,"href":"http:\/\/www.korhanyilmaz.com\/index.php?rest_route=%2Fwp%2Fv2%2Fcomments&post=12746"}],"version-history":[{"count":0,"href":"http:\/\/www.korhanyilmaz.com\/index.php?rest_route=\/wp\/v2\/posts\/12746\/revisions"}],"wp:attachment":[{"href":"http:\/\/www.korhanyilmaz.com\/index.php?rest_route=%2Fwp%2Fv2%2Fmedia&parent=12746"}],"wp:term":[{"taxonomy":"category","embeddable":true,"href":"http:\/\/www.korhanyilmaz.com\/index.php?rest_route=%2Fwp%2Fv2%2Fcategories&post=12746"},{"taxonomy":"post_tag","embeddable":true,"href":"http:\/\/www.korhanyilmaz.com\/index.php?rest_route=%2Fwp%2Fv2%2Ftags&post=12746"}],"curies":[{"name":"wp","href":"https:\/\/api.w.org\/{rel}","templated":true}]}}