{"id":12742,"date":"2009-08-02T13:56:01","date_gmt":"2009-08-02T10:56:01","guid":{"rendered":"http:\/\/www.korhanyilmaz.com\/?p=12742"},"modified":"2009-08-02T13:56:01","modified_gmt":"2009-08-02T10:56:01","slug":"chp-kimseden-kurt-raporu-istemedik","status":"publish","type":"post","link":"http:\/\/www.korhanyilmaz.com\/?p=12742","title":{"rendered":"CHP: Kimseden K\u00fcrt raporu istemedik"},"content":{"rendered":"<p><a href=\"http:\/\/www.korhanyilmaz.com\/wp-content\/uploads\/2009\/08\/kurtraporu.jpg\"  class=\"lightview\"><img loading=\"lazy\" decoding=\"async\" class=\"aligncenter size-full wp-image-12743\" src=\"http:\/\/www.korhanyilmaz.com\/wp-content\/uploads\/2009\/08\/kurtraporu.jpg\" alt=\"\" width=\"292\" height=\"197\" \/><\/a><\/p>\n<p style=\"text-align: justify;\">CHP Genel Sayman\u0131 ve Bas\u0131n S\u00f6zc\u00fcs\u00fc Mustafa \u00d6zy\u00fcrek, bug\u00fcn baz\u0131 gazetelerde yer alan &#8220;CHP&#8217;nin K\u00fcrt sorununa ili\u015fkin rapor haz\u0131rlatt\u0131\u011f\u0131&#8221; y\u00f6n\u00fcndeki haberler i\u00e7in, &#8220;CHP olarak herhangi bir kimseden &#8216;K\u00fcrt raporu&#8217; istemedik&#8221; dedi.<\/p>\n<p style=\"text-align: justify;\">\u00d6zy\u00fcrek, d\u00fcn Polis Akademisi&#8217;nde ger\u00e7ekle\u015ftirilen &#8220;&#8216;K\u00fcrt Meselesinin \u00c7\u00f6z\u00fcm\u00fc: T\u00fcrkiye Modeline Do\u011fru \u00c7al\u0131\u015ftay\u0131&#8221; ile bug\u00fcn baz\u0131 gazetelerde yer alan &#8220;CHP&#8217;nin K\u00fcrt raporu haz\u0131rlatt\u0131\u011f\u0131&#8221; y\u00f6n\u00fcndeki haberleri de\u011ferlendirdi.<\/p>\n<p style=\"text-align: justify;\">&#8220;\u00c7al\u0131\u015ftaya \u00e7a\u011fr\u0131lan ki\u015filerin daha \u00e7ok h\u00fck\u00fcmet \u00e7izgisindeki gazetecilerden olu\u015ftu\u011funu&#8221; s\u00f6yleyen \u00d6zy\u00fcrek, &#8220;K\u00fcrt sorunun \u00e7\u00f6z\u00fcm\u00fcnde samimi olarak gayret g\u00f6steren, g\u00f6r\u00fc\u015f a\u00e7\u0131klayan fakat h\u00fck\u00fcmete mesafeli duran pek \u00e7ok gazeteci var. Onlardan kimsenin \u00e7a\u011fr\u0131lmamas\u0131 dikkat \u00e7ekici. \u0130\u00e7i\u015fleri Bakan\u0131 Atalay, bas\u0131n toplant\u0131s\u0131nda &#8216;bu \u00e7al\u0131\u015fmalara herkesi kataca\u011f\u0131z, herkesin g\u00f6r\u00fc\u015flerini alarak bir T\u00fcrkiye modeli ortaya koyaca\u011f\u0131z&#8217; demi\u015fti. Ama ilk ba\u015flatt\u0131klar\u0131 \u00e7al\u0131\u015fman\u0131n sadece AKP \u00e7izgisinde g\u00f6r\u00fc\u015f belirten gazetecilerle olmas\u0131 Bakan&#8217;\u0131n &#8216;herkesi kataca\u011f\u0131z&#8217; a\u00e7\u0131klamas\u0131na ters d\u00fc\u015fmektedir&#8221; dedi. <!--more--><\/p>\n<p style=\"text-align: justify;\">&#8220;Bu sorun sadece AKP&#8217;nin veya AKP&#8217;ye yak\u0131n kimselerin birlikte \u00e7\u00f6zebilece\u011fi bir sorun de\u011fildir. Herkesin kat\u0131lmas\u0131n\u0131 ve katk\u0131s\u0131n\u0131 istiyorlarsa bu tip toplant\u0131larda daha dikkatli davranmalar\u0131, sadece kendilerine yak\u0131n kimselerle konu\u015fmak, tart\u0131\u015fmak yerine farkl\u0131 d\u00fc\u015f\u00fcncede olanlar\u0131 da dinlemelerinde yarar vard\u0131r&#8221; diyen \u00d6zy\u00fcrek, &#8220;Ba\u015flang\u0131\u00e7 yanl\u0131\u015f olmu\u015ftur. Umar\u0131m ilerideki a\u015famalarda farkl\u0131 \u00e7evrelerinde, h\u00fck\u00fcmet \u00e7izgisinde olmayan kimselerinde g\u00f6r\u00fc\u015flerine ba\u015fvururlar&#8221; \u015feklinde konu\u015ftu.<\/p>\n<p style=\"text-align: justify;\"><strong><em>&#8220;Rapor da yok komisyon da&#8221;<\/em><\/strong><\/p>\n<p style=\"text-align: justify;\">\u00d6zy\u00fcrek, bug\u00fcn baz\u0131 gazetelerde yer alan &#8220;CHP&#8217;nin K\u00fcrt sorununa ili\u015fkin rapor haz\u0131rlatt\u0131\u011f\u0131&#8221; y\u00f6n\u00fcndeki haberleri de de\u011ferlendirdi.<\/p>\n<p style=\"text-align: justify;\">&#8220;CHP olarak herhangi bir kimseden &#8216;K\u00fcrt raporu&#8217; istemedik&#8221; diyen \u00d6zy\u00fcrek, partisinin konuya ili\u015fkin g\u00f6r\u00fc\u015flerinin kamuoyuna daha \u00f6nce a\u00e7\u0131klanm\u0131\u015f oldu\u011funu hat\u0131rlatt\u0131.<\/p>\n<p style=\"text-align: justify;\">\u00d6zy\u00fcrek, &#8220;CHP olarak herhangi bir kimseden bir rapor istemedik. Kendi b\u00fcnyemizde de bir komisyon kurmad\u0131k. \u00c7e\u015fitli gazetelerdeki haberlerde ad\u0131 ge\u00e7en Prof. Dr. Ahmet \u00d6zer, uzun zaman \u00f6nce Genel Ba\u015fkan\u0131m\u0131z Deniz Baykal&#8217;a kendili\u011finden bir rapor vermi\u015fti. Bu raporda bizim kat\u0131lmad\u0131\u011f\u0131m\u0131z pek \u00e7ok noktalar var ama bizim talep etmedi\u011fimiz, kendili\u011finden haz\u0131rlad\u0131\u011f\u0131 bir rapordur. O nedenle CHP&#8217;yi ba\u011flayan bir y\u00f6n\u00fc yoktur&#8221; ifadesini kulland\u0131.<\/p>\n<p style=\"text-align: justify;\">Deniz Baykal&#8217;\u0131n SHP Genel Sekreteri oldu\u011fu 1989 y\u0131l\u0131nda konuya ili\u015fkin partide haz\u0131rlanan bir rapor oldu\u011funu, o rapor ve daha sonra da \u00e7e\u015fitli vesilelerle CHP taraf\u0131ndan haz\u0131rlanan resmi dok\u00fcman niteli\u011finde raporlar bulundu\u011funu anlatan \u00d6zy\u00fcrek, CHP&#8217;nin g\u00f6r\u00fc\u015flerinin bu \u00e7al\u0131\u015fmalarla ortaya kondu\u011funu kaydetti.<\/p>\n<p style=\"text-align: justify;\">Mustafa \u00d6zy\u00fcrek, &#8220;Bu a\u015famada biz h\u00fck\u00fcmetin yol haritas\u0131 olarak veya bir \u00e7\u00f6z\u00fcm paketi olarak bir haz\u0131rl\u0131k yapmas\u0131n\u0131, \u0130\u00e7i\u015fleri Bakan\u0131 Be\u015fir Atalay&#8217;\u0131n bas\u0131n toplant\u0131s\u0131nda bahsetti\u011fi \u00e7al\u0131\u015fmalar\u0131 netle\u015ftirerek kapsaml\u0131 bir metni ortaya koymas\u0131n\u0131 bekliyoruz. Bu \u015fekilde bir rapor \u00f6n\u00fcm\u00fcze gelirse o rapor etraf\u0131nda de\u011ferlendirmemizi yapar\u0131z. B\u00f6yle bir haz\u0131rl\u0131k yap\u0131lmadan bizimle g\u00f6r\u00fc\u015fmek istediklerinde kendilerine s\u00f6yleyece\u011fimiz onlar\u0131n haz\u0131rl\u0131klar\u0131n\u0131 bekledi\u011fimiz \u015feklinde olacakt\u0131r&#8221; dedi.<\/p>\n<p style=\"text-align: justify;\"><span style=\"color: #888888;\">CNN T\u00dcRK<\/span><\/p>\n","protected":false},"excerpt":{"rendered":"<\/p>\n<p style=\"text-align: justify;\">CHP Genel Sayman\u0131 ve Bas\u0131n S\u00f6zc\u00fcs\u00fc Mustafa \u00d6zy\u00fcrek, bug\u00fcn baz\u0131 gazetelerde yer alan &#8220;CHP&#8217;nin K\u00fcrt sorununa ili\u015fkin rapor haz\u0131rlatt\u0131\u011f\u0131&#8221; y\u00f6n\u00fcndeki haberler i\u00e7in, &#8220;CHP olarak herhangi bir kimseden &#8216;K\u00fcrt raporu&#8217; istemedik&#8221; dedi.<\/p>\n<p style=\"text-align: justify;\">\u00d6zy\u00fcrek, d\u00fcn Polis Akademisi&#8217;nde ger\u00e7ekle\u015ftirilen &#8220;&#8216;K\u00fcrt Meselesinin \u00c7\u00f6z\u00fcm\u00fc: T\u00fcrkiye Modeline Do\u011fru \u00c7al\u0131\u015ftay\u0131&#8221; ile bug\u00fcn baz\u0131 gazetelerde yer alan &#8220;CHP&#8217;nin <\/p>\n","protected":false},"author":1,"featured_media":0,"comment_status":"open","ping_status":"closed","sticky":false,"template":"","format":"standard","meta":{"footnotes":""},"categories":[105],"tags":[],"class_list":["post-12742","post","type-post","status-publish","format-standard","hentry","category-gundem","odd"],"_links":{"self":[{"href":"http:\/\/www.korhanyilmaz.com\/index.php?rest_route=\/wp\/v2\/posts\/12742","targetHints":{"allow":["GET"]}}],"collection":[{"href":"http:\/\/www.korhanyilmaz.com\/index.php?rest_route=\/wp\/v2\/posts"}],"about":[{"href":"http:\/\/www.korhanyilmaz.com\/index.php?rest_route=\/wp\/v2\/types\/post"}],"author":[{"embeddable":true,"href":"http:\/\/www.korhanyilmaz.com\/index.php?rest_route=\/wp\/v2\/users\/1"}],"replies":[{"embeddable":true,"href":"http:\/\/www.korhanyilmaz.com\/index.php?rest_route=%2Fwp%2Fv2%2Fcomments&post=12742"}],"version-history":[{"count":0,"href":"http:\/\/www.korhanyilmaz.com\/index.php?rest_route=\/wp\/v2\/posts\/12742\/revisions"}],"wp:attachment":[{"href":"http:\/\/www.korhanyilmaz.com\/index.php?rest_route=%2Fwp%2Fv2%2Fmedia&parent=12742"}],"wp:term":[{"taxonomy":"category","embeddable":true,"href":"http:\/\/www.korhanyilmaz.com\/index.php?rest_route=%2Fwp%2Fv2%2Fcategories&post=12742"},{"taxonomy":"post_tag","embeddable":true,"href":"http:\/\/www.korhanyilmaz.com\/index.php?rest_route=%2Fwp%2Fv2%2Ftags&post=12742"}],"curies":[{"name":"wp","href":"https:\/\/api.w.org\/{rel}","templated":true}]}}