{"id":12736,"date":"2009-08-02T12:09:52","date_gmt":"2009-08-02T09:09:52","guid":{"rendered":"http:\/\/www.korhanyilmaz.com\/?p=12736"},"modified":"2009-08-02T12:09:52","modified_gmt":"2009-08-02T09:09:52","slug":"ucaginin-parcalanmasini-hayal-ediyorum","status":"publish","type":"post","link":"http:\/\/www.korhanyilmaz.com\/?p=12736","title":{"rendered":"&#039;U\u00e7a\u011f\u0131n\u0131n par\u00e7alanmas\u0131n\u0131 hayal ediyorum&#039;"},"content":{"rendered":"<p style=\"text-align: center;\"><a href=\"http:\/\/www.korhanyilmaz.com\/wp-content\/uploads\/2009\/08\/020820091451490188438.jpg\"  class=\"lightview\"><img loading=\"lazy\" decoding=\"async\" class=\"aligncenter size-full wp-image-12737\" src=\"http:\/\/www.korhanyilmaz.com\/wp-content\/uploads\/2009\/08\/020820091451490188438.jpg\" alt=\"\" width=\"329\" height=\"210\" \/><\/a><\/p>\n<p style=\"text-align: justify;\">\u015eemdin Sak\u0131k&#8217;\u0131n karde\u015fine \u00f6fkesi bitmiyor!<\/p>\n<p style=\"text-align: justify;\">Ter\u00f6r \u00f6rg\u00fct\u00fc PKK&#8217;n\u0131n eleba\u015f\u0131lar\u0131ndan biriyken yakalanan \u015eemdin Sak\u0131k, \u00fclkedeki farkl\u0131l\u0131klar \u00fczerinden siyaset yap\u0131lmamas\u0131 gerekti\u011fini belirterek, &#8216;Bu \u00fclke b\u00f6l\u00fcnemez&#8217; dedi.<\/p>\n<p style=\"text-align: justify;\">Mardin&#8217;in Maz\u0131da\u011f\u0131 il\u00e7esine ba\u011fl\u0131 Bilge k\u00f6y\u00fcnde, 44 ki\u015finin \u00f6ld\u00fcr\u00fcld\u00fc\u011f\u00fc katliama ili\u015fkin, Hayat Boyu E\u011fitim Geli\u015fim Derne\u011fi&#8217;nin organizasyonunda bilim adamlar\u0131n\u0131n kat\u0131l\u0131m\u0131yla haz\u0131rlanan rapor kapsam\u0131nda, Dernek Ba\u015fkan Adem Solak, halen Diyarbak\u0131r E Tipi Ceza \u0130nfaz Kurumu&#8217;nda bulunan \u015eemdin Sak\u0131k ile &#8216;\u015fiddet olgusu&#8217; \u00fczerine bir g\u00f6r\u00fc\u015fme yapt\u0131. <!--more--><\/p>\n<p style=\"text-align: justify;\">Bu g\u00f6r\u00fc\u015fmede, ter\u00f6r \u00f6rg\u00fct\u00fcn\u00fcn eleba\u015f\u0131lar\u0131ndan biriyken Genelkurmay Ba\u015fkanl\u0131\u011f\u0131 \u00d6zel Kuvvetler Komutanl\u0131\u011f\u0131&#8217;n\u0131n 13 Nisan 1998&#8217;de d\u00fczenledi\u011fi &#8216;Yarasa Operasyonu&#8217; ile karde\u015fi Arif Sak\u0131k&#8217;la birlikte yakalan\u0131p T\u00fcrkiye&#8217;ye getirilen ve ter\u00f6r su\u00e7lar\u0131ndan m\u00fcebbet hapse \u00e7arpt\u0131r\u0131lan \u015eemdin Sak\u0131k, ter\u00f6r \u00f6rg\u00fct\u00fcne kat\u0131lma nedenleri, aile yap\u0131s\u0131n\u0131n bundaki etkileri, Mardin&#8217;deki katliam, M\u00fcnevver Karabulut cinayetinin de aralar\u0131nda bulundu\u011fu \u00e7e\u015fitli konularda a\u00e7\u0131klamalarda bulundu.<\/p>\n<p style=\"text-align: justify;\">G\u00f6r\u00fc\u015fmede Solak&#8217;\u0131n &#8216;\u0130nsan\u0131n neden \u015fiddete ve ter\u00f6re e\u011filim g\u00f6sterdi\u011fi&#8217;ne ili\u015fkin bir sorusu \u00fczerine Sak\u0131k, \u00e7o\u011fu do\u011fulu, g\u00fcneydo\u011fulu \u00e7ocuk gibi kendisinin de \u015fiddet g\u00f6rerek b\u00fcy\u00fcd\u00fc\u011f\u00fcn\u00fc belirterek, \u015f\u00f6yle konu\u015ftu:<\/p>\n<p style=\"text-align: justify;\">&#8216;Hem de \u015fiddetin her t\u00fcrl\u00fcs\u00fcyle. Ama beni, annemi ve karde\u015flerimi yoksullu\u011fa ama daha \u00f6nemlisi yoksunlu\u011fa d\u00fc\u015f\u00fcren babamd\u0131. Babam Mu\u015f&#8217;un o zamanki zenginlerinden oldu\u011fu halde ikinci e\u015fi olan annemi, beni ve karde\u015flerimi d\u0131\u015flad\u0131, ortada b\u0131rakt\u0131. Birinci ve \u00fc\u00e7\u00fcnc\u00fc e\u015fi ve onlardan olan \u00fcvey karde\u015flerim bolluk, refah i\u00e7inde ya\u015farken biz karn\u0131m\u0131z\u0131 doyurma, k\u0131\u015f\u0131 donmadan ge\u00e7irebilme m\u00fccadelesi veriyorduk. B\u00f6yle bir durumda kendi ac\u0131lar\u0131ndan \u00e7ok annenin, \u00f6z karde\u015flerinin sefaletine \u00f6fke duyuyor insan.&#8217;<\/p>\n<p style=\"text-align: justify;\"><strong>-SIRRI SAKIK PAHALI C\u0130PLERLE G\u00dcN\u00dcN\u00dc G\u00dcN EDERKEN B\u0130Z EKMEK BULAMIYORDUK- <\/strong><\/p>\n<p style=\"text-align: justify;\">E\u011fitimini s\u00fcrd\u00fcrememesinin sebebinin paras\u0131zl\u0131k oldu\u011funu anlatan Sak\u0131k, \u015f\u00f6yle devam etti:<\/p>\n<p style=\"text-align: justify;\">&#8216;\u00dcvey karde\u015flerimin, \u00f6zellikle S\u0131rr\u0131 Sak\u0131k&#8217;\u0131n g\u00fcnl\u00fck hovardaca harcamalar\u0131 bizim terk edilmi\u015f aile olarak ayl\u0131k ge\u00e7im b\u00fct\u00e7emizden fazla idi. O alt\u0131nda 300-400 bin liral\u0131k pahal\u0131 ciplerle g\u00fcn\u00fcn\u00fc g\u00fcn ederken biz karn\u0131m\u0131z\u0131 doyurmak i\u00e7in ekmek bulam\u0131yorduk. O g\u00fcnlerin bilin\u00e7alt\u0131 \u00f6fkesidir ki S\u0131rr\u0131 Sak\u0131k ile ilgili ne zaman bir TV program\u0131 rastlasam bindi\u011fi u\u00e7a\u011f\u0131n par\u00e7alanmas\u0131n\u0131 ve onun da yok olmas\u0131n\u0131 hayal ederim.<\/p>\n<p style=\"text-align: justify;\">\u0130\u015fte \u00e7ocuklu\u011fumda b\u00fct\u00fcn h\u00fccrelerimin \u015fiddet dolu hale gelmesine sebep olan tablo. Tablonun gerisini zihninizde fiziksel, s\u00f6zel, duygusal, sosyal \u015fiddet fig\u00fcrleriyle dopdolu hale getirin i\u015fte. Burada esas kahredici olan yoksulluk de\u011fil, haklar\u0131n\u0131n insan\u0131n elinden al\u0131nm\u0131\u015f olmas\u0131, yani yoksunluktur.&#8217;<\/p>\n<p style=\"text-align: justify;\"><strong>-&#8216;BEN, \u0130LK KUR\u015eUNU \u00dcVEY KARDE\u015eLER\u0130NDEN Y\u0130YEN ADAMIM&#8217;- <\/strong><\/p>\n<p style=\"text-align: justify;\">Mu\u015f&#8217;un zenginleri aras\u0131ndaki babas\u0131 ile \u00fcvey karde\u015fleri bu \u015fekilde ya\u015farken kendisinin \u00e7\u00f6pl\u00fcklerde, annesinin ise k\u00f6yl\u00fcn\u00fcn kap\u0131s\u0131nda yiyecek bulmaya \u00e7al\u0131\u015ft\u0131\u011f\u0131n\u0131 anlatan Sak\u0131k, &#8216;Bize yap\u0131lan adaletsizli\u011fin, insafs\u0131zl\u0131\u011f\u0131n doru\u011fuydu. \u0130nsano\u011flunun kendi t\u00fcr\u00fcne, hem de karde\u015fine, evlad\u0131na kar\u015f\u0131 ne kadar insafs\u0131zla\u015fabilece\u011finin a\u00e7\u0131k bir \u00f6rne\u011fiydi&#8217; diye konu\u015ftu.<\/p>\n<p style=\"text-align: justify;\">Sak\u0131k, bu zulm\u00fcn her g\u00fcn, her an isyana davet etti\u011fini ifade ederek, &#8216;Bana &#8216;ilk kur\u015funu babas\u0131na s\u0131kan adam&#8217; diyorlar. Do\u011frusu hak etmi\u015fti, ama ben yapmad\u0131m. Her konuda oldu\u011fu gibi, bu konuda da yalan s\u00f6ylediler. Ben ilk kur\u015funu babas\u0131na s\u0131kan adam de\u011fil, mahkeme tutanaklar\u0131nda da g\u00f6r\u00fcld\u00fc\u011f\u00fc gibi ilk kur\u015funu \u00fcvey karde\u015flerimden yiyen adam\u0131m&#8217; \u015feklinde konu\u015ftu.<\/p>\n<p style=\"text-align: justify;\">T\u00fcrkiye&#8217;de adalet sistemi y\u00fcz\u00fcnden yoksunlu\u011fun y\u0131\u011f\u0131nlar\u0131n sorunu oldu\u011funu savunan Sak\u0131k, &#8216;Adalet i\u015flemedi\u011fi s\u00fcrece bu sorun a\u011f\u0131rla\u015facakt\u0131r, \u00fclkenin bir numaral\u0131 sorunu haline gelecektir. Mardin ve Adana&#8217;da ya\u015fanan katliamlara benzer katliamlar ya\u015fanacakt\u0131r&#8217; ifadelerini kulland\u0131.<\/p>\n<p style=\"text-align: justify;\"><strong>-MUTLU \u0130NSANLAR TER\u00d6R \u00d6RG\u00dcT\u00dcNE KATILMIYOR- <\/strong><\/p>\n<p style=\"text-align: justify;\">Sak\u0131k, \u015fiddete ili\u015fkin bir soru \u00fczerine de &#8216;Ben 18 y\u0131l da\u011fda kald\u0131m. \u00d6rg\u00fcte kat\u0131lan herkesten, \u00f6nce geni\u015f bir \u00f6z ge\u00e7mi\u015f al\u0131yordum. G\u00fc\u00e7l\u00fc bir a\u015firetten, zengin bir aileden, mutlu bir ortamdan gelip \u00f6rg\u00fcte kat\u0131lan hi\u00e7 kimseye rastlamad\u0131m. \u00d6rg\u00fcte kat\u0131lanlar, benim gibi d\u0131\u015flanm\u0131\u015f, ailesinden, \u00e7evreden \u015fiddet g\u00f6rm\u00fc\u015f insanlard\u0131&#8217; dedi.<\/p>\n<p style=\"text-align: justify;\">Sevgisizlik ve de\u011fersizli\u011fin her \u00e7ocu\u011fu, her insan\u0131 bo\u015flu\u011fa itti\u011fini belirten Sak\u0131k, \u015f\u00f6yle devam etti:<\/p>\n<p style=\"text-align: justify;\">&#8216;\u00dcvey anne daya\u011f\u0131, baba, amca, a\u011fabey, kom\u015fu \u015fiddetiyle b\u00fcy\u00fcyor b\u00f6lge \u00e7ocuklar\u0131. \u00c7ok kalabal\u0131k aile ortamlar\u0131nda ihtiya\u00e7lar\u0131 olan sevgiden, ilgiden yoksun kal\u0131yorlar. Bu da onlar\u0131, \u00f6fkeye, \u00f6\u00e7 almaya itiyor. B\u00fcy\u00fcy\u00fcp bir gen\u00e7 olunca devlette i\u015f bulanlar bir \u015fekilde kendini g\u00fc\u00e7l\u00fc hissediyor, kurtulmu\u015f say\u0131yor. Ama ortada kalanlar ki bunlar b\u00fcy\u00fck \u00e7o\u011funlu\u011fu te\u015fkil ediyor, ister istemez bir kurtulu\u015f aray\u0131\u015f\u0131na giriyor. \u0130\u015fte da\u011fa \u00e7\u0131kanlar bu grup i\u00e7inde kalanlard\u0131r.<\/p>\n<p style=\"text-align: justify;\">Asl\u0131na bakarsan\u0131z, da\u011fa y\u00f6nelen \u00e7ocuk ve gen\u00e7lerin y\u00fczde 90&#8217;\u0131n\u0131n devletle, rejimle bildik bir sorunu yoktur. Yapt\u0131klar\u0131 aileye, onlar\u0131 ezen herkese ve her \u015feye kar\u015f\u0131 g\u00fc\u00e7l\u00fc olma, adam yerine konma aray\u0131\u015f\u0131d\u0131r. Devlet d\u00fc\u015fmanl\u0131\u011f\u0131n\u0131 da\u011fda, \u00f6rg\u00fctte \u00f6\u011freniyorlar.&#8217;<\/p>\n<p style=\"text-align: justify;\"><strong>-&#8216;HALA, NEDEN DA\u011eLARA \u00c7IKTI\u011eIMI TAM OLARAK ANLAMI\u015e DE\u011e\u0130L\u0130M&#8217;- <\/strong><\/p>\n<p style=\"text-align: justify;\">&#8216;A\u015firetlerin silahl\u0131 \u00e7at\u0131\u015fmalar\u0131na tan\u0131kl\u0131k ederek, \u00e7eli\u015fki, \u00e7at\u0131\u015fma ve cinayetlerin eksik olmad\u0131\u011f\u0131, aile, kabile ve a\u015firetlerin hem kendi i\u00e7lerinde hem de birbirleriyle \u00e7at\u0131\u015ft\u0131klar\u0131 bo\u011fucu, y\u0131k\u0131c\u0131, \u00f6ld\u00fcr\u00fcc\u00fc bir ortamda b\u00fcy\u00fcd\u00fc\u011f\u00fcn\u00fc&#8217; vurgulayan Sak\u0131k, \u015funlar\u0131 anlatt\u0131:<\/p>\n<p style=\"text-align: justify;\">&#8216;Hala, neden da\u011flara \u00e7\u0131kt\u0131\u011f\u0131m\u0131 tam olarak anlam\u0131\u015f de\u011filim. Belki de aile ortam\u0131nda u\u011frad\u0131\u011f\u0131m haks\u0131zl\u0131k ve ayr\u0131mc\u0131l\u0131ktan ka\u00e7\u0131\u015f gibi, dolu barda\u011f\u0131n i\u00e7indeki su damlalar\u0131 kadar \u00e7ok neden var. Asl\u0131nda da\u011fa \u00e7\u0131karken d\u00fc\u015f\u00fcn\u00fclm\u00fc\u015f, planlanm\u0131\u015f bir karar s\u00fcreci ya\u015famad\u0131m. Bir\u00e7ok nedenle kendimi da\u011flarda ve \u015fiddet ortam\u0131nda buldum. &#8216;Bir de bakt\u0131m da\u011fday\u0131m&#8217; demek daha do\u011fru bir tan\u0131m olur.&#8217;<\/p>\n<p style=\"text-align: justify;\">\u015eiddete ki\u015fisel tercihlerinden de\u011fil, toplumsal, siyasal ve ekonomik ko\u015fullardan dolay\u0131 bula\u015ft\u0131\u011f\u0131n\u0131 s\u00f6yleyen Sak\u0131k, &#8216;Ben de bu toplumun herhangi bir ferdi gibi, toplumsal sorunlar\u0131n bir ma\u011fduru oldum&#8217; ifadesini kulland\u0131.<\/p>\n<p style=\"text-align: justify;\"><strong>-&#8216;DA\u011eLARDA HER \u015eEY\u0130M\u0130 KAYBETT\u0130M&#8217;- <\/strong><\/p>\n<p style=\"text-align: justify;\">\u015eemdin Sak\u0131k, annesinin, da\u011fa \u00e7\u0131kmas\u0131n\u0131n kendisine bir yarar getirmeyece\u011fini s\u00f6yledi\u011fini belirterek, \u015funlar\u0131 ifade etti:<\/p>\n<p style=\"text-align: justify;\">&#8216;\u00c7\u0131kt\u0131\u011f\u0131m da\u011flarda neler yitirdi\u011fimi bir ben bilirim. Da\u011fa \u00e7\u0131kt\u0131ktan sonra, ki\u015filik, duygu, d\u00fc\u015f\u00fcnce ve yeteneklerimi yitirdim. \u00d6nce kendimi, sonra \u00e7evremi kaybettim. Neyim varsa hepsi birden yok olup gitti; ge\u00e7mi\u015fim, bug\u00fcn\u00fcm, gelece\u011fim, sa\u011fl\u0131\u011f\u0131m, ki\u015fili\u011fim, umutlar\u0131m, hayallerim, ailem, akrabam ve dostlar\u0131m&#8230;<\/p>\n<p style=\"text-align: justify;\">Geride, \u00f6z\u00fcme ayk\u0131r\u0131 bir maske yerle\u015fmi\u015f olarak kald\u0131 y\u00fcz\u00fcmde, ka\u015flar \u00e7at\u0131k, surat as\u0131k, g\u00f6zler dumanl\u0131 ve bo\u015flukta as\u0131l\u0131 kalm\u0131\u015f, sa\u00e7-sakal kar\u0131\u015fm\u0131\u015f, her taraf\u0131 kirli bir maske. \u015eiddet ortam\u0131n\u0131n yaratt\u0131\u011f\u0131 maske.&#8217;<\/p>\n<p style=\"text-align: justify;\"><strong>-&#8216;BU \u00dcLKE B\u00d6L\u00dcNEMEZ&#8217;- <\/strong><\/p>\n<p style=\"text-align: justify;\">\u015eiddet sorununun kendisinin ve \u00e7\u00f6z\u00fcm\u00fcn\u00fcn karma\u015f\u0131k oldu\u011funu da belirten Sak\u0131k, &#8216;\u015eiddet d\u00f6ng\u00fcs\u00fcnden nas\u0131l kurtulabilece\u011fiz? Sorun karma\u015f\u0131k oldu\u011fu gibi, \u00e7\u00f6z\u00fcm\u00fc de karma\u015f\u0131kt\u0131r. Bu soruya birka\u00e7 c\u00fcmleyle cevap vermek m\u00fcmk\u00fcn de\u011fildir, ancak at\u0131lmas\u0131 gereken ilk ad\u0131mlar bellidir. Bir taraf &#8216;b\u00f6l\u00fcnme fobisi&#8217;nden, di\u011fer taraf ise &#8216;ba\u011f\u0131ms\u0131zl\u0131k hayali&#8217;nden kurtulmal\u0131d\u0131r. Bu \u00fclke b\u00f6l\u00fcnemez. \u00dclkedeki farkl\u0131l\u0131klar farkl\u0131l\u0131klar \u00fczerinden siyaset yap\u0131lmamal\u0131d\u0131r.&#8217;<\/p>\n<p style=\"text-align: justify;\">Sak\u0131k, illet olan \u015fiddetin \u00f6nlenmesi i\u00e7in b\u00fcy\u00fck bir m\u00fccadele verilmesi gerekti\u011fini belirterek, \u015fiddetin yery\u00fcz\u00fcnde hi\u00e7bir benzeri olmayan bir ate\u015f t\u00fcr\u00fc oldu\u011fu ve cehennem ate\u015finden daha yak\u0131c\u0131 oldu\u011funu s\u00f6yledi.<\/p>\n<p style=\"text-align: justify;\">Bu ate\u015fin d\u00fc\u015ft\u00fc\u011f\u00fc yerde her \u015feyi yakt\u0131\u011f\u0131 ger\u00e7e\u011fini bilin\u00e7lere kaz\u0131nd\u0131\u011f\u0131 zaman, \u015fiddet illetinden kurtulma olas\u0131l\u0131\u011f\u0131n\u0131n ortaya \u00e7\u0131kaca\u011f\u0131n\u0131 belirten Sak\u0131k, &#8216;T\u00fcrkiye&#8217;nin do\u011fusuna d\u00fc\u015fen ate\u015f, b\u00fct\u00fcn Anadolu&#8217;ya \u015fu veya bu boyutuyla yay\u0131ld\u0131. Ve bu \u00fclkenin insanlar\u0131n\u0131n emekleriyle yaratt\u0131klar\u0131 de\u011ferleri yakarak k\u00fcl etti. Hatta s\u0131n\u0131rlar\u0131m\u0131z\u0131 da a\u015farak \u00fclke d\u0131\u015f\u0131nda da bir\u00e7ok de\u011ferin heba olmas\u0131na neden oldu&#8217; dedi.<\/p>\n<p style=\"text-align: justify;\"><strong>-&#8216;\u015e\u0130DDET\u0130N TEK SONUCU VAR: KAYBETMEK&#8217;- <\/strong><\/p>\n<p style=\"text-align: justify;\">\u015eemdin Sak\u0131k, ate\u015fi s\u00f6nd\u00fcrmenin, yakmaktan daha zor oldu\u011funu, ancak ate\u015fle oynamaktan daha tehlikeli olamayaca\u011f\u0131n\u0131 belirterek, &#8216;Her oyunun d\u00f6rt sonucu vard\u0131r: Kazanmak, kaybetmek, berabere kalmak veya oyunu iptal etmek. Ticaretin \u00fc\u00e7 sonucu vard\u0131r: Kar etmek, zarar etmek veya sermayeyi kurtarmak. D\u00fcnyan\u0131n neresinde ve tarihin hangi d\u00f6neminde olursa olsun, \u015fiddetin insan ve insanl\u0131k a\u00e7\u0131s\u0131ndan tek sonucu olmu\u015ftur; hep kaybetmek.&#8217;<\/p>\n<p style=\"text-align: justify;\">Sak\u0131k, Mardin&#8217;in Maz\u0131da\u011f\u0131 il\u00e7esi Bilge k\u00f6y\u00fcndeki katliama ili\u015fkin de &#8216;Mardin&#8217;deki vah\u015fet, &#8216;insan\u0131m&#8217; diyen herkeste infial yaratt\u0131&#8217; dedi.<\/p>\n<p style=\"text-align: justify;\">&#8216;Mardin&#8217;deki katliama, y\u0131llard\u0131r haks\u0131zl\u0131\u011fa u\u011fram\u0131\u015f ve gerekli yerlere sesini duyuramam\u0131\u015f bir kesimin karar vermi\u015f olabilece\u011fini&#8217; anlatan Sak\u0131k, Adana&#8217;da da 8 ki\u015finin \u00f6ld\u00fcr\u00fcld\u00fc\u011f\u00fcn\u00fc an\u0131msatarak \u015funlar\u0131 kaydetti:<\/p>\n<p style=\"text-align: justify;\">&#8216;Adana&#8217;da bir evde 3&#8217;\u00fc \u00e7ocuk, 3&#8217;\u00fc kad\u0131n 8 ki\u015finin cenazesi bulundu. Hepsi ayn\u0131 aileden olan ma\u011fdurlar gibi, katil zanl\u0131s\u0131 da ayn\u0131 aileden \u00e7\u0131kt\u0131. Hem de \u00e7ocuklar\u0131n\u0131 ve kendisini \u00f6ld\u00fcrd\u00fc\u011f\u00fc kad\u0131n\u0131n karde\u015fi \u00e7\u0131kt\u0131. Neden mi? \u00c7\u00fcnk\u00fc babalar\u0131 mal varl\u0131\u011f\u0131n\u0131 birine b\u0131rakm\u0131\u015f, di\u011ferine bir \u015fey vermemi\u015f, yani her \u015feyden yoksun b\u0131rakm\u0131\u015f. Bu ailenin her ferdi, e\u011fer yoksul olsalard\u0131, birbirlerine kenetlenirler, birbirine zarar vermeyi asla d\u00fc\u015f\u00fcnmezlerdi.&#8217;<\/p>\n<p style=\"text-align: justify;\">Sak\u0131k, \u0130stanbul&#8217;da b\u0131\u00e7aklanarak \u00f6ld\u00fcr\u00fclen M\u00fcnevver Karabulut cinayeti konusunda ise \u015funlar\u0131 anlatt\u0131:<\/p>\n<p style=\"text-align: justify;\">&#8216;Karabulut&#8217;u da birilerini yoksun b\u0131rakarak palazlanan, kendinden ge\u00e7mi\u015f zenginlerin \u015f\u0131mar\u0131k \u00e7ocuklar\u0131 b\u0131\u00e7aklayarak, bo\u011faz\u0131n\u0131 keserek \u00f6ld\u00fcrd\u00fcler. Yetmedi, do\u011franm\u0131\u015f cenazenin yan\u0131 ba\u015f\u0131nda sevi\u015ftiler. Baz\u0131 yorumcular, bu vah\u015fi eylemleri insanlar\u0131n bireyselle\u015fmesine ba\u011fl\u0131yorlar. B\u00f6yle yakla\u015f\u0131mlara, &#8216;hay\u0131r&#8217; diyorum. Bu olaylar insanlar\u0131n bireyselle\u015fmesinden de\u011fil, \u00f6telenmesinden, yoksunla\u015fmas\u0131ndan kaynaklan\u0131yor&#8217;<\/p>\n<p style=\"text-align: justify;\"><span style=\"color: #888888;\">Kaynak : Vatan<\/span><\/p>\n","protected":false},"excerpt":{"rendered":"<p style=\"text-align: center;\">\n<p style=\"text-align: justify;\">\u015eemdin Sak\u0131k&#8217;\u0131n karde\u015fine \u00f6fkesi bitmiyor!<\/p>\n<p style=\"text-align: justify;\">Ter\u00f6r \u00f6rg\u00fct\u00fc PKK&#8217;n\u0131n eleba\u015f\u0131lar\u0131ndan biriyken yakalanan \u015eemdin Sak\u0131k, \u00fclkedeki farkl\u0131l\u0131klar \u00fczerinden siyaset yap\u0131lmamas\u0131 gerekti\u011fini belirterek, &#8216;Bu \u00fclke b\u00f6l\u00fcnemez&#8217; dedi.<\/p>\n<p style=\"text-align: justify;\">Mardin&#8217;in Maz\u0131da\u011f\u0131 il\u00e7esine ba\u011fl\u0131 Bilge k\u00f6y\u00fcnde, 44 ki\u015finin \u00f6ld\u00fcr\u00fcld\u00fc\u011f\u00fc katliama ili\u015fkin, Hayat Boyu E\u011fitim Geli\u015fim Derne\u011fi&#8217;nin organizasyonunda bilim adamlar\u0131n\u0131n kat\u0131l\u0131m\u0131yla haz\u0131rlanan rapor <\/p>\n","protected":false},"author":1,"featured_media":0,"comment_status":"open","ping_status":"closed","sticky":false,"template":"","format":"standard","meta":{"footnotes":""},"categories":[105],"tags":[],"class_list":["post-12736","post","type-post","status-publish","format-standard","hentry","category-gundem","odd"],"_links":{"self":[{"href":"http:\/\/www.korhanyilmaz.com\/index.php?rest_route=\/wp\/v2\/posts\/12736","targetHints":{"allow":["GET"]}}],"collection":[{"href":"http:\/\/www.korhanyilmaz.com\/index.php?rest_route=\/wp\/v2\/posts"}],"about":[{"href":"http:\/\/www.korhanyilmaz.com\/index.php?rest_route=\/wp\/v2\/types\/post"}],"author":[{"embeddable":true,"href":"http:\/\/www.korhanyilmaz.com\/index.php?rest_route=\/wp\/v2\/users\/1"}],"replies":[{"embeddable":true,"href":"http:\/\/www.korhanyilmaz.com\/index.php?rest_route=%2Fwp%2Fv2%2Fcomments&post=12736"}],"version-history":[{"count":0,"href":"http:\/\/www.korhanyilmaz.com\/index.php?rest_route=\/wp\/v2\/posts\/12736\/revisions"}],"wp:attachment":[{"href":"http:\/\/www.korhanyilmaz.com\/index.php?rest_route=%2Fwp%2Fv2%2Fmedia&parent=12736"}],"wp:term":[{"taxonomy":"category","embeddable":true,"href":"http:\/\/www.korhanyilmaz.com\/index.php?rest_route=%2Fwp%2Fv2%2Fcategories&post=12736"},{"taxonomy":"post_tag","embeddable":true,"href":"http:\/\/www.korhanyilmaz.com\/index.php?rest_route=%2Fwp%2Fv2%2Ftags&post=12736"}],"curies":[{"name":"wp","href":"https:\/\/api.w.org\/{rel}","templated":true}]}}