{"id":12732,"date":"2009-08-01T19:57:44","date_gmt":"2009-08-01T16:57:44","guid":{"rendered":"http:\/\/www.korhanyilmaz.com\/?p=12732"},"modified":"2009-08-01T19:57:44","modified_gmt":"2009-08-01T16:57:44","slug":"yas%e2%80%99ta-korgeneral-surprizi","status":"publish","type":"post","link":"http:\/\/www.korhanyilmaz.com\/?p=12732","title":{"rendered":"YA\u015e\u2019ta korgeneral s\u00fcrprizi"},"content":{"rendered":"<p style=\"text-align: center;\"><a href=\"http:\/\/www.korhanyilmaz.com\/wp-content\/uploads\/2009\/08\/020820090030307786119.jpg\"  class=\"lightview\"><img loading=\"lazy\" decoding=\"async\" class=\"aligncenter size-full wp-image-12733\" src=\"http:\/\/www.korhanyilmaz.com\/wp-content\/uploads\/2009\/08\/020820090030307786119.jpg\" alt=\"\" width=\"329\" height=\"210\" \/><\/a><\/p>\n<p style=\"text-align: justify;\">Y\u00fcksek Askeri \u015eura\u2019da ilk g\u00fcn\u00fcn s\u00fcrprizi J ba\u015fkanlar\u0131n\u0131n \u00fcst\u00fcne Karargah Komutanl\u0131\u011f\u0131 ad\u0131yla yeni bir birimin g\u00fcndeme gelmesiydi. Yeni korgeneral kadrosu NATO Birle\u015fik Kuvvetler Komutanl\u0131\u011f\u0131\u2019nda g\u00f6revli T\u00fcrk komutan\u0131n T\u00fcrkiye\u2019ye d\u00f6nmesi nedeniyle a\u00e7\u0131l\u0131yor.<\/p>\n<p style=\"text-align: justify;\">Hava Kuvvetleri Komutan\u0131 Orgeneral Aydo\u011fan Babao\u011flu, Deniz Kuvvetleri Komutan\u0131 Oramiral Metin Ata\u00e7 ile 1. Ordu Komutan\u0131 Orgeneral Ergin Saygun\u2019un emekliye ayr\u0131laca\u011f\u0131 Y\u00fcksek Askeri \u015eura d\u00fcn ba\u015flad\u0131. Ba\u015fbakan Erdo\u011fan\u2019\u0131n ba\u015fkanl\u0131\u011f\u0131ndaki Genelkurmay Ba\u015fkanl\u0131\u011f\u0131 \u00c7akmak Salonu\u2019nda toplanan \u015fura 4 A\u011fustos\u2019ta sona erecek. Kararlar 4 A\u011fustos Sal\u0131 g\u00fcn\u00fc, Cumhurba\u015fkan\u0131 Abdullah G\u00fcl\u2019\u00fcn onay\u0131na sunulacak. Ard\u0131ndan kamuoyuna a\u00e7\u0131klanacak. <!--more--><\/p>\n<p style=\"text-align: justify;\">YA\u015e kararlar\u0131 ile, Deniz Kuvvetleri Komutan\u0131 Oramiral Metin Ata\u00e7, Hava Kuvvetleri Komutan\u0131 Orgeneral Aydo\u011fan Babao\u011flu ile 1. Ordu Komutan\u0131 Orgeneral Ergin Saygun emekliye ayr\u0131lmalar\u0131, Deniz Kuvvetleri Komutanl\u0131\u011f\u0131\u2019na Donanma Komutan\u0131 Oramiral E\u015fref U\u011fur Yi\u011fit\u2019in, Hava Kuvvetleri Komutanl\u0131\u011f\u0131\u2019na da Harp Akademileri Komutan\u0131 Orgeneral Hasan Aksay\u2019\u0131n atanmas\u0131 bekleniyor. Genelkurmay \u0130kinci Ba\u015fkan\u0131 Orgeneral Hasan I\u011fs\u0131z\u2019\u0131n ise 1. Ordu Komutanl\u0131\u011f\u0131\u2019na getirilece\u011fi ifade ediliyor.<\/p>\n<p style=\"text-align: justify;\"><strong><em>Ba\u015fbu\u011f, 1 y\u0131l daha g\u00f6revde<\/em><\/strong><\/p>\n<p style=\"text-align: justify;\">Kara Kuvvetleri\u2019nde bu sene orgeneralli\u011fe terfi edecek isim 2013-2015 y\u0131llar\u0131 aras\u0131nda Kara Kuvvetleri Komutan\u0131 olma \u015fans\u0131n\u0131 yakalayacak. Genelkurmay Ba\u015fkan\u0131 Org. \u0130lker Ba\u015fbu\u011f, Kara Kuvvetleri Komutan\u0131 Org. I\u015f\u0131k Ko\u015faner ile Jandarma Genel Komutan\u0131 Org. Atila I\u015f\u0131k, bir y\u0131l daha g\u00f6revlerinde kalacak.<\/p>\n<p style=\"text-align: justify;\"><strong><em>8 korgeneral s\u0131rada<\/em><\/strong><\/p>\n<p style=\"text-align: justify;\">YA\u015e\u2019ta, Orgeneral Ergin Saygun\u2019dan bo\u015falacak 1 orgeneral kadrosu i\u00e7in yar\u0131\u015fan 8 korgeneral ise \u015f\u00f6yle: Hasan Memi\u015fo\u011flu (GATA Komutan\u0131 &#8211; temditli), H\u00fcseyin Nusret Ta\u015fdeler (Genelkurmay Plan Prensipler Ba\u015fkan\u0131 &#8211; temditli), Selahattin U\u011furlu ( Harp Akademileri Komutan Yard\u0131mc\u0131s\u0131 &#8211; temditli), Bekir Kalyoncu (7. Kolordu Komutan\u0131), Hilmi Ak\u0131n Zorlu (K\u0131br\u0131s Bar\u0131\u015f Kuvvetleri Komutan\u0131), Servet Y\u00f6r\u00fck (\u00d6zel Kuvvetler Komutan\u0131), Yal\u00e7\u0131n Ataman (3. Kolordu Komutan\u0131), Ey\u00fcp Kaptan (8. Kolordu Komutan\u0131).<\/p>\n<p style=\"text-align: justify;\"><strong><em>Karargah komutanl\u0131\u011f\u0131&#8230; <\/em><\/strong><\/p>\n<p style=\"text-align: justify;\">Kara Kuvvetleri Komutanl\u0131\u011f\u0131\u2019nda korgeneralleri ilgilendiren \u00f6nemli bir geli\u015fme de ya\u015fan\u0131yor. NATO\u2019nun Madrid\u2019deki Birle\u015fik Kuvvetler Komutanl\u0131\u011f\u0131\u2019nda g\u00f6rev yapan T\u00fcrk korgeneralin g\u00f6revini Yunanistan\u2019a devredecek olmas\u0131 yeni bir korgeneral kadrosu ihtiyac\u0131 do\u011furdu. Madrid\u2019de bulunan Korgeneral Abdullah Atay\u2019\u0131n T\u00fcrkiye\u2019ye d\u00f6n\u00fcyor. Bu durumda Genelkurmay Karargah\u0131\u2019nda, J (Joint &#8211; M\u00fc\u015fterek) Ba\u015fkanl\u0131klar\u0131n\u0131n \u00fcst\u00fcne \u201cKarargah Komutanl\u0131\u011f\u0131\u201d adl\u0131 yeni bir birim kurulabilece\u011fi konu\u015fuluyor. Karargah Komutanl\u0131\u011f\u0131\u2019n\u0131n kurulmas\u0131 durumunda buraya \u015eura\u2019dan sonra ortaya \u00e7\u0131kacak tabloya g\u00f6re en k\u0131demli korgeneralin getirilmesi bekleniyor.<\/p>\n<p style=\"text-align: justify;\"><strong><em>S\u0131k\u0131 g\u00fcvenlik <\/em><\/strong><\/p>\n<p style=\"text-align: justify;\">YA\u015e \u00f6ncesinde bas\u0131n mensuplar\u0131n\u0131n iki ayr\u0131 grup halinde k\u0131sa s\u00fcreli g\u00f6r\u00fcnt\u00fc almas\u0131na izin verildi. An\u0131tkabir ziyareti s\u0131ras\u0131nda ise \u015eura \u00fcyeleri, \u00fczerinde \u201cYA\u015e \u00dcyeleri\u201d yazan k\u0131rm\u0131z\u0131 ve beyaz karanfillerden olu\u015fan \u00e7elenk e\u015fli\u011finde Aslanl\u0131 Yol\u2019dan y\u00fcr\u00fcyerek, Atat\u00fcrk\u2019\u00fcn mozolesine geldi. Erdo\u011fan\u2019\u0131n, mozoleye \u00e7elenk koymas\u0131ndan sonra sayg\u0131 duru\u015funda bulunuldu. Ba\u015fbakan Erdo\u011fan ve beraberindekiler daha sonra Misak-\u0131 Milli Kulesi\u2019ne ge\u00e7ti. Erdo\u011fan, An\u0131tkabir \u00d6zel Defteri\u2019ni imzalad\u0131 ve yazd\u0131klar\u0131n\u0131 y\u00fcksek sesle okudu.<\/p>\n<p style=\"text-align: justify;\">T\u00f6ren nedeniyle An\u0131tkabir ziyaret\u00e7ilere kapat\u0131l\u0131rken, cep telefonu sinyalini kar\u0131\u015ft\u0131ran jammer ara\u00e7lar\u0131n\u0131n da bulundu\u011fu s\u0131k\u0131 g\u00fcvenlik \u00f6nlemleri al\u0131nmas\u0131 dikkat \u00e7ekti.<\/p>\n<p style=\"text-align: justify;\">\u015eura\u2019da terfi s\u0131ras\u0131nda bulunan general, amiral ve albaylar\u0131n bir \u00fcst r\u00fctbeye y\u00fckseltilmesi, general ve amirallerin g\u00f6rev s\u00fcrelerinin uzat\u0131lmas\u0131 ve emeklilik i\u015flemleri ele al\u0131nacak. Disiplinsizlik ve ahlaki durumlar\u0131 nedeniyle T\u00fcrk Silahl\u0131 Kuvvetleri\u2019nden ayr\u0131lacak personelin durumlar\u0131 ile TSK\u2019y\u0131 ilgilendiren di\u011fer konular da toplant\u0131da g\u00f6r\u00fc\u015f\u00fclecek.<\/p>\n<p style=\"text-align: justify;\"><strong><em>Ba\u015fbu\u011f a\u011f\u0131rlad\u0131<\/em><\/strong><\/p>\n<p style=\"text-align: justify;\">Ba\u015fbakan Erdo\u011fan ve di\u011fer \u015eura \u00fcyeleri, An\u0131tkabir\u2019deki t\u00f6renin ard\u0131ndan Genelkurmay Ba\u015fkan\u0131 Orgeneral \u0130lker Ba\u015fbu\u011f\u2019un Genelkurmay Ba\u015fkanl\u0131\u011f\u0131 Sosyal Tesisleri\u2019nde verdi\u011fi \u00f6\u011fle yeme\u011fine kat\u0131ld\u0131. \u015eura yemekten sonra \u00e7al\u0131\u015fmalar\u0131n\u0131 s\u00fcrd\u00fcrd\u00fc.<\/p>\n<p style=\"text-align: justify;\"><strong><em>1 AY SONRA \u0130LK BULU\u015eMA <\/em><\/strong><\/p>\n<p style=\"text-align: justify;\">Ba\u015fbakan Erdo\u011fan ile Genelkurmay Ba\u015fkan\u0131 Orgeneral Ba\u015fbu\u011f, bir ayl\u0131k aran\u0131n ard\u0131ndan YA\u015e\u2019\u0131n d\u00fcnk\u00fc ilk g\u00fcn toplant\u0131s\u0131nda biraraya geldi. Askerlere sivil yarg\u0131 yolunu a\u00e7an geceyar\u0131s\u0131 yasas\u0131n\u0131n 26 Haziran\u2019da kabul edilmesinin ard\u0131ndan, 29 Haziran\u2019da Ba\u015fbakanl\u0131k\u2019ta g\u00f6r\u00fc\u015fen, 30 Haziran\u2019da MGK toplant\u0131s\u0131nda biraraya gelen Erdo\u011fan ve Ba\u015fbu\u011f, son olarak 1 Temmuz\u2019da Savunma Sanayi \u0130cra Komitesi toplant\u0131s\u0131nda birlikte olmu\u015flard\u0131. O tarihten sonra Erdo\u011fan ile Ba\u015fbu\u011f aras\u0131nda haftal\u0131k ola\u011fan g\u00f6r\u00fc\u015fme de hi\u00e7 olmad\u0131. D\u00fcn ba\u015flayan Y\u00fcksek Askeri \u015eura, Erdo\u011fan ve Ba\u015fbu\u011f\u2019u 30 g\u00fcn aradan sonra ilk kez ayn\u0131 \u00e7at\u0131 alt\u0131nda bulu\u015fturdu.<\/p>\n<p style=\"text-align: justify;\"><strong><em>TSK demokrasinin en b\u00fcy\u00fck teminat\u0131<\/em><\/strong><\/p>\n<p style=\"text-align: justify;\">YA\u015e \u00fcyeleri An\u0131tkabir\u2019e \u00e7\u0131kt\u0131. Erdo\u011fan An\u0131tkabir \u00d6zel Defteri\u2019ne yazd\u0131klar\u0131n\u0131 daha sonra y\u00fcksek sesle okudu. Erdo\u011fan, deftere \u015funlar\u0131 yazd\u0131: \u201cB\u00fcy\u00fck Atat\u00fcrk, Y\u00fcksek Askeri \u015eura \u00fcyeleri olarak A\u011fustos 2009 toplant\u0131s\u0131 sebebiyle huzurunda bulunmaktay\u0131z. Kurdu\u011fun T\u00fcrkiye Cumhuriyeti\u2019ni, i\u015faret etti\u011fin muas\u0131r medeniyetler seviyesine ula\u015ft\u0131rmak ve ileri demokratik standartlara kavu\u015fturmak hedefimizdir. Kahraman T\u00fcrk Silahl\u0131 Kuvvetlerimiz, \u00fcst\u00fcn disiplini, de\u011fi\u015fen g\u00fcvenlik \u015fartlar\u0131na intibak kabiliyeti ve haz\u0131rl\u0131k durumuyla, milli g\u00fcvenli\u011fimizin oldu\u011fu kadar demokrasimizin de en b\u00fcy\u00fck teminatlar\u0131ndan biri olmaya devam ediyor. Bu anlay\u0131\u015f i\u00e7inde y\u00fcr\u00fctt\u00fc\u011f\u00fcm\u00fcz A\u011fustos 2009 Y\u00fcksek Askeri \u015eura \u00e7al\u0131\u015fmalar\u0131n\u0131n, T\u00fcrk Silahl\u0131 Kuvvetlerimiz, \u00fclkemiz ve milletimiz i\u00e7in hay\u0131rl\u0131 olmas\u0131n\u0131 temenni ederim. Ruhun \u015fad olsun.\u201d<\/p>\n<p style=\"text-align: justify;\"><em><span style=\"color: #888888;\">Levent \u0130\u00c7GEN \/ VATAN ANKARA<\/span><\/em><\/p>\n","protected":false},"excerpt":{"rendered":"<p style=\"text-align: center;\">\n<p style=\"text-align: justify;\">Y\u00fcksek Askeri \u015eura\u2019da ilk g\u00fcn\u00fcn s\u00fcrprizi J ba\u015fkanlar\u0131n\u0131n \u00fcst\u00fcne Karargah Komutanl\u0131\u011f\u0131 ad\u0131yla yeni bir birimin g\u00fcndeme gelmesiydi. Yeni korgeneral kadrosu NATO Birle\u015fik Kuvvetler Komutanl\u0131\u011f\u0131\u2019nda g\u00f6revli T\u00fcrk komutan\u0131n T\u00fcrkiye\u2019ye d\u00f6nmesi nedeniyle a\u00e7\u0131l\u0131yor.<\/p>\n<p style=\"text-align: justify;\">Hava Kuvvetleri Komutan\u0131 Orgeneral Aydo\u011fan Babao\u011flu, Deniz Kuvvetleri Komutan\u0131 Oramiral Metin Ata\u00e7 ile 1. Ordu Komutan\u0131 Orgeneral <\/p>\n","protected":false},"author":1,"featured_media":0,"comment_status":"open","ping_status":"closed","sticky":false,"template":"","format":"standard","meta":{"footnotes":""},"categories":[105],"tags":[],"class_list":["post-12732","post","type-post","status-publish","format-standard","hentry","category-gundem","odd"],"_links":{"self":[{"href":"http:\/\/www.korhanyilmaz.com\/index.php?rest_route=\/wp\/v2\/posts\/12732","targetHints":{"allow":["GET"]}}],"collection":[{"href":"http:\/\/www.korhanyilmaz.com\/index.php?rest_route=\/wp\/v2\/posts"}],"about":[{"href":"http:\/\/www.korhanyilmaz.com\/index.php?rest_route=\/wp\/v2\/types\/post"}],"author":[{"embeddable":true,"href":"http:\/\/www.korhanyilmaz.com\/index.php?rest_route=\/wp\/v2\/users\/1"}],"replies":[{"embeddable":true,"href":"http:\/\/www.korhanyilmaz.com\/index.php?rest_route=%2Fwp%2Fv2%2Fcomments&post=12732"}],"version-history":[{"count":0,"href":"http:\/\/www.korhanyilmaz.com\/index.php?rest_route=\/wp\/v2\/posts\/12732\/revisions"}],"wp:attachment":[{"href":"http:\/\/www.korhanyilmaz.com\/index.php?rest_route=%2Fwp%2Fv2%2Fmedia&parent=12732"}],"wp:term":[{"taxonomy":"category","embeddable":true,"href":"http:\/\/www.korhanyilmaz.com\/index.php?rest_route=%2Fwp%2Fv2%2Fcategories&post=12732"},{"taxonomy":"post_tag","embeddable":true,"href":"http:\/\/www.korhanyilmaz.com\/index.php?rest_route=%2Fwp%2Fv2%2Ftags&post=12732"}],"curies":[{"name":"wp","href":"https:\/\/api.w.org\/{rel}","templated":true}]}}