{"id":12727,"date":"2009-08-02T12:25:11","date_gmt":"2009-08-02T09:25:11","guid":{"rendered":"http:\/\/www.korhanyilmaz.com\/?p=12727"},"modified":"2009-08-02T12:25:11","modified_gmt":"2009-08-02T09:25:11","slug":"azrail-erdoganin-saatini-niye-aldi","status":"publish","type":"post","link":"http:\/\/www.korhanyilmaz.com\/?p=12727","title":{"rendered":"Azrail, Erdo\u011fan&#039;\u0131n saatini niye ald\u0131?"},"content":{"rendered":"<p><a href=\"http:\/\/www.korhanyilmaz.com\/wp-content\/uploads\/2009\/08\/020820091419037571182.jpg\"  class=\"lightview\"><img loading=\"lazy\" decoding=\"async\" class=\"aligncenter size-full wp-image-12740\" src=\"http:\/\/www.korhanyilmaz.com\/wp-content\/uploads\/2009\/08\/020820091419037571182.jpg\" alt=\"\" width=\"329\" height=\"210\" \/><\/a><\/p>\n<p style=\"text-align: justify;\">Kemal K\u0131l\u0131\u00e7daro\u011flu&#8217;ndan Tayyip Erdo\u011fan f\u0131kralar\u0131&#8230;<\/p>\n<p style=\"text-align: justify;\">Cumhuriyet Halk Partisi (CHP) Grup Ba\u015fkanvekili ve \u0130stanbul Milletvekili Kemal K\u0131l\u0131\u00e7daro\u011flu, Bal\u0131kesir&#8217;in Edremit il\u00e7esine ba\u011fl\u0131 Alt\u0131noluk beldesindeki &#8216;Alt\u0131noluk Antandros Ya\u015fama Sayg\u0131 K\u00fclt\u00fcr ve Sanat Festivali&#8217;ndeki panele kat\u0131ld\u0131. K\u0131l\u0131\u00e7daro\u011flu, panelde anlatt\u0131\u011f\u0131 f\u0131kralarla adeta \u015fov yapt\u0131.<\/p>\n<p style=\"text-align: justify;\">Bu y\u0131l 15.&#8217;si ger\u00e7ekle\u015ftirilen ve Alt\u0131noluk Belediyesi organizesinde d\u00fczenlenen &#8216;Alt\u0131noluk Antandros Ya\u015fama Sayg\u0131 K\u00fclt\u00fcr ve Sanat Festivali&#8217;nde renkli g\u00f6r\u00fcnt\u00fcler ya\u015fand\u0131. 31 Temmuz Cuma g\u00fcn\u00fc ba\u015flayarak 3 g\u00fcn s\u00fcrecek olan festivalin onur konuklar\u0131 olan CHP Grup Ba\u015fkanvekili ve \u0130stanbul Milletvekili Kemal K\u0131l\u0131\u00e7daro\u011flu, eski Yarg\u0131tay Cumhuriyet Ba\u015fsavc\u0131s\u0131 Sabih Kanado\u011flu, 22. d\u00f6nem CHP \u0130stanbul Milletvekili, CHP parti Meclisi \u00dcyesi ve oyuncu Berhan \u015eim\u015fek ile Cumhuriyet Gazetesi \u0130zmir Temsilcisi Serdar K\u0131z\u0131k, &#8216;Ya\u015fama Sayg\u0131 isimli panelde biraraya geldi.<!--more--><\/p>\n<p style=\"text-align: justify;\">K\u0131l\u0131\u00e7daro\u011flu, konaklayaca\u011f\u0131 otelden panel alan\u0131na kadar, Alt\u0131noluk \u0130skele mevkiindeki Mavi Bayrak&#8217;l\u0131 plajdan y\u00fcr\u00fcd\u00fc ve halk\u0131 selamlad\u0131. K\u0131l\u0131\u00e7daro\u011flu, tatilcilerin sevgi g\u00f6sterileriyle kar\u015f\u0131la\u015ft\u0131. D\u00fcnyan\u0131n oksijen bollu\u011fu bak\u0131m\u0131ndan ikinci \u015ferhi konumundaki Alt\u0131noluk&#8217;un Cumhuriyet Meydan\u0131&#8217;nda ger\u00e7ekle\u015fen halka a\u00e7\u0131k panel, miting havas\u0131nda ge\u00e7ti.<\/p>\n<p style=\"text-align: justify;\">Panelin sunucusu Berhan \u015eim\u015fek, K\u0131l\u0131\u00e7daro\u011flu, Kanado\u011flu ve K\u0131z\u0131k&#8217;\u0131 alk\u0131\u015flarla platforma davet etti. Baz\u0131 g\u00fcncel konular\u0131n da ele al\u0131nd\u0131\u011f\u0131 panelde en dikkat \u00e7ekici konu\u015fmay\u0131 Kemal K\u0131l\u0131\u00e7daro\u011flu yapt\u0131. Anlatt\u0131\u011f\u0131 iki ayr\u0131 f\u0131kra ile b\u00fcy\u00fck alk\u0131\u015f toplayan K\u0131l\u0131\u00e7daro\u011flu, vatanda\u015flar\u0131 g\u00fcld\u00fcr\u00fcrken d\u00fc\u015f\u00fcnd\u00fcrd\u00fc.<\/p>\n<p style=\"text-align: justify;\">Yapt\u0131\u011f\u0131 her konu\u015fmas\u0131nda dikkatleri \u00fczerine \u00e7ekmeyi ba\u015faran Kemal K\u0131l\u0131\u00e7daro\u011flu, ilk f\u0131rkas\u0131n\u0131 \u015f\u00f6yle anlatt\u0131:<\/p>\n<p style=\"text-align: justify;\">&#8220;Birisi bakm\u0131\u015f ki, duvarda milyarlarca saat var. Bunlar ne saatidir? Diye sormu\u015f. D\u00fcnyada herkesin bir saati var karde\u015fim, kim yalan s\u00f6ylerse onun saatinin yelkovan\u0131 oynuyor, diye cevap alm\u0131\u015f. Bakm\u0131\u015f ki, duvardaki bir saatin akrep ve yelkovan\u0131 12&#8217;nin \u00fczerinde durmu\u015f ve bu kimin saati? Demi\u015f. T\u00fcrkiye&#8217;de bir Mustafa Kemal var, hi\u00e7 yalan s\u00f6ylemiyor, bu onun saati demi\u015fler. Sonra, Mao&#8217;nun, Lenin&#8217;in saati hangisi? falan diye sorarken, bizde bir de Tayyip Erdo\u011fan vard\u0131, onun saati hangisi&#8217; Demi\u015f. Melek diyor ki; Vallahi onun saatini Azrail ald\u0131. Biliyorsunuz, cehennem \u00e7ok s\u0131cak orada onu vantilat\u00f6r olarak kullan\u0131yormu\u015f diyor.&#8221;<\/p>\n<p style=\"text-align: justify;\">Anlatt\u0131\u011f\u0131 f\u0131kra ile Sabih Kanado\u011flu&#8217;nu da g\u00fcld\u00fcren Kemal K\u0131l\u0131\u00e7daro\u011flu, \u0131srar \u00fczerine panel sonunda bir f\u0131kra daha anlatt\u0131. Yakla\u015f\u0131k 3 bin Alt\u0131noluklu taraf\u0131ndan dikkatle izlenen K\u0131l\u0131\u00e7daro\u011flu, &#8220;Bir de politikac\u0131 f\u0131kras\u0131 anlatay\u0131m&#8221; diyerek, &#8220;Bir toplant\u0131 yap\u0131l\u0131yor ve herkes g\u00f6r\u00fc\u015flerini s\u00f6yl\u00fcyor. Politikac\u0131ya, sende bir konu\u015fma yapar m\u0131s\u0131n? Diyorlar. Yok yok ben yapmayay\u0131m diyor ve \u0131srar ediyorlar, sende konu\u015f, herkes konu\u015ftu diyorlar ve peki diyor politikac\u0131. \u00c7\u0131k\u0131yor k\u00fcrs\u00fcye ve ba\u015fl\u0131yor konu\u015fmaya. Bir saat, iki saat, \u00fc\u00e7 saat, d\u00f6rt saat, yatanlar, kalkanlar, d\u0131\u015far\u0131 \u00e7\u0131kanlar, geri gelenler falan oluyor ve bir t\u00fcrl\u00fc bitmiyor konu\u015fmas\u0131. En sonunda politikac\u0131 demi\u015f ki, Yahu arkada\u015flar ben sanki biraz uzatt\u0131m. Sabah erken evden \u00e7\u0131kanken saatimi yan\u0131ma almay\u0131 unutmu\u015fum diyor. Arka taraftan gen\u00e7 birisi ba\u011f\u0131rm\u0131\u015f ve beyim sen b\u0131rak saati yan\u0131ndaki takvime bak demi\u015f&#8221; diye anlatt\u0131 ve izleyenler taraf\u0131ndan ayakta alk\u0131\u015fland\u0131.<\/p>\n<p style=\"text-align: justify;\"><strong>DEN\u0130Z BAYKAL&#8217;A YAYLA \u015eENL\u0130KLER\u0130NDE ERGENEKON ESPR\u0130S\u0130 <\/strong><\/p>\n<p style=\"text-align: justify;\">Cumhuriyet Halk Partisi (CHP) Genel Ba\u015fkan\u0131 Deniz Baykal, memleketi Antalya&#8217;da Konyaalt\u0131 Belediyesi taraf\u0131ndan d\u00fczenlenen Feslikan Yayla \u015eenlikleri&#8217;ne kat\u0131ld\u0131. \u015eenli\u011fin a\u00e7\u0131l\u0131\u015f\u0131nda konu\u015fan Baykal, T\u00fcrkiye&#8217;deki baz\u0131 s\u0131k\u0131nt\u0131lar oldu\u011funu bunun da k\u0131sa s\u00fcrede a\u015f\u0131laca\u011f\u0131n\u0131 s\u00f6yledi. \u015eenliklerde sahne alan Selda Ba\u011fcan&#8217;\u0131n Ergenekon esprisi Baykal&#8217;\u0131 g\u00fcld\u00fcrd\u00fc.<\/p>\n<p style=\"text-align: justify;\">T\u00f6rende konu\u015fan CHP Genel Ba\u015fkan\u0131 Deniz Baykal, T\u00fcrkiye&#8217;de ya\u015fanan yanl\u0131\u015fl\u0131klar ve haks\u0131zl\u0131klar ile bunlar\u0131n \u00e7\u00f6z\u00fcm yollar\u0131n\u0131n fark\u0131nda olduklar\u0131n\u0131 s\u00f6yledi. T\u00fcrkiye&#8217;nin daha iyi g\u00fcnlere gidece\u011fini belirten Baykal, &#8220;T\u00fcrkiye&#8217;de baz\u0131 s\u0131k\u0131nt\u0131lar ya\u015fanmaktad\u0131r. Bu s\u0131k\u0131nt\u0131lar k\u0131sa s\u00fcrede a\u015f\u0131lacakt\u0131r. &#8220;Haks\u0131zl\u0131klar\u0131, olumsuzluklar\u0131 hep biliyoruz. Bunlar\u0131n nas\u0131l \u00e7\u00f6z\u00fclece\u011finin de fark\u0131nday\u0131z. Hi\u00e7 merak etmeyin, o dertler \u00e7\u00f6z\u00fclecektir. T\u00fcrkiye&#8217;deki s\u0131k\u0131nt\u0131lar a\u015f\u0131lacakt\u0131r. T\u00fcrkiye&#8217;nin \u00f6n\u00fc ayd\u0131nl\u0131kt\u0131r, yolu a\u00e7\u0131kt\u0131r.<\/p>\n<p style=\"text-align: justify;\">Bug\u00fcn ya\u015fad\u0131\u011f\u0131m\u0131z s\u0131k\u0131nt\u0131lar\u0131, sorunlar\u0131 in\u015fallah yak\u0131n bir zamanda arkam\u0131zda b\u0131rakaca\u011f\u0131z. Millet\u00e7e nice g\u00fczel g\u00fcnleri hep beraber ya\u015fayaca\u011f\u0131z.&#8221;dedi.<\/p>\n<p style=\"text-align: justify;\">Daha \u00f6nce Antalya B\u00fcy\u00fck\u015fehir Belediyesi taraf\u0131ndan d\u00fczenlenen Feslikan Yaylas\u0131 \u015eenliklerinin, Konyaalt\u0131 Belediyesi&#8217;nin organizasyonuyla daha da geli\u015fti\u011fini dile getiren Baykal, Antalya&#8217;n\u0131n yaylalar\u0131yla da bilinmesi gerekti\u011fini s\u00f6yledi.<\/p>\n<p style=\"text-align: justify;\"><strong>BA\u011eCAN&#8217;DAN ERGENEKON ESPR\u0130S\u0130<\/strong><\/p>\n<p style=\"text-align: justify;\">Deniz Baykal&#8217;\u0131n konu\u015fmas\u0131n\u0131n ard\u0131ndan T\u00fcrk Halk M\u00fczi\u011fi sanat\u00e7\u0131s\u0131 Selda Ba\u011fcan sahne ald\u0131. Sahnede \u015fark\u0131lar\u0131n\u0131 seslendiren Ba\u011fcan, Ergenekon(la ilgili a\u00e7\u0131klamalarda bulundu. Ba\u011fcan, Ergenekon operesyonu kapsam\u0131nda \u00e7ok say\u0131da profes\u00f6r, dekan ve ayd\u0131n gazetecilerin hapishanede bulundu\u011funu s\u00f6ylerken, bir \u015fark\u0131 aras\u0131nda gazetecilere d\u00f6nerek, &#8220;Hadi Ergenekon i\u00e7in konu\u015fuyorum yaz\u0131n bakal\u0131m. \u0130\u00e7eride su\u00e7suz insanlar da yat\u0131yor yaz\u0131k de\u011fil mi?&#8221; dedi.<\/p>\n<p style=\"text-align: justify;\">Ard\u0131ndan CHP Genel Ba\u015fkan\u0131 Deniz Baykal&#8217;a seslenen Ba\u011fcan, &#8220;Say\u0131n Genel Ba\u015fkan\u0131m, i\u00e7eri al\u0131rlarsa beni kurtar\u0131rs\u0131n\u0131z de\u011fil mi? Korkmasalar sizi de i\u00e7eri alacaklar ama korkuyorlar&#8221; diye espri yapt\u0131. Bu s\u00f6zler kar\u015f\u0131s\u0131nda g\u00fclen Baykal, konserin ard\u0131ndan plaket verdi\u011fi Ba\u011fcan ile ilgili &#8220;sadece sesiyle, \u015fark\u0131lar\u0131yla de\u011fil, hayat \u00e7izgisi ve siyasi duru\u015fuyla da \u00f6nemli bir sanat\u00e7\u0131&#8221; yorumunda bulundu.<\/p>\n<p style=\"text-align: justify;\">Selda Ba\u011fcan da, Baykal&#8217;a d\u00f6nerek &#8216;Bende Baykalc\u0131y\u0131m&#8217; deyip, &#8220;Deniz Baykal olmasayd\u0131 T\u00fcrkiye farkl\u0131 mecralara kayabilirdi. Ben de huzurlar\u0131n\u0131zda onun siyasi duru\u015funa ve siyasi \u00e7izgisine te\u015fekk\u00fcr ediyorum sa\u011f olun say\u0131n genel ba\u015fkan\u0131m&#8217; \u015feklinde konu\u015ftu.<\/p>\n<p style=\"text-align: justify;\">Ba\u011fcan&#8217;\u0131n ard\u0131ndan T\u00fcrk Halk M\u00fczi\u011fi sanat\u00e7\u0131s\u0131 Kubat&#8217;\u0131 izleyen Baykal, \u00fcnl\u00fc sanat\u00e7\u0131n\u0131n t\u00fcrk\u00fclerine e\u015flik etmeyi de ihmal etmedi. Konser s\u0131ras\u0131nda rak\u0131m\u0131n 1650 metre oldu\u011fu yaylada \u00fc\u015f\u00fcyen Baykal, \u00fczerine bir h\u0131rka ald\u0131 Konserin sonunda Baykal ile g\u00f6r\u00fc\u015fmek isteyen bir ki\u015fi ise g\u00fcvenlik g\u00f6revlilerince engellenerek uzakla\u015ft\u0131r\u0131ld\u0131. Baykal, konseri sonuna kadar izledikten sonra otomobiline binerek yayladaki bir evde konaklamak \u00fczere \u015fenlik alan\u0131nda ayr\u0131ld\u0131.<\/p>\n<p style=\"text-align: justify;\"><span style=\"color: #888888;\">Kaynak : Vatan<\/span><\/p>\n","protected":false},"excerpt":{"rendered":"<\/p>\n<p style=\"text-align: justify;\">Kemal K\u0131l\u0131\u00e7daro\u011flu&#8217;ndan Tayyip Erdo\u011fan f\u0131kralar\u0131&#8230;<\/p>\n<p style=\"text-align: justify;\">Cumhuriyet Halk Partisi (CHP) Grup Ba\u015fkanvekili ve \u0130stanbul Milletvekili Kemal K\u0131l\u0131\u00e7daro\u011flu, Bal\u0131kesir&#8217;in Edremit il\u00e7esine ba\u011fl\u0131 Alt\u0131noluk beldesindeki &#8216;Alt\u0131noluk Antandros Ya\u015fama Sayg\u0131 K\u00fclt\u00fcr ve Sanat Festivali&#8217;ndeki panele kat\u0131ld\u0131. K\u0131l\u0131\u00e7daro\u011flu, panelde anlatt\u0131\u011f\u0131 f\u0131kralarla adeta \u015fov yapt\u0131.<\/p>\n<p style=\"text-align: justify;\">Bu y\u0131l 15.&#8217;si ger\u00e7ekle\u015ftirilen ve Alt\u0131noluk Belediyesi organizesinde d\u00fczenlenen <\/p>\n","protected":false},"author":1,"featured_media":0,"comment_status":"open","ping_status":"closed","sticky":false,"template":"","format":"standard","meta":{"footnotes":""},"categories":[105],"tags":[],"class_list":["post-12727","post","type-post","status-publish","format-standard","hentry","category-gundem","odd"],"_links":{"self":[{"href":"http:\/\/www.korhanyilmaz.com\/index.php?rest_route=\/wp\/v2\/posts\/12727","targetHints":{"allow":["GET"]}}],"collection":[{"href":"http:\/\/www.korhanyilmaz.com\/index.php?rest_route=\/wp\/v2\/posts"}],"about":[{"href":"http:\/\/www.korhanyilmaz.com\/index.php?rest_route=\/wp\/v2\/types\/post"}],"author":[{"embeddable":true,"href":"http:\/\/www.korhanyilmaz.com\/index.php?rest_route=\/wp\/v2\/users\/1"}],"replies":[{"embeddable":true,"href":"http:\/\/www.korhanyilmaz.com\/index.php?rest_route=%2Fwp%2Fv2%2Fcomments&post=12727"}],"version-history":[{"count":0,"href":"http:\/\/www.korhanyilmaz.com\/index.php?rest_route=\/wp\/v2\/posts\/12727\/revisions"}],"wp:attachment":[{"href":"http:\/\/www.korhanyilmaz.com\/index.php?rest_route=%2Fwp%2Fv2%2Fmedia&parent=12727"}],"wp:term":[{"taxonomy":"category","embeddable":true,"href":"http:\/\/www.korhanyilmaz.com\/index.php?rest_route=%2Fwp%2Fv2%2Fcategories&post=12727"},{"taxonomy":"post_tag","embeddable":true,"href":"http:\/\/www.korhanyilmaz.com\/index.php?rest_route=%2Fwp%2Fv2%2Ftags&post=12727"}],"curies":[{"name":"wp","href":"https:\/\/api.w.org\/{rel}","templated":true}]}}