{"id":12717,"date":"2009-07-31T18:39:13","date_gmt":"2009-07-31T15:39:13","guid":{"rendered":"http:\/\/www.korhanyilmaz.com\/?p=12717"},"modified":"2009-07-31T18:39:13","modified_gmt":"2009-07-31T15:39:13","slug":"agir-ceza-reisinden-vahim-iddialar","status":"publish","type":"post","link":"http:\/\/www.korhanyilmaz.com\/?p=12717","title":{"rendered":"A\u011f\u0131r ceza reisinden vahim iddialar"},"content":{"rendered":"<p style=\"text-align: center;\"><a href=\"http:\/\/www.korhanyilmaz.com\/wp-content\/uploads\/2009\/08\/resimler_haber_hakim2.jpg\"  class=\"lightview\"><img loading=\"lazy\" decoding=\"async\" class=\"aligncenter size-full wp-image-12718\" src=\"http:\/\/www.korhanyilmaz.com\/wp-content\/uploads\/2009\/08\/resimler_haber_hakim2.jpg\" alt=\"\" width=\"376\" height=\"157\" \/><\/a><\/p>\n<p style=\"text-align: justify;\">Yasa d\u0131\u015f\u0131 dinlendim bask\u0131yla ifade al\u0131nd\u0131.<\/p>\n<p style=\"text-align: justify;\">Cumhurba\u015fkan\u0131 G\u00fcl\u2019\u00fcn yarg\u0131lanmas\u0131na karar veren Hakim Ka\u00e7maz, hakk\u0131nda soru\u015fturma y\u00fcr\u00fcten m\u00fcfetti\u015fleri \u015fikayet etti. Ka\u00e7maz \u015fikayet dilek\u00e7esinde m\u00fcfetti\u015flerin tan\u0131klar\u0131 tehdit etti\u011fini de ileri s\u00fcrd\u00fc.<\/p>\n<p style=\"text-align: justify;\">ANKARA &#8211; Cumhurba\u015fkan\u0131 Abdullah G\u00fcl\u2019\u00fcn yarg\u0131lanmas\u0131na karar veren Sincan 1. A\u011f\u0131r Ceza Mahkemesi Ba\u015fkan\u0131 Osman Ka\u00e7maz, hakk\u0131nda soru\u015fturma y\u00fcr\u00fcten Adalet Bakanl\u0131\u011f\u0131 m\u00fcfetti\u015flerini, HSYK ve Adalet Bakanl\u0131\u011f\u0131 Tefti\u015f Kurulu\u2019na \u015fikayet etti.<\/p>\n<p style=\"text-align: justify;\">Ka\u00e7maz, su\u00e7 duyurusu dilek\u00e7esinde, y\u0131ll\u0131k iznini kullan\u0131rken ikisi ba\u015fm\u00fcfetti\u015f olmak \u00fczere \u00fc\u00e7 m\u00fcfetti\u015fin hakk\u0131nda inceleme ve soru\u015fturma yapmak \u00fczere Adalet Bakanl\u0131\u011f\u0131\u2019nca g\u00f6revlendirildi\u011fini \u00f6\u011frendi\u011fini s\u00f6yledi. Bunun \u00fczerine iznine son vererek, g\u00f6revine ba\u015flad\u0131\u011f\u0131n\u0131 belirten Ka\u00e7maz, telefon dinleme yap\u0131labilecek su\u00e7larla ilgisi bulunmayan bir tak\u0131m \u00f6zel telefon g\u00f6r\u00fc\u015fmelerinin tan\u0131klara soruldu\u011funu ileri s\u00fcrd\u00fc. Ka\u00e7maz, \u201cDinlenen tan\u0131klara bu g\u00f6r\u00fc\u015fmeler varm\u0131\u015f imaj\u0131 yarat\u0131larak, bir tak\u0131m tehdit ve bask\u0131 y\u00f6ntemleriyle beyanlar\u0131n\u0131n al\u0131nd\u0131\u011f\u0131n\u0131, bu \u015fekilde hakk\u0131mda delil olu\u015fturulmaya \u00e7al\u0131\u015f\u0131ld\u0131\u011f\u0131n\u0131 \u00f6\u011frenmi\u015f bulunmaktay\u0131m\u201d dedi.<!--more--><\/p>\n<p style=\"text-align: justify;\"><strong><em>Jammer dinlemeyi \u00f6nlemedi<\/em><\/strong><\/p>\n<p style=\"text-align: justify;\">Telefon dinlemelere kar\u015f\u0131 odas\u0131na jammer cihaz\u0131 koydu\u011fu bilinen Ka\u00e7maz\u2019\u0131n, buna ra\u011fmen Sincan Cumhuriyet Ba\u015fsavc\u0131l\u0131\u011f\u0131\u2019na telefonlar\u0131n\u0131n yasad\u0131\u015f\u0131 yollardan dinlendi\u011fi gerek\u00e7esiyle de su\u00e7 duyurusunda bulundu\u011fu ortaya \u00e7\u0131kt\u0131. Ka\u00e7maz, dilek\u00e7esinde, \u015funlar\u0131 s\u00f6yledi: \u201cHakk\u0131mda y\u00fcr\u00fct\u00fclen soru\u015fturma esnas\u0131nda yasad\u0131\u015f\u0131 sorgu, ifade y\u00f6ntemleri kullanarak, kanaatimce yasad\u0131\u015f\u0131 olarak elde edildi\u011fi ve daha \u00f6nce de bu konuda Sincan Cumhuriyet Ba\u015fsavc\u0131l\u0131\u011f\u0131\u2019na \u015fikayette bulundu\u011fum ve hatta dinlenmemi engellemek i\u00e7in bir tak\u0131m y\u00f6ntemler kullanarak engellemeye \u00e7al\u0131\u015ft\u0131\u011f\u0131m halde telefonlar\u0131m\u0131 dinleyen, bu g\u00f6r\u00fc\u015fmeleri yapt\u0131klar\u0131 soru\u015fturma s\u0131ras\u0131nda kullanan 3 m\u00fcfetti\u015f hakk\u0131nda \u015fikayet\u00e7iyim. Haklar\u0131nda gerekli yasal i\u015flemlerin yap\u0131lmas\u0131n\u0131, \u00f6ncelikle ve ivedilikle soru\u015fturmaya yans\u0131z, tarafs\u0131z ve adil davranabilecek m\u00fcfetti\u015flerin g\u00f6revlendirilmesi i\u00e7in gere\u011finin yap\u0131lmas\u0131n\u0131 arz ederim.\u201d Ka\u00e7maz, adliyedeki odas\u0131na jammer (portatif sinyal kesici cihaz) koymu\u015f ve \u201cHeyet olarak toplan\u0131p fikir teatisinde bulunuyor ya da karar veriyorsunuz. Karar\u0131 imzalamadan bas\u0131nda duyabiliyorsunuz. Biz de \u00f6nlemimizi b\u00f6yle ald\u0131k\u201d demi\u015fti.<\/p>\n<p style=\"text-align: justify;\"><strong>OSMAN KA\u00c7MAZ K\u0130M?<\/strong><\/p>\n<p style=\"text-align: justify;\"><strong><em>Erdo\u011fan\u2019\u0131 14 kez su\u00e7suz buldu<\/em><\/strong><\/p>\n<p style=\"text-align: justify;\">\u0130\u00dc Hukuk Fak\u00fcltesi\u2019nden 1984\u2019te mezun olan 47 ya\u015f\u0131ndaki Osman Ka\u00e7maz, 2003\u2019te Afyon A\u011f\u0131r Ceza Mahkemesi Ba\u015fkanl\u0131\u011f\u0131n\u2019dan, Sincan 1. A\u011f\u0131r Ceza Mahkemesi Ba\u015fkanl\u0131\u011f\u0131\u2019na atand\u0131. Sincan Adli Yarg\u0131 Adalet Komisyonu Ba\u015fkan\u0131 da olan Ka\u00e7maz\u2019\u0131n ad\u0131, Cumhurba\u015fkan\u0131 G\u00fcl\u2019\u00fcn Kay\u0131p Trilyon davas\u0131nda yarg\u0131lanmas\u0131 gerekti\u011fine karar vermesiyle g\u00fcndeme geldi. Ankara Ba\u015fsavc\u0131l\u0131\u011f\u0131\u2019nca verilen takipsizlik kararlar\u0131na yap\u0131lan itirazlar\u0131 inceleyen mahkemenin ba\u015fkan\u0131 olan Ka\u00e7maz\u2019\u0131n \u00e7ok say\u0131da \u00e7arp\u0131c\u0131 karar\u0131 bulunuyor. Ka\u00e7maz, Ba\u015fbakan Erdo\u011fan hakk\u0131nda verilen 14 takipsizlik karar\u0131na yap\u0131lan itirazlar\u0131 reddetmi\u015f ancak \u201cSay\u0131n \u00d6calan\u201d s\u00f6z\u00fcn\u00fc kulland\u0131\u011f\u0131 i\u00e7in yap\u0131lan soru\u015fturmada verilen takipsizlik karar\u0131n\u0131 kald\u0131rm\u0131\u015ft\u0131. Ka\u00e7maz, Ba\u015fbakan Erdo\u011fan\u2019\u0131n \u015fikayette bulundu\u011fu Tuncay \u00d6zkan hakk\u0131nda Ankara Ba\u015fsavc\u0131l\u0131\u011f\u0131\u2019n\u0131n verdi\u011fi \u201ctakipsizlik\u201d karar\u0131n\u0131 kald\u0131rd\u0131 ve \u00d6zkan yap\u0131lan yarg\u0131lama sonunda 1 y\u0131l hapis cezas\u0131 ald\u0131.<\/p>\n<p style=\"text-align: justify;\"><strong><em>Bakanlar lehine de karar verdi<\/em><\/strong><\/p>\n<p style=\"text-align: justify;\">Ergenekon san\u0131\u011f\u0131 avukat Kemal Kerin\u00e7siz\u2019in, Ba\u015fbakan Erdo\u011fan ve eski Adalet Bakan\u0131 Mehmet Ali \u015eahin hakk\u0131nda \u201cadli yarg\u0131lamay\u0131 etkileme\u201d su\u00e7lamas\u0131yla yapt\u0131\u011f\u0131 su\u00e7 duyurusuna verilen takipsizli\u011fe yapt\u0131\u011f\u0131 itiraz\u0131 reddetti. Ka\u00e7maz, aralar\u0131nda G\u00fcl, G\u00fcnay, Unak\u0131tan, \u00c7i\u00e7ek, \u00c7ubuk\u00e7u, Atalay, Ayd\u0131n, Babacan gibi isimlerin de bulundu\u011fu bir\u00e7ok AKP\u2019li bakan hakk\u0131ndaki takipsizlik kararlar\u0131na yap\u0131lan itirazlar\u0131 da reddetti.<\/p>\n<p style=\"text-align: justify;\"><strong><em>Baykal\u2019a fezleke yolunu a\u00e7t\u0131 <\/em><\/strong><\/p>\n<p style=\"text-align: justify;\">\u015ei\u015fli Belediye Ba\u015fkan\u0131 Mustafa Sar\u0131g\u00fcl\u2019\u00fcn, CHP lideri Deniz Baykal\u2019\u0131n kendisine hakaret etti\u011fi iddias\u0131na ili\u015fkin takipsizlik karar\u0131na yapt\u0131\u011f\u0131 itiraz\u0131 hakl\u0131 buldu ve Baykal hakk\u0131nda fezleke haz\u0131rlanmas\u0131n\u0131n yolunu a\u00e7t\u0131.<\/p>\n<p style=\"text-align: justify;\"><span style=\"color: #888888;\">Kaynak : Vatan<\/span><\/p>\n<p style=\"text-align: center;\"><a href=\"http:\/\/www.korhanyilmaz.com\/wp-content\/uploads\/2009\/08\/010820090146385447187_3.jpg\"  class=\"lightview\"><img loading=\"lazy\" decoding=\"async\" class=\"aligncenter size-full wp-image-12719\" src=\"http:\/\/www.korhanyilmaz.com\/wp-content\/uploads\/2009\/08\/010820090146385447187_3.jpg\" alt=\"010820090146385447187_3\" width=\"399\" height=\"266\" \/><\/a><\/p>\n","protected":false},"excerpt":{"rendered":"<p style=\"text-align: center;\">\n<p style=\"text-align: justify;\">Yasa d\u0131\u015f\u0131 dinlendim bask\u0131yla ifade al\u0131nd\u0131.<\/p>\n<p style=\"text-align: justify;\">Cumhurba\u015fkan\u0131 G\u00fcl\u2019\u00fcn yarg\u0131lanmas\u0131na karar veren Hakim Ka\u00e7maz, hakk\u0131nda soru\u015fturma y\u00fcr\u00fcten m\u00fcfetti\u015fleri \u015fikayet etti. Ka\u00e7maz \u015fikayet dilek\u00e7esinde m\u00fcfetti\u015flerin tan\u0131klar\u0131 tehdit etti\u011fini de ileri s\u00fcrd\u00fc.<\/p>\n<p style=\"text-align: justify;\">ANKARA &#8211; Cumhurba\u015fkan\u0131 Abdullah G\u00fcl\u2019\u00fcn yarg\u0131lanmas\u0131na karar veren Sincan 1. A\u011f\u0131r Ceza Mahkemesi Ba\u015fkan\u0131 Osman Ka\u00e7maz, hakk\u0131nda <\/p>\n","protected":false},"author":1,"featured_media":0,"comment_status":"open","ping_status":"closed","sticky":false,"template":"","format":"standard","meta":{"footnotes":""},"categories":[105],"tags":[],"class_list":["post-12717","post","type-post","status-publish","format-standard","hentry","category-gundem","odd"],"_links":{"self":[{"href":"http:\/\/www.korhanyilmaz.com\/index.php?rest_route=\/wp\/v2\/posts\/12717","targetHints":{"allow":["GET"]}}],"collection":[{"href":"http:\/\/www.korhanyilmaz.com\/index.php?rest_route=\/wp\/v2\/posts"}],"about":[{"href":"http:\/\/www.korhanyilmaz.com\/index.php?rest_route=\/wp\/v2\/types\/post"}],"author":[{"embeddable":true,"href":"http:\/\/www.korhanyilmaz.com\/index.php?rest_route=\/wp\/v2\/users\/1"}],"replies":[{"embeddable":true,"href":"http:\/\/www.korhanyilmaz.com\/index.php?rest_route=%2Fwp%2Fv2%2Fcomments&post=12717"}],"version-history":[{"count":0,"href":"http:\/\/www.korhanyilmaz.com\/index.php?rest_route=\/wp\/v2\/posts\/12717\/revisions"}],"wp:attachment":[{"href":"http:\/\/www.korhanyilmaz.com\/index.php?rest_route=%2Fwp%2Fv2%2Fmedia&parent=12717"}],"wp:term":[{"taxonomy":"category","embeddable":true,"href":"http:\/\/www.korhanyilmaz.com\/index.php?rest_route=%2Fwp%2Fv2%2Fcategories&post=12717"},{"taxonomy":"post_tag","embeddable":true,"href":"http:\/\/www.korhanyilmaz.com\/index.php?rest_route=%2Fwp%2Fv2%2Ftags&post=12717"}],"curies":[{"name":"wp","href":"https:\/\/api.w.org\/{rel}","templated":true}]}}