{"id":12714,"date":"2009-07-31T22:36:21","date_gmt":"2009-07-31T19:36:21","guid":{"rendered":"http:\/\/www.korhanyilmaz.com\/?p=12714"},"modified":"2009-07-31T22:36:21","modified_gmt":"2009-07-31T19:36:21","slug":"%e2%80%98gece-yarisi%e2%80%99ndan-sonra-ilk-gorusme-yas%e2%80%99ta","status":"publish","type":"post","link":"http:\/\/www.korhanyilmaz.com\/?p=12714","title":{"rendered":"\u2018Gece yar\u0131s\u0131\u2019ndan sonra ilk g\u00f6r\u00fc\u015fme YA\u015e\u2019ta"},"content":{"rendered":"<p style=\"text-align: center;\"><a href=\"http:\/\/www.korhanyilmaz.com\/wp-content\/uploads\/2009\/08\/010820090124270476024.jpg\"  class=\"lightview\"><img loading=\"lazy\" decoding=\"async\" class=\"aligncenter size-full wp-image-12715\" src=\"http:\/\/www.korhanyilmaz.com\/wp-content\/uploads\/2009\/08\/010820090124270476024.jpg\" alt=\"\" width=\"329\" height=\"210\" \/><\/a><\/p>\n<p style=\"text-align: justify;\">\u2019Gece yar\u0131s\u0131 yasas\u0131\u2019ndan bu yana g\u00f6r\u00fc\u015fmeyen Erdo\u011fan ile Ba\u015fbu\u011f ilk kez g\u00f6r\u00fc\u015fecek.<\/p>\n<p style=\"text-align: justify;\">TSK\u2019n\u0131n yeni komuta kademesini belirleyecek YA\u015e toplant\u0131s\u0131 bug\u00fcn ba\u015fl\u0131yor. Askerlerin sivil mahkemelerde yarg\u0131lanmas\u0131n\u0131 sa\u011flayan \u2019gece yar\u0131s\u0131 yasas\u0131\u2019ndan bu yana g\u00f6r\u00fc\u015fmeyen Erdo\u011fan ile Ba\u015fbu\u011f ilk kez \u015eura\u2019da g\u00f6r\u00fc\u015fecek.<\/p>\n<p style=\"text-align: justify;\">ANKARA &#8211; Y\u00fcksek Askeri \u015eura, Ba\u015fbakan Tayyip Erdo\u011fan\u2019\u0131n ba\u015fkanl\u0131\u011f\u0131nda bug\u00fcn toplanacak. Ergenekon tart\u0131\u015fmalar\u0131n\u0131n g\u00f6lgesinde yap\u0131lacak olan YA\u015e\u2019\u0131n A\u011fustos ay\u0131 ola\u011fan toplant\u0131s\u0131, Genelkurmay Ba\u015fkanl\u0131\u011f\u0131 Karargah\u0131 \u00c7akmak Salonu\u2019nda yap\u0131lacak. \u015eura \u00fcyeleri, \u00f6\u011fle saatlerinde An\u0131tkabir\u2019i ziyaret edecek. \u015eura ayn\u0131 zamanda, uzun s\u00fcredir per\u015fembeleri yap\u0131lan haftal\u0131k g\u00f6r\u00fc\u015fmelerini ger\u00e7ekle\u015ftiremeyen Erdo\u011fan ve Orgeneral Ba\u015fbu\u011f\u2019u da bulu\u015fturacak. Ba\u015fbakan ile Genelkurmay Ba\u015fkan\u0131, halen Anayasa Mahkemesi\u2019nde bulunan askeri yarg\u0131 esaslar\u0131n\u0131 de\u011fi\u015ftiren yasada yap\u0131lan gece yar\u0131s\u0131 de\u011fi\u015fikli\u011finden beri ola\u011fan g\u00f6r\u00fc\u015fmelerini yapm\u0131yorlar. <!--more--><\/p>\n<p style=\"text-align: justify;\"><strong><em>Sal\u0131 K\u00f6\u015fk\u2019e sunulacak <\/em><\/strong><\/p>\n<p style=\"text-align: justify;\">YA\u015e toplant\u0131lar\u0131nda, terfi s\u0131ras\u0131nda bulunan general, amiral ve albaylar\u0131n bir \u00fcst r\u00fctbeye y\u00fckseltilmesi, general ve amirallerin g\u00f6rev s\u00fcrelerinin uzat\u0131lmas\u0131 ve emeklilik i\u015flemleri ile disiplinsizlik ve ahlaki durumlar\u0131 nedeniyle TSK\u2019dan ayr\u0131lacak personel ve TSK\u2019y\u0131 ilgilendiren di\u011fer konular g\u00f6r\u00fc\u015f\u00fcl\u00fcyor. Genelkurmay Ba\u015fkan\u0131, kuvvet komutanlar\u0131 ile di\u011fer general ve amiral atama i\u015flemleri, Y\u00fcksek Askeri \u015eura faaliyetleri d\u0131\u015f\u0131nda, \u00f6zel kanunlarla belirlenen esas ve usullere g\u00f6re yap\u0131l\u0131yor. YA\u015e ola\u011fan toplant\u0131s\u0131, 4 A\u011fustos Sal\u0131 g\u00fcn\u00fc sona erecek. \u015eurada al\u0131nan kararlar, Cumhurba\u015fkan\u0131 Abdullah G\u00fcl\u2019e sunulduktan sonra kamuoyuna a\u00e7\u0131klanacak.<\/p>\n<p style=\"text-align: justify;\">Bir s\u00fcredir ailesi ile birlikte Antalya\u2019da tatil yapan Ba\u015fbakan Erdo\u011fan, \u00f6nceki g\u00fcn Milli Savunma Bakan\u0131 Vecdi G\u00f6n\u00fcl ile bir araya geldi. Erdo\u011fan\u2019\u0131n, G\u00f6n\u00fcl ile Ergenekon nedeniyle g\u00f6zlerin daha bir dikkatli \u00e7evrildi\u011fi YA\u015e ile ilgili g\u00f6r\u00fc\u015ft\u00fc\u011f\u00fc ifade edildi.<\/p>\n<p style=\"text-align: justify;\">\u015eura\u2019da, Deniz Kuvvetleri Komutanl\u0131\u011f\u0131 ile Hava Kuvvetleri Komutanl\u0131\u011f\u0131 g\u00f6revlerine atanacak yeni komutanlar belirlenecek. G\u00f6rev s\u00fcrelerinin 30 A\u011fustos itibar\u0131yla dolmas\u0131 nedeniyle emekliye ayr\u0131lacak olan Oramiral Metin Ata\u00e7\u2019\u0131n yerine Donanma Komutan\u0131 Oramiral E\u015fref U\u011fur Yi\u011fit\u2019in, Orgeneral Aydo\u011fan Babao\u011flu\u2019nun yerine ise Harp Akademileri Komutan\u0131 Orgeneral Hasan Aksay\u2019\u0131n atanmas\u0131 bekleniyor.<\/p>\n<p style=\"text-align: justify;\">Genelkurmay Ba\u015fkan\u0131 Ba\u015fbu\u011f, Kara Kuvvetleri Komutan\u0131 Orgeneral I\u015f\u0131k Ko\u015faner ve Jandarma Genel Komutan\u0131 Orgeneral Atila I\u015f\u0131k ise bulunduklar\u0131 g\u00f6revleri bir y\u0131l daha s\u00fcrd\u00fcrecek.<\/p>\n<p style=\"text-align: justify;\">124 general ve amiralin dosyalar\u0131n\u0131n g\u00f6r\u00fc\u015f\u00fclece\u011fi \u015eura\u2019da 35\u2019e yak\u0131n general ve amiralin bir \u00fcst r\u00fctbeye terfi etmesi, di\u011ferleri i\u00e7in de uzatma ve emeklilik karar\u0131 al\u0131nmas\u0131 bekleniyor.<\/p>\n<p style=\"text-align: justify;\"><strong><em>45 albay aras\u0131nda \u00c7i\u00e7ek de var<\/em><\/strong><\/p>\n<p style=\"text-align: justify;\">Bu y\u0131lki YA\u015e toplant\u0131s\u0131nda yakla\u015f\u0131k 45 albay\u0131n da general ve amiralli\u011fe terfisi bekleniyor. Terfi bekleyen en tart\u0131\u015fmal\u0131 isim ise, \u0130rticayla M\u00fccadele Eylem Plan\u0131\u2019n\u0131n alt\u0131nda imzas\u0131 oldu\u011fu iddia edilen ve Ergenekon kapsam\u0131nda tutuklan\u0131p serbest b\u0131rak\u0131lan Albay Dursun \u00c7i\u00e7ek. Ergenekon Savc\u0131s\u0131 Zekeriya \u00d6z ile Hakim R\u00fcstem Ery\u0131lmaz\u2019\u0131 HSYK\u2019ya \u015fikayet etmesiyle g\u00fcndeme gelen \u00c7i\u00e7ek, 3 y\u0131ld\u0131r tu\u011famirallik i\u00e7in bekliyor. Ergenekon savc\u0131lar\u0131n\u0131n Albay \u00c7i\u00e7ek ile e\u015f zamanl\u0131 olarak sorguya \u00e7a\u011f\u0131rd\u0131\u011f\u0131 di\u011fer 7 albay\u0131n da terfi bekledi\u011fi belirtiliyor.<\/p>\n<p style=\"text-align: justify;\"><span style=\"color: #888888;\">Kaynak : Vatan<\/span><\/p>\n","protected":false},"excerpt":{"rendered":"<p style=\"text-align: center;\">\n<p style=\"text-align: justify;\">\u2019Gece yar\u0131s\u0131 yasas\u0131\u2019ndan bu yana g\u00f6r\u00fc\u015fmeyen Erdo\u011fan ile Ba\u015fbu\u011f ilk kez g\u00f6r\u00fc\u015fecek.<\/p>\n<p style=\"text-align: justify;\">TSK\u2019n\u0131n yeni komuta kademesini belirleyecek YA\u015e toplant\u0131s\u0131 bug\u00fcn ba\u015fl\u0131yor. Askerlerin sivil mahkemelerde yarg\u0131lanmas\u0131n\u0131 sa\u011flayan \u2019gece yar\u0131s\u0131 yasas\u0131\u2019ndan bu yana g\u00f6r\u00fc\u015fmeyen Erdo\u011fan ile Ba\u015fbu\u011f ilk kez \u015eura\u2019da g\u00f6r\u00fc\u015fecek.<\/p>\n<p style=\"text-align: justify;\">ANKARA &#8211; Y\u00fcksek Askeri \u015eura, Ba\u015fbakan Tayyip <\/p>\n","protected":false},"author":1,"featured_media":0,"comment_status":"open","ping_status":"closed","sticky":false,"template":"","format":"standard","meta":{"footnotes":""},"categories":[105],"tags":[],"class_list":["post-12714","post","type-post","status-publish","format-standard","hentry","category-gundem","odd"],"_links":{"self":[{"href":"http:\/\/www.korhanyilmaz.com\/index.php?rest_route=\/wp\/v2\/posts\/12714","targetHints":{"allow":["GET"]}}],"collection":[{"href":"http:\/\/www.korhanyilmaz.com\/index.php?rest_route=\/wp\/v2\/posts"}],"about":[{"href":"http:\/\/www.korhanyilmaz.com\/index.php?rest_route=\/wp\/v2\/types\/post"}],"author":[{"embeddable":true,"href":"http:\/\/www.korhanyilmaz.com\/index.php?rest_route=\/wp\/v2\/users\/1"}],"replies":[{"embeddable":true,"href":"http:\/\/www.korhanyilmaz.com\/index.php?rest_route=%2Fwp%2Fv2%2Fcomments&post=12714"}],"version-history":[{"count":0,"href":"http:\/\/www.korhanyilmaz.com\/index.php?rest_route=\/wp\/v2\/posts\/12714\/revisions"}],"wp:attachment":[{"href":"http:\/\/www.korhanyilmaz.com\/index.php?rest_route=%2Fwp%2Fv2%2Fmedia&parent=12714"}],"wp:term":[{"taxonomy":"category","embeddable":true,"href":"http:\/\/www.korhanyilmaz.com\/index.php?rest_route=%2Fwp%2Fv2%2Fcategories&post=12714"},{"taxonomy":"post_tag","embeddable":true,"href":"http:\/\/www.korhanyilmaz.com\/index.php?rest_route=%2Fwp%2Fv2%2Ftags&post=12714"}],"curies":[{"name":"wp","href":"https:\/\/api.w.org\/{rel}","templated":true}]}}