{"id":12708,"date":"2009-08-01T09:12:08","date_gmt":"2009-08-01T06:12:08","guid":{"rendered":"http:\/\/www.korhanyilmaz.com\/?p=12708"},"modified":"2009-08-01T09:12:08","modified_gmt":"2009-08-01T06:12:08","slug":"hasim-kilic%e2%80%99tan-son-derece-ilginc-bir-operasyon","status":"publish","type":"post","link":"http:\/\/www.korhanyilmaz.com\/?p=12708","title":{"rendered":"Ha\u015fim K\u0131l\u0131\u00e7\u2019tan son derece ilgin\u00e7 bir operasyon!"},"content":{"rendered":"<p><a href=\"http:\/\/www.korhanyilmaz.com\/wp-content\/uploads\/2009\/08\/010820090026564541742.jpg\"  class=\"lightview\"><img loading=\"lazy\" decoding=\"async\" class=\"size-full wp-image-12709 aligncenter\" src=\"http:\/\/www.korhanyilmaz.com\/wp-content\/uploads\/2009\/08\/010820090026564541742.jpg\" alt=\"\" width=\"320\" height=\"100\" \/><\/a><\/p>\n<div id=\"attachment_12710\" style=\"width: 92px\" class=\"wp-caption alignleft\"><img loading=\"lazy\" decoding=\"async\" aria-describedby=\"caption-attachment-12710\" class=\"size-full wp-image-12710\" style=\"margin: 0px 10px;\" title=\"Mustafa Mutlu - Vatan Gazetesi\" src=\"http:\/\/www.korhanyilmaz.com\/wp-content\/uploads\/2009\/08\/102.jpg\" alt=\"102\" width=\"82\" height=\"82\" \/><p id=\"caption-attachment-12710\" class=\"wp-caption-text\">Mustafa Mutlu <\/p><\/div>\n<p style=\"text-align: justify;\">T\u00fcm dikkatlerin H\u00e2kim ve Savc\u0131lar Y\u00fcksek Kurulu\u2019nun yapaca\u011f\u0131 atamalarda yo\u011funla\u015ft\u0131\u011f\u0131 g\u00fcnlerde Anayasa Mahkemesi\u2019nde \u00e7ok ilgin\u00e7 bir \u201coperasyon\u201d ger\u00e7ekle\u015ftirildi&#8230;<\/p>\n<p style=\"text-align: justify;\">Hem de sessiz, sedas\u0131z!<\/p>\n<p style=\"text-align: justify;\">Bilmeyenler i\u00e7in s\u00f6yleyelim; Anayasa Mahkemesi\u2019nde \u00fcyelerin yan\u0131 s\u0131ra tam 26 raport\u00f6r g\u00f6rev yapar.<\/p>\n<p style=\"text-align: justify;\">Bunlar\u0131n 3\u2019\u00fc \u00fcniversitelerden, 3\u2019\u00fc Dan\u0131\u015ftay\u2019dan, 5\u2019i Say\u0131\u015ftay\u2019dan, geriye kalan 15\u2019i ise idari ve adli yarg\u0131 \u00fcyeleri aras\u0131ndan bizzat Anayasa Mahkemesi Ba\u015fkan\u0131\u2019n\u0131n istek yaz\u0131s\u0131yla g\u00f6revlendirilir.<\/p>\n<p style=\"text-align: justify;\">Kurumda \u015fu anda 26 raport\u00f6r kadrosunun 25\u2019i dolu durumda. Sadece Say\u0131\u015ftay\u2019a ait bir kadroda bo\u015fluk bulunuyor.<\/p>\n<p style=\"text-align: justify;\">Durum b\u00f6yleyken; ge\u00e7ti\u011fimiz hafta i\u00e7inde Anayasa Mahkemesi Ba\u015fkan\u0131 Ha\u015fim K\u0131l\u0131\u00e7, Y\u00fcce Mahkeme\u2019nin en k\u0131demli raport\u00f6r\u00fc Ali R\u0131za Ayd\u0131n\u2019\u0131 makam\u0131na \u00e7a\u011f\u0131rd\u0131 ve bir \u201crotasyon\u201da gitmeyi d\u00fc\u015f\u00fcnd\u00fc\u011f\u00fcn\u00fc, bu nedenle kendisinin eski kurumu olan Say\u0131\u015ftay\u2019a yine Uzman Denet\u00e7i olarak d\u00f6nmesini istedi. <!--more--><\/p>\n<p style=\"text-align: justify;\">Ali R\u0131za Bey; tam 13 y\u0131ld\u0131r Anayasa Mahkemesi\u2019nde \u00e7al\u0131\u015f\u0131yordu. Bu g\u00f6reve Yekta G\u00fcng\u00f6r \u00d6zden\u2019in Anayasa Mahkemesi Ba\u015fkan\u0131 oldu\u011fu g\u00fcnlerde atanm\u0131\u015ft\u0131. Elinden y\u00fczlerce \u00f6nemli dosya ge\u00e7mi\u015fti. Kurumun en k\u0131demli ve en deneyimli raport\u00f6r\u00fcyd\u00fc. Say\u0131\u015ftay\u2019dan 1991 y\u0131l\u0131nda ayr\u0131lm\u0131\u015f ve Anayasa Mahkemesi Raport\u00f6r\u00fc oluncaya kadar 5 y\u0131l boyunca Ba\u015fbakanl\u0131k Dan\u0131\u015fmanl\u0131\u011f\u0131 yapm\u0131\u015ft\u0131.<\/p>\n<p style=\"text-align: justify;\">Kendisi kibarca bu \u00f6neriyi reddetti ve \u201cO zaman emeklilik dilek\u00e7emi kabul edin, ben Say\u0131\u015ftay\u2019a d\u00f6nmek istemiyorum\u201d dedi.<\/p>\n<p style=\"text-align: justify;\">Ha\u015fim Bey\u2019in yan\u0131t\u0131 ise, \u201cHay hay&#8230; Nas\u0131l isterseniz\u201d oldu&#8230;<\/p>\n<p style=\"text-align: justify;\">***<\/p>\n<p style=\"text-align: justify;\">Diyeceksiniz ki, \u201cNe var bunda?\u201d<\/p>\n<p style=\"text-align: justify;\">Ne yaz\u0131k ki \u00e7ok \u015fey var!<\/p>\n<p style=\"text-align: justify;\">\u00c7\u00fcnk\u00fc; Anayasa Mahkemesi\u2019nden \u201crotasyon\u201d yoluyla uzakla\u015ft\u0131r\u0131lmak istenen Ali R\u0131za Ayd\u0131n, ayn\u0131 zamanda \u015fu anda \u201cyanda\u015f medya\u201dn\u0131n hedef haline getirdi\u011fi Yarg\u0131\u00e7lar ve Savc\u0131lar Birli\u011fi\u2019nin (YARSAV) Genel Sekreteri!<\/p>\n<p style=\"text-align: justify;\">Siyasi iktidar YARSAV\u2019a kesinlikle s\u0131cak bakm\u0131yor&#8230; \u00c7\u00fcnk\u00fc; bu dernek, iktidar\u0131n hukuka bak\u0131\u015f\u0131n\u0131 ve mevcut hukuk sitemindeki aksakl\u0131klar\u0131 s\u0131k s\u0131k ele\u015ftiriyor.<\/p>\n<p style=\"text-align: justify;\">Yanda\u015f medya da bu \u201csevgisizili\u011fi\u201d, YARSAV Ba\u015fkan\u0131\u2019n\u0131 Ergenekon\u2019cularla ili\u015fki i\u00e7inde g\u00f6sterecek haberler ve foto\u011fraflar yay\u0131nlayarak a\u00e7\u0131k\u00e7a d\u0131\u015fa vuruyor&#8230;<\/p>\n<p style=\"text-align: justify;\">***<\/p>\n<p style=\"text-align: justify;\">\u0130\u015fte; tam da b\u00f6yle bir d\u00f6nemde YARSAV Genel Sekreteri\u2019nin Anayasa Mahkemesi\u2019ndeki g\u00f6revinden uzakla\u015ft\u0131r\u0131lmas\u0131 bana g\u00f6re olduk\u00e7a anlaml\u0131&#8230;<\/p>\n<p style=\"text-align: justify;\">AKP\u2019nin kapat\u0131lmas\u0131 davas\u0131 ve \u00fcniversitelere ba\u015f \u00f6rt\u00fcs\u00fcyle girilmesini serbest b\u0131rakan Anayasa de\u011fi\u015fikli\u011fi gibi davalarda, hep \u201cba\u015f \u00f6rt\u00fcs\u00fc destek\u00e7isi\u201d raport\u00f6rlere rapor haz\u0131rlatan Anayasa Mahkemesi Ba\u015fkan\u0131\u2019n\u0131n bu son operasyonu, \u201cLaik cumhuriyetten yana olan ve Atat\u00fcrk\u00e7\u00fc d\u00fc\u015f\u00fcnce yap\u0131s\u0131na sahip raport\u00f6rler uzakla\u015ft\u0131r\u0131lmak m\u0131 isteniyor\u201d sorusunu akla getiriyor.<\/p>\n<p style=\"text-align: justify;\">Umar\u0131m Anayasa Mahkemesi Ba\u015fkan\u0131 en k\u0131sa zamanda bir a\u00e7\u0131klama yapar ve raport\u00f6r Ali R\u0131za Ayd\u0131n\u2019\u0131 kurumdan uzakla\u015ft\u0131rmak istemesinin, onun YARSAV Genel Sekreterli\u011fi\u2019yle ilgili olmad\u0131\u011f\u0131n\u0131 s\u00f6yler.<\/p>\n<p style=\"text-align: justify;\">\u0130nan\u0131r m\u0131y\u0131z bilmem; ama&#8230;<\/p>\n<p style=\"text-align: justify;\">En az\u0131ndan \u201cinanmak\u201d isteriz!<\/p>\n<p style=\"text-align: justify;\">***<\/p>\n<p style=\"text-align: justify;\"><strong>G\u00dcN\u00dcN SORUSU <\/strong><\/p>\n<p style=\"text-align: justify;\">Her \u015feyi bilen bir siyaset\u00e7i, \u201cYarg\u0131, yarg\u0131ya b\u0131rak\u0131lamaz\u201d demi\u015f&#8230;<\/p>\n<p style=\"text-align: justify;\">Zaten o anlay\u0131\u015f y\u00fcz\u00fcnden bu halde de\u011fil miyiz?<\/p>\n<p style=\"text-align: justify;\">***<\/p>\n<p style=\"text-align: justify;\"><em><strong>Galatasaray\u2019\u0131n yaratt\u0131\u011f\u0131 mucize! <\/strong><\/em><\/p>\n<p style=\"text-align: justify;\">Hep siyaset\u00e7ilere, gazetecilere, b\u00fcrokratlara \u201cNereden buldun\u201d diyecek de\u011filiz ya; ayn\u0131 soruyu Galatasaray Ba\u015fkan\u0131\u2019na sormak istiyorum&#8230;<\/p>\n<p style=\"text-align: justify;\">Say\u0131n Adnan Polat:<\/p>\n<p style=\"text-align: justify;\">Resmi a\u00e7\u0131klamalar\u0131n\u0131zdan biliyoruz ki kul\u00fcb\u00fcn\u00fcz b\u00fcy\u00fck bir bor\u00e7 bata\u011f\u0131 i\u00e7inde&#8230;<\/p>\n<p style=\"text-align: justify;\">Ama&#8230;<\/p>\n<p style=\"text-align: justify;\">Bu y\u0131l \u00f6nce d\u00fcnyaca \u00fcnl\u00fc bir teknik direkt\u00f6r\u00fc ekibiyle birlikte transfer ettiniz.<\/p>\n<p style=\"text-align: justify;\">Sonra \u00e7ok iyi bir kaleciyi ve d\u00fcnyaca \u00fcnl\u00fc futbolcu Keita\u2019y\u0131 kadronuza katt\u0131n\u0131z.<\/p>\n<p style=\"text-align: justify;\">Son bombay\u0131 da 11 milyon Euro \u00f6deyerek Brezilyal\u0131 Eleno\u2019yla patlatt\u0131n\u0131z.<\/p>\n<p style=\"text-align: justify;\">Yani; bunca bor\u00e7 i\u00e7indeyken, bir mucize yaratt\u0131n\u0131z.<\/p>\n<p style=\"text-align: justify;\">Umar\u0131m paralar\u0131n\u0131z bo\u015fa gitmez&#8230;<\/p>\n<p style=\"text-align: justify;\">\u0130yi de; nereden geliyor bu de\u011firmenin suyu, anlatsan\u0131z da \u00f6\u011frensek!<\/p>\n<p style=\"text-align: justify;\">***<\/p>\n<p style=\"text-align: justify;\"><strong>B\u00dcY\u00dcKANIT ARTIK KONU\u015eMALI (40) <\/strong><\/p>\n<p style=\"text-align: justify;\">Bug\u00fcn k\u0131rk\u0131nc\u0131 g\u00fcn\u00fc g\u00f6rd\u00fck; Eski Genelkurmay Ba\u015fkan\u0131 Ya\u015far B\u00fcy\u00fckan\u0131t, \u201cDolmabah\u00e7e\u2019de ne konu\u015ftunuz\u201d sorusuna yan\u0131t vermemeyi \u0131srarla s\u00fcrd\u00fcr\u00fcyor&#8230; Acaba sokakta kar\u015f\u0131la\u015ft\u0131\u011f\u0131 vatanda\u015flar kendisine ayn\u0131 soruyu sorunca ne yap\u0131yor?<\/p>\n<p style=\"text-align: justify;\"><span style=\"color: #888888;\">Mustafa Mutlu &#8211; Vatan<\/span><\/p>\n<p style=\"text-align: justify;\"><span style=\"color: #888888;\">Yazara Ula\u015fmak i\u00e7in : <a href=\"mailto:mmutlu@gazetevatan.com\">mmutlu@gazetevatan.com<\/a><\/span><\/p>\n","protected":false},"excerpt":{"rendered":"<\/p>\n<p id=\"caption-attachment-12710\" class=\"wp-caption-text\">Mustafa Mutlu <\/p>\n<p style=\"text-align: justify;\">T\u00fcm dikkatlerin H\u00e2kim ve Savc\u0131lar Y\u00fcksek Kurulu\u2019nun yapaca\u011f\u0131 atamalarda yo\u011funla\u015ft\u0131\u011f\u0131 g\u00fcnlerde Anayasa Mahkemesi\u2019nde \u00e7ok ilgin\u00e7 bir \u201coperasyon\u201d ger\u00e7ekle\u015ftirildi&#8230;<\/p>\n<p style=\"text-align: justify;\">Hem de sessiz, sedas\u0131z!<\/p>\n<p style=\"text-align: justify;\">Bilmeyenler i\u00e7in s\u00f6yleyelim; Anayasa Mahkemesi\u2019nde \u00fcyelerin yan\u0131 s\u0131ra tam 26 raport\u00f6r g\u00f6rev yapar.<\/p>\n<p style=\"text-align: justify;\">Bunlar\u0131n 3\u2019\u00fc \u00fcniversitelerden, 3\u2019\u00fc Dan\u0131\u015ftay\u2019dan, 5\u2019i <\/p>\n","protected":false},"author":1,"featured_media":0,"comment_status":"open","ping_status":"closed","sticky":false,"template":"","format":"standard","meta":{"footnotes":""},"categories":[16],"tags":[],"class_list":["post-12708","post","type-post","status-publish","format-standard","hentry","category-kose-yazilari","odd"],"_links":{"self":[{"href":"http:\/\/www.korhanyilmaz.com\/index.php?rest_route=\/wp\/v2\/posts\/12708","targetHints":{"allow":["GET"]}}],"collection":[{"href":"http:\/\/www.korhanyilmaz.com\/index.php?rest_route=\/wp\/v2\/posts"}],"about":[{"href":"http:\/\/www.korhanyilmaz.com\/index.php?rest_route=\/wp\/v2\/types\/post"}],"author":[{"embeddable":true,"href":"http:\/\/www.korhanyilmaz.com\/index.php?rest_route=\/wp\/v2\/users\/1"}],"replies":[{"embeddable":true,"href":"http:\/\/www.korhanyilmaz.com\/index.php?rest_route=%2Fwp%2Fv2%2Fcomments&post=12708"}],"version-history":[{"count":0,"href":"http:\/\/www.korhanyilmaz.com\/index.php?rest_route=\/wp\/v2\/posts\/12708\/revisions"}],"wp:attachment":[{"href":"http:\/\/www.korhanyilmaz.com\/index.php?rest_route=%2Fwp%2Fv2%2Fmedia&parent=12708"}],"wp:term":[{"taxonomy":"category","embeddable":true,"href":"http:\/\/www.korhanyilmaz.com\/index.php?rest_route=%2Fwp%2Fv2%2Fcategories&post=12708"},{"taxonomy":"post_tag","embeddable":true,"href":"http:\/\/www.korhanyilmaz.com\/index.php?rest_route=%2Fwp%2Fv2%2Ftags&post=12708"}],"curies":[{"name":"wp","href":"https:\/\/api.w.org\/{rel}","templated":true}]}}