{"id":12694,"date":"2009-07-31T21:55:54","date_gmt":"2009-07-31T18:55:54","guid":{"rendered":"http:\/\/www.korhanyilmaz.com\/?p=12694"},"modified":"2009-07-31T21:55:54","modified_gmt":"2009-07-31T18:55:54","slug":"genelkurmay-baskanindan-kritik-mesaj","status":"publish","type":"post","link":"http:\/\/www.korhanyilmaz.com\/?p=12694","title":{"rendered":"Genelkurmay Ba\u015fkan\u0131&#039;ndan kritik mesaj"},"content":{"rendered":"<p style=\"text-align: center;\"><a href=\"http:\/\/www.korhanyilmaz.com\/wp-content\/uploads\/2009\/08\/GENELKURMAY.jpg\"  class=\"lightview\"><img loading=\"lazy\" decoding=\"async\" class=\"aligncenter size-full wp-image-12695\" src=\"http:\/\/www.korhanyilmaz.com\/wp-content\/uploads\/2009\/08\/GENELKURMAY.jpg\" alt=\"\" width=\"269\" height=\"207\" \/><\/a><\/p>\n<p style=\"text-align: justify;\">Kuzey K\u0131br\u0131s T\u00fcrk Cumhuriyeti (KKTC) Silahl\u0131 Kuvvetleri G\u00fcn\u00fc nedeniyle Ankara&#8217;da Merkez Orduevi&#8217;nde verilen resepsiyonda Genelkurmay Ba\u015fkan\u0131 Orgeneral \u0130lker Ba\u015fbu\u011f, &#8220;Mesaj vermemiz gerekirse veririz&#8221; dedi.<\/p>\n<p style=\"text-align: justify;\">Genelkurmay Ba\u015fkan\u0131 Orgeneral \u0130lker Ba\u015fbu\u011f, resepsiyonda elinde ka\u011f\u0131t ve kalem bulunan bir gazeteciye d\u00f6nerek, &#8220;Benden bir mesaj m\u0131 bekliyorsunuz?&#8221; dedi.<\/p>\n<p style=\"text-align: justify;\">Son d\u00f6nemdeki geli\u015fmelerle ilgili sorular \u00fczerine de Orgeneral Ba\u015fbu\u011f, &#8220;Mesaj vermemiz gerekirse veririz&#8221; yan\u0131t\u0131n\u0131 verdi.<\/p>\n<p style=\"text-align: justify;\">Orgeneral Ba\u015fbu\u011f, Somali a\u00e7\u0131klar\u0131nda Mehmet\u00e7i\u011fin yapt\u0131\u011f\u0131 operasyona da de\u011finirken, &#8220;Operasyonu k\u00fc\u00e7\u00fcmsememek laz\u0131m. Korsanl\u0131kla m\u00fccadele \u00e7ok \u00f6nemli. Oradaki teknelerin bal\u0131k avlad\u0131n\u0131\u011f\u0131n\u0131 zannediyorsunuz. Teknelerde silahl\u0131 adamlar bulunuyor. Bu sorunu Somali&#8217;nin kendi i\u00e7inde \u00e7\u00f6zmesi gerekir&#8221; dedi. <!--more--><\/p>\n<p style=\"text-align: justify;\">Genelkurmay Ba\u015fkan\u0131 Orgeneral Ba\u015fbu\u011f, bir gazetecinin &#8220;3G kullan\u0131yor musunuz?&#8221; sorusuna, &#8220;Ben normal telefon da kullanm\u0131yorum&#8221; yan\u0131t\u0131 verdi. Orgeneral Ba\u015fbu\u011f, DHA muhabirinin telefonunu alarak 3G&#8217;yi inceledi.<\/p>\n<p style=\"text-align: justify;\">Resepsiyonda bulunan ve Ergenekon soru\u015fturmas\u0131 kapsam\u0131nda ifadesi al\u0131nan Emekli Orgeneral Tuncer K\u0131l\u0131n\u00e7 ile Oregneral Ba\u015fbu\u011f bir s\u00fcre sohbet etti.<\/p>\n<p style=\"text-align: justify;\"><em><strong>Rah\u015fan Ecevit ile sohbet<\/strong><\/em><\/p>\n<p style=\"text-align: justify;\">\u0130lker Ba\u015fbu\u011f, KKTC Silahl\u0131 Kuvvetler G\u00fcn\u00fc dolay\u0131s\u0131yla Merkez Orduevi&#8217;nde d\u00fczenlenen resepsiyonda, eski ba\u015fbakanlardan B\u00fclent Ecevit&#8217;in e\u015fi Rah\u015fan Ecevit ile sohbet etti.<\/p>\n<p style=\"text-align: justify;\">Kendisinin K\u0131br\u0131s Bar\u0131\u015f Harekat\u0131 d\u00f6neminde gen\u00e7 bir kurmay y\u00fczba\u015f\u0131 olarak Genelkurmay Plan ve Harekat Dairesi&#8217;nde g\u00f6rev yapt\u0131\u011f\u0131n\u0131 anlatan Ba\u015fbu\u011f, B\u00fclent Ecevit ile bu d\u00f6nemde de pek \u00e7ok platformda biraraya geldi\u011fini s\u00f6yledi.<\/p>\n<p style=\"text-align: justify;\">K\u0131br\u0131s Bar\u0131\u015f Harekat\u0131&#8217;n\u0131n ger\u00e7ekten b\u00fcy\u00fck bir ba\u015far\u0131 oldu\u011funu dile getiren Ba\u015fbu\u011f, bu ba\u015far\u0131n\u0131n \u00f6nde gelen nedenlerinden birisinin de Ecevit ile d\u00f6nemin Genelkurmay Ba\u015fkan\u0131 Semih Sancar aras\u0131ndaki uyum oldu\u011funu bildirdi.<\/p>\n<p style=\"text-align: justify;\">O d\u00f6nemdeki siyasal otoriteyle askeri makamlar aras\u0131ndaki uyum ve i\u015fbirli\u011finin m\u00fckemmel oldu\u011funu ifade eden Ba\u015fbu\u011f, Ecevit ve Sancar aras\u0131nda \u00e7ok b\u00fcy\u00fck bir sayg\u0131 bulundu\u011funu kaydetti. Ba\u015fbu\u011f, K\u0131br\u0131s Bar\u0131\u015f Harekat\u0131 s\u0131ras\u0131ndaki g\u00f6revini anlat\u0131rken de, &#8220;K\u0131br\u0131s Bar\u0131\u015f Harekat\u0131&#8217;nda gemilerin harekata ba\u015flama telsiz mesaj\u0131n\u0131 ben \u00e7ektim&#8221; dedi.<a href=\"http:\/\/www.korhanyilmaz.com\/wp-content\/uploads\/2009\/08\/\u0130LKER.jpg\"  class=\"lightview\"><img loading=\"lazy\" decoding=\"async\" class=\"alignleft size-full wp-image-12696\" style=\"margin: 5px 10px;\" src=\"http:\/\/www.korhanyilmaz.com\/wp-content\/uploads\/2009\/08\/\u0130LKER.jpg\" alt=\"\" width=\"292\" height=\"219\" \/><\/a><\/p>\n<p style=\"text-align: justify;\">K\u0131br\u0131s Bar\u0131\u015f Harekat\u0131 ile ilgili notlar\u0131 ve dok\u00fcmanlar\u0131 toplad\u0131\u011f\u0131n\u0131 belirten Ba\u015fbu\u011f, Ecevit&#8217;in harekata ili\u015fkin notlar\u0131 olup olmad\u0131\u011f\u0131n\u0131 sordu.<\/p>\n<p style=\"text-align: justify;\">Rah\u015fan Ecevit&#8217;in, B\u00fclent Ecevit&#8217;e ait 250-300 klas\u00f6r not bulundu\u011funu ve bunlar\u0131 nas\u0131l de\u011ferlendirece\u011fini bilemedi\u011fini s\u00f6ylemesi \u00fczerine Ba\u015fbu\u011f, Rah\u015fan Ecevit&#8217;e &#8220;Bize verirseniz memnun oluruz&#8221; dedi.<\/p>\n<p style=\"text-align: justify;\">K\u0131br\u0131s harekat\u0131n\u0131n Silahl\u0131 Kuvvetler&#8217;i ilgilendiren bir konu oldu\u011funu ve notlar\u0131n Silahl\u0131 Kuvvetler&#8217;de olmas\u0131nda yarar bulundu\u011funu belirten Ba\u015fbu\u011f, notlar\u0131 tasnif edebileceklerini ve de\u011ferlendirebileceklerini s\u00f6yledi.<\/p>\n<p style=\"text-align: justify;\">Rah\u015fan Ecevit de notlar\u0131 T\u00fcrk Silahl\u0131 Kuvvetleri&#8217;ne vermekten mutluluk duyaca\u011f\u0131n\u0131 bildirdi.<\/p>\n<p style=\"text-align: justify;\">Ba\u015fbu\u011f, K\u0131br\u0131s Bar\u0131\u015f Harekat\u0131 s\u0131ras\u0131nda Kara Kuvvetleri Komutan\u0131 Orgeneral I\u015f\u0131k Ko\u015faner&#8217;in Bolu Da\u011f ve Komando Tugay\u0131&#8217;nda \u00fcste\u011fmen olarak, Hava Kuvvetleri Komutan\u0131 Orgeneral Aydo\u011fan Babao\u011flu&#8217;nun ise hava harekatlar\u0131nda fiilen sava\u015ft\u0131\u011f\u0131n\u0131 anlatt\u0131. Bir gazetecinin K\u0131br\u0131s Bar\u0131\u015f Harekat\u0131 s\u0131ras\u0131nda yanl\u0131\u015fl\u0131kla bat\u0131r\u0131lan T\u00fcrk gemisi Kocatepe ile ilgili sorusu \u00fczerine de Ba\u015fbu\u011f, &#8220;Orada elektronik aldatma var&#8221; kar\u015f\u0131l\u0131\u011f\u0131n\u0131 verdi.<\/p>\n<p style=\"text-align: justify;\"><span style=\"color: #888888;\">CNN T\u00dcRK<\/span><\/p>\n","protected":false},"excerpt":{"rendered":"<p style=\"text-align: center;\">\n<p style=\"text-align: justify;\">Kuzey K\u0131br\u0131s T\u00fcrk Cumhuriyeti (KKTC) Silahl\u0131 Kuvvetleri G\u00fcn\u00fc nedeniyle Ankara&#8217;da Merkez Orduevi&#8217;nde verilen resepsiyonda Genelkurmay Ba\u015fkan\u0131 Orgeneral \u0130lker Ba\u015fbu\u011f, &#8220;Mesaj vermemiz gerekirse veririz&#8221; dedi.<\/p>\n<p style=\"text-align: justify;\">Genelkurmay Ba\u015fkan\u0131 Orgeneral \u0130lker Ba\u015fbu\u011f, resepsiyonda elinde ka\u011f\u0131t ve kalem bulunan bir gazeteciye d\u00f6nerek, &#8220;Benden bir mesaj m\u0131 bekliyorsunuz?&#8221; dedi.<\/p>\n<p style=\"text-align: justify;\">Son d\u00f6nemdeki <\/p>\n","protected":false},"author":1,"featured_media":0,"comment_status":"open","ping_status":"closed","sticky":false,"template":"","format":"standard","meta":{"footnotes":""},"categories":[105],"tags":[],"class_list":["post-12694","post","type-post","status-publish","format-standard","hentry","category-gundem","odd"],"_links":{"self":[{"href":"http:\/\/www.korhanyilmaz.com\/index.php?rest_route=\/wp\/v2\/posts\/12694","targetHints":{"allow":["GET"]}}],"collection":[{"href":"http:\/\/www.korhanyilmaz.com\/index.php?rest_route=\/wp\/v2\/posts"}],"about":[{"href":"http:\/\/www.korhanyilmaz.com\/index.php?rest_route=\/wp\/v2\/types\/post"}],"author":[{"embeddable":true,"href":"http:\/\/www.korhanyilmaz.com\/index.php?rest_route=\/wp\/v2\/users\/1"}],"replies":[{"embeddable":true,"href":"http:\/\/www.korhanyilmaz.com\/index.php?rest_route=%2Fwp%2Fv2%2Fcomments&post=12694"}],"version-history":[{"count":0,"href":"http:\/\/www.korhanyilmaz.com\/index.php?rest_route=\/wp\/v2\/posts\/12694\/revisions"}],"wp:attachment":[{"href":"http:\/\/www.korhanyilmaz.com\/index.php?rest_route=%2Fwp%2Fv2%2Fmedia&parent=12694"}],"wp:term":[{"taxonomy":"category","embeddable":true,"href":"http:\/\/www.korhanyilmaz.com\/index.php?rest_route=%2Fwp%2Fv2%2Fcategories&post=12694"},{"taxonomy":"post_tag","embeddable":true,"href":"http:\/\/www.korhanyilmaz.com\/index.php?rest_route=%2Fwp%2Fv2%2Ftags&post=12694"}],"curies":[{"name":"wp","href":"https:\/\/api.w.org\/{rel}","templated":true}]}}